{"id":146773,"date":"2026-08-30T21:35:05","date_gmt":"2026-08-31T00:35:05","guid":{"rendered":"https:\/\/eltrabajo.cl\/web\/?p=146773"},"modified":"2026-08-30T21:35:05","modified_gmt":"2026-08-31T00:35:05","slug":"vecinos-y-autoridades-de-llay-llay-expresaron-su-molestia-por-aislamiento-en-las-vegas","status":"publish","type":"post","link":"https:\/\/eltrabajo.cl\/web\/vecinos-y-autoridades-de-llay-llay-expresaron-su-molestia-por-aislamiento-en-las-vegas\/","title":{"rendered":"Vecinos y autoridades de Llay Llay expresaron su molestia por aislamiento en Las Vegas"},"content":{"rendered":"<p><span style=\"color: #ff0000;\">\u00abReuni\u00f3n ampliada\u00bb:<\/span><\/p>\n<ul>\n<li><strong>Alcalde Edgardo Gonz\u00e1lez asegur\u00f3 que se logr\u00f3 \u00abavanzar en ciertos aspectos\u00bb.\u2013<\/strong><\/li>\n<\/ul>\n<p>El pasado s\u00e1bado se llev\u00f3 a cabo una importante \u2018reuni\u00f3n ampliada\u2019 en el sector de Las Vegas en la comuna de Llay Llay, junto a dirigentes locales. Esto, para explicar y abordar en terreno las serias dificultades generadas por las obras de concesi\u00f3n, el peaje y la instalaci\u00f3n del sistema Free Flow.<\/p>\n<p>Estas modificaciones han impactado profundamente tanto a la comunidad llaylla\u00edna como a los vecinos de todo el Valle del Aconcagua, generando justa preocupaci\u00f3n por el alto costo de los peajes, el grave riesgo de aislamiento en caso de emergencias y la eliminaci\u00f3n de un paradero de buses en direcci\u00f3n al norte.<\/p>\n<p>La instancia en terreno cont\u00f3 con la presencia del alcalde<strong> Edgardo Gonz\u00e1lez<\/strong>; la directora nacional de Concesiones del MOP, <strong>Lorena Herrera Omegna<\/strong>; la Seremi de Obras P\u00fablicas de la Regi\u00f3n de Valpara\u00edso, <strong>Patricia Ter\u00e1n<\/strong>; el senador <strong>Andr\u00e9s Longton<\/strong>; el diputado <strong>Luis Pardo<\/strong>; la concejala <strong>Pamela Ar\u00e9valo<\/strong>; el delegado presidencial provincial <strong>Sebasti\u00e1n Caldera<\/strong>; y el CORE <strong>Rodolfo Silva<\/strong>.<\/p>\n<p>Al respecto, el jefe comunal se\u00f1al\u00f3 que <em>\u00abestamos en el sector de Las Vegas en una reuni\u00f3n ampliada, abordando los conflictos que se han generado a partir de la concesi\u00f3n. Reuni\u00f3n en la que hemos logrado avanzar en ciertos aspectos, particularmente lo que tiene que ver con la apertura del port\u00f3n, el desarrollo de un punto de conexi\u00f3n con el norte, que va a beneficiar al resto de los vecinos del Valle del Aconcagua<\/em>.<\/p>\n<p>\u00ab<em>En ese contexto, estamos satisfechos, no obstante, todav\u00eda nos queda pendiente abordar la conectividad del sector de la gente de La Esperanza de Las Vegas, que todav\u00eda sus problemas no han tenido soluci\u00f3n, y en ese contexto satisfechos, porque avanzamos, pero tambi\u00e9n al pendiente y atento de las cosas que quedan por realizar\u00bb<\/em>, asegur\u00f3.<\/p>\n<p>Asimismo, los vecinos y habitantes del sector expresaron y detallaron los problemas que se han generado con esta situaci\u00f3n, a ra\u00edz de las obras realizadas. <strong>Sergio Chaparro<\/strong>, indic\u00f3 que <em>\u00abhoy d\u00eda estamos totalmente encerrados. Yo quiero ir a Llay Llay, tengo que pagar 2.900 pesos cuando voy al norte y 2.900 pesos cuando voy al sur; cuando quiero ir a La Calera, que es la otra ciudad que a nosotros nos abastece, pasa absolutamente lo mismo. Entonces, qu\u00e9 pasa, todo el rinc\u00f3n del frente est\u00e1 absolutamente encerrado\u00bb<\/em>, advirti\u00f3.<\/p>\n<p>En este contexto, el vecino sostuvo que <em>\u00abhay que considerar que al frente hay mucha gente adulta mayor, hoy una ambulancia o los Bomberos, alguna emergencia, tienen que contar primero que te van a cobrar, y segundo, la accesibilidad para los equipos de emergencia es totalmente nula. A eso, tienes que sumarle que tenemos que transitar pr\u00e1cticamente 10 kil\u00f3metros m\u00e1s hasta Ocoa y despu\u00e9s devolvernos, entonces, hoy d\u00eda la verdad es que estamos totalmente aislados\u00bb<\/em>, enfatiz\u00f3 el residente.<\/p>\n<p>Finalmente, y como respuesta a estas problem\u00e1ticas, las autoridades de momento solo se remitieron a \u2018estudiar\u2019 las posibilidades, sin medidas concretas confirmadas a\u00fan. Del mismo modo, no quisieron dar declaraciones a la prensa respecto de esa reuni\u00f3n.<\/p>\n<figure id=\"attachment_146774\" aria-describedby=\"caption-attachment-146774\" style=\"width: 698px\" class=\"wp-caption alignnone\"><img loading=\"lazy\" decoding=\"async\" class=\"size-full wp-image-146774\" src=\"https:\/\/eltrabajo.cl\/web\/wp-content\/uploads\/2026\/08\/reunion-en-Las-Vegas-Llay-Llay.jpg\" alt=\"\u00abReuni\u00f3n ampliada\u00bb en Las Vegas congreg\u00f3 a vecinos y autoridades locales y nacionales.\" width=\"698\" height=\"409\" srcset=\"https:\/\/eltrabajo.cl\/web\/wp-content\/uploads\/2026\/08\/reunion-en-Las-Vegas-Llay-Llay.jpg 698w, https:\/\/eltrabajo.cl\/web\/wp-content\/uploads\/2026\/08\/reunion-en-Las-Vegas-Llay-Llay-300x176.jpg 300w, https:\/\/eltrabajo.cl\/web\/wp-content\/uploads\/2026\/08\/reunion-en-Las-Vegas-Llay-Llay-150x88.jpg 150w, https:\/\/eltrabajo.cl\/web\/wp-content\/uploads\/2026\/08\/reunion-en-Las-Vegas-Llay-Llay-696x408.jpg 696w\" sizes=\"auto, (max-width: 698px) 100vw, 698px\" \/><figcaption id=\"caption-attachment-146774\" class=\"wp-caption-text\">\u00abReuni\u00f3n ampliada\u00bb en Las Vegas congreg\u00f3 a vecinos y autoridades locales y nacionales.<\/figcaption><\/figure>\n","protected":false},"excerpt":{"rendered":"<p>\u00abReuni\u00f3n ampliada\u00bb: Alcalde Edgardo Gonz\u00e1lez asegur\u00f3 que se logr\u00f3 \u00abavanzar en ciertos aspectos\u00bb.\u2013 El pasado s\u00e1bado se llev\u00f3 a cabo una importante \u2018reuni\u00f3n ampliada\u2019 en el sector de Las Vegas en la comuna de Llay Llay, junto a dirigentes locales. Esto, para explicar y abordar en terreno las serias dificultades generadas por las obras de [&hellip;]<\/p>\n","protected":false},"author":1,"featured_media":146774,"comment_status":"open","ping_status":"closed","sticky":false,"template":"","format":"standard","meta":{"footnotes":""},"categories":[3],"tags":[],"class_list":["post-146773","post","type-post","status-publish","format-standard","has-post-thumbnail","category-cronica-2"],"yoast_head":"<!-- This site is optimized with the Yoast SEO plugin v28.3 - https:\/\/yoast.com\/product\/yoast-seo-wordpress\/ -->\n<title>Vecinos y autoridades de Llay Llay expresaron su molestia por aislamiento en Las Vegas - Diario El Trabajo<\/title>\n<meta name=\"robots\" content=\"index, follow, max-snippet:-1, max-image-preview:large, max-video-preview:-1\" \/>\n<link rel=\"canonical\" href=\"https:\/\/eltrabajo.cl\/web\/vecinos-y-autoridades-de-llay-llay-expresaron-su-molestia-por-aislamiento-en-las-vegas\/\" \/>\n<meta property=\"og:locale\" content=\"es_ES\" \/>\n<meta property=\"og:type\" content=\"article\" \/>\n<meta property=\"og:title\" content=\"Vecinos y autoridades de Llay Llay expresaron su molestia por aislamiento en Las Vegas - Diario El Trabajo\" \/>\n<meta property=\"og:description\" content=\"\u00abReuni\u00f3n ampliada\u00bb: Alcalde Edgardo Gonz\u00e1lez asegur\u00f3 que se logr\u00f3 \u00abavanzar en ciertos aspectos\u00bb.\u2013 El pasado s\u00e1bado se llev\u00f3 a cabo una importante \u2018reuni\u00f3n ampliada\u2019 en el sector de Las Vegas en la comuna de Llay Llay, junto a dirigentes locales. Esto, para explicar y abordar en terreno las serias dificultades generadas por las obras de [&hellip;]\" \/>\n<meta property=\"og:url\" content=\"https:\/\/eltrabajo.cl\/web\/vecinos-y-autoridades-de-llay-llay-expresaron-su-molestia-por-aislamiento-en-las-vegas\/\" \/>\n<meta property=\"og:site_name\" content=\"Diario El Trabajo\" \/>\n<meta property=\"article:publisher\" content=\"https:\/\/www.facebook.com\/ElTrabajoDiario\" \/>\n<meta property=\"article:published_time\" content=\"2026-08-31T00:35:05+00:00\" \/>\n<meta property=\"og:image\" content=\"https:\/\/eltrabajo.cl\/web\/wp-content\/uploads\/2026\/08\/reunion-en-Las-Vegas-Llay-Llay.jpg\" \/>\n\t<meta property=\"og:image:width\" content=\"698\" \/>\n\t<meta property=\"og:image:height\" content=\"409\" \/>\n\t<meta property=\"og:image:type\" content=\"image\/jpeg\" \/>\n<meta name=\"author\" content=\"Diario El Trabajo\" \/>\n<meta name=\"twitter:card\" content=\"summary_large_image\" \/>\n<meta name=\"twitter:creator\" content=\"@diarioeltrabajo\" \/>\n<meta name=\"twitter:site\" content=\"@diarioeltrabajo\" \/>\n<meta name=\"twitter:label1\" content=\"Escrito por\" \/>\n\t<meta name=\"twitter:data1\" content=\"Diario El Trabajo\" \/>\n\t<meta name=\"twitter:label2\" content=\"Tiempo estimado de lectura\" \/>\n\t<meta name=\"twitter:data2\" content=\"3 minutos\" \/>\n<script type=\"application\/ld+json\" class=\"yoast-schema-graph\">{\"@context\":\"https:\\\/\\\/schema.org\",\"@graph\":[{\"@type\":\"Article\",\"@id\":\"https:\\\/\\\/eltrabajo.cl\\\/web\\\/vecinos-y-autoridades-de-llay-llay-expresaron-su-molestia-por-aislamiento-en-las-vegas\\\/#article\",\"isPartOf\":{\"@id\":\"https:\\\/\\\/eltrabajo.cl\\\/web\\\/vecinos-y-autoridades-de-llay-llay-expresaron-su-molestia-por-aislamiento-en-las-vegas\\\/\"},\"author\":{\"name\":\"Diario El Trabajo\",\"@id\":\"https:\\\/\\\/eltrabajo.cl\\\/web\\\/#\\\/schema\\\/person\\\/45efd3d17f86ec456e44dd7debe1bf19\"},\"headline\":\"Vecinos y autoridades de Llay Llay expresaron su molestia por aislamiento en Las Vegas\",\"datePublished\":\"2026-08-31T00:35:05+00:00\",\"mainEntityOfPage\":{\"@id\":\"https:\\\/\\\/eltrabajo.cl\\\/web\\\/vecinos-y-autoridades-de-llay-llay-expresaron-su-molestia-por-aislamiento-en-las-vegas\\\/\"},\"wordCount\":576,\"commentCount\":0,\"publisher\":{\"@id\":\"https:\\\/\\\/eltrabajo.cl\\\/web\\\/#organization\"},\"image\":{\"@id\":\"https:\\\/\\\/eltrabajo.cl\\\/web\\\/vecinos-y-autoridades-de-llay-llay-expresaron-su-molestia-por-aislamiento-en-las-vegas\\\/#primaryimage\"},\"thumbnailUrl\":\"https:\\\/\\\/eltrabajo.cl\\\/web\\\/wp-content\\\/uploads\\\/2026\\\/08\\\/reunion-en-Las-Vegas-Llay-Llay.jpg\",\"articleSection\":[\"Cr\u00f3nica\"],\"inLanguage\":\"es-CL\",\"potentialAction\":[{\"@type\":\"CommentAction\",\"name\":\"Comment\",\"target\":[\"https:\\\/\\\/eltrabajo.cl\\\/web\\\/vecinos-y-autoridades-de-llay-llay-expresaron-su-molestia-por-aislamiento-en-las-vegas\\\/#respond\"]}]},{\"@type\":\"WebPage\",\"@id\":\"https:\\\/\\\/eltrabajo.cl\\\/web\\\/vecinos-y-autoridades-de-llay-llay-expresaron-su-molestia-por-aislamiento-en-las-vegas\\\/\",\"url\":\"https:\\\/\\\/eltrabajo.cl\\\/web\\\/vecinos-y-autoridades-de-llay-llay-expresaron-su-molestia-por-aislamiento-en-las-vegas\\\/\",\"name\":\"Vecinos y autoridades de Llay Llay expresaron su molestia por aislamiento en Las Vegas - Diario El Trabajo\",\"isPartOf\":{\"@id\":\"https:\\\/\\\/eltrabajo.cl\\\/web\\\/#website\"},\"primaryImageOfPage\":{\"@id\":\"https:\\\/\\\/eltrabajo.cl\\\/web\\\/vecinos-y-autoridades-de-llay-llay-expresaron-su-molestia-por-aislamiento-en-las-vegas\\\/#primaryimage\"},\"image\":{\"@id\":\"https:\\\/\\\/eltrabajo.cl\\\/web\\\/vecinos-y-autoridades-de-llay-llay-expresaron-su-molestia-por-aislamiento-en-las-vegas\\\/#primaryimage\"},\"thumbnailUrl\":\"https:\\\/\\\/eltrabajo.cl\\\/web\\\/wp-content\\\/uploads\\\/2026\\\/08\\\/reunion-en-Las-Vegas-Llay-Llay.jpg\",\"datePublished\":\"2026-08-31T00:35:05+00:00\",\"breadcrumb\":{\"@id\":\"https:\\\/\\\/eltrabajo.cl\\\/web\\\/vecinos-y-autoridades-de-llay-llay-expresaron-su-molestia-por-aislamiento-en-las-vegas\\\/#breadcrumb\"},\"inLanguage\":\"es-CL\",\"potentialAction\":[{\"@type\":\"ReadAction\",\"target\":[\"https:\\\/\\\/eltrabajo.cl\\\/web\\\/vecinos-y-autoridades-de-llay-llay-expresaron-su-molestia-por-aislamiento-en-las-vegas\\\/\"]}]},{\"@type\":\"ImageObject\",\"inLanguage\":\"es-CL\",\"@id\":\"https:\\\/\\\/eltrabajo.cl\\\/web\\\/vecinos-y-autoridades-de-llay-llay-expresaron-su-molestia-por-aislamiento-en-las-vegas\\\/#primaryimage\",\"url\":\"https:\\\/\\\/eltrabajo.cl\\\/web\\\/wp-content\\\/uploads\\\/2026\\\/08\\\/reunion-en-Las-Vegas-Llay-Llay.jpg\",\"contentUrl\":\"https:\\\/\\\/eltrabajo.cl\\\/web\\\/wp-content\\\/uploads\\\/2026\\\/08\\\/reunion-en-Las-Vegas-Llay-Llay.jpg\",\"width\":698,\"height\":409,\"caption\":\"\u00abReuni\u00f3n ampliada\u00bb en Las Vegas congreg\u00f3 a vecinos y autoridades locales y nacionales.\"},{\"@type\":\"BreadcrumbList\",\"@id\":\"https:\\\/\\\/eltrabajo.cl\\\/web\\\/vecinos-y-autoridades-de-llay-llay-expresaron-su-molestia-por-aislamiento-en-las-vegas\\\/#breadcrumb\",\"itemListElement\":[{\"@type\":\"ListItem\",\"position\":1,\"name\":\"Portada\",\"item\":\"https:\\\/\\\/eltrabajo.cl\\\/web\\\/\"},{\"@type\":\"ListItem\",\"position\":2,\"name\":\"Vecinos y autoridades de Llay Llay expresaron su molestia por aislamiento en Las Vegas\"}]},{\"@type\":\"WebSite\",\"@id\":\"https:\\\/\\\/eltrabajo.cl\\\/web\\\/#website\",\"url\":\"https:\\\/\\\/eltrabajo.cl\\\/web\\\/\",\"name\":\"Diario El Trabajo\",\"description\":\"Desde 1929 construyendo Identidad Local\",\"publisher\":{\"@id\":\"https:\\\/\\\/eltrabajo.cl\\\/web\\\/#organization\"},\"potentialAction\":[{\"@type\":\"SearchAction\",\"target\":{\"@type\":\"EntryPoint\",\"urlTemplate\":\"https:\\\/\\\/eltrabajo.cl\\\/web\\\/?s={search_term_string}\"},\"query-input\":{\"@type\":\"PropertyValueSpecification\",\"valueRequired\":true,\"valueName\":\"search_term_string\"}}],\"inLanguage\":\"es-CL\"},{\"@type\":\"Organization\",\"@id\":\"https:\\\/\\\/eltrabajo.cl\\\/web\\\/#organization\",\"name\":\"Diario El Trabajo\",\"url\":\"https:\\\/\\\/eltrabajo.cl\\\/web\\\/\",\"logo\":{\"@type\":\"ImageObject\",\"inLanguage\":\"es-CL\",\"@id\":\"https:\\\/\\\/eltrabajo.cl\\\/web\\\/#\\\/schema\\\/logo\\\/image\\\/\",\"url\":\"https:\\\/\\\/eltrabajo.cl\\\/web\\\/wp-content\\\/uploads\\\/2024\\\/06\\\/profile-image-ig-page-diarioeltrabajo.jpg\",\"contentUrl\":\"https:\\\/\\\/eltrabajo.cl\\\/web\\\/wp-content\\\/uploads\\\/2024\\\/06\\\/profile-image-ig-page-diarioeltrabajo.jpg\",\"width\":823,\"height\":823,\"caption\":\"Diario El Trabajo\"},\"image\":{\"@id\":\"https:\\\/\\\/eltrabajo.cl\\\/web\\\/#\\\/schema\\\/logo\\\/image\\\/\"},\"sameAs\":[\"https:\\\/\\\/www.facebook.com\\\/ElTrabajoDiario\",\"https:\\\/\\\/x.com\\\/diarioeltrabajo\"]},{\"@type\":\"Person\",\"@id\":\"https:\\\/\\\/eltrabajo.cl\\\/web\\\/#\\\/schema\\\/person\\\/45efd3d17f86ec456e44dd7debe1bf19\",\"name\":\"Diario El Trabajo\",\"image\":{\"@type\":\"ImageObject\",\"inLanguage\":\"es-CL\",\"@id\":\"https:\\\/\\\/secure.gravatar.com\\\/avatar\\\/7e6ec277dc4aea2677c2dc301d4227957219329c985ab69a3efc12518b5161aa?s=96&d=mm&r=g\",\"url\":\"https:\\\/\\\/secure.gravatar.com\\\/avatar\\\/7e6ec277dc4aea2677c2dc301d4227957219329c985ab69a3efc12518b5161aa?s=96&d=mm&r=g\",\"contentUrl\":\"https:\\\/\\\/secure.gravatar.com\\\/avatar\\\/7e6ec277dc4aea2677c2dc301d4227957219329c985ab69a3efc12518b5161aa?s=96&d=mm&r=g\",\"caption\":\"Diario El Trabajo\"},\"sameAs\":[\"https:\\\/\\\/eltrabajo.cl\\\/web\"],\"url\":\"https:\\\/\\\/eltrabajo.cl\\\/web\\\/author\\\/diario-el-trabajo\\\/\"}]}<\/script>\n<!-- \/ Yoast SEO plugin. -->","yoast_head_json":{"title":"Vecinos y autoridades de Llay Llay expresaron su molestia por aislamiento en Las Vegas - Diario El Trabajo","robots":{"index":"index","follow":"follow","max-snippet":"max-snippet:-1","max-image-preview":"max-image-preview:large","max-video-preview":"max-video-preview:-1"},"canonical":"https:\/\/eltrabajo.cl\/web\/vecinos-y-autoridades-de-llay-llay-expresaron-su-molestia-por-aislamiento-en-las-vegas\/","og_locale":"es_ES","og_type":"article","og_title":"Vecinos y autoridades de Llay Llay expresaron su molestia por aislamiento en Las Vegas - Diario El Trabajo","og_description":"\u00abReuni\u00f3n ampliada\u00bb: Alcalde Edgardo Gonz\u00e1lez asegur\u00f3 que se logr\u00f3 \u00abavanzar en ciertos aspectos\u00bb.\u2013 El pasado s\u00e1bado se llev\u00f3 a cabo una importante \u2018reuni\u00f3n ampliada\u2019 en el sector de Las Vegas en la comuna de Llay Llay, junto a dirigentes locales. Esto, para explicar y abordar en terreno las serias dificultades generadas por las obras de [&hellip;]","og_url":"https:\/\/eltrabajo.cl\/web\/vecinos-y-autoridades-de-llay-llay-expresaron-su-molestia-por-aislamiento-en-las-vegas\/","og_site_name":"Diario El Trabajo","article_publisher":"https:\/\/www.facebook.com\/ElTrabajoDiario","article_published_time":"2026-08-31T00:35:05+00:00","og_image":[{"width":698,"height":409,"url":"https:\/\/eltrabajo.cl\/web\/wp-content\/uploads\/2026\/08\/reunion-en-Las-Vegas-Llay-Llay.jpg","type":"image\/jpeg"}],"author":"Diario El Trabajo","twitter_card":"summary_large_image","twitter_creator":"@diarioeltrabajo","twitter_site":"@diarioeltrabajo","twitter_misc":{"Escrito por":"Diario El Trabajo","Tiempo estimado de lectura":"3 minutos"},"schema":{"@context":"https:\/\/schema.org","@graph":[{"@type":"Article","@id":"https:\/\/eltrabajo.cl\/web\/vecinos-y-autoridades-de-llay-llay-expresaron-su-molestia-por-aislamiento-en-las-vegas\/#article","isPartOf":{"@id":"https:\/\/eltrabajo.cl\/web\/vecinos-y-autoridades-de-llay-llay-expresaron-su-molestia-por-aislamiento-en-las-vegas\/"},"author":{"name":"Diario El Trabajo","@id":"https:\/\/eltrabajo.cl\/web\/#\/schema\/person\/45efd3d17f86ec456e44dd7debe1bf19"},"headline":"Vecinos y autoridades de Llay Llay expresaron su molestia por aislamiento en Las Vegas","datePublished":"2026-08-31T00:35:05+00:00","mainEntityOfPage":{"@id":"https:\/\/eltrabajo.cl\/web\/vecinos-y-autoridades-de-llay-llay-expresaron-su-molestia-por-aislamiento-en-las-vegas\/"},"wordCount":576,"commentCount":0,"publisher":{"@id":"https:\/\/eltrabajo.cl\/web\/#organization"},"image":{"@id":"https:\/\/eltrabajo.cl\/web\/vecinos-y-autoridades-de-llay-llay-expresaron-su-molestia-por-aislamiento-en-las-vegas\/#primaryimage"},"thumbnailUrl":"https:\/\/eltrabajo.cl\/web\/wp-content\/uploads\/2026\/08\/reunion-en-Las-Vegas-Llay-Llay.jpg","articleSection":["Cr\u00f3nica"],"inLanguage":"es-CL","potentialAction":[{"@type":"CommentAction","name":"Comment","target":["https:\/\/eltrabajo.cl\/web\/vecinos-y-autoridades-de-llay-llay-expresaron-su-molestia-por-aislamiento-en-las-vegas\/#respond"]}]},{"@type":"WebPage","@id":"https:\/\/eltrabajo.cl\/web\/vecinos-y-autoridades-de-llay-llay-expresaron-su-molestia-por-aislamiento-en-las-vegas\/","url":"https:\/\/eltrabajo.cl\/web\/vecinos-y-autoridades-de-llay-llay-expresaron-su-molestia-por-aislamiento-en-las-vegas\/","name":"Vecinos y autoridades de Llay Llay expresaron su molestia por aislamiento en Las Vegas - Diario El Trabajo","isPartOf":{"@id":"https:\/\/eltrabajo.cl\/web\/#website"},"primaryImageOfPage":{"@id":"https:\/\/eltrabajo.cl\/web\/vecinos-y-autoridades-de-llay-llay-expresaron-su-molestia-por-aislamiento-en-las-vegas\/#primaryimage"},"image":{"@id":"https:\/\/eltrabajo.cl\/web\/vecinos-y-autoridades-de-llay-llay-expresaron-su-molestia-por-aislamiento-en-las-vegas\/#primaryimage"},"thumbnailUrl":"https:\/\/eltrabajo.cl\/web\/wp-content\/uploads\/2026\/08\/reunion-en-Las-Vegas-Llay-Llay.jpg","datePublished":"2026-08-31T00:35:05+00:00","breadcrumb":{"@id":"https:\/\/eltrabajo.cl\/web\/vecinos-y-autoridades-de-llay-llay-expresaron-su-molestia-por-aislamiento-en-las-vegas\/#breadcrumb"},"inLanguage":"es-CL","potentialAction":[{"@type":"ReadAction","target":["https:\/\/eltrabajo.cl\/web\/vecinos-y-autoridades-de-llay-llay-expresaron-su-molestia-por-aislamiento-en-las-vegas\/"]}]},{"@type":"ImageObject","inLanguage":"es-CL","@id":"https:\/\/eltrabajo.cl\/web\/vecinos-y-autoridades-de-llay-llay-expresaron-su-molestia-por-aislamiento-en-las-vegas\/#primaryimage","url":"https:\/\/eltrabajo.cl\/web\/wp-content\/uploads\/2026\/08\/reunion-en-Las-Vegas-Llay-Llay.jpg","contentUrl":"https:\/\/eltrabajo.cl\/web\/wp-content\/uploads\/2026\/08\/reunion-en-Las-Vegas-Llay-Llay.jpg","width":698,"height":409,"caption":"\u00abReuni\u00f3n ampliada\u00bb en Las Vegas congreg\u00f3 a vecinos y autoridades locales y nacionales."},{"@type":"BreadcrumbList","@id":"https:\/\/eltrabajo.cl\/web\/vecinos-y-autoridades-de-llay-llay-expresaron-su-molestia-por-aislamiento-en-las-vegas\/#breadcrumb","itemListElement":[{"@type":"ListItem","position":1,"name":"Portada","item":"https:\/\/eltrabajo.cl\/web\/"},{"@type":"ListItem","position":2,"name":"Vecinos y autoridades de Llay Llay expresaron su molestia por aislamiento en Las Vegas"}]},{"@type":"WebSite","@id":"https:\/\/eltrabajo.cl\/web\/#website","url":"https:\/\/eltrabajo.cl\/web\/","name":"Diario El Trabajo","description":"Desde 1929 construyendo Identidad Local","publisher":{"@id":"https:\/\/eltrabajo.cl\/web\/#organization"},"potentialAction":[{"@type":"SearchAction","target":{"@type":"EntryPoint","urlTemplate":"https:\/\/eltrabajo.cl\/web\/?s={search_term_string}"},"query-input":{"@type":"PropertyValueSpecification","valueRequired":true,"valueName":"search_term_string"}}],"inLanguage":"es-CL"},{"@type":"Organization","@id":"https:\/\/eltrabajo.cl\/web\/#organization","name":"Diario El Trabajo","url":"https:\/\/eltrabajo.cl\/web\/","logo":{"@type":"ImageObject","inLanguage":"es-CL","@id":"https:\/\/eltrabajo.cl\/web\/#\/schema\/logo\/image\/","url":"https:\/\/eltrabajo.cl\/web\/wp-content\/uploads\/2024\/06\/profile-image-ig-page-diarioeltrabajo.jpg","contentUrl":"https:\/\/eltrabajo.cl\/web\/wp-content\/uploads\/2024\/06\/profile-image-ig-page-diarioeltrabajo.jpg","width":823,"height":823,"caption":"Diario El Trabajo"},"image":{"@id":"https:\/\/eltrabajo.cl\/web\/#\/schema\/logo\/image\/"},"sameAs":["https:\/\/www.facebook.com\/ElTrabajoDiario","https:\/\/x.com\/diarioeltrabajo"]},{"@type":"Person","@id":"https:\/\/eltrabajo.cl\/web\/#\/schema\/person\/45efd3d17f86ec456e44dd7debe1bf19","name":"Diario El Trabajo","image":{"@type":"ImageObject","inLanguage":"es-CL","@id":"https:\/\/secure.gravatar.com\/avatar\/7e6ec277dc4aea2677c2dc301d4227957219329c985ab69a3efc12518b5161aa?s=96&d=mm&r=g","url":"https:\/\/secure.gravatar.com\/avatar\/7e6ec277dc4aea2677c2dc301d4227957219329c985ab69a3efc12518b5161aa?s=96&d=mm&r=g","contentUrl":"https:\/\/secure.gravatar.com\/avatar\/7e6ec277dc4aea2677c2dc301d4227957219329c985ab69a3efc12518b5161aa?s=96&d=mm&r=g","caption":"Diario El Trabajo"},"sameAs":["https:\/\/eltrabajo.cl\/web"],"url":"https:\/\/eltrabajo.cl\/web\/author\/diario-el-trabajo\/"}]}},"_links":{"self":[{"href":"https:\/\/eltrabajo.cl\/web\/wp-json\/wp\/v2\/posts\/146773","targetHints":{"allow":["GET"]}}],"collection":[{"href":"https:\/\/eltrabajo.cl\/web\/wp-json\/wp\/v2\/posts"}],"about":[{"href":"https:\/\/eltrabajo.cl\/web\/wp-json\/wp\/v2\/types\/post"}],"author":[{"embeddable":true,"href":"https:\/\/eltrabajo.cl\/web\/wp-json\/wp\/v2\/users\/1"}],"replies":[{"embeddable":true,"href":"https:\/\/eltrabajo.cl\/web\/wp-json\/wp\/v2\/comments?post=146773"}],"version-history":[{"count":1,"href":"https:\/\/eltrabajo.cl\/web\/wp-json\/wp\/v2\/posts\/146773\/revisions"}],"predecessor-version":[{"id":146775,"href":"https:\/\/eltrabajo.cl\/web\/wp-json\/wp\/v2\/posts\/146773\/revisions\/146775"}],"wp:featuredmedia":[{"embeddable":true,"href":"https:\/\/eltrabajo.cl\/web\/wp-json\/wp\/v2\/media\/146774"}],"wp:attachment":[{"href":"https:\/\/eltrabajo.cl\/web\/wp-json\/wp\/v2\/media?parent=146773"}],"wp:term":[{"taxonomy":"category","embeddable":true,"href":"https:\/\/eltrabajo.cl\/web\/wp-json\/wp\/v2\/categories?post=146773"},{"taxonomy":"post_tag","embeddable":true,"href":"https:\/\/eltrabajo.cl\/web\/wp-json\/wp\/v2\/tags?post=146773"}],"curies":[{"name":"wp","href":"https:\/\/api.w.org\/{rel}","templated":true}]}}