{"id":146776,"date":"2026-08-30T21:35:51","date_gmt":"2026-08-31T00:35:51","guid":{"rendered":"https:\/\/eltrabajo.cl\/web\/?p=146776"},"modified":"2026-08-30T21:35:51","modified_gmt":"2026-08-31T00:35:51","slug":"detienen-a-dos-delincuentes-dedicados-a-la-venta-de-drogas-en-santa-maria","status":"publish","type":"post","link":"https:\/\/eltrabajo.cl\/web\/detienen-a-dos-delincuentes-dedicados-a-la-venta-de-drogas-en-santa-maria\/","title":{"rendered":"Detienen a dos delincuentes dedicados a la venta de drogas\u00a0en Santa Mar\u00eda"},"content":{"rendered":"<ul>\n<li><strong>Personal de la PDI incaut\u00f3 diversos tipos de sustancias il\u00edcitas y otros elementos asociados a este delito.\u2013<\/strong><\/li>\n<\/ul>\n<p>Personal de la Agrupaci\u00f3n MT0 de la Brigada de Investigaci\u00f3n Criminal (Bicrim) de la Polic\u00eda de Investigaciones (PDI) de San Felipe, logr\u00f3 la detenci\u00f3n de dos delincuentes que se dedicaban a la venta drogas en la comuna de Santa Mar\u00eda. El procedimiento, se logr\u00f3 concretar tras las respectivas diligencias investigativas y en coordinaci\u00f3n con el Ministerio P\u00fablico local.<\/p>\n<p>Fue as\u00ed, que personal de la PDI lleg\u00f3 hasta el lugar que era indicado como el punto de venta de estas sustancias il\u00edcitas, ingresando a este inmueble al mediod\u00eda del pasado viernes, concretando as\u00ed una investigaci\u00f3n que buscaba erradicar un punto de venta de drogas en Santa Mar\u00ed\u00a0\u00a0\u00a0\u00a0\u00a0\u00a0 a.<\/p>\n<p>En este contexto, personal de la Agrupaci\u00f3n MT0 logr\u00f3 la incautaci\u00f3n de 19.92 gramos de clorhidrato de coca\u00edna, 66.61 gramos de cannabis sativa y 10.26 gramos de coca\u00edna base, droga avaluada en 583 mil pesos. Asimismo, se decomisaron 724 mil pesos en dinero efectivo y dos balanzas digitales.<\/p>\n<p>Del mismo modo, desde la PDI detallaron que, a ra\u00edz de este operativo, se logr\u00f3 la detenci\u00f3n de dos delincuentes de nacionalidad chilena, ambos mayores de edad y con antecedentes por el delito de microtr\u00e1fico de drogas. Los sujetos, pasaron a control de detenci\u00f3n en el Ministerio P\u00fablico.<\/p>\n<p>De esta forma, y tras este proceso investigativo, desarrollo y concreci\u00f3n de esta orden de entrada y registro, efectivos de la PDI de San Felipe lograron sacar de circulaci\u00f3n diversos tipos de drogas que eran comercializadas de manera ilegal en una de las comunas de la provincia, adem\u00e1s de la detenci\u00f3n de dos delincuentes, quienes ya ten\u00edan antecedentes de este tipo de delitos.<\/p>\n<figure id=\"attachment_146777\" aria-describedby=\"caption-attachment-146777\" style=\"width: 699px\" class=\"wp-caption alignnone\"><img loading=\"lazy\" decoding=\"async\" class=\"size-full wp-image-146777\" src=\"https:\/\/eltrabajo.cl\/web\/wp-content\/uploads\/2026\/08\/detenidos-por-drogas.jpg\" alt=\"Esta es la droga incautada por la PDI en Santa Mar\u00eda. \" width=\"699\" height=\"292\" srcset=\"https:\/\/eltrabajo.cl\/web\/wp-content\/uploads\/2026\/08\/detenidos-por-drogas.jpg 699w, https:\/\/eltrabajo.cl\/web\/wp-content\/uploads\/2026\/08\/detenidos-por-drogas-300x125.jpg 300w, https:\/\/eltrabajo.cl\/web\/wp-content\/uploads\/2026\/08\/detenidos-por-drogas-150x63.jpg 150w, https:\/\/eltrabajo.cl\/web\/wp-content\/uploads\/2026\/08\/detenidos-por-drogas-696x291.jpg 696w\" sizes=\"auto, (max-width: 699px) 100vw, 699px\" \/><figcaption id=\"caption-attachment-146777\" class=\"wp-caption-text\">Esta es la droga incautada por la PDI en Santa Mar\u00eda.<\/figcaption><\/figure>\n","protected":false},"excerpt":{"rendered":"<p>Personal de la PDI incaut\u00f3 diversos tipos de sustancias il\u00edcitas y otros elementos asociados a este delito.\u2013 Personal de la Agrupaci\u00f3n MT0 de la Brigada de Investigaci\u00f3n Criminal (Bicrim) de la Polic\u00eda de Investigaciones (PDI) de San Felipe, logr\u00f3 la detenci\u00f3n de dos delincuentes que se dedicaban a la venta drogas en la comuna de [&hellip;]<\/p>\n","protected":false},"author":1,"featured_media":146777,"comment_status":"open","ping_status":"closed","sticky":false,"template":"","format":"standard","meta":{"footnotes":""},"categories":[5],"tags":[],"class_list":["post-146776","post","type-post","status-publish","format-standard","has-post-thumbnail","category-policial"],"yoast_head":"<!-- This site is optimized with the Yoast SEO plugin v28.3 - https:\/\/yoast.com\/product\/yoast-seo-wordpress\/ -->\n<title>Detienen a dos delincuentes dedicados a la venta de drogas\u00a0en Santa Mar\u00eda - Diario El Trabajo<\/title>\n<meta name=\"robots\" content=\"index, follow, max-snippet:-1, max-image-preview:large, max-video-preview:-1\" \/>\n<link rel=\"canonical\" href=\"https:\/\/eltrabajo.cl\/web\/detienen-a-dos-delincuentes-dedicados-a-la-venta-de-drogas-en-santa-maria\/\" \/>\n<meta property=\"og:locale\" content=\"es_ES\" \/>\n<meta property=\"og:type\" content=\"article\" \/>\n<meta property=\"og:title\" content=\"Detienen a dos delincuentes dedicados a la venta de drogas\u00a0en Santa Mar\u00eda - Diario El Trabajo\" \/>\n<meta property=\"og:description\" content=\"Personal de la PDI incaut\u00f3 diversos tipos de sustancias il\u00edcitas y otros elementos asociados a este delito.\u2013 Personal de la Agrupaci\u00f3n MT0 de la Brigada de Investigaci\u00f3n Criminal (Bicrim) de la Polic\u00eda de Investigaciones (PDI) de San Felipe, logr\u00f3 la detenci\u00f3n de dos delincuentes que se dedicaban a la venta drogas en la comuna de [&hellip;]\" \/>\n<meta property=\"og:url\" content=\"https:\/\/eltrabajo.cl\/web\/detienen-a-dos-delincuentes-dedicados-a-la-venta-de-drogas-en-santa-maria\/\" \/>\n<meta property=\"og:site_name\" content=\"Diario El Trabajo\" \/>\n<meta property=\"article:publisher\" content=\"https:\/\/www.facebook.com\/ElTrabajoDiario\" \/>\n<meta property=\"article:published_time\" content=\"2026-08-31T00:35:51+00:00\" \/>\n<meta property=\"og:image\" content=\"https:\/\/eltrabajo.cl\/web\/wp-content\/uploads\/2026\/08\/detenidos-por-drogas.jpg\" \/>\n\t<meta property=\"og:image:width\" content=\"699\" \/>\n\t<meta property=\"og:image:height\" content=\"292\" \/>\n\t<meta property=\"og:image:type\" content=\"image\/jpeg\" \/>\n<meta name=\"author\" content=\"Diario El Trabajo\" \/>\n<meta name=\"twitter:card\" content=\"summary_large_image\" \/>\n<meta name=\"twitter:creator\" content=\"@diarioeltrabajo\" \/>\n<meta name=\"twitter:site\" content=\"@diarioeltrabajo\" \/>\n<meta name=\"twitter:label1\" content=\"Escrito por\" \/>\n\t<meta name=\"twitter:data1\" content=\"Diario El Trabajo\" \/>\n\t<meta name=\"twitter:label2\" content=\"Tiempo estimado de lectura\" \/>\n\t<meta name=\"twitter:data2\" content=\"2 minutos\" \/>\n<script type=\"application\/ld+json\" class=\"yoast-schema-graph\">{\"@context\":\"https:\\\/\\\/schema.org\",\"@graph\":[{\"@type\":\"Article\",\"@id\":\"https:\\\/\\\/eltrabajo.cl\\\/web\\\/detienen-a-dos-delincuentes-dedicados-a-la-venta-de-drogas-en-santa-maria\\\/#article\",\"isPartOf\":{\"@id\":\"https:\\\/\\\/eltrabajo.cl\\\/web\\\/detienen-a-dos-delincuentes-dedicados-a-la-venta-de-drogas-en-santa-maria\\\/\"},\"author\":{\"name\":\"Diario El Trabajo\",\"@id\":\"https:\\\/\\\/eltrabajo.cl\\\/web\\\/#\\\/schema\\\/person\\\/45efd3d17f86ec456e44dd7debe1bf19\"},\"headline\":\"Detienen a dos delincuentes dedicados a la venta de drogas\u00a0en Santa Mar\u00eda\",\"datePublished\":\"2026-08-31T00:35:51+00:00\",\"mainEntityOfPage\":{\"@id\":\"https:\\\/\\\/eltrabajo.cl\\\/web\\\/detienen-a-dos-delincuentes-dedicados-a-la-venta-de-drogas-en-santa-maria\\\/\"},\"wordCount\":336,\"commentCount\":0,\"publisher\":{\"@id\":\"https:\\\/\\\/eltrabajo.cl\\\/web\\\/#organization\"},\"image\":{\"@id\":\"https:\\\/\\\/eltrabajo.cl\\\/web\\\/detienen-a-dos-delincuentes-dedicados-a-la-venta-de-drogas-en-santa-maria\\\/#primaryimage\"},\"thumbnailUrl\":\"https:\\\/\\\/eltrabajo.cl\\\/web\\\/wp-content\\\/uploads\\\/2026\\\/08\\\/detenidos-por-drogas.jpg\",\"articleSection\":[\"Policial\"],\"inLanguage\":\"es-CL\",\"potentialAction\":[{\"@type\":\"CommentAction\",\"name\":\"Comment\",\"target\":[\"https:\\\/\\\/eltrabajo.cl\\\/web\\\/detienen-a-dos-delincuentes-dedicados-a-la-venta-de-drogas-en-santa-maria\\\/#respond\"]}]},{\"@type\":\"WebPage\",\"@id\":\"https:\\\/\\\/eltrabajo.cl\\\/web\\\/detienen-a-dos-delincuentes-dedicados-a-la-venta-de-drogas-en-santa-maria\\\/\",\"url\":\"https:\\\/\\\/eltrabajo.cl\\\/web\\\/detienen-a-dos-delincuentes-dedicados-a-la-venta-de-drogas-en-santa-maria\\\/\",\"name\":\"Detienen a dos delincuentes dedicados a la venta de drogas\u00a0en Santa Mar\u00eda - Diario El Trabajo\",\"isPartOf\":{\"@id\":\"https:\\\/\\\/eltrabajo.cl\\\/web\\\/#website\"},\"primaryImageOfPage\":{\"@id\":\"https:\\\/\\\/eltrabajo.cl\\\/web\\\/detienen-a-dos-delincuentes-dedicados-a-la-venta-de-drogas-en-santa-maria\\\/#primaryimage\"},\"image\":{\"@id\":\"https:\\\/\\\/eltrabajo.cl\\\/web\\\/detienen-a-dos-delincuentes-dedicados-a-la-venta-de-drogas-en-santa-maria\\\/#primaryimage\"},\"thumbnailUrl\":\"https:\\\/\\\/eltrabajo.cl\\\/web\\\/wp-content\\\/uploads\\\/2026\\\/08\\\/detenidos-por-drogas.jpg\",\"datePublished\":\"2026-08-31T00:35:51+00:00\",\"breadcrumb\":{\"@id\":\"https:\\\/\\\/eltrabajo.cl\\\/web\\\/detienen-a-dos-delincuentes-dedicados-a-la-venta-de-drogas-en-santa-maria\\\/#breadcrumb\"},\"inLanguage\":\"es-CL\",\"potentialAction\":[{\"@type\":\"ReadAction\",\"target\":[\"https:\\\/\\\/eltrabajo.cl\\\/web\\\/detienen-a-dos-delincuentes-dedicados-a-la-venta-de-drogas-en-santa-maria\\\/\"]}]},{\"@type\":\"ImageObject\",\"inLanguage\":\"es-CL\",\"@id\":\"https:\\\/\\\/eltrabajo.cl\\\/web\\\/detienen-a-dos-delincuentes-dedicados-a-la-venta-de-drogas-en-santa-maria\\\/#primaryimage\",\"url\":\"https:\\\/\\\/eltrabajo.cl\\\/web\\\/wp-content\\\/uploads\\\/2026\\\/08\\\/detenidos-por-drogas.jpg\",\"contentUrl\":\"https:\\\/\\\/eltrabajo.cl\\\/web\\\/wp-content\\\/uploads\\\/2026\\\/08\\\/detenidos-por-drogas.jpg\",\"width\":699,\"height\":292,\"caption\":\"Esta es la droga incautada por la PDI en Santa Mar\u00eda.\"},{\"@type\":\"BreadcrumbList\",\"@id\":\"https:\\\/\\\/eltrabajo.cl\\\/web\\\/detienen-a-dos-delincuentes-dedicados-a-la-venta-de-drogas-en-santa-maria\\\/#breadcrumb\",\"itemListElement\":[{\"@type\":\"ListItem\",\"position\":1,\"name\":\"Portada\",\"item\":\"https:\\\/\\\/eltrabajo.cl\\\/web\\\/\"},{\"@type\":\"ListItem\",\"position\":2,\"name\":\"Detienen a dos delincuentes dedicados a la venta de drogas\u00a0en Santa Mar\u00eda\"}]},{\"@type\":\"WebSite\",\"@id\":\"https:\\\/\\\/eltrabajo.cl\\\/web\\\/#website\",\"url\":\"https:\\\/\\\/eltrabajo.cl\\\/web\\\/\",\"name\":\"Diario El Trabajo\",\"description\":\"Desde 1929 construyendo Identidad Local\",\"publisher\":{\"@id\":\"https:\\\/\\\/eltrabajo.cl\\\/web\\\/#organization\"},\"potentialAction\":[{\"@type\":\"SearchAction\",\"target\":{\"@type\":\"EntryPoint\",\"urlTemplate\":\"https:\\\/\\\/eltrabajo.cl\\\/web\\\/?s={search_term_string}\"},\"query-input\":{\"@type\":\"PropertyValueSpecification\",\"valueRequired\":true,\"valueName\":\"search_term_string\"}}],\"inLanguage\":\"es-CL\"},{\"@type\":\"Organization\",\"@id\":\"https:\\\/\\\/eltrabajo.cl\\\/web\\\/#organization\",\"name\":\"Diario El Trabajo\",\"url\":\"https:\\\/\\\/eltrabajo.cl\\\/web\\\/\",\"logo\":{\"@type\":\"ImageObject\",\"inLanguage\":\"es-CL\",\"@id\":\"https:\\\/\\\/eltrabajo.cl\\\/web\\\/#\\\/schema\\\/logo\\\/image\\\/\",\"url\":\"https:\\\/\\\/eltrabajo.cl\\\/web\\\/wp-content\\\/uploads\\\/2024\\\/06\\\/profile-image-ig-page-diarioeltrabajo.jpg\",\"contentUrl\":\"https:\\\/\\\/eltrabajo.cl\\\/web\\\/wp-content\\\/uploads\\\/2024\\\/06\\\/profile-image-ig-page-diarioeltrabajo.jpg\",\"width\":823,\"height\":823,\"caption\":\"Diario El Trabajo\"},\"image\":{\"@id\":\"https:\\\/\\\/eltrabajo.cl\\\/web\\\/#\\\/schema\\\/logo\\\/image\\\/\"},\"sameAs\":[\"https:\\\/\\\/www.facebook.com\\\/ElTrabajoDiario\",\"https:\\\/\\\/x.com\\\/diarioeltrabajo\"]},{\"@type\":\"Person\",\"@id\":\"https:\\\/\\\/eltrabajo.cl\\\/web\\\/#\\\/schema\\\/person\\\/45efd3d17f86ec456e44dd7debe1bf19\",\"name\":\"Diario El Trabajo\",\"image\":{\"@type\":\"ImageObject\",\"inLanguage\":\"es-CL\",\"@id\":\"https:\\\/\\\/secure.gravatar.com\\\/avatar\\\/7e6ec277dc4aea2677c2dc301d4227957219329c985ab69a3efc12518b5161aa?s=96&d=mm&r=g\",\"url\":\"https:\\\/\\\/secure.gravatar.com\\\/avatar\\\/7e6ec277dc4aea2677c2dc301d4227957219329c985ab69a3efc12518b5161aa?s=96&d=mm&r=g\",\"contentUrl\":\"https:\\\/\\\/secure.gravatar.com\\\/avatar\\\/7e6ec277dc4aea2677c2dc301d4227957219329c985ab69a3efc12518b5161aa?s=96&d=mm&r=g\",\"caption\":\"Diario El Trabajo\"},\"sameAs\":[\"https:\\\/\\\/eltrabajo.cl\\\/web\"],\"url\":\"https:\\\/\\\/eltrabajo.cl\\\/web\\\/author\\\/diario-el-trabajo\\\/\"}]}<\/script>\n<!-- \/ Yoast SEO plugin. -->","yoast_head_json":{"title":"Detienen a dos delincuentes dedicados a la venta de drogas\u00a0en Santa Mar\u00eda - Diario El Trabajo","robots":{"index":"index","follow":"follow","max-snippet":"max-snippet:-1","max-image-preview":"max-image-preview:large","max-video-preview":"max-video-preview:-1"},"canonical":"https:\/\/eltrabajo.cl\/web\/detienen-a-dos-delincuentes-dedicados-a-la-venta-de-drogas-en-santa-maria\/","og_locale":"es_ES","og_type":"article","og_title":"Detienen a dos delincuentes dedicados a la venta de drogas\u00a0en Santa Mar\u00eda - Diario El Trabajo","og_description":"Personal de la PDI incaut\u00f3 diversos tipos de sustancias il\u00edcitas y otros elementos asociados a este delito.\u2013 Personal de la Agrupaci\u00f3n MT0 de la Brigada de Investigaci\u00f3n Criminal (Bicrim) de la Polic\u00eda de Investigaciones (PDI) de San Felipe, logr\u00f3 la detenci\u00f3n de dos delincuentes que se dedicaban a la venta drogas en la comuna de [&hellip;]","og_url":"https:\/\/eltrabajo.cl\/web\/detienen-a-dos-delincuentes-dedicados-a-la-venta-de-drogas-en-santa-maria\/","og_site_name":"Diario El Trabajo","article_publisher":"https:\/\/www.facebook.com\/ElTrabajoDiario","article_published_time":"2026-08-31T00:35:51+00:00","og_image":[{"width":699,"height":292,"url":"https:\/\/eltrabajo.cl\/web\/wp-content\/uploads\/2026\/08\/detenidos-por-drogas.jpg","type":"image\/jpeg"}],"author":"Diario El Trabajo","twitter_card":"summary_large_image","twitter_creator":"@diarioeltrabajo","twitter_site":"@diarioeltrabajo","twitter_misc":{"Escrito por":"Diario El Trabajo","Tiempo estimado de lectura":"2 minutos"},"schema":{"@context":"https:\/\/schema.org","@graph":[{"@type":"Article","@id":"https:\/\/eltrabajo.cl\/web\/detienen-a-dos-delincuentes-dedicados-a-la-venta-de-drogas-en-santa-maria\/#article","isPartOf":{"@id":"https:\/\/eltrabajo.cl\/web\/detienen-a-dos-delincuentes-dedicados-a-la-venta-de-drogas-en-santa-maria\/"},"author":{"name":"Diario El Trabajo","@id":"https:\/\/eltrabajo.cl\/web\/#\/schema\/person\/45efd3d17f86ec456e44dd7debe1bf19"},"headline":"Detienen a dos delincuentes dedicados a la venta de drogas\u00a0en Santa Mar\u00eda","datePublished":"2026-08-31T00:35:51+00:00","mainEntityOfPage":{"@id":"https:\/\/eltrabajo.cl\/web\/detienen-a-dos-delincuentes-dedicados-a-la-venta-de-drogas-en-santa-maria\/"},"wordCount":336,"commentCount":0,"publisher":{"@id":"https:\/\/eltrabajo.cl\/web\/#organization"},"image":{"@id":"https:\/\/eltrabajo.cl\/web\/detienen-a-dos-delincuentes-dedicados-a-la-venta-de-drogas-en-santa-maria\/#primaryimage"},"thumbnailUrl":"https:\/\/eltrabajo.cl\/web\/wp-content\/uploads\/2026\/08\/detenidos-por-drogas.jpg","articleSection":["Policial"],"inLanguage":"es-CL","potentialAction":[{"@type":"CommentAction","name":"Comment","target":["https:\/\/eltrabajo.cl\/web\/detienen-a-dos-delincuentes-dedicados-a-la-venta-de-drogas-en-santa-maria\/#respond"]}]},{"@type":"WebPage","@id":"https:\/\/eltrabajo.cl\/web\/detienen-a-dos-delincuentes-dedicados-a-la-venta-de-drogas-en-santa-maria\/","url":"https:\/\/eltrabajo.cl\/web\/detienen-a-dos-delincuentes-dedicados-a-la-venta-de-drogas-en-santa-maria\/","name":"Detienen a dos delincuentes dedicados a la venta de drogas\u00a0en Santa Mar\u00eda - Diario El Trabajo","isPartOf":{"@id":"https:\/\/eltrabajo.cl\/web\/#website"},"primaryImageOfPage":{"@id":"https:\/\/eltrabajo.cl\/web\/detienen-a-dos-delincuentes-dedicados-a-la-venta-de-drogas-en-santa-maria\/#primaryimage"},"image":{"@id":"https:\/\/eltrabajo.cl\/web\/detienen-a-dos-delincuentes-dedicados-a-la-venta-de-drogas-en-santa-maria\/#primaryimage"},"thumbnailUrl":"https:\/\/eltrabajo.cl\/web\/wp-content\/uploads\/2026\/08\/detenidos-por-drogas.jpg","datePublished":"2026-08-31T00:35:51+00:00","breadcrumb":{"@id":"https:\/\/eltrabajo.cl\/web\/detienen-a-dos-delincuentes-dedicados-a-la-venta-de-drogas-en-santa-maria\/#breadcrumb"},"inLanguage":"es-CL","potentialAction":[{"@type":"ReadAction","target":["https:\/\/eltrabajo.cl\/web\/detienen-a-dos-delincuentes-dedicados-a-la-venta-de-drogas-en-santa-maria\/"]}]},{"@type":"ImageObject","inLanguage":"es-CL","@id":"https:\/\/eltrabajo.cl\/web\/detienen-a-dos-delincuentes-dedicados-a-la-venta-de-drogas-en-santa-maria\/#primaryimage","url":"https:\/\/eltrabajo.cl\/web\/wp-content\/uploads\/2026\/08\/detenidos-por-drogas.jpg","contentUrl":"https:\/\/eltrabajo.cl\/web\/wp-content\/uploads\/2026\/08\/detenidos-por-drogas.jpg","width":699,"height":292,"caption":"Esta es la droga incautada por la PDI en Santa Mar\u00eda."},{"@type":"BreadcrumbList","@id":"https:\/\/eltrabajo.cl\/web\/detienen-a-dos-delincuentes-dedicados-a-la-venta-de-drogas-en-santa-maria\/#breadcrumb","itemListElement":[{"@type":"ListItem","position":1,"name":"Portada","item":"https:\/\/eltrabajo.cl\/web\/"},{"@type":"ListItem","position":2,"name":"Detienen a dos delincuentes dedicados a la venta de drogas\u00a0en Santa Mar\u00eda"}]},{"@type":"WebSite","@id":"https:\/\/eltrabajo.cl\/web\/#website","url":"https:\/\/eltrabajo.cl\/web\/","name":"Diario El Trabajo","description":"Desde 1929 construyendo Identidad Local","publisher":{"@id":"https:\/\/eltrabajo.cl\/web\/#organization"},"potentialAction":[{"@type":"SearchAction","target":{"@type":"EntryPoint","urlTemplate":"https:\/\/eltrabajo.cl\/web\/?s={search_term_string}"},"query-input":{"@type":"PropertyValueSpecification","valueRequired":true,"valueName":"search_term_string"}}],"inLanguage":"es-CL"},{"@type":"Organization","@id":"https:\/\/eltrabajo.cl\/web\/#organization","name":"Diario El Trabajo","url":"https:\/\/eltrabajo.cl\/web\/","logo":{"@type":"ImageObject","inLanguage":"es-CL","@id":"https:\/\/eltrabajo.cl\/web\/#\/schema\/logo\/image\/","url":"https:\/\/eltrabajo.cl\/web\/wp-content\/uploads\/2024\/06\/profile-image-ig-page-diarioeltrabajo.jpg","contentUrl":"https:\/\/eltrabajo.cl\/web\/wp-content\/uploads\/2024\/06\/profile-image-ig-page-diarioeltrabajo.jpg","width":823,"height":823,"caption":"Diario El Trabajo"},"image":{"@id":"https:\/\/eltrabajo.cl\/web\/#\/schema\/logo\/image\/"},"sameAs":["https:\/\/www.facebook.com\/ElTrabajoDiario","https:\/\/x.com\/diarioeltrabajo"]},{"@type":"Person","@id":"https:\/\/eltrabajo.cl\/web\/#\/schema\/person\/45efd3d17f86ec456e44dd7debe1bf19","name":"Diario El Trabajo","image":{"@type":"ImageObject","inLanguage":"es-CL","@id":"https:\/\/secure.gravatar.com\/avatar\/7e6ec277dc4aea2677c2dc301d4227957219329c985ab69a3efc12518b5161aa?s=96&d=mm&r=g","url":"https:\/\/secure.gravatar.com\/avatar\/7e6ec277dc4aea2677c2dc301d4227957219329c985ab69a3efc12518b5161aa?s=96&d=mm&r=g","contentUrl":"https:\/\/secure.gravatar.com\/avatar\/7e6ec277dc4aea2677c2dc301d4227957219329c985ab69a3efc12518b5161aa?s=96&d=mm&r=g","caption":"Diario El Trabajo"},"sameAs":["https:\/\/eltrabajo.cl\/web"],"url":"https:\/\/eltrabajo.cl\/web\/author\/diario-el-trabajo\/"}]}},"_links":{"self":[{"href":"https:\/\/eltrabajo.cl\/web\/wp-json\/wp\/v2\/posts\/146776","targetHints":{"allow":["GET"]}}],"collection":[{"href":"https:\/\/eltrabajo.cl\/web\/wp-json\/wp\/v2\/posts"}],"about":[{"href":"https:\/\/eltrabajo.cl\/web\/wp-json\/wp\/v2\/types\/post"}],"author":[{"embeddable":true,"href":"https:\/\/eltrabajo.cl\/web\/wp-json\/wp\/v2\/users\/1"}],"replies":[{"embeddable":true,"href":"https:\/\/eltrabajo.cl\/web\/wp-json\/wp\/v2\/comments?post=146776"}],"version-history":[{"count":1,"href":"https:\/\/eltrabajo.cl\/web\/wp-json\/wp\/v2\/posts\/146776\/revisions"}],"predecessor-version":[{"id":146778,"href":"https:\/\/eltrabajo.cl\/web\/wp-json\/wp\/v2\/posts\/146776\/revisions\/146778"}],"wp:featuredmedia":[{"embeddable":true,"href":"https:\/\/eltrabajo.cl\/web\/wp-json\/wp\/v2\/media\/146777"}],"wp:attachment":[{"href":"https:\/\/eltrabajo.cl\/web\/wp-json\/wp\/v2\/media?parent=146776"}],"wp:term":[{"taxonomy":"category","embeddable":true,"href":"https:\/\/eltrabajo.cl\/web\/wp-json\/wp\/v2\/categories?post=146776"},{"taxonomy":"post_tag","embeddable":true,"href":"https:\/\/eltrabajo.cl\/web\/wp-json\/wp\/v2\/tags?post=146776"}],"curies":[{"name":"wp","href":"https:\/\/api.w.org\/{rel}","templated":true}]}}