{"id":146779,"date":"2026-08-30T21:37:23","date_gmt":"2026-08-31T00:37:23","guid":{"rendered":"https:\/\/eltrabajo.cl\/web\/?p=146779"},"modified":"2026-08-30T21:37:23","modified_gmt":"2026-08-31T00:37:23","slug":"alcaldes-de-la-provincia-respaldan-a-llay-llay-ante-graves-problemas-por-obras-en-peaje","status":"publish","type":"post","link":"https:\/\/eltrabajo.cl\/web\/alcaldes-de-la-provincia-respaldan-a-llay-llay-ante-graves-problemas-por-obras-en-peaje\/","title":{"rendered":"Alcaldes de la provincia respaldan a Llay Llay ante graves problemas por obras en peaje"},"content":{"rendered":"<ul>\n<li><strong>Ediles de San Felipe, Santa Mar\u00eda, Putaendo, Catemu y la comuna del viento sostuvieron una reuni\u00f3n extraordinaria para exigir soluciones al MOP. Denuncian aislamiento de vecinos, problemas por cobros, eliminaci\u00f3n del paradero hacia el norte y un duro golpe a los tradicionales vendedores de dulces de La Ligua.\u2013<\/strong><\/li>\n<\/ul>\n<p>En una muestra de unidad provincial, los alcaldes <strong>Claudio Zurita<\/strong> (Santa Mar\u00eda), <strong>Carmen Castillo<\/strong> (San Felipe), <strong>Mauricio Quiroz<\/strong> (Putaendo) y <strong>Rodrigo D\u00edaz<\/strong> (Catemu), llegaron hasta la Municipalidad de Llay Llay. El encuentro, convocado por el alcalde local, <strong>Edgardo Gonz\u00e1lez Arancibia<\/strong>, tuvo un objetivo central: analizar y coordinar acciones conjuntas frente a los graves problemas que ha generado la reciente instalaci\u00f3n del sistema de cobro Free Flow en el Peaje Las Vegas.<\/p>\n<p>La implementaci\u00f3n de este p\u00f3rtico ha desatado una crisis en la zona. La medida no solo ha tra\u00eddo problemas econ\u00f3micos debido a los nuevos cobros, sino que ha provocado el aislamiento de un grupo importante de vecinos del sector. A esto se suma la desaparici\u00f3n del paradero de buses que cientos de aconcag\u00fcinos utilizaban diariamente para tomar transporte hacia el norte del pa\u00eds, lo que adem\u00e1s ha generado un impacto econ\u00f3mico directo para los vendedores de dulces de La Ligua, que trabajaban en ese punto junto a otros comercios menores.<\/p>\n<p>Durante la jornada de trabajo, las autoridades analizaron las propuestas del municipio local -que incluyen la revisi\u00f3n del p\u00f3rtico, soluciones de movilidad local, cobros por tramo y la instauraci\u00f3n de una mesa t\u00e9cnica- y manifestaron su postura frente a las decisiones tomadas por el nivel central.<\/p>\n<p>\u00ab<em>Estamos particularmente agradecidos hoy d\u00eda de la presencia de los alcaldes de la provincia, quienes han logrado comprender y adem\u00e1s respaldar las leg\u00edtimas demandas del sector de Las Vegas especialmente, y tambi\u00e9n de toda la comunidad de Llay Llay. Lo que estamos presenciando es un ejemplo m\u00e1s de c\u00f3mo las decisiones que se toman por el Ministerio de Obras P\u00fablicas, por la Direcci\u00f3n de Concesiones, no consideran la voz de las localidades, de las comunidades, ni tampoco de los alcaldes<\/em>.<\/p>\n<p>\u00ab<em>Estamos dispuestos a conversar, a negociar, para que podamos tener efectivamente un mejor resultado de estas obras que, si bien son necesarias del punto de vista de la conectividad, no pueden dejar al margen del desarrollo a comunidades completas\u00bb<\/em>, se\u00f1al\u00f3 el alcalde de Llay Llay, Edgardo Gonz\u00e1lez Arancibia.<\/p>\n<p>Por su parte, Rodrigo D\u00edaz, alcalde de Catemu expres\u00f3 que <em>\u00abm\u00e1s all\u00e1 de la problem\u00e1tica que implica para la comuna de Llay Llay, para la comuna de Catemu esto es un desastre importante. Nosotros gran parte de nuestra mano de obra se ha especializado en miner\u00eda, por tanto, se van a las faenas que est\u00e1n en el norte<\/em>.<\/p>\n<p>\u00ab<em>Ellos llegan, los tenemos que ir a dejar donde estaba el antiguo peaje y luego el que lo deja se va a tener que ir a dar la vuelta, \u00bfno? Hasta Ocoa a pagar un peaje de 2.900 pesos y lo mismo va a ocurrir cuando lo vaya a buscar. Voy a tener que darme la vuelta y ah\u00ed mismo en ese espacio no solo hay trabajadores, sino que tambi\u00e9n tenemos ni\u00f1os, estudiantes, que de pronto no alcanzan a tomar los buses que los dejan hasta Chagres; tienen que llegar ah\u00ed, por tanto, hay una afectaci\u00f3n importante a una comunidad que ya est\u00e1 lo suficientemente golpeada como para seguir tolerando este tipo de abusos\u00bb<\/em>, agreg\u00f3.<\/p>\n<p>Finalmente, el alcalde de Putaendo, Mauricio Quiroz, expres\u00f3 su preocupaci\u00f3n por el centralismo en este tipo de decisiones que afectan a todo el Valle del Aconcagua en general, mientras la alcaldesa de San Felipe, Carmen Castillo, enfatiz\u00f3 en la poca conectividad en caso de una real emergencia en el sector de Las Vegas y que puedan costar vidas para los aconcag\u00fcinos, exigiendo una pronta soluci\u00f3n para esta y otras problem\u00e1ticas que genera este dispositivo.<\/p>\n<figure id=\"attachment_146780\" aria-describedby=\"caption-attachment-146780\" style=\"width: 699px\" class=\"wp-caption alignnone\"><img loading=\"lazy\" decoding=\"async\" class=\"size-full wp-image-146780\" src=\"https:\/\/eltrabajo.cl\/web\/wp-content\/uploads\/2026\/08\/alcaldes-de-la-provincia-por-obras-en-peaje-1.jpg\" alt=\"Alcaldes de la Provincia de San Felipe de Aconcagua se suman a exigencia de soluciones por problemas derivados de la eliminaci\u00f3n del Peaje Las Vegas. \" width=\"699\" height=\"393\" srcset=\"https:\/\/eltrabajo.cl\/web\/wp-content\/uploads\/2026\/08\/alcaldes-de-la-provincia-por-obras-en-peaje-1.jpg 699w, https:\/\/eltrabajo.cl\/web\/wp-content\/uploads\/2026\/08\/alcaldes-de-la-provincia-por-obras-en-peaje-1-300x169.jpg 300w, https:\/\/eltrabajo.cl\/web\/wp-content\/uploads\/2026\/08\/alcaldes-de-la-provincia-por-obras-en-peaje-1-150x84.jpg 150w, https:\/\/eltrabajo.cl\/web\/wp-content\/uploads\/2026\/08\/alcaldes-de-la-provincia-por-obras-en-peaje-1-696x391.jpg 696w\" sizes=\"auto, (max-width: 699px) 100vw, 699px\" \/><figcaption id=\"caption-attachment-146780\" class=\"wp-caption-text\">Alcaldes de la Provincia de San Felipe de Aconcagua se suman a exigencia de soluciones por problemas derivados de la eliminaci\u00f3n del Peaje Las Vegas.<\/figcaption><\/figure>\n<figure id=\"attachment_146781\" aria-describedby=\"caption-attachment-146781\" style=\"width: 698px\" class=\"wp-caption alignnone\"><img loading=\"lazy\" decoding=\"async\" class=\"size-full wp-image-146781\" src=\"https:\/\/eltrabajo.cl\/web\/wp-content\/uploads\/2026\/08\/alcaldes-de-la-provincia-por-obras-en-peaje-2.jpg\" alt=\"Nuevo sistema Free Flow ha generado m\u00e1s problemas y aislamiento para los vecinos de Aconcagua. \" width=\"698\" height=\"393\" srcset=\"https:\/\/eltrabajo.cl\/web\/wp-content\/uploads\/2026\/08\/alcaldes-de-la-provincia-por-obras-en-peaje-2.jpg 698w, https:\/\/eltrabajo.cl\/web\/wp-content\/uploads\/2026\/08\/alcaldes-de-la-provincia-por-obras-en-peaje-2-300x169.jpg 300w, https:\/\/eltrabajo.cl\/web\/wp-content\/uploads\/2026\/08\/alcaldes-de-la-provincia-por-obras-en-peaje-2-150x84.jpg 150w, https:\/\/eltrabajo.cl\/web\/wp-content\/uploads\/2026\/08\/alcaldes-de-la-provincia-por-obras-en-peaje-2-696x392.jpg 696w\" sizes=\"auto, (max-width: 698px) 100vw, 698px\" \/><figcaption id=\"caption-attachment-146781\" class=\"wp-caption-text\">Nuevo sistema Free Flow ha generado m\u00e1s problemas y aislamiento para los vecinos de Aconcagua.<\/figcaption><\/figure>\n","protected":false},"excerpt":{"rendered":"<p>Ediles de San Felipe, Santa Mar\u00eda, Putaendo, Catemu y la comuna del viento sostuvieron una reuni\u00f3n extraordinaria para exigir soluciones al MOP. Denuncian aislamiento de vecinos, problemas por cobros, eliminaci\u00f3n del paradero hacia el norte y un duro golpe a los tradicionales vendedores de dulces de La Ligua.\u2013 En una muestra de unidad provincial, los [&hellip;]<\/p>\n","protected":false},"author":1,"featured_media":146780,"comment_status":"open","ping_status":"closed","sticky":false,"template":"","format":"standard","meta":{"footnotes":""},"categories":[3],"tags":[],"class_list":["post-146779","post","type-post","status-publish","format-standard","has-post-thumbnail","category-cronica-2"],"yoast_head":"<!-- This site is optimized with the Yoast SEO plugin v28.3 - https:\/\/yoast.com\/product\/yoast-seo-wordpress\/ -->\n<title>Alcaldes de la provincia respaldan a Llay Llay ante graves problemas por obras en peaje - Diario El Trabajo<\/title>\n<meta name=\"robots\" content=\"index, follow, max-snippet:-1, max-image-preview:large, max-video-preview:-1\" \/>\n<link rel=\"canonical\" href=\"https:\/\/eltrabajo.cl\/web\/alcaldes-de-la-provincia-respaldan-a-llay-llay-ante-graves-problemas-por-obras-en-peaje\/\" \/>\n<meta property=\"og:locale\" content=\"es_ES\" \/>\n<meta property=\"og:type\" content=\"article\" \/>\n<meta property=\"og:title\" content=\"Alcaldes de la provincia respaldan a Llay Llay ante graves problemas por obras en peaje - Diario El Trabajo\" \/>\n<meta property=\"og:description\" content=\"Ediles de San Felipe, Santa Mar\u00eda, Putaendo, Catemu y la comuna del viento sostuvieron una reuni\u00f3n extraordinaria para exigir soluciones al MOP. Denuncian aislamiento de vecinos, problemas por cobros, eliminaci\u00f3n del paradero hacia el norte y un duro golpe a los tradicionales vendedores de dulces de La Ligua.\u2013 En una muestra de unidad provincial, los [&hellip;]\" \/>\n<meta property=\"og:url\" content=\"https:\/\/eltrabajo.cl\/web\/alcaldes-de-la-provincia-respaldan-a-llay-llay-ante-graves-problemas-por-obras-en-peaje\/\" \/>\n<meta property=\"og:site_name\" content=\"Diario El Trabajo\" \/>\n<meta property=\"article:publisher\" content=\"https:\/\/www.facebook.com\/ElTrabajoDiario\" \/>\n<meta property=\"article:published_time\" content=\"2026-08-31T00:37:23+00:00\" \/>\n<meta property=\"og:image\" content=\"https:\/\/eltrabajo.cl\/web\/wp-content\/uploads\/2026\/08\/alcaldes-de-la-provincia-por-obras-en-peaje-1.jpg\" \/>\n\t<meta property=\"og:image:width\" content=\"699\" \/>\n\t<meta property=\"og:image:height\" content=\"393\" \/>\n\t<meta property=\"og:image:type\" content=\"image\/jpeg\" \/>\n<meta name=\"author\" content=\"Diario El Trabajo\" \/>\n<meta name=\"twitter:card\" content=\"summary_large_image\" \/>\n<meta name=\"twitter:creator\" content=\"@diarioeltrabajo\" \/>\n<meta name=\"twitter:site\" content=\"@diarioeltrabajo\" \/>\n<meta name=\"twitter:label1\" content=\"Escrito por\" \/>\n\t<meta name=\"twitter:data1\" content=\"Diario El Trabajo\" \/>\n\t<meta name=\"twitter:label2\" content=\"Tiempo estimado de lectura\" \/>\n\t<meta name=\"twitter:data2\" content=\"4 minutos\" \/>\n<script type=\"application\/ld+json\" class=\"yoast-schema-graph\">{\"@context\":\"https:\\\/\\\/schema.org\",\"@graph\":[{\"@type\":\"Article\",\"@id\":\"https:\\\/\\\/eltrabajo.cl\\\/web\\\/alcaldes-de-la-provincia-respaldan-a-llay-llay-ante-graves-problemas-por-obras-en-peaje\\\/#article\",\"isPartOf\":{\"@id\":\"https:\\\/\\\/eltrabajo.cl\\\/web\\\/alcaldes-de-la-provincia-respaldan-a-llay-llay-ante-graves-problemas-por-obras-en-peaje\\\/\"},\"author\":{\"name\":\"Diario El Trabajo\",\"@id\":\"https:\\\/\\\/eltrabajo.cl\\\/web\\\/#\\\/schema\\\/person\\\/45efd3d17f86ec456e44dd7debe1bf19\"},\"headline\":\"Alcaldes de la provincia respaldan a Llay Llay ante graves problemas por obras en peaje\",\"datePublished\":\"2026-08-31T00:37:23+00:00\",\"mainEntityOfPage\":{\"@id\":\"https:\\\/\\\/eltrabajo.cl\\\/web\\\/alcaldes-de-la-provincia-respaldan-a-llay-llay-ante-graves-problemas-por-obras-en-peaje\\\/\"},\"wordCount\":742,\"commentCount\":0,\"publisher\":{\"@id\":\"https:\\\/\\\/eltrabajo.cl\\\/web\\\/#organization\"},\"image\":{\"@id\":\"https:\\\/\\\/eltrabajo.cl\\\/web\\\/alcaldes-de-la-provincia-respaldan-a-llay-llay-ante-graves-problemas-por-obras-en-peaje\\\/#primaryimage\"},\"thumbnailUrl\":\"https:\\\/\\\/eltrabajo.cl\\\/web\\\/wp-content\\\/uploads\\\/2026\\\/08\\\/alcaldes-de-la-provincia-por-obras-en-peaje-1.jpg\",\"articleSection\":[\"Cr\u00f3nica\"],\"inLanguage\":\"es-CL\",\"potentialAction\":[{\"@type\":\"CommentAction\",\"name\":\"Comment\",\"target\":[\"https:\\\/\\\/eltrabajo.cl\\\/web\\\/alcaldes-de-la-provincia-respaldan-a-llay-llay-ante-graves-problemas-por-obras-en-peaje\\\/#respond\"]}]},{\"@type\":\"WebPage\",\"@id\":\"https:\\\/\\\/eltrabajo.cl\\\/web\\\/alcaldes-de-la-provincia-respaldan-a-llay-llay-ante-graves-problemas-por-obras-en-peaje\\\/\",\"url\":\"https:\\\/\\\/eltrabajo.cl\\\/web\\\/alcaldes-de-la-provincia-respaldan-a-llay-llay-ante-graves-problemas-por-obras-en-peaje\\\/\",\"name\":\"Alcaldes de la provincia respaldan a Llay Llay ante graves problemas por obras en peaje - Diario El Trabajo\",\"isPartOf\":{\"@id\":\"https:\\\/\\\/eltrabajo.cl\\\/web\\\/#website\"},\"primaryImageOfPage\":{\"@id\":\"https:\\\/\\\/eltrabajo.cl\\\/web\\\/alcaldes-de-la-provincia-respaldan-a-llay-llay-ante-graves-problemas-por-obras-en-peaje\\\/#primaryimage\"},\"image\":{\"@id\":\"https:\\\/\\\/eltrabajo.cl\\\/web\\\/alcaldes-de-la-provincia-respaldan-a-llay-llay-ante-graves-problemas-por-obras-en-peaje\\\/#primaryimage\"},\"thumbnailUrl\":\"https:\\\/\\\/eltrabajo.cl\\\/web\\\/wp-content\\\/uploads\\\/2026\\\/08\\\/alcaldes-de-la-provincia-por-obras-en-peaje-1.jpg\",\"datePublished\":\"2026-08-31T00:37:23+00:00\",\"breadcrumb\":{\"@id\":\"https:\\\/\\\/eltrabajo.cl\\\/web\\\/alcaldes-de-la-provincia-respaldan-a-llay-llay-ante-graves-problemas-por-obras-en-peaje\\\/#breadcrumb\"},\"inLanguage\":\"es-CL\",\"potentialAction\":[{\"@type\":\"ReadAction\",\"target\":[\"https:\\\/\\\/eltrabajo.cl\\\/web\\\/alcaldes-de-la-provincia-respaldan-a-llay-llay-ante-graves-problemas-por-obras-en-peaje\\\/\"]}]},{\"@type\":\"ImageObject\",\"inLanguage\":\"es-CL\",\"@id\":\"https:\\\/\\\/eltrabajo.cl\\\/web\\\/alcaldes-de-la-provincia-respaldan-a-llay-llay-ante-graves-problemas-por-obras-en-peaje\\\/#primaryimage\",\"url\":\"https:\\\/\\\/eltrabajo.cl\\\/web\\\/wp-content\\\/uploads\\\/2026\\\/08\\\/alcaldes-de-la-provincia-por-obras-en-peaje-1.jpg\",\"contentUrl\":\"https:\\\/\\\/eltrabajo.cl\\\/web\\\/wp-content\\\/uploads\\\/2026\\\/08\\\/alcaldes-de-la-provincia-por-obras-en-peaje-1.jpg\",\"width\":699,\"height\":393,\"caption\":\"Alcaldes de la Provincia de San Felipe de Aconcagua se suman a exigencia de soluciones por problemas derivados de la eliminaci\u00f3n del Peaje Las Vegas.\"},{\"@type\":\"BreadcrumbList\",\"@id\":\"https:\\\/\\\/eltrabajo.cl\\\/web\\\/alcaldes-de-la-provincia-respaldan-a-llay-llay-ante-graves-problemas-por-obras-en-peaje\\\/#breadcrumb\",\"itemListElement\":[{\"@type\":\"ListItem\",\"position\":1,\"name\":\"Portada\",\"item\":\"https:\\\/\\\/eltrabajo.cl\\\/web\\\/\"},{\"@type\":\"ListItem\",\"position\":2,\"name\":\"Alcaldes de la provincia respaldan a Llay Llay ante graves problemas por obras en peaje\"}]},{\"@type\":\"WebSite\",\"@id\":\"https:\\\/\\\/eltrabajo.cl\\\/web\\\/#website\",\"url\":\"https:\\\/\\\/eltrabajo.cl\\\/web\\\/\",\"name\":\"Diario El Trabajo\",\"description\":\"Desde 1929 construyendo Identidad Local\",\"publisher\":{\"@id\":\"https:\\\/\\\/eltrabajo.cl\\\/web\\\/#organization\"},\"potentialAction\":[{\"@type\":\"SearchAction\",\"target\":{\"@type\":\"EntryPoint\",\"urlTemplate\":\"https:\\\/\\\/eltrabajo.cl\\\/web\\\/?s={search_term_string}\"},\"query-input\":{\"@type\":\"PropertyValueSpecification\",\"valueRequired\":true,\"valueName\":\"search_term_string\"}}],\"inLanguage\":\"es-CL\"},{\"@type\":\"Organization\",\"@id\":\"https:\\\/\\\/eltrabajo.cl\\\/web\\\/#organization\",\"name\":\"Diario El Trabajo\",\"url\":\"https:\\\/\\\/eltrabajo.cl\\\/web\\\/\",\"logo\":{\"@type\":\"ImageObject\",\"inLanguage\":\"es-CL\",\"@id\":\"https:\\\/\\\/eltrabajo.cl\\\/web\\\/#\\\/schema\\\/logo\\\/image\\\/\",\"url\":\"https:\\\/\\\/eltrabajo.cl\\\/web\\\/wp-content\\\/uploads\\\/2024\\\/06\\\/profile-image-ig-page-diarioeltrabajo.jpg\",\"contentUrl\":\"https:\\\/\\\/eltrabajo.cl\\\/web\\\/wp-content\\\/uploads\\\/2024\\\/06\\\/profile-image-ig-page-diarioeltrabajo.jpg\",\"width\":823,\"height\":823,\"caption\":\"Diario El Trabajo\"},\"image\":{\"@id\":\"https:\\\/\\\/eltrabajo.cl\\\/web\\\/#\\\/schema\\\/logo\\\/image\\\/\"},\"sameAs\":[\"https:\\\/\\\/www.facebook.com\\\/ElTrabajoDiario\",\"https:\\\/\\\/x.com\\\/diarioeltrabajo\"]},{\"@type\":\"Person\",\"@id\":\"https:\\\/\\\/eltrabajo.cl\\\/web\\\/#\\\/schema\\\/person\\\/45efd3d17f86ec456e44dd7debe1bf19\",\"name\":\"Diario El Trabajo\",\"image\":{\"@type\":\"ImageObject\",\"inLanguage\":\"es-CL\",\"@id\":\"https:\\\/\\\/secure.gravatar.com\\\/avatar\\\/7e6ec277dc4aea2677c2dc301d4227957219329c985ab69a3efc12518b5161aa?s=96&d=mm&r=g\",\"url\":\"https:\\\/\\\/secure.gravatar.com\\\/avatar\\\/7e6ec277dc4aea2677c2dc301d4227957219329c985ab69a3efc12518b5161aa?s=96&d=mm&r=g\",\"contentUrl\":\"https:\\\/\\\/secure.gravatar.com\\\/avatar\\\/7e6ec277dc4aea2677c2dc301d4227957219329c985ab69a3efc12518b5161aa?s=96&d=mm&r=g\",\"caption\":\"Diario El Trabajo\"},\"sameAs\":[\"https:\\\/\\\/eltrabajo.cl\\\/web\"],\"url\":\"https:\\\/\\\/eltrabajo.cl\\\/web\\\/author\\\/diario-el-trabajo\\\/\"}]}<\/script>\n<!-- \/ Yoast SEO plugin. -->","yoast_head_json":{"title":"Alcaldes de la provincia respaldan a Llay Llay ante graves problemas por obras en peaje - Diario El Trabajo","robots":{"index":"index","follow":"follow","max-snippet":"max-snippet:-1","max-image-preview":"max-image-preview:large","max-video-preview":"max-video-preview:-1"},"canonical":"https:\/\/eltrabajo.cl\/web\/alcaldes-de-la-provincia-respaldan-a-llay-llay-ante-graves-problemas-por-obras-en-peaje\/","og_locale":"es_ES","og_type":"article","og_title":"Alcaldes de la provincia respaldan a Llay Llay ante graves problemas por obras en peaje - Diario El Trabajo","og_description":"Ediles de San Felipe, Santa Mar\u00eda, Putaendo, Catemu y la comuna del viento sostuvieron una reuni\u00f3n extraordinaria para exigir soluciones al MOP. Denuncian aislamiento de vecinos, problemas por cobros, eliminaci\u00f3n del paradero hacia el norte y un duro golpe a los tradicionales vendedores de dulces de La Ligua.\u2013 En una muestra de unidad provincial, los [&hellip;]","og_url":"https:\/\/eltrabajo.cl\/web\/alcaldes-de-la-provincia-respaldan-a-llay-llay-ante-graves-problemas-por-obras-en-peaje\/","og_site_name":"Diario El Trabajo","article_publisher":"https:\/\/www.facebook.com\/ElTrabajoDiario","article_published_time":"2026-08-31T00:37:23+00:00","og_image":[{"width":699,"height":393,"url":"https:\/\/eltrabajo.cl\/web\/wp-content\/uploads\/2026\/08\/alcaldes-de-la-provincia-por-obras-en-peaje-1.jpg","type":"image\/jpeg"}],"author":"Diario El Trabajo","twitter_card":"summary_large_image","twitter_creator":"@diarioeltrabajo","twitter_site":"@diarioeltrabajo","twitter_misc":{"Escrito por":"Diario El Trabajo","Tiempo estimado de lectura":"4 minutos"},"schema":{"@context":"https:\/\/schema.org","@graph":[{"@type":"Article","@id":"https:\/\/eltrabajo.cl\/web\/alcaldes-de-la-provincia-respaldan-a-llay-llay-ante-graves-problemas-por-obras-en-peaje\/#article","isPartOf":{"@id":"https:\/\/eltrabajo.cl\/web\/alcaldes-de-la-provincia-respaldan-a-llay-llay-ante-graves-problemas-por-obras-en-peaje\/"},"author":{"name":"Diario El Trabajo","@id":"https:\/\/eltrabajo.cl\/web\/#\/schema\/person\/45efd3d17f86ec456e44dd7debe1bf19"},"headline":"Alcaldes de la provincia respaldan a Llay Llay ante graves problemas por obras en peaje","datePublished":"2026-08-31T00:37:23+00:00","mainEntityOfPage":{"@id":"https:\/\/eltrabajo.cl\/web\/alcaldes-de-la-provincia-respaldan-a-llay-llay-ante-graves-problemas-por-obras-en-peaje\/"},"wordCount":742,"commentCount":0,"publisher":{"@id":"https:\/\/eltrabajo.cl\/web\/#organization"},"image":{"@id":"https:\/\/eltrabajo.cl\/web\/alcaldes-de-la-provincia-respaldan-a-llay-llay-ante-graves-problemas-por-obras-en-peaje\/#primaryimage"},"thumbnailUrl":"https:\/\/eltrabajo.cl\/web\/wp-content\/uploads\/2026\/08\/alcaldes-de-la-provincia-por-obras-en-peaje-1.jpg","articleSection":["Cr\u00f3nica"],"inLanguage":"es-CL","potentialAction":[{"@type":"CommentAction","name":"Comment","target":["https:\/\/eltrabajo.cl\/web\/alcaldes-de-la-provincia-respaldan-a-llay-llay-ante-graves-problemas-por-obras-en-peaje\/#respond"]}]},{"@type":"WebPage","@id":"https:\/\/eltrabajo.cl\/web\/alcaldes-de-la-provincia-respaldan-a-llay-llay-ante-graves-problemas-por-obras-en-peaje\/","url":"https:\/\/eltrabajo.cl\/web\/alcaldes-de-la-provincia-respaldan-a-llay-llay-ante-graves-problemas-por-obras-en-peaje\/","name":"Alcaldes de la provincia respaldan a Llay Llay ante graves problemas por obras en peaje - Diario El Trabajo","isPartOf":{"@id":"https:\/\/eltrabajo.cl\/web\/#website"},"primaryImageOfPage":{"@id":"https:\/\/eltrabajo.cl\/web\/alcaldes-de-la-provincia-respaldan-a-llay-llay-ante-graves-problemas-por-obras-en-peaje\/#primaryimage"},"image":{"@id":"https:\/\/eltrabajo.cl\/web\/alcaldes-de-la-provincia-respaldan-a-llay-llay-ante-graves-problemas-por-obras-en-peaje\/#primaryimage"},"thumbnailUrl":"https:\/\/eltrabajo.cl\/web\/wp-content\/uploads\/2026\/08\/alcaldes-de-la-provincia-por-obras-en-peaje-1.jpg","datePublished":"2026-08-31T00:37:23+00:00","breadcrumb":{"@id":"https:\/\/eltrabajo.cl\/web\/alcaldes-de-la-provincia-respaldan-a-llay-llay-ante-graves-problemas-por-obras-en-peaje\/#breadcrumb"},"inLanguage":"es-CL","potentialAction":[{"@type":"ReadAction","target":["https:\/\/eltrabajo.cl\/web\/alcaldes-de-la-provincia-respaldan-a-llay-llay-ante-graves-problemas-por-obras-en-peaje\/"]}]},{"@type":"ImageObject","inLanguage":"es-CL","@id":"https:\/\/eltrabajo.cl\/web\/alcaldes-de-la-provincia-respaldan-a-llay-llay-ante-graves-problemas-por-obras-en-peaje\/#primaryimage","url":"https:\/\/eltrabajo.cl\/web\/wp-content\/uploads\/2026\/08\/alcaldes-de-la-provincia-por-obras-en-peaje-1.jpg","contentUrl":"https:\/\/eltrabajo.cl\/web\/wp-content\/uploads\/2026\/08\/alcaldes-de-la-provincia-por-obras-en-peaje-1.jpg","width":699,"height":393,"caption":"Alcaldes de la Provincia de San Felipe de Aconcagua se suman a exigencia de soluciones por problemas derivados de la eliminaci\u00f3n del Peaje Las Vegas."},{"@type":"BreadcrumbList","@id":"https:\/\/eltrabajo.cl\/web\/alcaldes-de-la-provincia-respaldan-a-llay-llay-ante-graves-problemas-por-obras-en-peaje\/#breadcrumb","itemListElement":[{"@type":"ListItem","position":1,"name":"Portada","item":"https:\/\/eltrabajo.cl\/web\/"},{"@type":"ListItem","position":2,"name":"Alcaldes de la provincia respaldan a Llay Llay ante graves problemas por obras en peaje"}]},{"@type":"WebSite","@id":"https:\/\/eltrabajo.cl\/web\/#website","url":"https:\/\/eltrabajo.cl\/web\/","name":"Diario El Trabajo","description":"Desde 1929 construyendo Identidad Local","publisher":{"@id":"https:\/\/eltrabajo.cl\/web\/#organization"},"potentialAction":[{"@type":"SearchAction","target":{"@type":"EntryPoint","urlTemplate":"https:\/\/eltrabajo.cl\/web\/?s={search_term_string}"},"query-input":{"@type":"PropertyValueSpecification","valueRequired":true,"valueName":"search_term_string"}}],"inLanguage":"es-CL"},{"@type":"Organization","@id":"https:\/\/eltrabajo.cl\/web\/#organization","name":"Diario El Trabajo","url":"https:\/\/eltrabajo.cl\/web\/","logo":{"@type":"ImageObject","inLanguage":"es-CL","@id":"https:\/\/eltrabajo.cl\/web\/#\/schema\/logo\/image\/","url":"https:\/\/eltrabajo.cl\/web\/wp-content\/uploads\/2024\/06\/profile-image-ig-page-diarioeltrabajo.jpg","contentUrl":"https:\/\/eltrabajo.cl\/web\/wp-content\/uploads\/2024\/06\/profile-image-ig-page-diarioeltrabajo.jpg","width":823,"height":823,"caption":"Diario El Trabajo"},"image":{"@id":"https:\/\/eltrabajo.cl\/web\/#\/schema\/logo\/image\/"},"sameAs":["https:\/\/www.facebook.com\/ElTrabajoDiario","https:\/\/x.com\/diarioeltrabajo"]},{"@type":"Person","@id":"https:\/\/eltrabajo.cl\/web\/#\/schema\/person\/45efd3d17f86ec456e44dd7debe1bf19","name":"Diario El Trabajo","image":{"@type":"ImageObject","inLanguage":"es-CL","@id":"https:\/\/secure.gravatar.com\/avatar\/7e6ec277dc4aea2677c2dc301d4227957219329c985ab69a3efc12518b5161aa?s=96&d=mm&r=g","url":"https:\/\/secure.gravatar.com\/avatar\/7e6ec277dc4aea2677c2dc301d4227957219329c985ab69a3efc12518b5161aa?s=96&d=mm&r=g","contentUrl":"https:\/\/secure.gravatar.com\/avatar\/7e6ec277dc4aea2677c2dc301d4227957219329c985ab69a3efc12518b5161aa?s=96&d=mm&r=g","caption":"Diario El Trabajo"},"sameAs":["https:\/\/eltrabajo.cl\/web"],"url":"https:\/\/eltrabajo.cl\/web\/author\/diario-el-trabajo\/"}]}},"_links":{"self":[{"href":"https:\/\/eltrabajo.cl\/web\/wp-json\/wp\/v2\/posts\/146779","targetHints":{"allow":["GET"]}}],"collection":[{"href":"https:\/\/eltrabajo.cl\/web\/wp-json\/wp\/v2\/posts"}],"about":[{"href":"https:\/\/eltrabajo.cl\/web\/wp-json\/wp\/v2\/types\/post"}],"author":[{"embeddable":true,"href":"https:\/\/eltrabajo.cl\/web\/wp-json\/wp\/v2\/users\/1"}],"replies":[{"embeddable":true,"href":"https:\/\/eltrabajo.cl\/web\/wp-json\/wp\/v2\/comments?post=146779"}],"version-history":[{"count":1,"href":"https:\/\/eltrabajo.cl\/web\/wp-json\/wp\/v2\/posts\/146779\/revisions"}],"predecessor-version":[{"id":146782,"href":"https:\/\/eltrabajo.cl\/web\/wp-json\/wp\/v2\/posts\/146779\/revisions\/146782"}],"wp:featuredmedia":[{"embeddable":true,"href":"https:\/\/eltrabajo.cl\/web\/wp-json\/wp\/v2\/media\/146780"}],"wp:attachment":[{"href":"https:\/\/eltrabajo.cl\/web\/wp-json\/wp\/v2\/media?parent=146779"}],"wp:term":[{"taxonomy":"category","embeddable":true,"href":"https:\/\/eltrabajo.cl\/web\/wp-json\/wp\/v2\/categories?post=146779"},{"taxonomy":"post_tag","embeddable":true,"href":"https:\/\/eltrabajo.cl\/web\/wp-json\/wp\/v2\/tags?post=146779"}],"curies":[{"name":"wp","href":"https:\/\/api.w.org\/{rel}","templated":true}]}}