{"id":146783,"date":"2026-08-30T21:39:40","date_gmt":"2026-08-31T00:39:40","guid":{"rendered":"https:\/\/eltrabajo.cl\/web\/?p=146783"},"modified":"2026-08-30T21:39:40","modified_gmt":"2026-08-31T00:39:40","slug":"camioneta-se-vuelca-y-arrasa-con-postes-de-luz-en-rinconda","status":"publish","type":"post","link":"https:\/\/eltrabajo.cl\/web\/camioneta-se-vuelca-y-arrasa-con-postes-de-luz-en-rinconda\/","title":{"rendered":"Camioneta se vuelca y arrasa con postes de luz en Rinconda"},"content":{"rendered":"<ul>\n<li><strong>Cientos de vecinos quedaron sin energ\u00eda el\u00e9ctrica.-<\/strong><\/li>\n<\/ul>\n<p>Un nuevo accidente de tr\u00e1nsito se produjo en una de las comunas del Valle del Aconcagua, espec\u00edficamente en Rinconada de Los Andes, el cual dej\u00f3 sin luz a cientos de vecinos, luego que una camioneta se volcara e impactara con infraestructura el\u00e9ctrica.<\/p>\n<p>La informaci\u00f3n entregada desde Chilquinta a <strong>Diario El Trabajo<\/strong>, indic\u00f3 que este siniestro vial ocurri\u00f3 este domingo en la carretera General San Mart\u00edn.\u00a0Los trabajos de reposici\u00f3n tomaron gran parte del d\u00eda, ya que el veh\u00edculo arras\u00f3 con postes del alumbrado y l\u00edneas. Hasta el cierre de esta edici\u00f3n, a\u00fan no hab\u00eda novedades respecto a los avances que registraba Chilquinta.<\/p>\n<p>&nbsp;<\/p>\n<p><strong>MAS DE 40 MIL CLIENTES AFECTADOS<\/strong><\/p>\n<p>En el contexto de este nuevo accidente de tr\u00e1nsito, se inform\u00f3 que solo en lo que va del a\u00f1o hasta junio reci\u00e9n pasado, en la zona de Aconcagua han ocurrido 100 accidentes de este tipo, lo que ha afectado a 43.194 clientes en cuanto a la interrupci\u00f3n del suministro el\u00e9ctrico.<\/p>\n<figure id=\"attachment_146784\" aria-describedby=\"caption-attachment-146784\" style=\"width: 700px\" class=\"wp-caption alignnone\"><img loading=\"lazy\" decoding=\"async\" class=\"size-full wp-image-146784\" src=\"https:\/\/eltrabajo.cl\/web\/wp-content\/uploads\/2026\/08\/camioneta-deja-sin-luz-1.jpg\" alt=\"El accidente provoc\u00f3 interrupciones en el suministro el\u00e9ctrico del sector.\" width=\"700\" height=\"486\" srcset=\"https:\/\/eltrabajo.cl\/web\/wp-content\/uploads\/2026\/08\/camioneta-deja-sin-luz-1.jpg 700w, https:\/\/eltrabajo.cl\/web\/wp-content\/uploads\/2026\/08\/camioneta-deja-sin-luz-1-300x208.jpg 300w, https:\/\/eltrabajo.cl\/web\/wp-content\/uploads\/2026\/08\/camioneta-deja-sin-luz-1-605x420.jpg 605w, https:\/\/eltrabajo.cl\/web\/wp-content\/uploads\/2026\/08\/camioneta-deja-sin-luz-1-150x104.jpg 150w, https:\/\/eltrabajo.cl\/web\/wp-content\/uploads\/2026\/08\/camioneta-deja-sin-luz-1-218x150.jpg 218w, https:\/\/eltrabajo.cl\/web\/wp-content\/uploads\/2026\/08\/camioneta-deja-sin-luz-1-696x483.jpg 696w\" sizes=\"auto, (max-width: 700px) 100vw, 700px\" \/><figcaption id=\"caption-attachment-146784\" class=\"wp-caption-text\">El accidente provoc\u00f3 interrupciones en el suministro el\u00e9ctrico del sector.<\/figcaption><\/figure>\n<figure id=\"attachment_146785\" aria-describedby=\"caption-attachment-146785\" style=\"width: 698px\" class=\"wp-caption alignnone\"><img loading=\"lazy\" decoding=\"async\" class=\"size-full wp-image-146785\" src=\"https:\/\/eltrabajo.cl\/web\/wp-content\/uploads\/2026\/08\/camioneta-deja-sin-luz-2.jpg\" alt=\"El poste y la camioneta tras el accidente.\" width=\"698\" height=\"523\" srcset=\"https:\/\/eltrabajo.cl\/web\/wp-content\/uploads\/2026\/08\/camioneta-deja-sin-luz-2.jpg 698w, https:\/\/eltrabajo.cl\/web\/wp-content\/uploads\/2026\/08\/camioneta-deja-sin-luz-2-300x225.jpg 300w, https:\/\/eltrabajo.cl\/web\/wp-content\/uploads\/2026\/08\/camioneta-deja-sin-luz-2-561x420.jpg 561w, https:\/\/eltrabajo.cl\/web\/wp-content\/uploads\/2026\/08\/camioneta-deja-sin-luz-2-80x60.jpg 80w, https:\/\/eltrabajo.cl\/web\/wp-content\/uploads\/2026\/08\/camioneta-deja-sin-luz-2-150x112.jpg 150w, https:\/\/eltrabajo.cl\/web\/wp-content\/uploads\/2026\/08\/camioneta-deja-sin-luz-2-696x522.jpg 696w\" sizes=\"auto, (max-width: 698px) 100vw, 698px\" \/><figcaption id=\"caption-attachment-146785\" class=\"wp-caption-text\">El poste y la camioneta tras el accidente.<\/figcaption><\/figure>\n","protected":false},"excerpt":{"rendered":"<p>Cientos de vecinos quedaron sin energ\u00eda el\u00e9ctrica.- Un nuevo accidente de tr\u00e1nsito se produjo en una de las comunas del Valle del Aconcagua, espec\u00edficamente en Rinconada de Los Andes, el cual dej\u00f3 sin luz a cientos de vecinos, luego que una camioneta se volcara e impactara con infraestructura el\u00e9ctrica. La informaci\u00f3n entregada desde Chilquinta a [&hellip;]<\/p>\n","protected":false},"author":1,"featured_media":146784,"comment_status":"open","ping_status":"closed","sticky":false,"template":"","format":"standard","meta":{"footnotes":""},"categories":[5],"tags":[],"class_list":["post-146783","post","type-post","status-publish","format-standard","has-post-thumbnail","category-policial"],"yoast_head":"<!-- This site is optimized with the Yoast SEO plugin v28.3 - https:\/\/yoast.com\/product\/yoast-seo-wordpress\/ -->\n<title>Camioneta se vuelca y arrasa con postes de luz en Rinconda - Diario El Trabajo<\/title>\n<meta name=\"robots\" content=\"index, follow, max-snippet:-1, max-image-preview:large, max-video-preview:-1\" \/>\n<link rel=\"canonical\" href=\"https:\/\/eltrabajo.cl\/web\/camioneta-se-vuelca-y-arrasa-con-postes-de-luz-en-rinconda\/\" \/>\n<meta property=\"og:locale\" content=\"es_ES\" \/>\n<meta property=\"og:type\" content=\"article\" \/>\n<meta property=\"og:title\" content=\"Camioneta se vuelca y arrasa con postes de luz en Rinconda - Diario El Trabajo\" \/>\n<meta property=\"og:description\" content=\"Cientos de vecinos quedaron sin energ\u00eda el\u00e9ctrica.- Un nuevo accidente de tr\u00e1nsito se produjo en una de las comunas del Valle del Aconcagua, espec\u00edficamente en Rinconada de Los Andes, el cual dej\u00f3 sin luz a cientos de vecinos, luego que una camioneta se volcara e impactara con infraestructura el\u00e9ctrica. La informaci\u00f3n entregada desde Chilquinta a [&hellip;]\" \/>\n<meta property=\"og:url\" content=\"https:\/\/eltrabajo.cl\/web\/camioneta-se-vuelca-y-arrasa-con-postes-de-luz-en-rinconda\/\" \/>\n<meta property=\"og:site_name\" content=\"Diario El Trabajo\" \/>\n<meta property=\"article:publisher\" content=\"https:\/\/www.facebook.com\/ElTrabajoDiario\" \/>\n<meta property=\"article:published_time\" content=\"2026-08-31T00:39:40+00:00\" \/>\n<meta property=\"og:image\" content=\"https:\/\/eltrabajo.cl\/web\/wp-content\/uploads\/2026\/08\/camioneta-deja-sin-luz-1.jpg\" \/>\n\t<meta property=\"og:image:width\" content=\"700\" \/>\n\t<meta property=\"og:image:height\" content=\"486\" \/>\n\t<meta property=\"og:image:type\" content=\"image\/jpeg\" \/>\n<meta name=\"author\" content=\"Diario El Trabajo\" \/>\n<meta name=\"twitter:card\" content=\"summary_large_image\" \/>\n<meta name=\"twitter:creator\" content=\"@diarioeltrabajo\" \/>\n<meta name=\"twitter:site\" content=\"@diarioeltrabajo\" \/>\n<meta name=\"twitter:label1\" content=\"Escrito por\" \/>\n\t<meta name=\"twitter:data1\" content=\"Diario El Trabajo\" \/>\n\t<meta name=\"twitter:label2\" content=\"Tiempo estimado de lectura\" \/>\n\t<meta name=\"twitter:data2\" content=\"2 minutos\" \/>\n<script type=\"application\/ld+json\" class=\"yoast-schema-graph\">{\"@context\":\"https:\\\/\\\/schema.org\",\"@graph\":[{\"@type\":\"Article\",\"@id\":\"https:\\\/\\\/eltrabajo.cl\\\/web\\\/camioneta-se-vuelca-y-arrasa-con-postes-de-luz-en-rinconda\\\/#article\",\"isPartOf\":{\"@id\":\"https:\\\/\\\/eltrabajo.cl\\\/web\\\/camioneta-se-vuelca-y-arrasa-con-postes-de-luz-en-rinconda\\\/\"},\"author\":{\"name\":\"Diario El Trabajo\",\"@id\":\"https:\\\/\\\/eltrabajo.cl\\\/web\\\/#\\\/schema\\\/person\\\/45efd3d17f86ec456e44dd7debe1bf19\"},\"headline\":\"Camioneta se vuelca y arrasa con postes de luz en Rinconda\",\"datePublished\":\"2026-08-31T00:39:40+00:00\",\"mainEntityOfPage\":{\"@id\":\"https:\\\/\\\/eltrabajo.cl\\\/web\\\/camioneta-se-vuelca-y-arrasa-con-postes-de-luz-en-rinconda\\\/\"},\"wordCount\":227,\"commentCount\":0,\"publisher\":{\"@id\":\"https:\\\/\\\/eltrabajo.cl\\\/web\\\/#organization\"},\"image\":{\"@id\":\"https:\\\/\\\/eltrabajo.cl\\\/web\\\/camioneta-se-vuelca-y-arrasa-con-postes-de-luz-en-rinconda\\\/#primaryimage\"},\"thumbnailUrl\":\"https:\\\/\\\/eltrabajo.cl\\\/web\\\/wp-content\\\/uploads\\\/2026\\\/08\\\/camioneta-deja-sin-luz-1.jpg\",\"articleSection\":[\"Policial\"],\"inLanguage\":\"es-CL\",\"potentialAction\":[{\"@type\":\"CommentAction\",\"name\":\"Comment\",\"target\":[\"https:\\\/\\\/eltrabajo.cl\\\/web\\\/camioneta-se-vuelca-y-arrasa-con-postes-de-luz-en-rinconda\\\/#respond\"]}]},{\"@type\":\"WebPage\",\"@id\":\"https:\\\/\\\/eltrabajo.cl\\\/web\\\/camioneta-se-vuelca-y-arrasa-con-postes-de-luz-en-rinconda\\\/\",\"url\":\"https:\\\/\\\/eltrabajo.cl\\\/web\\\/camioneta-se-vuelca-y-arrasa-con-postes-de-luz-en-rinconda\\\/\",\"name\":\"Camioneta se vuelca y arrasa con postes de luz en Rinconda - Diario El Trabajo\",\"isPartOf\":{\"@id\":\"https:\\\/\\\/eltrabajo.cl\\\/web\\\/#website\"},\"primaryImageOfPage\":{\"@id\":\"https:\\\/\\\/eltrabajo.cl\\\/web\\\/camioneta-se-vuelca-y-arrasa-con-postes-de-luz-en-rinconda\\\/#primaryimage\"},\"image\":{\"@id\":\"https:\\\/\\\/eltrabajo.cl\\\/web\\\/camioneta-se-vuelca-y-arrasa-con-postes-de-luz-en-rinconda\\\/#primaryimage\"},\"thumbnailUrl\":\"https:\\\/\\\/eltrabajo.cl\\\/web\\\/wp-content\\\/uploads\\\/2026\\\/08\\\/camioneta-deja-sin-luz-1.jpg\",\"datePublished\":\"2026-08-31T00:39:40+00:00\",\"breadcrumb\":{\"@id\":\"https:\\\/\\\/eltrabajo.cl\\\/web\\\/camioneta-se-vuelca-y-arrasa-con-postes-de-luz-en-rinconda\\\/#breadcrumb\"},\"inLanguage\":\"es-CL\",\"potentialAction\":[{\"@type\":\"ReadAction\",\"target\":[\"https:\\\/\\\/eltrabajo.cl\\\/web\\\/camioneta-se-vuelca-y-arrasa-con-postes-de-luz-en-rinconda\\\/\"]}]},{\"@type\":\"ImageObject\",\"inLanguage\":\"es-CL\",\"@id\":\"https:\\\/\\\/eltrabajo.cl\\\/web\\\/camioneta-se-vuelca-y-arrasa-con-postes-de-luz-en-rinconda\\\/#primaryimage\",\"url\":\"https:\\\/\\\/eltrabajo.cl\\\/web\\\/wp-content\\\/uploads\\\/2026\\\/08\\\/camioneta-deja-sin-luz-1.jpg\",\"contentUrl\":\"https:\\\/\\\/eltrabajo.cl\\\/web\\\/wp-content\\\/uploads\\\/2026\\\/08\\\/camioneta-deja-sin-luz-1.jpg\",\"width\":700,\"height\":486,\"caption\":\"El accidente provoc\u00f3 interrupciones en el suministro el\u00e9ctrico del sector.\"},{\"@type\":\"BreadcrumbList\",\"@id\":\"https:\\\/\\\/eltrabajo.cl\\\/web\\\/camioneta-se-vuelca-y-arrasa-con-postes-de-luz-en-rinconda\\\/#breadcrumb\",\"itemListElement\":[{\"@type\":\"ListItem\",\"position\":1,\"name\":\"Portada\",\"item\":\"https:\\\/\\\/eltrabajo.cl\\\/web\\\/\"},{\"@type\":\"ListItem\",\"position\":2,\"name\":\"Camioneta se vuelca y arrasa con postes de luz en Rinconda\"}]},{\"@type\":\"WebSite\",\"@id\":\"https:\\\/\\\/eltrabajo.cl\\\/web\\\/#website\",\"url\":\"https:\\\/\\\/eltrabajo.cl\\\/web\\\/\",\"name\":\"Diario El Trabajo\",\"description\":\"Desde 1929 construyendo Identidad Local\",\"publisher\":{\"@id\":\"https:\\\/\\\/eltrabajo.cl\\\/web\\\/#organization\"},\"potentialAction\":[{\"@type\":\"SearchAction\",\"target\":{\"@type\":\"EntryPoint\",\"urlTemplate\":\"https:\\\/\\\/eltrabajo.cl\\\/web\\\/?s={search_term_string}\"},\"query-input\":{\"@type\":\"PropertyValueSpecification\",\"valueRequired\":true,\"valueName\":\"search_term_string\"}}],\"inLanguage\":\"es-CL\"},{\"@type\":\"Organization\",\"@id\":\"https:\\\/\\\/eltrabajo.cl\\\/web\\\/#organization\",\"name\":\"Diario El Trabajo\",\"url\":\"https:\\\/\\\/eltrabajo.cl\\\/web\\\/\",\"logo\":{\"@type\":\"ImageObject\",\"inLanguage\":\"es-CL\",\"@id\":\"https:\\\/\\\/eltrabajo.cl\\\/web\\\/#\\\/schema\\\/logo\\\/image\\\/\",\"url\":\"https:\\\/\\\/eltrabajo.cl\\\/web\\\/wp-content\\\/uploads\\\/2024\\\/06\\\/profile-image-ig-page-diarioeltrabajo.jpg\",\"contentUrl\":\"https:\\\/\\\/eltrabajo.cl\\\/web\\\/wp-content\\\/uploads\\\/2024\\\/06\\\/profile-image-ig-page-diarioeltrabajo.jpg\",\"width\":823,\"height\":823,\"caption\":\"Diario El Trabajo\"},\"image\":{\"@id\":\"https:\\\/\\\/eltrabajo.cl\\\/web\\\/#\\\/schema\\\/logo\\\/image\\\/\"},\"sameAs\":[\"https:\\\/\\\/www.facebook.com\\\/ElTrabajoDiario\",\"https:\\\/\\\/x.com\\\/diarioeltrabajo\"]},{\"@type\":\"Person\",\"@id\":\"https:\\\/\\\/eltrabajo.cl\\\/web\\\/#\\\/schema\\\/person\\\/45efd3d17f86ec456e44dd7debe1bf19\",\"name\":\"Diario El Trabajo\",\"image\":{\"@type\":\"ImageObject\",\"inLanguage\":\"es-CL\",\"@id\":\"https:\\\/\\\/secure.gravatar.com\\\/avatar\\\/7e6ec277dc4aea2677c2dc301d4227957219329c985ab69a3efc12518b5161aa?s=96&d=mm&r=g\",\"url\":\"https:\\\/\\\/secure.gravatar.com\\\/avatar\\\/7e6ec277dc4aea2677c2dc301d4227957219329c985ab69a3efc12518b5161aa?s=96&d=mm&r=g\",\"contentUrl\":\"https:\\\/\\\/secure.gravatar.com\\\/avatar\\\/7e6ec277dc4aea2677c2dc301d4227957219329c985ab69a3efc12518b5161aa?s=96&d=mm&r=g\",\"caption\":\"Diario El Trabajo\"},\"sameAs\":[\"https:\\\/\\\/eltrabajo.cl\\\/web\"],\"url\":\"https:\\\/\\\/eltrabajo.cl\\\/web\\\/author\\\/diario-el-trabajo\\\/\"}]}<\/script>\n<!-- \/ Yoast SEO plugin. -->","yoast_head_json":{"title":"Camioneta se vuelca y arrasa con postes de luz en Rinconda - Diario El Trabajo","robots":{"index":"index","follow":"follow","max-snippet":"max-snippet:-1","max-image-preview":"max-image-preview:large","max-video-preview":"max-video-preview:-1"},"canonical":"https:\/\/eltrabajo.cl\/web\/camioneta-se-vuelca-y-arrasa-con-postes-de-luz-en-rinconda\/","og_locale":"es_ES","og_type":"article","og_title":"Camioneta se vuelca y arrasa con postes de luz en Rinconda - Diario El Trabajo","og_description":"Cientos de vecinos quedaron sin energ\u00eda el\u00e9ctrica.- Un nuevo accidente de tr\u00e1nsito se produjo en una de las comunas del Valle del Aconcagua, espec\u00edficamente en Rinconada de Los Andes, el cual dej\u00f3 sin luz a cientos de vecinos, luego que una camioneta se volcara e impactara con infraestructura el\u00e9ctrica. La informaci\u00f3n entregada desde Chilquinta a [&hellip;]","og_url":"https:\/\/eltrabajo.cl\/web\/camioneta-se-vuelca-y-arrasa-con-postes-de-luz-en-rinconda\/","og_site_name":"Diario El Trabajo","article_publisher":"https:\/\/www.facebook.com\/ElTrabajoDiario","article_published_time":"2026-08-31T00:39:40+00:00","og_image":[{"width":700,"height":486,"url":"https:\/\/eltrabajo.cl\/web\/wp-content\/uploads\/2026\/08\/camioneta-deja-sin-luz-1.jpg","type":"image\/jpeg"}],"author":"Diario El Trabajo","twitter_card":"summary_large_image","twitter_creator":"@diarioeltrabajo","twitter_site":"@diarioeltrabajo","twitter_misc":{"Escrito por":"Diario El Trabajo","Tiempo estimado de lectura":"2 minutos"},"schema":{"@context":"https:\/\/schema.org","@graph":[{"@type":"Article","@id":"https:\/\/eltrabajo.cl\/web\/camioneta-se-vuelca-y-arrasa-con-postes-de-luz-en-rinconda\/#article","isPartOf":{"@id":"https:\/\/eltrabajo.cl\/web\/camioneta-se-vuelca-y-arrasa-con-postes-de-luz-en-rinconda\/"},"author":{"name":"Diario El Trabajo","@id":"https:\/\/eltrabajo.cl\/web\/#\/schema\/person\/45efd3d17f86ec456e44dd7debe1bf19"},"headline":"Camioneta se vuelca y arrasa con postes de luz en Rinconda","datePublished":"2026-08-31T00:39:40+00:00","mainEntityOfPage":{"@id":"https:\/\/eltrabajo.cl\/web\/camioneta-se-vuelca-y-arrasa-con-postes-de-luz-en-rinconda\/"},"wordCount":227,"commentCount":0,"publisher":{"@id":"https:\/\/eltrabajo.cl\/web\/#organization"},"image":{"@id":"https:\/\/eltrabajo.cl\/web\/camioneta-se-vuelca-y-arrasa-con-postes-de-luz-en-rinconda\/#primaryimage"},"thumbnailUrl":"https:\/\/eltrabajo.cl\/web\/wp-content\/uploads\/2026\/08\/camioneta-deja-sin-luz-1.jpg","articleSection":["Policial"],"inLanguage":"es-CL","potentialAction":[{"@type":"CommentAction","name":"Comment","target":["https:\/\/eltrabajo.cl\/web\/camioneta-se-vuelca-y-arrasa-con-postes-de-luz-en-rinconda\/#respond"]}]},{"@type":"WebPage","@id":"https:\/\/eltrabajo.cl\/web\/camioneta-se-vuelca-y-arrasa-con-postes-de-luz-en-rinconda\/","url":"https:\/\/eltrabajo.cl\/web\/camioneta-se-vuelca-y-arrasa-con-postes-de-luz-en-rinconda\/","name":"Camioneta se vuelca y arrasa con postes de luz en Rinconda - Diario El Trabajo","isPartOf":{"@id":"https:\/\/eltrabajo.cl\/web\/#website"},"primaryImageOfPage":{"@id":"https:\/\/eltrabajo.cl\/web\/camioneta-se-vuelca-y-arrasa-con-postes-de-luz-en-rinconda\/#primaryimage"},"image":{"@id":"https:\/\/eltrabajo.cl\/web\/camioneta-se-vuelca-y-arrasa-con-postes-de-luz-en-rinconda\/#primaryimage"},"thumbnailUrl":"https:\/\/eltrabajo.cl\/web\/wp-content\/uploads\/2026\/08\/camioneta-deja-sin-luz-1.jpg","datePublished":"2026-08-31T00:39:40+00:00","breadcrumb":{"@id":"https:\/\/eltrabajo.cl\/web\/camioneta-se-vuelca-y-arrasa-con-postes-de-luz-en-rinconda\/#breadcrumb"},"inLanguage":"es-CL","potentialAction":[{"@type":"ReadAction","target":["https:\/\/eltrabajo.cl\/web\/camioneta-se-vuelca-y-arrasa-con-postes-de-luz-en-rinconda\/"]}]},{"@type":"ImageObject","inLanguage":"es-CL","@id":"https:\/\/eltrabajo.cl\/web\/camioneta-se-vuelca-y-arrasa-con-postes-de-luz-en-rinconda\/#primaryimage","url":"https:\/\/eltrabajo.cl\/web\/wp-content\/uploads\/2026\/08\/camioneta-deja-sin-luz-1.jpg","contentUrl":"https:\/\/eltrabajo.cl\/web\/wp-content\/uploads\/2026\/08\/camioneta-deja-sin-luz-1.jpg","width":700,"height":486,"caption":"El accidente provoc\u00f3 interrupciones en el suministro el\u00e9ctrico del sector."},{"@type":"BreadcrumbList","@id":"https:\/\/eltrabajo.cl\/web\/camioneta-se-vuelca-y-arrasa-con-postes-de-luz-en-rinconda\/#breadcrumb","itemListElement":[{"@type":"ListItem","position":1,"name":"Portada","item":"https:\/\/eltrabajo.cl\/web\/"},{"@type":"ListItem","position":2,"name":"Camioneta se vuelca y arrasa con postes de luz en Rinconda"}]},{"@type":"WebSite","@id":"https:\/\/eltrabajo.cl\/web\/#website","url":"https:\/\/eltrabajo.cl\/web\/","name":"Diario El Trabajo","description":"Desde 1929 construyendo Identidad Local","publisher":{"@id":"https:\/\/eltrabajo.cl\/web\/#organization"},"potentialAction":[{"@type":"SearchAction","target":{"@type":"EntryPoint","urlTemplate":"https:\/\/eltrabajo.cl\/web\/?s={search_term_string}"},"query-input":{"@type":"PropertyValueSpecification","valueRequired":true,"valueName":"search_term_string"}}],"inLanguage":"es-CL"},{"@type":"Organization","@id":"https:\/\/eltrabajo.cl\/web\/#organization","name":"Diario El Trabajo","url":"https:\/\/eltrabajo.cl\/web\/","logo":{"@type":"ImageObject","inLanguage":"es-CL","@id":"https:\/\/eltrabajo.cl\/web\/#\/schema\/logo\/image\/","url":"https:\/\/eltrabajo.cl\/web\/wp-content\/uploads\/2024\/06\/profile-image-ig-page-diarioeltrabajo.jpg","contentUrl":"https:\/\/eltrabajo.cl\/web\/wp-content\/uploads\/2024\/06\/profile-image-ig-page-diarioeltrabajo.jpg","width":823,"height":823,"caption":"Diario El Trabajo"},"image":{"@id":"https:\/\/eltrabajo.cl\/web\/#\/schema\/logo\/image\/"},"sameAs":["https:\/\/www.facebook.com\/ElTrabajoDiario","https:\/\/x.com\/diarioeltrabajo"]},{"@type":"Person","@id":"https:\/\/eltrabajo.cl\/web\/#\/schema\/person\/45efd3d17f86ec456e44dd7debe1bf19","name":"Diario El Trabajo","image":{"@type":"ImageObject","inLanguage":"es-CL","@id":"https:\/\/secure.gravatar.com\/avatar\/7e6ec277dc4aea2677c2dc301d4227957219329c985ab69a3efc12518b5161aa?s=96&d=mm&r=g","url":"https:\/\/secure.gravatar.com\/avatar\/7e6ec277dc4aea2677c2dc301d4227957219329c985ab69a3efc12518b5161aa?s=96&d=mm&r=g","contentUrl":"https:\/\/secure.gravatar.com\/avatar\/7e6ec277dc4aea2677c2dc301d4227957219329c985ab69a3efc12518b5161aa?s=96&d=mm&r=g","caption":"Diario El Trabajo"},"sameAs":["https:\/\/eltrabajo.cl\/web"],"url":"https:\/\/eltrabajo.cl\/web\/author\/diario-el-trabajo\/"}]}},"_links":{"self":[{"href":"https:\/\/eltrabajo.cl\/web\/wp-json\/wp\/v2\/posts\/146783","targetHints":{"allow":["GET"]}}],"collection":[{"href":"https:\/\/eltrabajo.cl\/web\/wp-json\/wp\/v2\/posts"}],"about":[{"href":"https:\/\/eltrabajo.cl\/web\/wp-json\/wp\/v2\/types\/post"}],"author":[{"embeddable":true,"href":"https:\/\/eltrabajo.cl\/web\/wp-json\/wp\/v2\/users\/1"}],"replies":[{"embeddable":true,"href":"https:\/\/eltrabajo.cl\/web\/wp-json\/wp\/v2\/comments?post=146783"}],"version-history":[{"count":1,"href":"https:\/\/eltrabajo.cl\/web\/wp-json\/wp\/v2\/posts\/146783\/revisions"}],"predecessor-version":[{"id":146786,"href":"https:\/\/eltrabajo.cl\/web\/wp-json\/wp\/v2\/posts\/146783\/revisions\/146786"}],"wp:featuredmedia":[{"embeddable":true,"href":"https:\/\/eltrabajo.cl\/web\/wp-json\/wp\/v2\/media\/146784"}],"wp:attachment":[{"href":"https:\/\/eltrabajo.cl\/web\/wp-json\/wp\/v2\/media?parent=146783"}],"wp:term":[{"taxonomy":"category","embeddable":true,"href":"https:\/\/eltrabajo.cl\/web\/wp-json\/wp\/v2\/categories?post=146783"},{"taxonomy":"post_tag","embeddable":true,"href":"https:\/\/eltrabajo.cl\/web\/wp-json\/wp\/v2\/tags?post=146783"}],"curies":[{"name":"wp","href":"https:\/\/api.w.org\/{rel}","templated":true}]}}