{"id":146787,"date":"2026-08-30T21:41:24","date_gmt":"2026-08-31T00:41:24","guid":{"rendered":"https:\/\/eltrabajo.cl\/web\/?p=146787"},"modified":"2026-08-30T21:41:24","modified_gmt":"2026-08-31T00:41:24","slug":"amaro-castro-hace-historia-y-se-corona-campeon-panamericano-juvenil-de-karate-en-costa-rica","status":"publish","type":"post","link":"https:\/\/eltrabajo.cl\/web\/amaro-castro-hace-historia-y-se-corona-campeon-panamericano-juvenil-de-karate-en-costa-rica\/","title":{"rendered":"Amaro Castro hace historia y se corona campe\u00f3n panamericano juvenil de karate en Costa Rica"},"content":{"rendered":"<ul>\n<li><strong>El deportista obtuvo la medalla de oro en la categor\u00eda Kumite U12 -45 kilos, tras enfrentar a representantes de Per\u00fa, Ecuador, M\u00e9xico y Argentina.-<\/strong><\/li>\n<\/ul>\n<p>Un importante logro para el karate del Valle de Aconcagua consigui\u00f3 el joven deportista <strong>Amaro Castro<\/strong>, quien se consagr\u00f3 campe\u00f3n en el Panamericano Juvenil de Karate realizado en San Jos\u00e9, Costa Rica, alcanzando la primera medalla de oro panamericana para el Dojo Dragones Blancos V Regi\u00f3n, dirigido por el sensei <strong>Juan Oyaneder Reyes<\/strong>.<\/p>\n<p>El camino hasta esta competencia comenz\u00f3 en marzo de este a\u00f1o, cuando el callelarguino fue seleccionado chileno por segundo a\u00f1o consecutivo, ubic\u00e1ndose inicialmente como el N\u00b03 de Chile en su categor\u00eda. Posteriormente, se realizaron dos controles t\u00e9cnicos nacionales, instancias en las que el deportista logr\u00f3 demostrar su nivel y quedarse con el primer lugar del ranking nacional.<\/p>\n<p>Este resultado le permiti\u00f3 obtener el pase al Panamericano Juvenil, competencia a la que asisten los dos primeros representantes de Chile de cada categor\u00eda.<\/p>\n<p>Amaro compiti\u00f3 en la modalidad Kumite U12 -45 kilos, categor\u00eda correspondiente a deportistas de entre 10 y 11 a\u00f1os, donde tuvo una destacada participaci\u00f3n que finalmente lo llev\u00f3 a quedarse con el t\u00edtulo de campe\u00f3n panamericano.<\/p>\n<p>Durante el torneo debi\u00f3 enfrentarse a representantes de distintos pa\u00edses del continente, superando a competidores de Per\u00fa, Ecuador y M\u00e9xico, para posteriormente disputar la gran final frente a un representante de Argentina.<\/p>\n<p>Su desempe\u00f1o fue calificado como excepcional por su entorno, consiguiendo as\u00ed una hist\u00f3rica medalla de oro y convirti\u00e9ndose en el primer deportista del Dojo Dragones Blancos V Regi\u00f3n en alcanzar un t\u00edtulo panamericano.<\/p>\n<p>Detr\u00e1s de este importante resultado tambi\u00e9n existe un gran esfuerzo de la familia, que debi\u00f3 recurrir principalmente a recursos propios para poder financiar la participaci\u00f3n de Amaro en el campeonato internacional.<\/p>\n<p>De acuerdo con lo se\u00f1alado por su familia, en esta oportunidad contaron con el apoyo econ\u00f3mico del director del Liceo Mixto Los Andes B\u00e1sica 1, <strong>Pedro Navea<\/strong>, adem\u00e1s de profesores del establecimiento. Tambi\u00e9n recibieron colaboraci\u00f3n del exfutbolista y exseleccionado nacional <strong>Waldo Ponce<\/strong>, quien ha apoyado al joven deportista, y de las personas que participaron en la compra de n\u00fameros de las rifas realizadas para reunir fondos.<\/p>\n<p>A ello se sum\u00f3 el respaldo del quiropr\u00e1ctico <strong>Felipe Allende<\/strong> y de Bestport Chile, empresa que auspicia parte de la implementaci\u00f3n deportiva de Amaro. Asimismo, la Municipalidad de Calle Larga colabor\u00f3 con el transporte hacia el aeropuerto.<\/p>\n<p>Desde la familia valoraron profundamente cada uno de estos aportes, aunque reconocieron que ha sido dif\u00edcil conseguir auspicios y patrocinadores para solventar los gastos asociados a la carrera deportiva del menor.<\/p>\n<p>\u00ab<em>La mayor parte del financiamiento es con recursos propios y de la familia\u00bb<\/em>, se\u00f1alaron, manifestando adem\u00e1s la esperanza de poder contar a futuro con un apoyo m\u00e1s importante para quien actualmente es el N\u00b01 de Chile y N\u00b01 de Am\u00e9rica en su categor\u00eda.<\/p>\n<p>En ese sentido, recalcaron que, pese a que el karate es considerado un deporte individual, detr\u00e1s de cada competencia existe un equipo compuesto por el deportista, su sensei, la familia y todas aquellas personas que colaboran de una u otra manera para que pueda continuar desarroll\u00e1ndose.<\/p>\n<p>Tras la hist\u00f3rica participaci\u00f3n en Costa Rica, Amaro ya tiene nuevos desaf\u00edos deportivos por delante. El pr\u00f3ximo ser\u00e1 el Campeonato Zonal Centro Norte, que se desarrollar\u00e1 los d\u00edas 4 y 5 de septiembre en Copiap\u00f3.<\/p>\n<p>Posteriormente, el joven karateca tendr\u00e1 entre sus objetivos los Juegos Deportivos Nacionales de Karate y el Campeonato Nacional de Karate, programado para diciembre.<\/p>\n<p>De esta manera, Amaro Castro contin\u00faa sumando experiencia y resultados a su corta trayectoria deportiva, ahora con el orgullo de haber llevado al Dojo Dragones Blancos V Regi\u00f3n hasta lo m\u00e1s alto del karate panamericano.<\/p>\n<figure id=\"attachment_146788\" aria-describedby=\"caption-attachment-146788\" style=\"width: 699px\" class=\"wp-caption alignnone\"><img loading=\"lazy\" decoding=\"async\" class=\"size-full wp-image-146788\" src=\"https:\/\/eltrabajo.cl\/web\/wp-content\/uploads\/2026\/08\/karateca-Amaro-Castro-2.jpg\" alt=\"El joven karateca aconcag\u00fcino celebrando la obtenci\u00f3n de la medalla de oro, tras una destacada participaci\u00f3n frente a representantes de distintos pa\u00edses del continente.\" width=\"699\" height=\"309\" srcset=\"https:\/\/eltrabajo.cl\/web\/wp-content\/uploads\/2026\/08\/karateca-Amaro-Castro-2.jpg 699w, https:\/\/eltrabajo.cl\/web\/wp-content\/uploads\/2026\/08\/karateca-Amaro-Castro-2-300x133.jpg 300w, https:\/\/eltrabajo.cl\/web\/wp-content\/uploads\/2026\/08\/karateca-Amaro-Castro-2-150x66.jpg 150w, https:\/\/eltrabajo.cl\/web\/wp-content\/uploads\/2026\/08\/karateca-Amaro-Castro-2-696x308.jpg 696w\" sizes=\"auto, (max-width: 699px) 100vw, 699px\" \/><figcaption id=\"caption-attachment-146788\" class=\"wp-caption-text\">El joven karateca aconcag\u00fcino celebrando la obtenci\u00f3n de la medalla de oro, tras una destacada participaci\u00f3n frente a representantes de distintos pa\u00edses del continente.<\/figcaption><\/figure>\n<figure id=\"attachment_146789\" aria-describedby=\"caption-attachment-146789\" style=\"width: 700px\" class=\"wp-caption alignnone\"><img loading=\"lazy\" decoding=\"async\" class=\"size-full wp-image-146789\" src=\"https:\/\/eltrabajo.cl\/web\/wp-content\/uploads\/2026\/08\/karateca-Amaro-Castro-3.jpg\" alt=\"Amaro Castro junto a su sensei, Juan Oyaneder Reyes.\" width=\"700\" height=\"500\" srcset=\"https:\/\/eltrabajo.cl\/web\/wp-content\/uploads\/2026\/08\/karateca-Amaro-Castro-3.jpg 700w, https:\/\/eltrabajo.cl\/web\/wp-content\/uploads\/2026\/08\/karateca-Amaro-Castro-3-300x214.jpg 300w, https:\/\/eltrabajo.cl\/web\/wp-content\/uploads\/2026\/08\/karateca-Amaro-Castro-3-588x420.jpg 588w, https:\/\/eltrabajo.cl\/web\/wp-content\/uploads\/2026\/08\/karateca-Amaro-Castro-3-150x107.jpg 150w, https:\/\/eltrabajo.cl\/web\/wp-content\/uploads\/2026\/08\/karateca-Amaro-Castro-3-696x497.jpg 696w\" sizes=\"auto, (max-width: 700px) 100vw, 700px\" \/><figcaption id=\"caption-attachment-146789\" class=\"wp-caption-text\">Amaro Castro junto a su sensei, Juan Oyaneder Reyes.<\/figcaption><\/figure>\n<figure id=\"attachment_146790\" aria-describedby=\"caption-attachment-146790\" style=\"width: 700px\" class=\"wp-caption alignnone\"><img loading=\"lazy\" decoding=\"async\" class=\"size-full wp-image-146790\" src=\"https:\/\/eltrabajo.cl\/web\/wp-content\/uploads\/2026\/08\/karateca-Amaro-Castro-1.jpg\" alt=\"Amaro Castro durante su participaci\u00f3n en el Panamericano Juvenil de Karate, realizado en San Jos\u00e9, Costa Rica.\" width=\"700\" height=\"509\" srcset=\"https:\/\/eltrabajo.cl\/web\/wp-content\/uploads\/2026\/08\/karateca-Amaro-Castro-1.jpg 700w, https:\/\/eltrabajo.cl\/web\/wp-content\/uploads\/2026\/08\/karateca-Amaro-Castro-1-300x218.jpg 300w, https:\/\/eltrabajo.cl\/web\/wp-content\/uploads\/2026\/08\/karateca-Amaro-Castro-1-578x420.jpg 578w, https:\/\/eltrabajo.cl\/web\/wp-content\/uploads\/2026\/08\/karateca-Amaro-Castro-1-150x109.jpg 150w, https:\/\/eltrabajo.cl\/web\/wp-content\/uploads\/2026\/08\/karateca-Amaro-Castro-1-696x506.jpg 696w\" sizes=\"auto, (max-width: 700px) 100vw, 700px\" \/><figcaption id=\"caption-attachment-146790\" class=\"wp-caption-text\">Amaro Castro durante su participaci\u00f3n en el Panamericano Juvenil de Karate, realizado en San Jos\u00e9, Costa Rica.<\/figcaption><\/figure>\n","protected":false},"excerpt":{"rendered":"<p>El deportista obtuvo la medalla de oro en la categor\u00eda Kumite U12 -45 kilos, tras enfrentar a representantes de Per\u00fa, Ecuador, M\u00e9xico y Argentina.- Un importante logro para el karate del Valle de Aconcagua consigui\u00f3 el joven deportista Amaro Castro, quien se consagr\u00f3 campe\u00f3n en el Panamericano Juvenil de Karate realizado en San Jos\u00e9, Costa [&hellip;]<\/p>\n","protected":false},"author":1,"featured_media":146790,"comment_status":"open","ping_status":"closed","sticky":false,"template":"","format":"standard","meta":{"footnotes":""},"categories":[4],"tags":[],"class_list":["post-146787","post","type-post","status-publish","format-standard","has-post-thumbnail","category-comunidad"],"yoast_head":"<!-- This site is optimized with the Yoast SEO plugin v28.3 - https:\/\/yoast.com\/product\/yoast-seo-wordpress\/ -->\n<title>Amaro Castro hace historia y se corona campe\u00f3n panamericano juvenil de karate en Costa Rica - Diario El Trabajo<\/title>\n<meta name=\"robots\" content=\"index, follow, max-snippet:-1, max-image-preview:large, max-video-preview:-1\" \/>\n<link rel=\"canonical\" href=\"https:\/\/eltrabajo.cl\/web\/amaro-castro-hace-historia-y-se-corona-campeon-panamericano-juvenil-de-karate-en-costa-rica\/\" \/>\n<meta property=\"og:locale\" content=\"es_ES\" \/>\n<meta property=\"og:type\" content=\"article\" \/>\n<meta property=\"og:title\" content=\"Amaro Castro hace historia y se corona campe\u00f3n panamericano juvenil de karate en Costa Rica - Diario El Trabajo\" \/>\n<meta property=\"og:description\" content=\"El deportista obtuvo la medalla de oro en la categor\u00eda Kumite U12 -45 kilos, tras enfrentar a representantes de Per\u00fa, Ecuador, M\u00e9xico y Argentina.- Un importante logro para el karate del Valle de Aconcagua consigui\u00f3 el joven deportista Amaro Castro, quien se consagr\u00f3 campe\u00f3n en el Panamericano Juvenil de Karate realizado en San Jos\u00e9, Costa [&hellip;]\" \/>\n<meta property=\"og:url\" content=\"https:\/\/eltrabajo.cl\/web\/amaro-castro-hace-historia-y-se-corona-campeon-panamericano-juvenil-de-karate-en-costa-rica\/\" \/>\n<meta property=\"og:site_name\" content=\"Diario El Trabajo\" \/>\n<meta property=\"article:publisher\" content=\"https:\/\/www.facebook.com\/ElTrabajoDiario\" \/>\n<meta property=\"article:published_time\" content=\"2026-08-31T00:41:24+00:00\" \/>\n<meta property=\"og:image\" content=\"https:\/\/eltrabajo.cl\/web\/wp-content\/uploads\/2026\/08\/karateca-Amaro-Castro-1.jpg\" \/>\n\t<meta property=\"og:image:width\" content=\"700\" \/>\n\t<meta property=\"og:image:height\" content=\"509\" \/>\n\t<meta property=\"og:image:type\" content=\"image\/jpeg\" \/>\n<meta name=\"author\" content=\"Diario El Trabajo\" \/>\n<meta name=\"twitter:card\" content=\"summary_large_image\" \/>\n<meta name=\"twitter:creator\" content=\"@diarioeltrabajo\" \/>\n<meta name=\"twitter:site\" content=\"@diarioeltrabajo\" \/>\n<meta name=\"twitter:label1\" content=\"Escrito por\" \/>\n\t<meta name=\"twitter:data1\" content=\"Diario El Trabajo\" \/>\n\t<meta name=\"twitter:label2\" content=\"Tiempo estimado de lectura\" \/>\n\t<meta name=\"twitter:data2\" content=\"4 minutos\" \/>\n<script type=\"application\/ld+json\" class=\"yoast-schema-graph\">{\"@context\":\"https:\\\/\\\/schema.org\",\"@graph\":[{\"@type\":\"Article\",\"@id\":\"https:\\\/\\\/eltrabajo.cl\\\/web\\\/amaro-castro-hace-historia-y-se-corona-campeon-panamericano-juvenil-de-karate-en-costa-rica\\\/#article\",\"isPartOf\":{\"@id\":\"https:\\\/\\\/eltrabajo.cl\\\/web\\\/amaro-castro-hace-historia-y-se-corona-campeon-panamericano-juvenil-de-karate-en-costa-rica\\\/\"},\"author\":{\"name\":\"Diario El Trabajo\",\"@id\":\"https:\\\/\\\/eltrabajo.cl\\\/web\\\/#\\\/schema\\\/person\\\/45efd3d17f86ec456e44dd7debe1bf19\"},\"headline\":\"Amaro Castro hace historia y se corona campe\u00f3n panamericano juvenil de karate en Costa Rica\",\"datePublished\":\"2026-08-31T00:41:24+00:00\",\"mainEntityOfPage\":{\"@id\":\"https:\\\/\\\/eltrabajo.cl\\\/web\\\/amaro-castro-hace-historia-y-se-corona-campeon-panamericano-juvenil-de-karate-en-costa-rica\\\/\"},\"wordCount\":744,\"commentCount\":0,\"publisher\":{\"@id\":\"https:\\\/\\\/eltrabajo.cl\\\/web\\\/#organization\"},\"image\":{\"@id\":\"https:\\\/\\\/eltrabajo.cl\\\/web\\\/amaro-castro-hace-historia-y-se-corona-campeon-panamericano-juvenil-de-karate-en-costa-rica\\\/#primaryimage\"},\"thumbnailUrl\":\"https:\\\/\\\/eltrabajo.cl\\\/web\\\/wp-content\\\/uploads\\\/2026\\\/08\\\/karateca-Amaro-Castro-1.jpg\",\"articleSection\":[\"Comunidad\"],\"inLanguage\":\"es-CL\",\"potentialAction\":[{\"@type\":\"CommentAction\",\"name\":\"Comment\",\"target\":[\"https:\\\/\\\/eltrabajo.cl\\\/web\\\/amaro-castro-hace-historia-y-se-corona-campeon-panamericano-juvenil-de-karate-en-costa-rica\\\/#respond\"]}]},{\"@type\":\"WebPage\",\"@id\":\"https:\\\/\\\/eltrabajo.cl\\\/web\\\/amaro-castro-hace-historia-y-se-corona-campeon-panamericano-juvenil-de-karate-en-costa-rica\\\/\",\"url\":\"https:\\\/\\\/eltrabajo.cl\\\/web\\\/amaro-castro-hace-historia-y-se-corona-campeon-panamericano-juvenil-de-karate-en-costa-rica\\\/\",\"name\":\"Amaro Castro hace historia y se corona campe\u00f3n panamericano juvenil de karate en Costa Rica - Diario El Trabajo\",\"isPartOf\":{\"@id\":\"https:\\\/\\\/eltrabajo.cl\\\/web\\\/#website\"},\"primaryImageOfPage\":{\"@id\":\"https:\\\/\\\/eltrabajo.cl\\\/web\\\/amaro-castro-hace-historia-y-se-corona-campeon-panamericano-juvenil-de-karate-en-costa-rica\\\/#primaryimage\"},\"image\":{\"@id\":\"https:\\\/\\\/eltrabajo.cl\\\/web\\\/amaro-castro-hace-historia-y-se-corona-campeon-panamericano-juvenil-de-karate-en-costa-rica\\\/#primaryimage\"},\"thumbnailUrl\":\"https:\\\/\\\/eltrabajo.cl\\\/web\\\/wp-content\\\/uploads\\\/2026\\\/08\\\/karateca-Amaro-Castro-1.jpg\",\"datePublished\":\"2026-08-31T00:41:24+00:00\",\"breadcrumb\":{\"@id\":\"https:\\\/\\\/eltrabajo.cl\\\/web\\\/amaro-castro-hace-historia-y-se-corona-campeon-panamericano-juvenil-de-karate-en-costa-rica\\\/#breadcrumb\"},\"inLanguage\":\"es-CL\",\"potentialAction\":[{\"@type\":\"ReadAction\",\"target\":[\"https:\\\/\\\/eltrabajo.cl\\\/web\\\/amaro-castro-hace-historia-y-se-corona-campeon-panamericano-juvenil-de-karate-en-costa-rica\\\/\"]}]},{\"@type\":\"ImageObject\",\"inLanguage\":\"es-CL\",\"@id\":\"https:\\\/\\\/eltrabajo.cl\\\/web\\\/amaro-castro-hace-historia-y-se-corona-campeon-panamericano-juvenil-de-karate-en-costa-rica\\\/#primaryimage\",\"url\":\"https:\\\/\\\/eltrabajo.cl\\\/web\\\/wp-content\\\/uploads\\\/2026\\\/08\\\/karateca-Amaro-Castro-1.jpg\",\"contentUrl\":\"https:\\\/\\\/eltrabajo.cl\\\/web\\\/wp-content\\\/uploads\\\/2026\\\/08\\\/karateca-Amaro-Castro-1.jpg\",\"width\":700,\"height\":509,\"caption\":\"Amaro Castro durante su participaci\u00f3n en el Panamericano Juvenil de Karate, realizado en San Jos\u00e9, Costa Rica.\"},{\"@type\":\"BreadcrumbList\",\"@id\":\"https:\\\/\\\/eltrabajo.cl\\\/web\\\/amaro-castro-hace-historia-y-se-corona-campeon-panamericano-juvenil-de-karate-en-costa-rica\\\/#breadcrumb\",\"itemListElement\":[{\"@type\":\"ListItem\",\"position\":1,\"name\":\"Portada\",\"item\":\"https:\\\/\\\/eltrabajo.cl\\\/web\\\/\"},{\"@type\":\"ListItem\",\"position\":2,\"name\":\"Amaro Castro hace historia y se corona campe\u00f3n panamericano juvenil de karate en Costa Rica\"}]},{\"@type\":\"WebSite\",\"@id\":\"https:\\\/\\\/eltrabajo.cl\\\/web\\\/#website\",\"url\":\"https:\\\/\\\/eltrabajo.cl\\\/web\\\/\",\"name\":\"Diario El Trabajo\",\"description\":\"Desde 1929 construyendo Identidad Local\",\"publisher\":{\"@id\":\"https:\\\/\\\/eltrabajo.cl\\\/web\\\/#organization\"},\"potentialAction\":[{\"@type\":\"SearchAction\",\"target\":{\"@type\":\"EntryPoint\",\"urlTemplate\":\"https:\\\/\\\/eltrabajo.cl\\\/web\\\/?s={search_term_string}\"},\"query-input\":{\"@type\":\"PropertyValueSpecification\",\"valueRequired\":true,\"valueName\":\"search_term_string\"}}],\"inLanguage\":\"es-CL\"},{\"@type\":\"Organization\",\"@id\":\"https:\\\/\\\/eltrabajo.cl\\\/web\\\/#organization\",\"name\":\"Diario El Trabajo\",\"url\":\"https:\\\/\\\/eltrabajo.cl\\\/web\\\/\",\"logo\":{\"@type\":\"ImageObject\",\"inLanguage\":\"es-CL\",\"@id\":\"https:\\\/\\\/eltrabajo.cl\\\/web\\\/#\\\/schema\\\/logo\\\/image\\\/\",\"url\":\"https:\\\/\\\/eltrabajo.cl\\\/web\\\/wp-content\\\/uploads\\\/2024\\\/06\\\/profile-image-ig-page-diarioeltrabajo.jpg\",\"contentUrl\":\"https:\\\/\\\/eltrabajo.cl\\\/web\\\/wp-content\\\/uploads\\\/2024\\\/06\\\/profile-image-ig-page-diarioeltrabajo.jpg\",\"width\":823,\"height\":823,\"caption\":\"Diario El Trabajo\"},\"image\":{\"@id\":\"https:\\\/\\\/eltrabajo.cl\\\/web\\\/#\\\/schema\\\/logo\\\/image\\\/\"},\"sameAs\":[\"https:\\\/\\\/www.facebook.com\\\/ElTrabajoDiario\",\"https:\\\/\\\/x.com\\\/diarioeltrabajo\"]},{\"@type\":\"Person\",\"@id\":\"https:\\\/\\\/eltrabajo.cl\\\/web\\\/#\\\/schema\\\/person\\\/45efd3d17f86ec456e44dd7debe1bf19\",\"name\":\"Diario El Trabajo\",\"image\":{\"@type\":\"ImageObject\",\"inLanguage\":\"es-CL\",\"@id\":\"https:\\\/\\\/secure.gravatar.com\\\/avatar\\\/7e6ec277dc4aea2677c2dc301d4227957219329c985ab69a3efc12518b5161aa?s=96&d=mm&r=g\",\"url\":\"https:\\\/\\\/secure.gravatar.com\\\/avatar\\\/7e6ec277dc4aea2677c2dc301d4227957219329c985ab69a3efc12518b5161aa?s=96&d=mm&r=g\",\"contentUrl\":\"https:\\\/\\\/secure.gravatar.com\\\/avatar\\\/7e6ec277dc4aea2677c2dc301d4227957219329c985ab69a3efc12518b5161aa?s=96&d=mm&r=g\",\"caption\":\"Diario El Trabajo\"},\"sameAs\":[\"https:\\\/\\\/eltrabajo.cl\\\/web\"],\"url\":\"https:\\\/\\\/eltrabajo.cl\\\/web\\\/author\\\/diario-el-trabajo\\\/\"}]}<\/script>\n<!-- \/ Yoast SEO plugin. -->","yoast_head_json":{"title":"Amaro Castro hace historia y se corona campe\u00f3n panamericano juvenil de karate en Costa Rica - Diario El Trabajo","robots":{"index":"index","follow":"follow","max-snippet":"max-snippet:-1","max-image-preview":"max-image-preview:large","max-video-preview":"max-video-preview:-1"},"canonical":"https:\/\/eltrabajo.cl\/web\/amaro-castro-hace-historia-y-se-corona-campeon-panamericano-juvenil-de-karate-en-costa-rica\/","og_locale":"es_ES","og_type":"article","og_title":"Amaro Castro hace historia y se corona campe\u00f3n panamericano juvenil de karate en Costa Rica - Diario El Trabajo","og_description":"El deportista obtuvo la medalla de oro en la categor\u00eda Kumite U12 -45 kilos, tras enfrentar a representantes de Per\u00fa, Ecuador, M\u00e9xico y Argentina.- Un importante logro para el karate del Valle de Aconcagua consigui\u00f3 el joven deportista Amaro Castro, quien se consagr\u00f3 campe\u00f3n en el Panamericano Juvenil de Karate realizado en San Jos\u00e9, Costa [&hellip;]","og_url":"https:\/\/eltrabajo.cl\/web\/amaro-castro-hace-historia-y-se-corona-campeon-panamericano-juvenil-de-karate-en-costa-rica\/","og_site_name":"Diario El Trabajo","article_publisher":"https:\/\/www.facebook.com\/ElTrabajoDiario","article_published_time":"2026-08-31T00:41:24+00:00","og_image":[{"width":700,"height":509,"url":"https:\/\/eltrabajo.cl\/web\/wp-content\/uploads\/2026\/08\/karateca-Amaro-Castro-1.jpg","type":"image\/jpeg"}],"author":"Diario El Trabajo","twitter_card":"summary_large_image","twitter_creator":"@diarioeltrabajo","twitter_site":"@diarioeltrabajo","twitter_misc":{"Escrito por":"Diario El Trabajo","Tiempo estimado de lectura":"4 minutos"},"schema":{"@context":"https:\/\/schema.org","@graph":[{"@type":"Article","@id":"https:\/\/eltrabajo.cl\/web\/amaro-castro-hace-historia-y-se-corona-campeon-panamericano-juvenil-de-karate-en-costa-rica\/#article","isPartOf":{"@id":"https:\/\/eltrabajo.cl\/web\/amaro-castro-hace-historia-y-se-corona-campeon-panamericano-juvenil-de-karate-en-costa-rica\/"},"author":{"name":"Diario El Trabajo","@id":"https:\/\/eltrabajo.cl\/web\/#\/schema\/person\/45efd3d17f86ec456e44dd7debe1bf19"},"headline":"Amaro Castro hace historia y se corona campe\u00f3n panamericano juvenil de karate en Costa Rica","datePublished":"2026-08-31T00:41:24+00:00","mainEntityOfPage":{"@id":"https:\/\/eltrabajo.cl\/web\/amaro-castro-hace-historia-y-se-corona-campeon-panamericano-juvenil-de-karate-en-costa-rica\/"},"wordCount":744,"commentCount":0,"publisher":{"@id":"https:\/\/eltrabajo.cl\/web\/#organization"},"image":{"@id":"https:\/\/eltrabajo.cl\/web\/amaro-castro-hace-historia-y-se-corona-campeon-panamericano-juvenil-de-karate-en-costa-rica\/#primaryimage"},"thumbnailUrl":"https:\/\/eltrabajo.cl\/web\/wp-content\/uploads\/2026\/08\/karateca-Amaro-Castro-1.jpg","articleSection":["Comunidad"],"inLanguage":"es-CL","potentialAction":[{"@type":"CommentAction","name":"Comment","target":["https:\/\/eltrabajo.cl\/web\/amaro-castro-hace-historia-y-se-corona-campeon-panamericano-juvenil-de-karate-en-costa-rica\/#respond"]}]},{"@type":"WebPage","@id":"https:\/\/eltrabajo.cl\/web\/amaro-castro-hace-historia-y-se-corona-campeon-panamericano-juvenil-de-karate-en-costa-rica\/","url":"https:\/\/eltrabajo.cl\/web\/amaro-castro-hace-historia-y-se-corona-campeon-panamericano-juvenil-de-karate-en-costa-rica\/","name":"Amaro Castro hace historia y se corona campe\u00f3n panamericano juvenil de karate en Costa Rica - Diario El Trabajo","isPartOf":{"@id":"https:\/\/eltrabajo.cl\/web\/#website"},"primaryImageOfPage":{"@id":"https:\/\/eltrabajo.cl\/web\/amaro-castro-hace-historia-y-se-corona-campeon-panamericano-juvenil-de-karate-en-costa-rica\/#primaryimage"},"image":{"@id":"https:\/\/eltrabajo.cl\/web\/amaro-castro-hace-historia-y-se-corona-campeon-panamericano-juvenil-de-karate-en-costa-rica\/#primaryimage"},"thumbnailUrl":"https:\/\/eltrabajo.cl\/web\/wp-content\/uploads\/2026\/08\/karateca-Amaro-Castro-1.jpg","datePublished":"2026-08-31T00:41:24+00:00","breadcrumb":{"@id":"https:\/\/eltrabajo.cl\/web\/amaro-castro-hace-historia-y-se-corona-campeon-panamericano-juvenil-de-karate-en-costa-rica\/#breadcrumb"},"inLanguage":"es-CL","potentialAction":[{"@type":"ReadAction","target":["https:\/\/eltrabajo.cl\/web\/amaro-castro-hace-historia-y-se-corona-campeon-panamericano-juvenil-de-karate-en-costa-rica\/"]}]},{"@type":"ImageObject","inLanguage":"es-CL","@id":"https:\/\/eltrabajo.cl\/web\/amaro-castro-hace-historia-y-se-corona-campeon-panamericano-juvenil-de-karate-en-costa-rica\/#primaryimage","url":"https:\/\/eltrabajo.cl\/web\/wp-content\/uploads\/2026\/08\/karateca-Amaro-Castro-1.jpg","contentUrl":"https:\/\/eltrabajo.cl\/web\/wp-content\/uploads\/2026\/08\/karateca-Amaro-Castro-1.jpg","width":700,"height":509,"caption":"Amaro Castro durante su participaci\u00f3n en el Panamericano Juvenil de Karate, realizado en San Jos\u00e9, Costa Rica."},{"@type":"BreadcrumbList","@id":"https:\/\/eltrabajo.cl\/web\/amaro-castro-hace-historia-y-se-corona-campeon-panamericano-juvenil-de-karate-en-costa-rica\/#breadcrumb","itemListElement":[{"@type":"ListItem","position":1,"name":"Portada","item":"https:\/\/eltrabajo.cl\/web\/"},{"@type":"ListItem","position":2,"name":"Amaro Castro hace historia y se corona campe\u00f3n panamericano juvenil de karate en Costa Rica"}]},{"@type":"WebSite","@id":"https:\/\/eltrabajo.cl\/web\/#website","url":"https:\/\/eltrabajo.cl\/web\/","name":"Diario El Trabajo","description":"Desde 1929 construyendo Identidad Local","publisher":{"@id":"https:\/\/eltrabajo.cl\/web\/#organization"},"potentialAction":[{"@type":"SearchAction","target":{"@type":"EntryPoint","urlTemplate":"https:\/\/eltrabajo.cl\/web\/?s={search_term_string}"},"query-input":{"@type":"PropertyValueSpecification","valueRequired":true,"valueName":"search_term_string"}}],"inLanguage":"es-CL"},{"@type":"Organization","@id":"https:\/\/eltrabajo.cl\/web\/#organization","name":"Diario El Trabajo","url":"https:\/\/eltrabajo.cl\/web\/","logo":{"@type":"ImageObject","inLanguage":"es-CL","@id":"https:\/\/eltrabajo.cl\/web\/#\/schema\/logo\/image\/","url":"https:\/\/eltrabajo.cl\/web\/wp-content\/uploads\/2024\/06\/profile-image-ig-page-diarioeltrabajo.jpg","contentUrl":"https:\/\/eltrabajo.cl\/web\/wp-content\/uploads\/2024\/06\/profile-image-ig-page-diarioeltrabajo.jpg","width":823,"height":823,"caption":"Diario El Trabajo"},"image":{"@id":"https:\/\/eltrabajo.cl\/web\/#\/schema\/logo\/image\/"},"sameAs":["https:\/\/www.facebook.com\/ElTrabajoDiario","https:\/\/x.com\/diarioeltrabajo"]},{"@type":"Person","@id":"https:\/\/eltrabajo.cl\/web\/#\/schema\/person\/45efd3d17f86ec456e44dd7debe1bf19","name":"Diario El Trabajo","image":{"@type":"ImageObject","inLanguage":"es-CL","@id":"https:\/\/secure.gravatar.com\/avatar\/7e6ec277dc4aea2677c2dc301d4227957219329c985ab69a3efc12518b5161aa?s=96&d=mm&r=g","url":"https:\/\/secure.gravatar.com\/avatar\/7e6ec277dc4aea2677c2dc301d4227957219329c985ab69a3efc12518b5161aa?s=96&d=mm&r=g","contentUrl":"https:\/\/secure.gravatar.com\/avatar\/7e6ec277dc4aea2677c2dc301d4227957219329c985ab69a3efc12518b5161aa?s=96&d=mm&r=g","caption":"Diario El Trabajo"},"sameAs":["https:\/\/eltrabajo.cl\/web"],"url":"https:\/\/eltrabajo.cl\/web\/author\/diario-el-trabajo\/"}]}},"_links":{"self":[{"href":"https:\/\/eltrabajo.cl\/web\/wp-json\/wp\/v2\/posts\/146787","targetHints":{"allow":["GET"]}}],"collection":[{"href":"https:\/\/eltrabajo.cl\/web\/wp-json\/wp\/v2\/posts"}],"about":[{"href":"https:\/\/eltrabajo.cl\/web\/wp-json\/wp\/v2\/types\/post"}],"author":[{"embeddable":true,"href":"https:\/\/eltrabajo.cl\/web\/wp-json\/wp\/v2\/users\/1"}],"replies":[{"embeddable":true,"href":"https:\/\/eltrabajo.cl\/web\/wp-json\/wp\/v2\/comments?post=146787"}],"version-history":[{"count":1,"href":"https:\/\/eltrabajo.cl\/web\/wp-json\/wp\/v2\/posts\/146787\/revisions"}],"predecessor-version":[{"id":146791,"href":"https:\/\/eltrabajo.cl\/web\/wp-json\/wp\/v2\/posts\/146787\/revisions\/146791"}],"wp:featuredmedia":[{"embeddable":true,"href":"https:\/\/eltrabajo.cl\/web\/wp-json\/wp\/v2\/media\/146790"}],"wp:attachment":[{"href":"https:\/\/eltrabajo.cl\/web\/wp-json\/wp\/v2\/media?parent=146787"}],"wp:term":[{"taxonomy":"category","embeddable":true,"href":"https:\/\/eltrabajo.cl\/web\/wp-json\/wp\/v2\/categories?post=146787"},{"taxonomy":"post_tag","embeddable":true,"href":"https:\/\/eltrabajo.cl\/web\/wp-json\/wp\/v2\/tags?post=146787"}],"curies":[{"name":"wp","href":"https:\/\/api.w.org\/{rel}","templated":true}]}}