{"id":146792,"date":"2026-08-30T21:42:29","date_gmt":"2026-08-31T00:42:29","guid":{"rendered":"https:\/\/eltrabajo.cl\/web\/?p=146792"},"modified":"2026-08-30T21:42:29","modified_gmt":"2026-08-31T00:42:29","slug":"quiso-calmar-una-pelea-y-termino-fallecido-en-los-andes","status":"publish","type":"post","link":"https:\/\/eltrabajo.cl\/web\/quiso-calmar-una-pelea-y-termino-fallecido-en-los-andes\/","title":{"rendered":"Quiso calmar una pelea y termin\u00f3 fallecido en Los Andes"},"content":{"rendered":"<ul>\n<li><strong>Imputado qued\u00f3 en prisi\u00f3n preventiva mientras dure la investigaci\u00f3n.-<\/strong><\/li>\n<\/ul>\n<p>Este domingo se realiz\u00f3 un control de detenci\u00f3n en el Juzgado de Garant\u00eda de Los Andes, de un sujeto imputado por el homicidio de <strong>Felipe Vera Soto<\/strong>, ocurrido el pasado 29 de agosto en horas de la tarde, en las intersecciones de las calles Galvarino con Ainavillo en la comuna de Los Andes.<\/p>\n<p>Desde la Fiscal\u00eda Local comentaron que efectivamente se pudo establecer a trav\u00e9s de diligencias realizadas por la Brigada de Homicidios (BH) de la Polic\u00eda de Investigaciones (PDI), que la v\u00edctima habr\u00eda sido agredida por el imputado con una arma cortopunzante, heridas que finalmente le causaron la muerte en el mismo lugar.<\/p>\n<p>A partir de este hecho y el aviso a Carabineros se iniciaron diversas investigaciones instruidas por el fiscal <strong>Benjam\u00edn Santib\u00e1\u00f1ez<\/strong>, de la Fiscal\u00eda SAC-ECOH de Valpara\u00edso a trav\u00e9s de la BH de de Los Andes, quienes establecieron en definitiva la din\u00e1mica del hecho.<\/p>\n<p>\u00ab<em>El d\u00eda de hoy<\/em> (ayer) <em>se realiz\u00f3 el control de detenci\u00f3n en el Juzgado de Garant\u00eda de Los Andes, de un sujeto imputado por el homicidio de la persona don Felipe Vera Soto, ocurrido el d\u00eda de ayer 29 de agosto<\/em> (s\u00e1bado) <em>en horas de la tarde, en las intersecciones de calle Galvarino y Ainavillo en la comuna de Los Andes<\/em>.<\/p>\n<p>\u00ab<em>Seg\u00fan se pudo establecer a trav\u00e9s de las diligencias investigativas realizadas por la Brigada de Homicidios, que esta persona habr\u00eda sido agredida por el imputado con un arma cortopunzante, heridas que en definitiva le causan la muerte en el mismo lugar\u00bb<\/em>, explic\u00f3 Jorge Alfaro, fiscal de Los Andes.<\/p>\n<p>&nbsp;<\/p>\n<p><strong>\u00bfQU\u00c9 PAS\u00d3 REALMENTE?<\/strong><\/p>\n<p>Seg\u00fan el portal <u>www.losandesoline.cl<\/u>, el homicidio ocurri\u00f3 antes de las 16:00 horas en\u00a0la esquina de los pasajes Galvarino con Ainavillo tras un enfrentamiento entre un grupo de sujetos. En un momento la v\u00edctima, conocida como \u2018El Huaso\u2019,\u00a0intervino con el prop\u00f3sito de calmar la situaci\u00f3n; sin embargo, uno de los participantes, que portaba un arma cortopunzante,\u00a0 se abalanz\u00f3 sobre este y le infiri\u00f3 la letal estocada.<\/p>\n<p>Tras la agresi\u00f3n, se\u00f1al\u00f3 el mismo medio, tanto el autor del ataque como los otros individuos se dieron a la fuga, mientras que vecinos llamaron al\u00a0SAMU Aconcagua y a Carabineros, alertando sobre la persona tendida y herida de gravedad en dicha intersecci\u00f3n,\u00a0 solicitando la r\u00e1pida concurrencia.<\/p>\n<p>Luego de ello el cuerpo de la v\u00edctima fue retirado del lugar por\u00a0el funcionario del Servicio M\u00e9dico Legal (SML)\u00a0 que lo traslad\u00f3 hasta las dependencias en la comuna de San Felipe, para la posterior realizaci\u00f3n de la autopsia que establecer\u00e1 la causa precisa de muerte.<\/p>\n<p>&nbsp;<\/p>\n<p><strong>PRISI\u00d3N PREVENTIVA<\/strong><\/p>\n<p>Luego de la formalizaci\u00f3n este domingo, el imputado qued\u00f3 con la medida cautelar de prisi\u00f3n preventiva mientras dure la investigaci\u00f3n, cuyo plazo se fij\u00f3 en cuatro meses.<\/p>\n<figure id=\"attachment_146793\" aria-describedby=\"caption-attachment-146793\" style=\"width: 698px\" class=\"wp-caption alignnone\"><img loading=\"lazy\" decoding=\"async\" class=\"size-full wp-image-146793\" src=\"https:\/\/eltrabajo.cl\/web\/wp-content\/uploads\/2026\/08\/fallecido-Los-Andes.jpg\" alt=\"Personal de la PDI y Carabineros en el sitio del suceso.\" width=\"698\" height=\"401\" srcset=\"https:\/\/eltrabajo.cl\/web\/wp-content\/uploads\/2026\/08\/fallecido-Los-Andes.jpg 698w, https:\/\/eltrabajo.cl\/web\/wp-content\/uploads\/2026\/08\/fallecido-Los-Andes-300x172.jpg 300w, https:\/\/eltrabajo.cl\/web\/wp-content\/uploads\/2026\/08\/fallecido-Los-Andes-150x86.jpg 150w, https:\/\/eltrabajo.cl\/web\/wp-content\/uploads\/2026\/08\/fallecido-Los-Andes-696x400.jpg 696w\" sizes=\"auto, (max-width: 698px) 100vw, 698px\" \/><figcaption id=\"caption-attachment-146793\" class=\"wp-caption-text\">Personal de la PDI y Carabineros en el sitio del suceso.<\/figcaption><\/figure>\n","protected":false},"excerpt":{"rendered":"<p>Imputado qued\u00f3 en prisi\u00f3n preventiva mientras dure la investigaci\u00f3n.- Este domingo se realiz\u00f3 un control de detenci\u00f3n en el Juzgado de Garant\u00eda de Los Andes, de un sujeto imputado por el homicidio de Felipe Vera Soto, ocurrido el pasado 29 de agosto en horas de la tarde, en las intersecciones de las calles Galvarino con [&hellip;]<\/p>\n","protected":false},"author":1,"featured_media":146793,"comment_status":"open","ping_status":"closed","sticky":false,"template":"","format":"standard","meta":{"footnotes":""},"categories":[5],"tags":[],"class_list":["post-146792","post","type-post","status-publish","format-standard","has-post-thumbnail","category-policial"],"yoast_head":"<!-- This site is optimized with the Yoast SEO plugin v28.3 - https:\/\/yoast.com\/product\/yoast-seo-wordpress\/ -->\n<title>Quiso calmar una pelea y termin\u00f3 fallecido en Los Andes - Diario El Trabajo<\/title>\n<meta name=\"robots\" content=\"index, follow, max-snippet:-1, max-image-preview:large, max-video-preview:-1\" \/>\n<link rel=\"canonical\" href=\"https:\/\/eltrabajo.cl\/web\/quiso-calmar-una-pelea-y-termino-fallecido-en-los-andes\/\" \/>\n<meta property=\"og:locale\" content=\"es_ES\" \/>\n<meta property=\"og:type\" content=\"article\" \/>\n<meta property=\"og:title\" content=\"Quiso calmar una pelea y termin\u00f3 fallecido en Los Andes - Diario El Trabajo\" \/>\n<meta property=\"og:description\" content=\"Imputado qued\u00f3 en prisi\u00f3n preventiva mientras dure la investigaci\u00f3n.- Este domingo se realiz\u00f3 un control de detenci\u00f3n en el Juzgado de Garant\u00eda de Los Andes, de un sujeto imputado por el homicidio de Felipe Vera Soto, ocurrido el pasado 29 de agosto en horas de la tarde, en las intersecciones de las calles Galvarino con [&hellip;]\" \/>\n<meta property=\"og:url\" content=\"https:\/\/eltrabajo.cl\/web\/quiso-calmar-una-pelea-y-termino-fallecido-en-los-andes\/\" \/>\n<meta property=\"og:site_name\" content=\"Diario El Trabajo\" \/>\n<meta property=\"article:publisher\" content=\"https:\/\/www.facebook.com\/ElTrabajoDiario\" \/>\n<meta property=\"article:published_time\" content=\"2026-08-31T00:42:29+00:00\" \/>\n<meta property=\"og:image\" content=\"https:\/\/eltrabajo.cl\/web\/wp-content\/uploads\/2026\/08\/fallecido-Los-Andes.jpg\" \/>\n\t<meta property=\"og:image:width\" content=\"698\" \/>\n\t<meta property=\"og:image:height\" content=\"401\" \/>\n\t<meta property=\"og:image:type\" content=\"image\/jpeg\" \/>\n<meta name=\"author\" content=\"Diario El Trabajo\" \/>\n<meta name=\"twitter:card\" content=\"summary_large_image\" \/>\n<meta name=\"twitter:creator\" content=\"@diarioeltrabajo\" \/>\n<meta name=\"twitter:site\" content=\"@diarioeltrabajo\" \/>\n<meta name=\"twitter:label1\" content=\"Escrito por\" \/>\n\t<meta name=\"twitter:data1\" content=\"Diario El Trabajo\" \/>\n\t<meta name=\"twitter:label2\" content=\"Tiempo estimado de lectura\" \/>\n\t<meta name=\"twitter:data2\" content=\"3 minutos\" \/>\n<script type=\"application\/ld+json\" class=\"yoast-schema-graph\">{\"@context\":\"https:\\\/\\\/schema.org\",\"@graph\":[{\"@type\":\"Article\",\"@id\":\"https:\\\/\\\/eltrabajo.cl\\\/web\\\/quiso-calmar-una-pelea-y-termino-fallecido-en-los-andes\\\/#article\",\"isPartOf\":{\"@id\":\"https:\\\/\\\/eltrabajo.cl\\\/web\\\/quiso-calmar-una-pelea-y-termino-fallecido-en-los-andes\\\/\"},\"author\":{\"name\":\"Diario El Trabajo\",\"@id\":\"https:\\\/\\\/eltrabajo.cl\\\/web\\\/#\\\/schema\\\/person\\\/45efd3d17f86ec456e44dd7debe1bf19\"},\"headline\":\"Quiso calmar una pelea y termin\u00f3 fallecido en Los Andes\",\"datePublished\":\"2026-08-31T00:42:29+00:00\",\"mainEntityOfPage\":{\"@id\":\"https:\\\/\\\/eltrabajo.cl\\\/web\\\/quiso-calmar-una-pelea-y-termino-fallecido-en-los-andes\\\/\"},\"wordCount\":525,\"commentCount\":0,\"publisher\":{\"@id\":\"https:\\\/\\\/eltrabajo.cl\\\/web\\\/#organization\"},\"image\":{\"@id\":\"https:\\\/\\\/eltrabajo.cl\\\/web\\\/quiso-calmar-una-pelea-y-termino-fallecido-en-los-andes\\\/#primaryimage\"},\"thumbnailUrl\":\"https:\\\/\\\/eltrabajo.cl\\\/web\\\/wp-content\\\/uploads\\\/2026\\\/08\\\/fallecido-Los-Andes.jpg\",\"articleSection\":[\"Policial\"],\"inLanguage\":\"es-CL\",\"potentialAction\":[{\"@type\":\"CommentAction\",\"name\":\"Comment\",\"target\":[\"https:\\\/\\\/eltrabajo.cl\\\/web\\\/quiso-calmar-una-pelea-y-termino-fallecido-en-los-andes\\\/#respond\"]}]},{\"@type\":\"WebPage\",\"@id\":\"https:\\\/\\\/eltrabajo.cl\\\/web\\\/quiso-calmar-una-pelea-y-termino-fallecido-en-los-andes\\\/\",\"url\":\"https:\\\/\\\/eltrabajo.cl\\\/web\\\/quiso-calmar-una-pelea-y-termino-fallecido-en-los-andes\\\/\",\"name\":\"Quiso calmar una pelea y termin\u00f3 fallecido en Los Andes - Diario El Trabajo\",\"isPartOf\":{\"@id\":\"https:\\\/\\\/eltrabajo.cl\\\/web\\\/#website\"},\"primaryImageOfPage\":{\"@id\":\"https:\\\/\\\/eltrabajo.cl\\\/web\\\/quiso-calmar-una-pelea-y-termino-fallecido-en-los-andes\\\/#primaryimage\"},\"image\":{\"@id\":\"https:\\\/\\\/eltrabajo.cl\\\/web\\\/quiso-calmar-una-pelea-y-termino-fallecido-en-los-andes\\\/#primaryimage\"},\"thumbnailUrl\":\"https:\\\/\\\/eltrabajo.cl\\\/web\\\/wp-content\\\/uploads\\\/2026\\\/08\\\/fallecido-Los-Andes.jpg\",\"datePublished\":\"2026-08-31T00:42:29+00:00\",\"breadcrumb\":{\"@id\":\"https:\\\/\\\/eltrabajo.cl\\\/web\\\/quiso-calmar-una-pelea-y-termino-fallecido-en-los-andes\\\/#breadcrumb\"},\"inLanguage\":\"es-CL\",\"potentialAction\":[{\"@type\":\"ReadAction\",\"target\":[\"https:\\\/\\\/eltrabajo.cl\\\/web\\\/quiso-calmar-una-pelea-y-termino-fallecido-en-los-andes\\\/\"]}]},{\"@type\":\"ImageObject\",\"inLanguage\":\"es-CL\",\"@id\":\"https:\\\/\\\/eltrabajo.cl\\\/web\\\/quiso-calmar-una-pelea-y-termino-fallecido-en-los-andes\\\/#primaryimage\",\"url\":\"https:\\\/\\\/eltrabajo.cl\\\/web\\\/wp-content\\\/uploads\\\/2026\\\/08\\\/fallecido-Los-Andes.jpg\",\"contentUrl\":\"https:\\\/\\\/eltrabajo.cl\\\/web\\\/wp-content\\\/uploads\\\/2026\\\/08\\\/fallecido-Los-Andes.jpg\",\"width\":698,\"height\":401,\"caption\":\"Personal de la PDI y Carabineros en el sitio del suceso.\"},{\"@type\":\"BreadcrumbList\",\"@id\":\"https:\\\/\\\/eltrabajo.cl\\\/web\\\/quiso-calmar-una-pelea-y-termino-fallecido-en-los-andes\\\/#breadcrumb\",\"itemListElement\":[{\"@type\":\"ListItem\",\"position\":1,\"name\":\"Portada\",\"item\":\"https:\\\/\\\/eltrabajo.cl\\\/web\\\/\"},{\"@type\":\"ListItem\",\"position\":2,\"name\":\"Quiso calmar una pelea y termin\u00f3 fallecido en Los Andes\"}]},{\"@type\":\"WebSite\",\"@id\":\"https:\\\/\\\/eltrabajo.cl\\\/web\\\/#website\",\"url\":\"https:\\\/\\\/eltrabajo.cl\\\/web\\\/\",\"name\":\"Diario El Trabajo\",\"description\":\"Desde 1929 construyendo Identidad Local\",\"publisher\":{\"@id\":\"https:\\\/\\\/eltrabajo.cl\\\/web\\\/#organization\"},\"potentialAction\":[{\"@type\":\"SearchAction\",\"target\":{\"@type\":\"EntryPoint\",\"urlTemplate\":\"https:\\\/\\\/eltrabajo.cl\\\/web\\\/?s={search_term_string}\"},\"query-input\":{\"@type\":\"PropertyValueSpecification\",\"valueRequired\":true,\"valueName\":\"search_term_string\"}}],\"inLanguage\":\"es-CL\"},{\"@type\":\"Organization\",\"@id\":\"https:\\\/\\\/eltrabajo.cl\\\/web\\\/#organization\",\"name\":\"Diario El Trabajo\",\"url\":\"https:\\\/\\\/eltrabajo.cl\\\/web\\\/\",\"logo\":{\"@type\":\"ImageObject\",\"inLanguage\":\"es-CL\",\"@id\":\"https:\\\/\\\/eltrabajo.cl\\\/web\\\/#\\\/schema\\\/logo\\\/image\\\/\",\"url\":\"https:\\\/\\\/eltrabajo.cl\\\/web\\\/wp-content\\\/uploads\\\/2024\\\/06\\\/profile-image-ig-page-diarioeltrabajo.jpg\",\"contentUrl\":\"https:\\\/\\\/eltrabajo.cl\\\/web\\\/wp-content\\\/uploads\\\/2024\\\/06\\\/profile-image-ig-page-diarioeltrabajo.jpg\",\"width\":823,\"height\":823,\"caption\":\"Diario El Trabajo\"},\"image\":{\"@id\":\"https:\\\/\\\/eltrabajo.cl\\\/web\\\/#\\\/schema\\\/logo\\\/image\\\/\"},\"sameAs\":[\"https:\\\/\\\/www.facebook.com\\\/ElTrabajoDiario\",\"https:\\\/\\\/x.com\\\/diarioeltrabajo\"]},{\"@type\":\"Person\",\"@id\":\"https:\\\/\\\/eltrabajo.cl\\\/web\\\/#\\\/schema\\\/person\\\/45efd3d17f86ec456e44dd7debe1bf19\",\"name\":\"Diario El Trabajo\",\"image\":{\"@type\":\"ImageObject\",\"inLanguage\":\"es-CL\",\"@id\":\"https:\\\/\\\/secure.gravatar.com\\\/avatar\\\/7e6ec277dc4aea2677c2dc301d4227957219329c985ab69a3efc12518b5161aa?s=96&d=mm&r=g\",\"url\":\"https:\\\/\\\/secure.gravatar.com\\\/avatar\\\/7e6ec277dc4aea2677c2dc301d4227957219329c985ab69a3efc12518b5161aa?s=96&d=mm&r=g\",\"contentUrl\":\"https:\\\/\\\/secure.gravatar.com\\\/avatar\\\/7e6ec277dc4aea2677c2dc301d4227957219329c985ab69a3efc12518b5161aa?s=96&d=mm&r=g\",\"caption\":\"Diario El Trabajo\"},\"sameAs\":[\"https:\\\/\\\/eltrabajo.cl\\\/web\"],\"url\":\"https:\\\/\\\/eltrabajo.cl\\\/web\\\/author\\\/diario-el-trabajo\\\/\"}]}<\/script>\n<!-- \/ Yoast SEO plugin. -->","yoast_head_json":{"title":"Quiso calmar una pelea y termin\u00f3 fallecido en Los Andes - Diario El Trabajo","robots":{"index":"index","follow":"follow","max-snippet":"max-snippet:-1","max-image-preview":"max-image-preview:large","max-video-preview":"max-video-preview:-1"},"canonical":"https:\/\/eltrabajo.cl\/web\/quiso-calmar-una-pelea-y-termino-fallecido-en-los-andes\/","og_locale":"es_ES","og_type":"article","og_title":"Quiso calmar una pelea y termin\u00f3 fallecido en Los Andes - Diario El Trabajo","og_description":"Imputado qued\u00f3 en prisi\u00f3n preventiva mientras dure la investigaci\u00f3n.- Este domingo se realiz\u00f3 un control de detenci\u00f3n en el Juzgado de Garant\u00eda de Los Andes, de un sujeto imputado por el homicidio de Felipe Vera Soto, ocurrido el pasado 29 de agosto en horas de la tarde, en las intersecciones de las calles Galvarino con [&hellip;]","og_url":"https:\/\/eltrabajo.cl\/web\/quiso-calmar-una-pelea-y-termino-fallecido-en-los-andes\/","og_site_name":"Diario El Trabajo","article_publisher":"https:\/\/www.facebook.com\/ElTrabajoDiario","article_published_time":"2026-08-31T00:42:29+00:00","og_image":[{"width":698,"height":401,"url":"https:\/\/eltrabajo.cl\/web\/wp-content\/uploads\/2026\/08\/fallecido-Los-Andes.jpg","type":"image\/jpeg"}],"author":"Diario El Trabajo","twitter_card":"summary_large_image","twitter_creator":"@diarioeltrabajo","twitter_site":"@diarioeltrabajo","twitter_misc":{"Escrito por":"Diario El Trabajo","Tiempo estimado de lectura":"3 minutos"},"schema":{"@context":"https:\/\/schema.org","@graph":[{"@type":"Article","@id":"https:\/\/eltrabajo.cl\/web\/quiso-calmar-una-pelea-y-termino-fallecido-en-los-andes\/#article","isPartOf":{"@id":"https:\/\/eltrabajo.cl\/web\/quiso-calmar-una-pelea-y-termino-fallecido-en-los-andes\/"},"author":{"name":"Diario El Trabajo","@id":"https:\/\/eltrabajo.cl\/web\/#\/schema\/person\/45efd3d17f86ec456e44dd7debe1bf19"},"headline":"Quiso calmar una pelea y termin\u00f3 fallecido en Los Andes","datePublished":"2026-08-31T00:42:29+00:00","mainEntityOfPage":{"@id":"https:\/\/eltrabajo.cl\/web\/quiso-calmar-una-pelea-y-termino-fallecido-en-los-andes\/"},"wordCount":525,"commentCount":0,"publisher":{"@id":"https:\/\/eltrabajo.cl\/web\/#organization"},"image":{"@id":"https:\/\/eltrabajo.cl\/web\/quiso-calmar-una-pelea-y-termino-fallecido-en-los-andes\/#primaryimage"},"thumbnailUrl":"https:\/\/eltrabajo.cl\/web\/wp-content\/uploads\/2026\/08\/fallecido-Los-Andes.jpg","articleSection":["Policial"],"inLanguage":"es-CL","potentialAction":[{"@type":"CommentAction","name":"Comment","target":["https:\/\/eltrabajo.cl\/web\/quiso-calmar-una-pelea-y-termino-fallecido-en-los-andes\/#respond"]}]},{"@type":"WebPage","@id":"https:\/\/eltrabajo.cl\/web\/quiso-calmar-una-pelea-y-termino-fallecido-en-los-andes\/","url":"https:\/\/eltrabajo.cl\/web\/quiso-calmar-una-pelea-y-termino-fallecido-en-los-andes\/","name":"Quiso calmar una pelea y termin\u00f3 fallecido en Los Andes - Diario El Trabajo","isPartOf":{"@id":"https:\/\/eltrabajo.cl\/web\/#website"},"primaryImageOfPage":{"@id":"https:\/\/eltrabajo.cl\/web\/quiso-calmar-una-pelea-y-termino-fallecido-en-los-andes\/#primaryimage"},"image":{"@id":"https:\/\/eltrabajo.cl\/web\/quiso-calmar-una-pelea-y-termino-fallecido-en-los-andes\/#primaryimage"},"thumbnailUrl":"https:\/\/eltrabajo.cl\/web\/wp-content\/uploads\/2026\/08\/fallecido-Los-Andes.jpg","datePublished":"2026-08-31T00:42:29+00:00","breadcrumb":{"@id":"https:\/\/eltrabajo.cl\/web\/quiso-calmar-una-pelea-y-termino-fallecido-en-los-andes\/#breadcrumb"},"inLanguage":"es-CL","potentialAction":[{"@type":"ReadAction","target":["https:\/\/eltrabajo.cl\/web\/quiso-calmar-una-pelea-y-termino-fallecido-en-los-andes\/"]}]},{"@type":"ImageObject","inLanguage":"es-CL","@id":"https:\/\/eltrabajo.cl\/web\/quiso-calmar-una-pelea-y-termino-fallecido-en-los-andes\/#primaryimage","url":"https:\/\/eltrabajo.cl\/web\/wp-content\/uploads\/2026\/08\/fallecido-Los-Andes.jpg","contentUrl":"https:\/\/eltrabajo.cl\/web\/wp-content\/uploads\/2026\/08\/fallecido-Los-Andes.jpg","width":698,"height":401,"caption":"Personal de la PDI y Carabineros en el sitio del suceso."},{"@type":"BreadcrumbList","@id":"https:\/\/eltrabajo.cl\/web\/quiso-calmar-una-pelea-y-termino-fallecido-en-los-andes\/#breadcrumb","itemListElement":[{"@type":"ListItem","position":1,"name":"Portada","item":"https:\/\/eltrabajo.cl\/web\/"},{"@type":"ListItem","position":2,"name":"Quiso calmar una pelea y termin\u00f3 fallecido en Los Andes"}]},{"@type":"WebSite","@id":"https:\/\/eltrabajo.cl\/web\/#website","url":"https:\/\/eltrabajo.cl\/web\/","name":"Diario El Trabajo","description":"Desde 1929 construyendo Identidad Local","publisher":{"@id":"https:\/\/eltrabajo.cl\/web\/#organization"},"potentialAction":[{"@type":"SearchAction","target":{"@type":"EntryPoint","urlTemplate":"https:\/\/eltrabajo.cl\/web\/?s={search_term_string}"},"query-input":{"@type":"PropertyValueSpecification","valueRequired":true,"valueName":"search_term_string"}}],"inLanguage":"es-CL"},{"@type":"Organization","@id":"https:\/\/eltrabajo.cl\/web\/#organization","name":"Diario El Trabajo","url":"https:\/\/eltrabajo.cl\/web\/","logo":{"@type":"ImageObject","inLanguage":"es-CL","@id":"https:\/\/eltrabajo.cl\/web\/#\/schema\/logo\/image\/","url":"https:\/\/eltrabajo.cl\/web\/wp-content\/uploads\/2024\/06\/profile-image-ig-page-diarioeltrabajo.jpg","contentUrl":"https:\/\/eltrabajo.cl\/web\/wp-content\/uploads\/2024\/06\/profile-image-ig-page-diarioeltrabajo.jpg","width":823,"height":823,"caption":"Diario El Trabajo"},"image":{"@id":"https:\/\/eltrabajo.cl\/web\/#\/schema\/logo\/image\/"},"sameAs":["https:\/\/www.facebook.com\/ElTrabajoDiario","https:\/\/x.com\/diarioeltrabajo"]},{"@type":"Person","@id":"https:\/\/eltrabajo.cl\/web\/#\/schema\/person\/45efd3d17f86ec456e44dd7debe1bf19","name":"Diario El Trabajo","image":{"@type":"ImageObject","inLanguage":"es-CL","@id":"https:\/\/secure.gravatar.com\/avatar\/7e6ec277dc4aea2677c2dc301d4227957219329c985ab69a3efc12518b5161aa?s=96&d=mm&r=g","url":"https:\/\/secure.gravatar.com\/avatar\/7e6ec277dc4aea2677c2dc301d4227957219329c985ab69a3efc12518b5161aa?s=96&d=mm&r=g","contentUrl":"https:\/\/secure.gravatar.com\/avatar\/7e6ec277dc4aea2677c2dc301d4227957219329c985ab69a3efc12518b5161aa?s=96&d=mm&r=g","caption":"Diario El Trabajo"},"sameAs":["https:\/\/eltrabajo.cl\/web"],"url":"https:\/\/eltrabajo.cl\/web\/author\/diario-el-trabajo\/"}]}},"_links":{"self":[{"href":"https:\/\/eltrabajo.cl\/web\/wp-json\/wp\/v2\/posts\/146792","targetHints":{"allow":["GET"]}}],"collection":[{"href":"https:\/\/eltrabajo.cl\/web\/wp-json\/wp\/v2\/posts"}],"about":[{"href":"https:\/\/eltrabajo.cl\/web\/wp-json\/wp\/v2\/types\/post"}],"author":[{"embeddable":true,"href":"https:\/\/eltrabajo.cl\/web\/wp-json\/wp\/v2\/users\/1"}],"replies":[{"embeddable":true,"href":"https:\/\/eltrabajo.cl\/web\/wp-json\/wp\/v2\/comments?post=146792"}],"version-history":[{"count":1,"href":"https:\/\/eltrabajo.cl\/web\/wp-json\/wp\/v2\/posts\/146792\/revisions"}],"predecessor-version":[{"id":146794,"href":"https:\/\/eltrabajo.cl\/web\/wp-json\/wp\/v2\/posts\/146792\/revisions\/146794"}],"wp:featuredmedia":[{"embeddable":true,"href":"https:\/\/eltrabajo.cl\/web\/wp-json\/wp\/v2\/media\/146793"}],"wp:attachment":[{"href":"https:\/\/eltrabajo.cl\/web\/wp-json\/wp\/v2\/media?parent=146792"}],"wp:term":[{"taxonomy":"category","embeddable":true,"href":"https:\/\/eltrabajo.cl\/web\/wp-json\/wp\/v2\/categories?post=146792"},{"taxonomy":"post_tag","embeddable":true,"href":"https:\/\/eltrabajo.cl\/web\/wp-json\/wp\/v2\/tags?post=146792"}],"curies":[{"name":"wp","href":"https:\/\/api.w.org\/{rel}","templated":true}]}}