{"id":146796,"date":"2026-08-31T21:38:46","date_gmt":"2026-09-01T00:38:46","guid":{"rendered":"https:\/\/eltrabajo.cl\/web\/?p=146796"},"modified":"2026-08-31T21:38:46","modified_gmt":"2026-09-01T00:38:46","slug":"union-san-felipe-debera-transitar-una-ruta-del-terror-para-salir-del-fondo","status":"publish","type":"post","link":"https:\/\/eltrabajo.cl\/web\/union-san-felipe-debera-transitar-una-ruta-del-terror-para-salir-del-fondo\/","title":{"rendered":"Uni\u00f3n San Felipe deber\u00e1 transitar una &#8216;ruta del terror&#8217; para salir del fondo"},"content":{"rendered":"<p>No son pocos los hinchas de Uni\u00f3n San Felipe que muestran preocupaci\u00f3n por el mal momento competitivo del conjunto albirrojo. Cero goles en los \u00faltimos tres partidos es un r\u00e9cord muy negativo en lo que va de la segunda rueda y haber dejado pasar por alto la oportunidad de sumar de a tres ante un rival directo en la \u00e1spera lucha por salir del fondo, sumado a los triunfos consecutivos de Rangers, hacen temer lo peor entre una parcialidad ya cansada que su equipo no pueda levantar cabeza.<\/p>\n<p>Es poco alentador lo que est\u00e1 mostrando el Un\u00ed Un\u00ed en lo que va de la segunda parte del torneo. De siete encuentros ha ca\u00eddo en cuatro (Wanderers, Antofagasta, Cobreloa, Curic\u00f3), dos empates (Recoleta, Santa Cruz) y un escu\u00e1lido triunfo (San Marcos), dan cuenta de una realidad preocupante, ya que, de seguir la actual tendencia, Rangers podr\u00eda quedar a tiro de dar la caza a los aconcag\u00fcinos en tres fechas m\u00e1s. Algo impensado poco tiempo atr\u00e1s.<\/p>\n<p>En momentos como los actuales la fanaticada busca responsables, y en ese abanico es el t\u00e9cnico <strong>Juan Jos\u00e9 Luvera<\/strong> el que acapara todas las miradas, porque es un hecho objetivo que el equipo no muestra una l\u00ednea de juego definida. Mucho pelotazo y escasa elaboraci\u00f3n han convertido al Un\u00ed Un\u00ed en un equipo completamente abordable para los rivales de turno.<\/p>\n<p>Las pr\u00f3ximas tres estaciones que esperan a los sanfelipe\u00f1os son de complejidad mayor. En realidad, a estas alturas todos parecen muy dif\u00edciles. Magallanes, San Luis y Deportes Copiap\u00f3, son los obst\u00e1culos que por obligaci\u00f3n habr\u00e1 que sortear para no sufrir con el fantasma del descenso.<\/p>\n<p><strong>Pr\u00f3ximos tres partidos:<\/strong><\/p>\n<p><strong>Fecha 24, s\u00e1bado 5 de septiembre<\/strong><\/p>\n<p>Magallanes \u2013 Uni\u00f3n San Felipe.<\/p>\n<p><strong>Fecha 25, martes 8 de septiembre<\/strong><\/p>\n<p>Uni\u00f3n San Felipe \u2013 San Luis.<\/p>\n<p><strong>Fecha 26, lunes 14 de septiembre<\/strong><\/p>\n<p>Uni\u00f3n San Felipe \u2013 Deportes Copiap\u00f3.<\/p>\n<figure id=\"attachment_146797\" aria-describedby=\"caption-attachment-146797\" style=\"width: 700px\" class=\"wp-caption alignnone\"><img loading=\"lazy\" decoding=\"async\" class=\"size-full wp-image-146797\" src=\"https:\/\/eltrabajo.cl\/web\/wp-content\/uploads\/2026\/08\/luvera-2.jpg\" alt=\"Juan Jos\u00e9 Luvera es el principal apuntado por el mal rendimiento del Un\u00ed Un\u00ed. \" width=\"700\" height=\"508\" srcset=\"https:\/\/eltrabajo.cl\/web\/wp-content\/uploads\/2026\/08\/luvera-2.jpg 700w, https:\/\/eltrabajo.cl\/web\/wp-content\/uploads\/2026\/08\/luvera-2-300x218.jpg 300w, https:\/\/eltrabajo.cl\/web\/wp-content\/uploads\/2026\/08\/luvera-2-579x420.jpg 579w, https:\/\/eltrabajo.cl\/web\/wp-content\/uploads\/2026\/08\/luvera-2-150x109.jpg 150w, https:\/\/eltrabajo.cl\/web\/wp-content\/uploads\/2026\/08\/luvera-2-696x505.jpg 696w\" sizes=\"auto, (max-width: 700px) 100vw, 700px\" \/><figcaption id=\"caption-attachment-146797\" class=\"wp-caption-text\">Juan Jos\u00e9 Luvera es el principal apuntado por el mal rendimiento del Un\u00ed Un\u00ed.<\/figcaption><\/figure>\n","protected":false},"excerpt":{"rendered":"<p>No son pocos los hinchas de Uni\u00f3n San Felipe que muestran preocupaci\u00f3n por el mal momento competitivo del conjunto albirrojo. Cero goles en los \u00faltimos tres partidos es un r\u00e9cord muy negativo en lo que va de la segunda rueda y haber dejado pasar por alto la oportunidad de sumar de a tres ante un [&hellip;]<\/p>\n","protected":false},"author":1,"featured_media":146797,"comment_status":"open","ping_status":"closed","sticky":false,"template":"","format":"standard","meta":{"footnotes":""},"categories":[2],"tags":[],"class_list":["post-146796","post","type-post","status-publish","format-standard","has-post-thumbnail","category-deportes"],"yoast_head":"<!-- This site is optimized with the Yoast SEO plugin v28.3 - https:\/\/yoast.com\/product\/yoast-seo-wordpress\/ -->\n<title>Uni\u00f3n San Felipe deber\u00e1 transitar una &#039;ruta del terror&#039; para salir del fondo - Diario El Trabajo<\/title>\n<meta name=\"robots\" content=\"index, follow, max-snippet:-1, max-image-preview:large, max-video-preview:-1\" \/>\n<link rel=\"canonical\" href=\"https:\/\/eltrabajo.cl\/web\/union-san-felipe-debera-transitar-una-ruta-del-terror-para-salir-del-fondo\/\" \/>\n<meta property=\"og:locale\" content=\"es_ES\" \/>\n<meta property=\"og:type\" content=\"article\" \/>\n<meta property=\"og:title\" content=\"Uni\u00f3n San Felipe deber\u00e1 transitar una &#039;ruta del terror&#039; para salir del fondo - Diario El Trabajo\" \/>\n<meta property=\"og:description\" content=\"No son pocos los hinchas de Uni\u00f3n San Felipe que muestran preocupaci\u00f3n por el mal momento competitivo del conjunto albirrojo. Cero goles en los \u00faltimos tres partidos es un r\u00e9cord muy negativo en lo que va de la segunda rueda y haber dejado pasar por alto la oportunidad de sumar de a tres ante un [&hellip;]\" \/>\n<meta property=\"og:url\" content=\"https:\/\/eltrabajo.cl\/web\/union-san-felipe-debera-transitar-una-ruta-del-terror-para-salir-del-fondo\/\" \/>\n<meta property=\"og:site_name\" content=\"Diario El Trabajo\" \/>\n<meta property=\"article:publisher\" content=\"https:\/\/www.facebook.com\/ElTrabajoDiario\" \/>\n<meta property=\"article:published_time\" content=\"2026-09-01T00:38:46+00:00\" \/>\n<meta property=\"og:image\" content=\"https:\/\/eltrabajo.cl\/web\/wp-content\/uploads\/2026\/08\/luvera-2.jpg\" \/>\n\t<meta property=\"og:image:width\" content=\"700\" \/>\n\t<meta property=\"og:image:height\" content=\"508\" \/>\n\t<meta property=\"og:image:type\" content=\"image\/jpeg\" \/>\n<meta name=\"author\" content=\"Diario El Trabajo\" \/>\n<meta name=\"twitter:card\" content=\"summary_large_image\" \/>\n<meta name=\"twitter:creator\" content=\"@diarioeltrabajo\" \/>\n<meta name=\"twitter:site\" content=\"@diarioeltrabajo\" \/>\n<meta name=\"twitter:label1\" content=\"Escrito por\" \/>\n\t<meta name=\"twitter:data1\" content=\"Diario El Trabajo\" \/>\n\t<meta name=\"twitter:label2\" content=\"Tiempo estimado de lectura\" \/>\n\t<meta name=\"twitter:data2\" content=\"2 minutos\" \/>\n<script type=\"application\/ld+json\" class=\"yoast-schema-graph\">{\"@context\":\"https:\\\/\\\/schema.org\",\"@graph\":[{\"@type\":\"Article\",\"@id\":\"https:\\\/\\\/eltrabajo.cl\\\/web\\\/union-san-felipe-debera-transitar-una-ruta-del-terror-para-salir-del-fondo\\\/#article\",\"isPartOf\":{\"@id\":\"https:\\\/\\\/eltrabajo.cl\\\/web\\\/union-san-felipe-debera-transitar-una-ruta-del-terror-para-salir-del-fondo\\\/\"},\"author\":{\"name\":\"Diario El Trabajo\",\"@id\":\"https:\\\/\\\/eltrabajo.cl\\\/web\\\/#\\\/schema\\\/person\\\/45efd3d17f86ec456e44dd7debe1bf19\"},\"headline\":\"Uni\u00f3n San Felipe deber\u00e1 transitar una &#8216;ruta del terror&#8217; para salir del fondo\",\"datePublished\":\"2026-09-01T00:38:46+00:00\",\"mainEntityOfPage\":{\"@id\":\"https:\\\/\\\/eltrabajo.cl\\\/web\\\/union-san-felipe-debera-transitar-una-ruta-del-terror-para-salir-del-fondo\\\/\"},\"wordCount\":355,\"commentCount\":0,\"publisher\":{\"@id\":\"https:\\\/\\\/eltrabajo.cl\\\/web\\\/#organization\"},\"image\":{\"@id\":\"https:\\\/\\\/eltrabajo.cl\\\/web\\\/union-san-felipe-debera-transitar-una-ruta-del-terror-para-salir-del-fondo\\\/#primaryimage\"},\"thumbnailUrl\":\"https:\\\/\\\/eltrabajo.cl\\\/web\\\/wp-content\\\/uploads\\\/2026\\\/08\\\/luvera-2.jpg\",\"articleSection\":[\"Deportes\"],\"inLanguage\":\"es-CL\",\"potentialAction\":[{\"@type\":\"CommentAction\",\"name\":\"Comment\",\"target\":[\"https:\\\/\\\/eltrabajo.cl\\\/web\\\/union-san-felipe-debera-transitar-una-ruta-del-terror-para-salir-del-fondo\\\/#respond\"]}]},{\"@type\":\"WebPage\",\"@id\":\"https:\\\/\\\/eltrabajo.cl\\\/web\\\/union-san-felipe-debera-transitar-una-ruta-del-terror-para-salir-del-fondo\\\/\",\"url\":\"https:\\\/\\\/eltrabajo.cl\\\/web\\\/union-san-felipe-debera-transitar-una-ruta-del-terror-para-salir-del-fondo\\\/\",\"name\":\"Uni\u00f3n San Felipe deber\u00e1 transitar una 'ruta del terror' para salir del fondo - Diario El Trabajo\",\"isPartOf\":{\"@id\":\"https:\\\/\\\/eltrabajo.cl\\\/web\\\/#website\"},\"primaryImageOfPage\":{\"@id\":\"https:\\\/\\\/eltrabajo.cl\\\/web\\\/union-san-felipe-debera-transitar-una-ruta-del-terror-para-salir-del-fondo\\\/#primaryimage\"},\"image\":{\"@id\":\"https:\\\/\\\/eltrabajo.cl\\\/web\\\/union-san-felipe-debera-transitar-una-ruta-del-terror-para-salir-del-fondo\\\/#primaryimage\"},\"thumbnailUrl\":\"https:\\\/\\\/eltrabajo.cl\\\/web\\\/wp-content\\\/uploads\\\/2026\\\/08\\\/luvera-2.jpg\",\"datePublished\":\"2026-09-01T00:38:46+00:00\",\"breadcrumb\":{\"@id\":\"https:\\\/\\\/eltrabajo.cl\\\/web\\\/union-san-felipe-debera-transitar-una-ruta-del-terror-para-salir-del-fondo\\\/#breadcrumb\"},\"inLanguage\":\"es-CL\",\"potentialAction\":[{\"@type\":\"ReadAction\",\"target\":[\"https:\\\/\\\/eltrabajo.cl\\\/web\\\/union-san-felipe-debera-transitar-una-ruta-del-terror-para-salir-del-fondo\\\/\"]}]},{\"@type\":\"ImageObject\",\"inLanguage\":\"es-CL\",\"@id\":\"https:\\\/\\\/eltrabajo.cl\\\/web\\\/union-san-felipe-debera-transitar-una-ruta-del-terror-para-salir-del-fondo\\\/#primaryimage\",\"url\":\"https:\\\/\\\/eltrabajo.cl\\\/web\\\/wp-content\\\/uploads\\\/2026\\\/08\\\/luvera-2.jpg\",\"contentUrl\":\"https:\\\/\\\/eltrabajo.cl\\\/web\\\/wp-content\\\/uploads\\\/2026\\\/08\\\/luvera-2.jpg\",\"width\":700,\"height\":508,\"caption\":\"Juan Jos\u00e9 Luvera es el principal apuntado por el mal rendimiento del Un\u00ed Un\u00ed.\"},{\"@type\":\"BreadcrumbList\",\"@id\":\"https:\\\/\\\/eltrabajo.cl\\\/web\\\/union-san-felipe-debera-transitar-una-ruta-del-terror-para-salir-del-fondo\\\/#breadcrumb\",\"itemListElement\":[{\"@type\":\"ListItem\",\"position\":1,\"name\":\"Portada\",\"item\":\"https:\\\/\\\/eltrabajo.cl\\\/web\\\/\"},{\"@type\":\"ListItem\",\"position\":2,\"name\":\"Uni\u00f3n San Felipe deber\u00e1 transitar una &#8216;ruta del terror&#8217; para salir del fondo\"}]},{\"@type\":\"WebSite\",\"@id\":\"https:\\\/\\\/eltrabajo.cl\\\/web\\\/#website\",\"url\":\"https:\\\/\\\/eltrabajo.cl\\\/web\\\/\",\"name\":\"Diario El Trabajo\",\"description\":\"Desde 1929 construyendo Identidad Local\",\"publisher\":{\"@id\":\"https:\\\/\\\/eltrabajo.cl\\\/web\\\/#organization\"},\"potentialAction\":[{\"@type\":\"SearchAction\",\"target\":{\"@type\":\"EntryPoint\",\"urlTemplate\":\"https:\\\/\\\/eltrabajo.cl\\\/web\\\/?s={search_term_string}\"},\"query-input\":{\"@type\":\"PropertyValueSpecification\",\"valueRequired\":true,\"valueName\":\"search_term_string\"}}],\"inLanguage\":\"es-CL\"},{\"@type\":\"Organization\",\"@id\":\"https:\\\/\\\/eltrabajo.cl\\\/web\\\/#organization\",\"name\":\"Diario El Trabajo\",\"url\":\"https:\\\/\\\/eltrabajo.cl\\\/web\\\/\",\"logo\":{\"@type\":\"ImageObject\",\"inLanguage\":\"es-CL\",\"@id\":\"https:\\\/\\\/eltrabajo.cl\\\/web\\\/#\\\/schema\\\/logo\\\/image\\\/\",\"url\":\"https:\\\/\\\/eltrabajo.cl\\\/web\\\/wp-content\\\/uploads\\\/2024\\\/06\\\/profile-image-ig-page-diarioeltrabajo.jpg\",\"contentUrl\":\"https:\\\/\\\/eltrabajo.cl\\\/web\\\/wp-content\\\/uploads\\\/2024\\\/06\\\/profile-image-ig-page-diarioeltrabajo.jpg\",\"width\":823,\"height\":823,\"caption\":\"Diario El Trabajo\"},\"image\":{\"@id\":\"https:\\\/\\\/eltrabajo.cl\\\/web\\\/#\\\/schema\\\/logo\\\/image\\\/\"},\"sameAs\":[\"https:\\\/\\\/www.facebook.com\\\/ElTrabajoDiario\",\"https:\\\/\\\/x.com\\\/diarioeltrabajo\"]},{\"@type\":\"Person\",\"@id\":\"https:\\\/\\\/eltrabajo.cl\\\/web\\\/#\\\/schema\\\/person\\\/45efd3d17f86ec456e44dd7debe1bf19\",\"name\":\"Diario El Trabajo\",\"image\":{\"@type\":\"ImageObject\",\"inLanguage\":\"es-CL\",\"@id\":\"https:\\\/\\\/secure.gravatar.com\\\/avatar\\\/7e6ec277dc4aea2677c2dc301d4227957219329c985ab69a3efc12518b5161aa?s=96&d=mm&r=g\",\"url\":\"https:\\\/\\\/secure.gravatar.com\\\/avatar\\\/7e6ec277dc4aea2677c2dc301d4227957219329c985ab69a3efc12518b5161aa?s=96&d=mm&r=g\",\"contentUrl\":\"https:\\\/\\\/secure.gravatar.com\\\/avatar\\\/7e6ec277dc4aea2677c2dc301d4227957219329c985ab69a3efc12518b5161aa?s=96&d=mm&r=g\",\"caption\":\"Diario El Trabajo\"},\"sameAs\":[\"https:\\\/\\\/eltrabajo.cl\\\/web\"],\"url\":\"https:\\\/\\\/eltrabajo.cl\\\/web\\\/author\\\/diario-el-trabajo\\\/\"}]}<\/script>\n<!-- \/ Yoast SEO plugin. -->","yoast_head_json":{"title":"Uni\u00f3n San Felipe deber\u00e1 transitar una 'ruta del terror' para salir del fondo - Diario El Trabajo","robots":{"index":"index","follow":"follow","max-snippet":"max-snippet:-1","max-image-preview":"max-image-preview:large","max-video-preview":"max-video-preview:-1"},"canonical":"https:\/\/eltrabajo.cl\/web\/union-san-felipe-debera-transitar-una-ruta-del-terror-para-salir-del-fondo\/","og_locale":"es_ES","og_type":"article","og_title":"Uni\u00f3n San Felipe deber\u00e1 transitar una 'ruta del terror' para salir del fondo - Diario El Trabajo","og_description":"No son pocos los hinchas de Uni\u00f3n San Felipe que muestran preocupaci\u00f3n por el mal momento competitivo del conjunto albirrojo. Cero goles en los \u00faltimos tres partidos es un r\u00e9cord muy negativo en lo que va de la segunda rueda y haber dejado pasar por alto la oportunidad de sumar de a tres ante un [&hellip;]","og_url":"https:\/\/eltrabajo.cl\/web\/union-san-felipe-debera-transitar-una-ruta-del-terror-para-salir-del-fondo\/","og_site_name":"Diario El Trabajo","article_publisher":"https:\/\/www.facebook.com\/ElTrabajoDiario","article_published_time":"2026-09-01T00:38:46+00:00","og_image":[{"width":700,"height":508,"url":"https:\/\/eltrabajo.cl\/web\/wp-content\/uploads\/2026\/08\/luvera-2.jpg","type":"image\/jpeg"}],"author":"Diario El Trabajo","twitter_card":"summary_large_image","twitter_creator":"@diarioeltrabajo","twitter_site":"@diarioeltrabajo","twitter_misc":{"Escrito por":"Diario El Trabajo","Tiempo estimado de lectura":"2 minutos"},"schema":{"@context":"https:\/\/schema.org","@graph":[{"@type":"Article","@id":"https:\/\/eltrabajo.cl\/web\/union-san-felipe-debera-transitar-una-ruta-del-terror-para-salir-del-fondo\/#article","isPartOf":{"@id":"https:\/\/eltrabajo.cl\/web\/union-san-felipe-debera-transitar-una-ruta-del-terror-para-salir-del-fondo\/"},"author":{"name":"Diario El Trabajo","@id":"https:\/\/eltrabajo.cl\/web\/#\/schema\/person\/45efd3d17f86ec456e44dd7debe1bf19"},"headline":"Uni\u00f3n San Felipe deber\u00e1 transitar una &#8216;ruta del terror&#8217; para salir del fondo","datePublished":"2026-09-01T00:38:46+00:00","mainEntityOfPage":{"@id":"https:\/\/eltrabajo.cl\/web\/union-san-felipe-debera-transitar-una-ruta-del-terror-para-salir-del-fondo\/"},"wordCount":355,"commentCount":0,"publisher":{"@id":"https:\/\/eltrabajo.cl\/web\/#organization"},"image":{"@id":"https:\/\/eltrabajo.cl\/web\/union-san-felipe-debera-transitar-una-ruta-del-terror-para-salir-del-fondo\/#primaryimage"},"thumbnailUrl":"https:\/\/eltrabajo.cl\/web\/wp-content\/uploads\/2026\/08\/luvera-2.jpg","articleSection":["Deportes"],"inLanguage":"es-CL","potentialAction":[{"@type":"CommentAction","name":"Comment","target":["https:\/\/eltrabajo.cl\/web\/union-san-felipe-debera-transitar-una-ruta-del-terror-para-salir-del-fondo\/#respond"]}]},{"@type":"WebPage","@id":"https:\/\/eltrabajo.cl\/web\/union-san-felipe-debera-transitar-una-ruta-del-terror-para-salir-del-fondo\/","url":"https:\/\/eltrabajo.cl\/web\/union-san-felipe-debera-transitar-una-ruta-del-terror-para-salir-del-fondo\/","name":"Uni\u00f3n San Felipe deber\u00e1 transitar una 'ruta del terror' para salir del fondo - Diario El Trabajo","isPartOf":{"@id":"https:\/\/eltrabajo.cl\/web\/#website"},"primaryImageOfPage":{"@id":"https:\/\/eltrabajo.cl\/web\/union-san-felipe-debera-transitar-una-ruta-del-terror-para-salir-del-fondo\/#primaryimage"},"image":{"@id":"https:\/\/eltrabajo.cl\/web\/union-san-felipe-debera-transitar-una-ruta-del-terror-para-salir-del-fondo\/#primaryimage"},"thumbnailUrl":"https:\/\/eltrabajo.cl\/web\/wp-content\/uploads\/2026\/08\/luvera-2.jpg","datePublished":"2026-09-01T00:38:46+00:00","breadcrumb":{"@id":"https:\/\/eltrabajo.cl\/web\/union-san-felipe-debera-transitar-una-ruta-del-terror-para-salir-del-fondo\/#breadcrumb"},"inLanguage":"es-CL","potentialAction":[{"@type":"ReadAction","target":["https:\/\/eltrabajo.cl\/web\/union-san-felipe-debera-transitar-una-ruta-del-terror-para-salir-del-fondo\/"]}]},{"@type":"ImageObject","inLanguage":"es-CL","@id":"https:\/\/eltrabajo.cl\/web\/union-san-felipe-debera-transitar-una-ruta-del-terror-para-salir-del-fondo\/#primaryimage","url":"https:\/\/eltrabajo.cl\/web\/wp-content\/uploads\/2026\/08\/luvera-2.jpg","contentUrl":"https:\/\/eltrabajo.cl\/web\/wp-content\/uploads\/2026\/08\/luvera-2.jpg","width":700,"height":508,"caption":"Juan Jos\u00e9 Luvera es el principal apuntado por el mal rendimiento del Un\u00ed Un\u00ed."},{"@type":"BreadcrumbList","@id":"https:\/\/eltrabajo.cl\/web\/union-san-felipe-debera-transitar-una-ruta-del-terror-para-salir-del-fondo\/#breadcrumb","itemListElement":[{"@type":"ListItem","position":1,"name":"Portada","item":"https:\/\/eltrabajo.cl\/web\/"},{"@type":"ListItem","position":2,"name":"Uni\u00f3n San Felipe deber\u00e1 transitar una &#8216;ruta del terror&#8217; para salir del fondo"}]},{"@type":"WebSite","@id":"https:\/\/eltrabajo.cl\/web\/#website","url":"https:\/\/eltrabajo.cl\/web\/","name":"Diario El Trabajo","description":"Desde 1929 construyendo Identidad Local","publisher":{"@id":"https:\/\/eltrabajo.cl\/web\/#organization"},"potentialAction":[{"@type":"SearchAction","target":{"@type":"EntryPoint","urlTemplate":"https:\/\/eltrabajo.cl\/web\/?s={search_term_string}"},"query-input":{"@type":"PropertyValueSpecification","valueRequired":true,"valueName":"search_term_string"}}],"inLanguage":"es-CL"},{"@type":"Organization","@id":"https:\/\/eltrabajo.cl\/web\/#organization","name":"Diario El Trabajo","url":"https:\/\/eltrabajo.cl\/web\/","logo":{"@type":"ImageObject","inLanguage":"es-CL","@id":"https:\/\/eltrabajo.cl\/web\/#\/schema\/logo\/image\/","url":"https:\/\/eltrabajo.cl\/web\/wp-content\/uploads\/2024\/06\/profile-image-ig-page-diarioeltrabajo.jpg","contentUrl":"https:\/\/eltrabajo.cl\/web\/wp-content\/uploads\/2024\/06\/profile-image-ig-page-diarioeltrabajo.jpg","width":823,"height":823,"caption":"Diario El Trabajo"},"image":{"@id":"https:\/\/eltrabajo.cl\/web\/#\/schema\/logo\/image\/"},"sameAs":["https:\/\/www.facebook.com\/ElTrabajoDiario","https:\/\/x.com\/diarioeltrabajo"]},{"@type":"Person","@id":"https:\/\/eltrabajo.cl\/web\/#\/schema\/person\/45efd3d17f86ec456e44dd7debe1bf19","name":"Diario El Trabajo","image":{"@type":"ImageObject","inLanguage":"es-CL","@id":"https:\/\/secure.gravatar.com\/avatar\/7e6ec277dc4aea2677c2dc301d4227957219329c985ab69a3efc12518b5161aa?s=96&d=mm&r=g","url":"https:\/\/secure.gravatar.com\/avatar\/7e6ec277dc4aea2677c2dc301d4227957219329c985ab69a3efc12518b5161aa?s=96&d=mm&r=g","contentUrl":"https:\/\/secure.gravatar.com\/avatar\/7e6ec277dc4aea2677c2dc301d4227957219329c985ab69a3efc12518b5161aa?s=96&d=mm&r=g","caption":"Diario El Trabajo"},"sameAs":["https:\/\/eltrabajo.cl\/web"],"url":"https:\/\/eltrabajo.cl\/web\/author\/diario-el-trabajo\/"}]}},"_links":{"self":[{"href":"https:\/\/eltrabajo.cl\/web\/wp-json\/wp\/v2\/posts\/146796","targetHints":{"allow":["GET"]}}],"collection":[{"href":"https:\/\/eltrabajo.cl\/web\/wp-json\/wp\/v2\/posts"}],"about":[{"href":"https:\/\/eltrabajo.cl\/web\/wp-json\/wp\/v2\/types\/post"}],"author":[{"embeddable":true,"href":"https:\/\/eltrabajo.cl\/web\/wp-json\/wp\/v2\/users\/1"}],"replies":[{"embeddable":true,"href":"https:\/\/eltrabajo.cl\/web\/wp-json\/wp\/v2\/comments?post=146796"}],"version-history":[{"count":1,"href":"https:\/\/eltrabajo.cl\/web\/wp-json\/wp\/v2\/posts\/146796\/revisions"}],"predecessor-version":[{"id":146798,"href":"https:\/\/eltrabajo.cl\/web\/wp-json\/wp\/v2\/posts\/146796\/revisions\/146798"}],"wp:featuredmedia":[{"embeddable":true,"href":"https:\/\/eltrabajo.cl\/web\/wp-json\/wp\/v2\/media\/146797"}],"wp:attachment":[{"href":"https:\/\/eltrabajo.cl\/web\/wp-json\/wp\/v2\/media?parent=146796"}],"wp:term":[{"taxonomy":"category","embeddable":true,"href":"https:\/\/eltrabajo.cl\/web\/wp-json\/wp\/v2\/categories?post=146796"},{"taxonomy":"post_tag","embeddable":true,"href":"https:\/\/eltrabajo.cl\/web\/wp-json\/wp\/v2\/tags?post=146796"}],"curies":[{"name":"wp","href":"https:\/\/api.w.org\/{rel}","templated":true}]}}