{"id":146799,"date":"2026-08-31T21:39:32","date_gmt":"2026-09-01T00:39:32","guid":{"rendered":"https:\/\/eltrabajo.cl\/web\/?p=146799"},"modified":"2026-08-31T21:39:32","modified_gmt":"2026-09-01T00:39:32","slug":"carabineros-detiene-a-profugo-de-la-justicia-en-san-felipe","status":"publish","type":"post","link":"https:\/\/eltrabajo.cl\/web\/carabineros-detiene-a-profugo-de-la-justicia-en-san-felipe\/","title":{"rendered":"Carabineros detiene a pr\u00f3fugo de la justicia en San Felipe"},"content":{"rendered":"<ul>\n<li><strong>Delincuente fue aprehendido en la Poblaci\u00f3n La Santita.\u2013<\/strong><\/li>\n<\/ul>\n<p>Personal de Carabineros de la Segunda Comisar\u00eda de San Felipe logr\u00f3 la detenci\u00f3n de un delincuente que estaba pr\u00f3fugo de la justicia desde el mes de septiembre del a\u00f1o pasado. El malviviente, fue aprehendido en la poblaci\u00f3n La Santita.<\/p>\n<p>Seg\u00fan se inform\u00f3 desde Carabineros de la ciudad, fue durante la ma\u00f1ana de este lunes que efectivos policiales descubrieron a este antisocial. Fue a eso de las 09:15 horas, cuando personal de servicio realizaba trabajos focalizados en el sector.<\/p>\n<p>Y es que hace pr\u00e1cticamente un a\u00f1o que este sujeto se escabull\u00eda de la justicia, sin embargo, gracias a diversas t\u00e9cnicas y estrategias investigativas propias de Carabineros, es que permitieron dar con su ubicaci\u00f3n en un sector habitacional de la ciudad.<\/p>\n<p>Tras su detenci\u00f3n, el individuo fue trasladado hasta el Juzgado de Garant\u00eda de San Felipe, donde ser\u00e1 puesto a disposici\u00f3n del tribunal para el correspondiente control de detenci\u00f3n y que cumpla las condenas por los delitos cometidos con anterioridad.<\/p>\n<p>Finalmente, desde Carabineros de San Felipe comentaron que <em>\u00abel procedimiento reafirma el compromiso permanente de Carabineros de Chile con la seguridad de la comunidad y la b\u00fasqueda de personas que mantienen \u00f3rdenes judiciales pendientes\u00bb<\/em>.<\/p>\n<p>Cabe destacar que en el \u00faltimo tiempo, Carabineros ha logrado la detenci\u00f3n de delincuentes que estaban pr\u00f3fugos de la justicia en diversas comunas de la provincia.<\/p>\n<figure id=\"attachment_146800\" aria-describedby=\"caption-attachment-146800\" style=\"width: 700px\" class=\"wp-caption alignnone\"><img loading=\"lazy\" decoding=\"async\" class=\"size-full wp-image-146800\" src=\"https:\/\/eltrabajo.cl\/web\/wp-content\/uploads\/2026\/08\/detenido-3.jpg\" alt=\"Delincuente estuvo pr\u00f3fugo por casi un a\u00f1o.\" width=\"700\" height=\"511\" srcset=\"https:\/\/eltrabajo.cl\/web\/wp-content\/uploads\/2026\/08\/detenido-3.jpg 700w, https:\/\/eltrabajo.cl\/web\/wp-content\/uploads\/2026\/08\/detenido-3-300x219.jpg 300w, https:\/\/eltrabajo.cl\/web\/wp-content\/uploads\/2026\/08\/detenido-3-575x420.jpg 575w, https:\/\/eltrabajo.cl\/web\/wp-content\/uploads\/2026\/08\/detenido-3-150x110.jpg 150w, https:\/\/eltrabajo.cl\/web\/wp-content\/uploads\/2026\/08\/detenido-3-696x508.jpg 696w\" sizes=\"auto, (max-width: 700px) 100vw, 700px\" \/><figcaption id=\"caption-attachment-146800\" class=\"wp-caption-text\">Delincuente estuvo pr\u00f3fugo por casi un a\u00f1o.<\/figcaption><\/figure>\n","protected":false},"excerpt":{"rendered":"<p>Delincuente fue aprehendido en la Poblaci\u00f3n La Santita.\u2013 Personal de Carabineros de la Segunda Comisar\u00eda de San Felipe logr\u00f3 la detenci\u00f3n de un delincuente que estaba pr\u00f3fugo de la justicia desde el mes de septiembre del a\u00f1o pasado. El malviviente, fue aprehendido en la poblaci\u00f3n La Santita. Seg\u00fan se inform\u00f3 desde Carabineros de la ciudad, [&hellip;]<\/p>\n","protected":false},"author":1,"featured_media":146800,"comment_status":"open","ping_status":"closed","sticky":false,"template":"","format":"standard","meta":{"footnotes":""},"categories":[5],"tags":[],"class_list":["post-146799","post","type-post","status-publish","format-standard","has-post-thumbnail","category-policial"],"yoast_head":"<!-- This site is optimized with the Yoast SEO plugin v28.3 - https:\/\/yoast.com\/product\/yoast-seo-wordpress\/ -->\n<title>Carabineros detiene a pr\u00f3fugo de la justicia en San Felipe - Diario El Trabajo<\/title>\n<meta name=\"robots\" content=\"index, follow, max-snippet:-1, max-image-preview:large, max-video-preview:-1\" \/>\n<link rel=\"canonical\" href=\"https:\/\/eltrabajo.cl\/web\/carabineros-detiene-a-profugo-de-la-justicia-en-san-felipe\/\" \/>\n<meta property=\"og:locale\" content=\"es_ES\" \/>\n<meta property=\"og:type\" content=\"article\" \/>\n<meta property=\"og:title\" content=\"Carabineros detiene a pr\u00f3fugo de la justicia en San Felipe - Diario El Trabajo\" \/>\n<meta property=\"og:description\" content=\"Delincuente fue aprehendido en la Poblaci\u00f3n La Santita.\u2013 Personal de Carabineros de la Segunda Comisar\u00eda de San Felipe logr\u00f3 la detenci\u00f3n de un delincuente que estaba pr\u00f3fugo de la justicia desde el mes de septiembre del a\u00f1o pasado. El malviviente, fue aprehendido en la poblaci\u00f3n La Santita. Seg\u00fan se inform\u00f3 desde Carabineros de la ciudad, [&hellip;]\" \/>\n<meta property=\"og:url\" content=\"https:\/\/eltrabajo.cl\/web\/carabineros-detiene-a-profugo-de-la-justicia-en-san-felipe\/\" \/>\n<meta property=\"og:site_name\" content=\"Diario El Trabajo\" \/>\n<meta property=\"article:publisher\" content=\"https:\/\/www.facebook.com\/ElTrabajoDiario\" \/>\n<meta property=\"article:published_time\" content=\"2026-09-01T00:39:32+00:00\" \/>\n<meta property=\"og:image\" content=\"https:\/\/eltrabajo.cl\/web\/wp-content\/uploads\/2026\/08\/detenido-3.jpg\" \/>\n\t<meta property=\"og:image:width\" content=\"700\" \/>\n\t<meta property=\"og:image:height\" content=\"511\" \/>\n\t<meta property=\"og:image:type\" content=\"image\/jpeg\" \/>\n<meta name=\"author\" content=\"Diario El Trabajo\" \/>\n<meta name=\"twitter:card\" content=\"summary_large_image\" \/>\n<meta name=\"twitter:creator\" content=\"@diarioeltrabajo\" \/>\n<meta name=\"twitter:site\" content=\"@diarioeltrabajo\" \/>\n<meta name=\"twitter:label1\" content=\"Escrito por\" \/>\n\t<meta name=\"twitter:data1\" content=\"Diario El Trabajo\" \/>\n\t<meta name=\"twitter:label2\" content=\"Tiempo estimado de lectura\" \/>\n\t<meta name=\"twitter:data2\" content=\"2 minutos\" \/>\n<script type=\"application\/ld+json\" class=\"yoast-schema-graph\">{\"@context\":\"https:\\\/\\\/schema.org\",\"@graph\":[{\"@type\":\"Article\",\"@id\":\"https:\\\/\\\/eltrabajo.cl\\\/web\\\/carabineros-detiene-a-profugo-de-la-justicia-en-san-felipe\\\/#article\",\"isPartOf\":{\"@id\":\"https:\\\/\\\/eltrabajo.cl\\\/web\\\/carabineros-detiene-a-profugo-de-la-justicia-en-san-felipe\\\/\"},\"author\":{\"name\":\"Diario El Trabajo\",\"@id\":\"https:\\\/\\\/eltrabajo.cl\\\/web\\\/#\\\/schema\\\/person\\\/45efd3d17f86ec456e44dd7debe1bf19\"},\"headline\":\"Carabineros detiene a pr\u00f3fugo de la justicia en San Felipe\",\"datePublished\":\"2026-09-01T00:39:32+00:00\",\"mainEntityOfPage\":{\"@id\":\"https:\\\/\\\/eltrabajo.cl\\\/web\\\/carabineros-detiene-a-profugo-de-la-justicia-en-san-felipe\\\/\"},\"wordCount\":272,\"commentCount\":0,\"publisher\":{\"@id\":\"https:\\\/\\\/eltrabajo.cl\\\/web\\\/#organization\"},\"image\":{\"@id\":\"https:\\\/\\\/eltrabajo.cl\\\/web\\\/carabineros-detiene-a-profugo-de-la-justicia-en-san-felipe\\\/#primaryimage\"},\"thumbnailUrl\":\"https:\\\/\\\/eltrabajo.cl\\\/web\\\/wp-content\\\/uploads\\\/2026\\\/08\\\/detenido-3.jpg\",\"articleSection\":[\"Policial\"],\"inLanguage\":\"es-CL\",\"potentialAction\":[{\"@type\":\"CommentAction\",\"name\":\"Comment\",\"target\":[\"https:\\\/\\\/eltrabajo.cl\\\/web\\\/carabineros-detiene-a-profugo-de-la-justicia-en-san-felipe\\\/#respond\"]}]},{\"@type\":\"WebPage\",\"@id\":\"https:\\\/\\\/eltrabajo.cl\\\/web\\\/carabineros-detiene-a-profugo-de-la-justicia-en-san-felipe\\\/\",\"url\":\"https:\\\/\\\/eltrabajo.cl\\\/web\\\/carabineros-detiene-a-profugo-de-la-justicia-en-san-felipe\\\/\",\"name\":\"Carabineros detiene a pr\u00f3fugo de la justicia en San Felipe - Diario El Trabajo\",\"isPartOf\":{\"@id\":\"https:\\\/\\\/eltrabajo.cl\\\/web\\\/#website\"},\"primaryImageOfPage\":{\"@id\":\"https:\\\/\\\/eltrabajo.cl\\\/web\\\/carabineros-detiene-a-profugo-de-la-justicia-en-san-felipe\\\/#primaryimage\"},\"image\":{\"@id\":\"https:\\\/\\\/eltrabajo.cl\\\/web\\\/carabineros-detiene-a-profugo-de-la-justicia-en-san-felipe\\\/#primaryimage\"},\"thumbnailUrl\":\"https:\\\/\\\/eltrabajo.cl\\\/web\\\/wp-content\\\/uploads\\\/2026\\\/08\\\/detenido-3.jpg\",\"datePublished\":\"2026-09-01T00:39:32+00:00\",\"breadcrumb\":{\"@id\":\"https:\\\/\\\/eltrabajo.cl\\\/web\\\/carabineros-detiene-a-profugo-de-la-justicia-en-san-felipe\\\/#breadcrumb\"},\"inLanguage\":\"es-CL\",\"potentialAction\":[{\"@type\":\"ReadAction\",\"target\":[\"https:\\\/\\\/eltrabajo.cl\\\/web\\\/carabineros-detiene-a-profugo-de-la-justicia-en-san-felipe\\\/\"]}]},{\"@type\":\"ImageObject\",\"inLanguage\":\"es-CL\",\"@id\":\"https:\\\/\\\/eltrabajo.cl\\\/web\\\/carabineros-detiene-a-profugo-de-la-justicia-en-san-felipe\\\/#primaryimage\",\"url\":\"https:\\\/\\\/eltrabajo.cl\\\/web\\\/wp-content\\\/uploads\\\/2026\\\/08\\\/detenido-3.jpg\",\"contentUrl\":\"https:\\\/\\\/eltrabajo.cl\\\/web\\\/wp-content\\\/uploads\\\/2026\\\/08\\\/detenido-3.jpg\",\"width\":700,\"height\":511,\"caption\":\"Delincuente estuvo pr\u00f3fugo por casi un a\u00f1o.\"},{\"@type\":\"BreadcrumbList\",\"@id\":\"https:\\\/\\\/eltrabajo.cl\\\/web\\\/carabineros-detiene-a-profugo-de-la-justicia-en-san-felipe\\\/#breadcrumb\",\"itemListElement\":[{\"@type\":\"ListItem\",\"position\":1,\"name\":\"Portada\",\"item\":\"https:\\\/\\\/eltrabajo.cl\\\/web\\\/\"},{\"@type\":\"ListItem\",\"position\":2,\"name\":\"Carabineros detiene a pr\u00f3fugo de la justicia en San Felipe\"}]},{\"@type\":\"WebSite\",\"@id\":\"https:\\\/\\\/eltrabajo.cl\\\/web\\\/#website\",\"url\":\"https:\\\/\\\/eltrabajo.cl\\\/web\\\/\",\"name\":\"Diario El Trabajo\",\"description\":\"Desde 1929 construyendo Identidad Local\",\"publisher\":{\"@id\":\"https:\\\/\\\/eltrabajo.cl\\\/web\\\/#organization\"},\"potentialAction\":[{\"@type\":\"SearchAction\",\"target\":{\"@type\":\"EntryPoint\",\"urlTemplate\":\"https:\\\/\\\/eltrabajo.cl\\\/web\\\/?s={search_term_string}\"},\"query-input\":{\"@type\":\"PropertyValueSpecification\",\"valueRequired\":true,\"valueName\":\"search_term_string\"}}],\"inLanguage\":\"es-CL\"},{\"@type\":\"Organization\",\"@id\":\"https:\\\/\\\/eltrabajo.cl\\\/web\\\/#organization\",\"name\":\"Diario El Trabajo\",\"url\":\"https:\\\/\\\/eltrabajo.cl\\\/web\\\/\",\"logo\":{\"@type\":\"ImageObject\",\"inLanguage\":\"es-CL\",\"@id\":\"https:\\\/\\\/eltrabajo.cl\\\/web\\\/#\\\/schema\\\/logo\\\/image\\\/\",\"url\":\"https:\\\/\\\/eltrabajo.cl\\\/web\\\/wp-content\\\/uploads\\\/2024\\\/06\\\/profile-image-ig-page-diarioeltrabajo.jpg\",\"contentUrl\":\"https:\\\/\\\/eltrabajo.cl\\\/web\\\/wp-content\\\/uploads\\\/2024\\\/06\\\/profile-image-ig-page-diarioeltrabajo.jpg\",\"width\":823,\"height\":823,\"caption\":\"Diario El Trabajo\"},\"image\":{\"@id\":\"https:\\\/\\\/eltrabajo.cl\\\/web\\\/#\\\/schema\\\/logo\\\/image\\\/\"},\"sameAs\":[\"https:\\\/\\\/www.facebook.com\\\/ElTrabajoDiario\",\"https:\\\/\\\/x.com\\\/diarioeltrabajo\"]},{\"@type\":\"Person\",\"@id\":\"https:\\\/\\\/eltrabajo.cl\\\/web\\\/#\\\/schema\\\/person\\\/45efd3d17f86ec456e44dd7debe1bf19\",\"name\":\"Diario El Trabajo\",\"image\":{\"@type\":\"ImageObject\",\"inLanguage\":\"es-CL\",\"@id\":\"https:\\\/\\\/secure.gravatar.com\\\/avatar\\\/7e6ec277dc4aea2677c2dc301d4227957219329c985ab69a3efc12518b5161aa?s=96&d=mm&r=g\",\"url\":\"https:\\\/\\\/secure.gravatar.com\\\/avatar\\\/7e6ec277dc4aea2677c2dc301d4227957219329c985ab69a3efc12518b5161aa?s=96&d=mm&r=g\",\"contentUrl\":\"https:\\\/\\\/secure.gravatar.com\\\/avatar\\\/7e6ec277dc4aea2677c2dc301d4227957219329c985ab69a3efc12518b5161aa?s=96&d=mm&r=g\",\"caption\":\"Diario El Trabajo\"},\"sameAs\":[\"https:\\\/\\\/eltrabajo.cl\\\/web\"],\"url\":\"https:\\\/\\\/eltrabajo.cl\\\/web\\\/author\\\/diario-el-trabajo\\\/\"}]}<\/script>\n<!-- \/ Yoast SEO plugin. -->","yoast_head_json":{"title":"Carabineros detiene a pr\u00f3fugo de la justicia en San Felipe - Diario El Trabajo","robots":{"index":"index","follow":"follow","max-snippet":"max-snippet:-1","max-image-preview":"max-image-preview:large","max-video-preview":"max-video-preview:-1"},"canonical":"https:\/\/eltrabajo.cl\/web\/carabineros-detiene-a-profugo-de-la-justicia-en-san-felipe\/","og_locale":"es_ES","og_type":"article","og_title":"Carabineros detiene a pr\u00f3fugo de la justicia en San Felipe - Diario El Trabajo","og_description":"Delincuente fue aprehendido en la Poblaci\u00f3n La Santita.\u2013 Personal de Carabineros de la Segunda Comisar\u00eda de San Felipe logr\u00f3 la detenci\u00f3n de un delincuente que estaba pr\u00f3fugo de la justicia desde el mes de septiembre del a\u00f1o pasado. El malviviente, fue aprehendido en la poblaci\u00f3n La Santita. Seg\u00fan se inform\u00f3 desde Carabineros de la ciudad, [&hellip;]","og_url":"https:\/\/eltrabajo.cl\/web\/carabineros-detiene-a-profugo-de-la-justicia-en-san-felipe\/","og_site_name":"Diario El Trabajo","article_publisher":"https:\/\/www.facebook.com\/ElTrabajoDiario","article_published_time":"2026-09-01T00:39:32+00:00","og_image":[{"width":700,"height":511,"url":"https:\/\/eltrabajo.cl\/web\/wp-content\/uploads\/2026\/08\/detenido-3.jpg","type":"image\/jpeg"}],"author":"Diario El Trabajo","twitter_card":"summary_large_image","twitter_creator":"@diarioeltrabajo","twitter_site":"@diarioeltrabajo","twitter_misc":{"Escrito por":"Diario El Trabajo","Tiempo estimado de lectura":"2 minutos"},"schema":{"@context":"https:\/\/schema.org","@graph":[{"@type":"Article","@id":"https:\/\/eltrabajo.cl\/web\/carabineros-detiene-a-profugo-de-la-justicia-en-san-felipe\/#article","isPartOf":{"@id":"https:\/\/eltrabajo.cl\/web\/carabineros-detiene-a-profugo-de-la-justicia-en-san-felipe\/"},"author":{"name":"Diario El Trabajo","@id":"https:\/\/eltrabajo.cl\/web\/#\/schema\/person\/45efd3d17f86ec456e44dd7debe1bf19"},"headline":"Carabineros detiene a pr\u00f3fugo de la justicia en San Felipe","datePublished":"2026-09-01T00:39:32+00:00","mainEntityOfPage":{"@id":"https:\/\/eltrabajo.cl\/web\/carabineros-detiene-a-profugo-de-la-justicia-en-san-felipe\/"},"wordCount":272,"commentCount":0,"publisher":{"@id":"https:\/\/eltrabajo.cl\/web\/#organization"},"image":{"@id":"https:\/\/eltrabajo.cl\/web\/carabineros-detiene-a-profugo-de-la-justicia-en-san-felipe\/#primaryimage"},"thumbnailUrl":"https:\/\/eltrabajo.cl\/web\/wp-content\/uploads\/2026\/08\/detenido-3.jpg","articleSection":["Policial"],"inLanguage":"es-CL","potentialAction":[{"@type":"CommentAction","name":"Comment","target":["https:\/\/eltrabajo.cl\/web\/carabineros-detiene-a-profugo-de-la-justicia-en-san-felipe\/#respond"]}]},{"@type":"WebPage","@id":"https:\/\/eltrabajo.cl\/web\/carabineros-detiene-a-profugo-de-la-justicia-en-san-felipe\/","url":"https:\/\/eltrabajo.cl\/web\/carabineros-detiene-a-profugo-de-la-justicia-en-san-felipe\/","name":"Carabineros detiene a pr\u00f3fugo de la justicia en San Felipe - Diario El Trabajo","isPartOf":{"@id":"https:\/\/eltrabajo.cl\/web\/#website"},"primaryImageOfPage":{"@id":"https:\/\/eltrabajo.cl\/web\/carabineros-detiene-a-profugo-de-la-justicia-en-san-felipe\/#primaryimage"},"image":{"@id":"https:\/\/eltrabajo.cl\/web\/carabineros-detiene-a-profugo-de-la-justicia-en-san-felipe\/#primaryimage"},"thumbnailUrl":"https:\/\/eltrabajo.cl\/web\/wp-content\/uploads\/2026\/08\/detenido-3.jpg","datePublished":"2026-09-01T00:39:32+00:00","breadcrumb":{"@id":"https:\/\/eltrabajo.cl\/web\/carabineros-detiene-a-profugo-de-la-justicia-en-san-felipe\/#breadcrumb"},"inLanguage":"es-CL","potentialAction":[{"@type":"ReadAction","target":["https:\/\/eltrabajo.cl\/web\/carabineros-detiene-a-profugo-de-la-justicia-en-san-felipe\/"]}]},{"@type":"ImageObject","inLanguage":"es-CL","@id":"https:\/\/eltrabajo.cl\/web\/carabineros-detiene-a-profugo-de-la-justicia-en-san-felipe\/#primaryimage","url":"https:\/\/eltrabajo.cl\/web\/wp-content\/uploads\/2026\/08\/detenido-3.jpg","contentUrl":"https:\/\/eltrabajo.cl\/web\/wp-content\/uploads\/2026\/08\/detenido-3.jpg","width":700,"height":511,"caption":"Delincuente estuvo pr\u00f3fugo por casi un a\u00f1o."},{"@type":"BreadcrumbList","@id":"https:\/\/eltrabajo.cl\/web\/carabineros-detiene-a-profugo-de-la-justicia-en-san-felipe\/#breadcrumb","itemListElement":[{"@type":"ListItem","position":1,"name":"Portada","item":"https:\/\/eltrabajo.cl\/web\/"},{"@type":"ListItem","position":2,"name":"Carabineros detiene a pr\u00f3fugo de la justicia en San Felipe"}]},{"@type":"WebSite","@id":"https:\/\/eltrabajo.cl\/web\/#website","url":"https:\/\/eltrabajo.cl\/web\/","name":"Diario El Trabajo","description":"Desde 1929 construyendo Identidad Local","publisher":{"@id":"https:\/\/eltrabajo.cl\/web\/#organization"},"potentialAction":[{"@type":"SearchAction","target":{"@type":"EntryPoint","urlTemplate":"https:\/\/eltrabajo.cl\/web\/?s={search_term_string}"},"query-input":{"@type":"PropertyValueSpecification","valueRequired":true,"valueName":"search_term_string"}}],"inLanguage":"es-CL"},{"@type":"Organization","@id":"https:\/\/eltrabajo.cl\/web\/#organization","name":"Diario El Trabajo","url":"https:\/\/eltrabajo.cl\/web\/","logo":{"@type":"ImageObject","inLanguage":"es-CL","@id":"https:\/\/eltrabajo.cl\/web\/#\/schema\/logo\/image\/","url":"https:\/\/eltrabajo.cl\/web\/wp-content\/uploads\/2024\/06\/profile-image-ig-page-diarioeltrabajo.jpg","contentUrl":"https:\/\/eltrabajo.cl\/web\/wp-content\/uploads\/2024\/06\/profile-image-ig-page-diarioeltrabajo.jpg","width":823,"height":823,"caption":"Diario El Trabajo"},"image":{"@id":"https:\/\/eltrabajo.cl\/web\/#\/schema\/logo\/image\/"},"sameAs":["https:\/\/www.facebook.com\/ElTrabajoDiario","https:\/\/x.com\/diarioeltrabajo"]},{"@type":"Person","@id":"https:\/\/eltrabajo.cl\/web\/#\/schema\/person\/45efd3d17f86ec456e44dd7debe1bf19","name":"Diario El Trabajo","image":{"@type":"ImageObject","inLanguage":"es-CL","@id":"https:\/\/secure.gravatar.com\/avatar\/7e6ec277dc4aea2677c2dc301d4227957219329c985ab69a3efc12518b5161aa?s=96&d=mm&r=g","url":"https:\/\/secure.gravatar.com\/avatar\/7e6ec277dc4aea2677c2dc301d4227957219329c985ab69a3efc12518b5161aa?s=96&d=mm&r=g","contentUrl":"https:\/\/secure.gravatar.com\/avatar\/7e6ec277dc4aea2677c2dc301d4227957219329c985ab69a3efc12518b5161aa?s=96&d=mm&r=g","caption":"Diario El Trabajo"},"sameAs":["https:\/\/eltrabajo.cl\/web"],"url":"https:\/\/eltrabajo.cl\/web\/author\/diario-el-trabajo\/"}]}},"_links":{"self":[{"href":"https:\/\/eltrabajo.cl\/web\/wp-json\/wp\/v2\/posts\/146799","targetHints":{"allow":["GET"]}}],"collection":[{"href":"https:\/\/eltrabajo.cl\/web\/wp-json\/wp\/v2\/posts"}],"about":[{"href":"https:\/\/eltrabajo.cl\/web\/wp-json\/wp\/v2\/types\/post"}],"author":[{"embeddable":true,"href":"https:\/\/eltrabajo.cl\/web\/wp-json\/wp\/v2\/users\/1"}],"replies":[{"embeddable":true,"href":"https:\/\/eltrabajo.cl\/web\/wp-json\/wp\/v2\/comments?post=146799"}],"version-history":[{"count":1,"href":"https:\/\/eltrabajo.cl\/web\/wp-json\/wp\/v2\/posts\/146799\/revisions"}],"predecessor-version":[{"id":146801,"href":"https:\/\/eltrabajo.cl\/web\/wp-json\/wp\/v2\/posts\/146799\/revisions\/146801"}],"wp:featuredmedia":[{"embeddable":true,"href":"https:\/\/eltrabajo.cl\/web\/wp-json\/wp\/v2\/media\/146800"}],"wp:attachment":[{"href":"https:\/\/eltrabajo.cl\/web\/wp-json\/wp\/v2\/media?parent=146799"}],"wp:term":[{"taxonomy":"category","embeddable":true,"href":"https:\/\/eltrabajo.cl\/web\/wp-json\/wp\/v2\/categories?post=146799"},{"taxonomy":"post_tag","embeddable":true,"href":"https:\/\/eltrabajo.cl\/web\/wp-json\/wp\/v2\/tags?post=146799"}],"curies":[{"name":"wp","href":"https:\/\/api.w.org\/{rel}","templated":true}]}}