{"id":146802,"date":"2026-08-31T21:40:45","date_gmt":"2026-09-01T00:40:45","guid":{"rendered":"https:\/\/eltrabajo.cl\/web\/?p=146802"},"modified":"2026-08-31T21:40:45","modified_gmt":"2026-09-01T00:40:45","slug":"apr-en-alerta-por-eventual-vuelta-de-sanitarias-para-asesorarlos-nunca-hicieron-el-trabajo-que-habia-que-hacer","status":"publish","type":"post","link":"https:\/\/eltrabajo.cl\/web\/apr-en-alerta-por-eventual-vuelta-de-sanitarias-para-asesorarlos-nunca-hicieron-el-trabajo-que-habia-que-hacer\/","title":{"rendered":"APR en alerta por eventual vuelta de sanitarias para asesorarlos: \u00abNunca hicieron el trabajo que hab\u00eda que hacer\u00bb"},"content":{"rendered":"<p>A prop\u00f3sito de un video que circula por redes sociales respecto a la eventual vuelta de asesor\u00edas por parte de sanitarias a las cooperativas de agua potable rural y algunas indicaciones del Gobierno sobre la Ley 20.998, de servicios sanitarios rurales, conversamos con <strong>Jorge Herrera<\/strong>, presidente del APR de Quebrada Herrera, para conocer su opini\u00f3n. Y es que, estas asesor\u00edas por parte de privados es algo que rechazan de plano, porque ya tuvieron experiencia y fue muy negativa, asegur\u00f3.<\/p>\n<p>Seg\u00fan indic\u00f3 Herrera, desde el gobierno pasado se trabaj\u00f3 mucho a nivel nacional sobre la norma, la cual era necesaria modificarla. Se estableci\u00f3 una mesa \u00fanica nacional y se lleg\u00f3 al consenso que algunos art\u00edculos deb\u00edan permanecer y cambiar otros. Dentro de esos, el gobierno actual no habr\u00eda tomado en cuenta lo hecho en la mesa t\u00e9cnica nacional y habr\u00eda incurrido en cerca de 145 indicaciones. En esta l\u00ednea, estableci\u00f3 que m\u00e1s del 90% de esas indicaciones, llegan de alguna u otra manera, a que las sanitarias se vuelvan a involucrar como era antiguamente en el pasado.<\/p>\n<p>En su caso, era Esval la unidad t\u00e9cnica, y al igual que en otras regiones, eran los que asesoraban a los APR. Herrera asegur\u00f3 que las sanitarias nunca hicieron el trabajo que hay que hacer con los dirigentes de buena manera y entender que es una administraci\u00f3n de la comunidad; la \u00fanica agua comunitaria que queda en Chile. Entonces, sostuvo que la idea de establecer buenas relaciones y que se vayan \u2018empoderando\u2019 los APR, no ser\u00eda como se se\u00f1ala. <em>\u00abAhora, estas indicaciones vienen de una u otra manera, como te dec\u00eda, a meter al privado, las sanitarias. A involucrarse, a conocer y asesorar, siendo que ese asesoramiento debe ser del estado\u00bb<\/em>, precis\u00f3.<\/p>\n<p>Por eso, estableci\u00f3 que ellos como APR siguen luchando por algo p\u00fablico comunitario y no p\u00fablico privado. Dijo que no necesariamente tiene que privatizarse para que funcione y que la prueba est\u00e1 en que ya llevan m\u00e1s de 60 a\u00f1os trabajando en precarias condiciones y siguen ah\u00ed.<\/p>\n<p>Herrera destac\u00f3 en ese sentido, que los dirigentes son <em>ad honorem<\/em> porque es algo comunitario, <em>\u00ablo hacen en equipo, bien, mal o m\u00e1s o menos. Obviamente,\u00a0 debemos tener alguna falencia a nivel nacional, porque son m\u00e1s de 2.600 APR\u00bb<\/em>,<\/p>\n<p>Lo que a ellos les hubiera gustado era en lo que estaban trabajando con la mesa nacional, que se les hicieran m\u00e1s asesor\u00edas y apoyos, <em>\u00abpero de verdad\u2026 no una cuesti\u00f3n as\u00ed para invitarte a almorzar o regalarte una agenda con una mochila, como era de costumbre con las sanitarias; pero algo de verdad\u2026\u00bb<\/em>.<\/p>\n<p>En definitiva, este tipo de indicaciones los pone en alerta a nivel nacional: <em>\u00abNosotros estamos instalando banderas negras, porque somos de di\u00e1logo, nos gusta debatir vamos mucho al Congreso, hablar con parlamentarios, con el Ejecutivo, pero creo que a veces \u2018se mira por encima del hombro\u2019 o no se les da el valor necesario a los dirigentes, donde algunos llevan 30, 40 a\u00f1os a cargo de un APR, haci\u00e9ndole la pega al Estado\u2026 y est\u00e1 bien, pero no nos est\u00e9n tratando de esa manera. Nosotros tenemos probados argumentos, hemos demostrado que somos capaces\u00bb<\/em>, enfatiz\u00f3.<\/p>\n<p>&nbsp;<\/p>\n<p><strong>PRIMERA APR CON PLANTA FOTOVOLTAICA PROPIA<\/strong><\/p>\n<p>Sobre una buena administraci\u00f3n, Herrera pone como ejemplo a Quebrada Herrera, primer APR en Chile en construir una planta fotovoltaica con recursos propios. <em>\u00abEso no es menor, eso habla de un buen trabajo y a lo mejor hay otra en la regi\u00f3n o en el pa\u00eds que hace otras cosas; eso est\u00e1 bien, que sean autosuficientes, pero siempre necesitamos la ayuda del Estado, que est\u00e1 por ley, pero otra cosa es decir ya que entren las sanitarias a que lo vean ellos\u00bb<\/em>.<\/p>\n<p>Otro punto que genera pol\u00e9mica en estas modificaciones, tiene que ver con la posibilidad que administradores temporales entren a ordenar los APR. Ante eso, Herrera cree que se puede ordenar y mejorar la administraci\u00f3n de un APR en Chile, d\u00e1ndoles lineamientos claros por parte la autoridad; ese es otro malestar.<\/p>\n<p><strong>&#8211; \u00bfEse es el punto m\u00e1s importante creen ustedes?<\/strong><\/p>\n<p>&#8211; Es que es una cuesti\u00f3n m\u00e1s global, hay varias aristas, pero en el grueso, que nos tienen que controlar, s\u00ed; pedir mucha informaci\u00f3n y balances, s\u00ed. No hay problemas, pero lo que nos golpeas m\u00e1s, y de ah\u00ed parte, es tratar de hacer una normativa p\u00fablico privada, siendo que es p\u00fablico comunitaria. Eso nos golpea a nivel pa\u00eds.<\/p>\n<p><strong>&#8211; Pero, \u00bfpor qu\u00e9 los golpea? \u00bfPiensan que despu\u00e9s se van a apropiar de todo el servicio que prestan ustedes?<\/strong><\/p>\n<p>&#8211; Pero claro, porque en el fondo todo el que tenga problemas de fuente, que no tenga pozo, no tenga tarifa o cualquier dificultad, va a aparecer el privado. Insisto en eso, pol\u00edtica p\u00fablica comunitaria, no p\u00fablica privada, creo que est\u00e1 de moda privatizar todo.<\/p>\n<p>En este contexto, el presidente del APR reclama que han hecho la <em>\u00abpega\u00bb<\/em> por 60 a\u00f1os, entonces <em>\u00abno nos peguen con el mocho del hacha, de mala manera. De todas maneras estamos disponibles al di\u00e1logo, a hacer todo, pero cuando nos quieren sacar\u2026 Quebrada Herrera no ser\u00eda el caso, porque es una de las mejorcitas a nivel nacional o regional, tiene sus argumentos. Pero hay APR que a lo mejor no tienen la fuente, tienen intermitencia; le van a colocar un administrador temporal. De esos estamos hablando y muchas aristas m\u00e1s\u00bb<\/em>, indic\u00f3.<\/p>\n<p>Al finalizar, Jorge Herrera precis\u00f3 que como comunidad APR <em>\u00abestamos ah\u00ed dando la lucha, tenemos dirigentes que van todas las semanas al Congreso, ahora se est\u00e1 viendo en Senado, C\u00e1mara de Diputados, analizando los art\u00edculos, pero es complejo, porque no es bueno que te est\u00e9n acechando con cosas que puede entrar el privado.<\/em><\/p>\n<p>\u00ab<em>Nosotros tenemos muy malas experiencias con el privado, con las sanitarias, no hicieron nada, fueron una caja pagadora. Ah\u00ed siguen dirigentes, no aprendiendo mucho, no empoder\u00e1ndose; algunos dir\u00e1n patr\u00f3n de fundo, pero hay algunos dirigentes que no levantan ni la voz, les falta manejo y eso tiene que ser parte del Estado con capacitaciones. Pero no metan al privado, es como pasarle la llave del gallinero al zorro, para que le de comida a las gallinas, y ustedes saben qu\u00e9 pasa con esa ecuaci\u00f3n\u2026 es un zarpazo\u00bb<\/em>, concluy\u00f3.<\/p>\n<p>Ley N\u00b0 20.998 regula los servicios sanitarios rurales en Chile y reconoce a los comit\u00e9s y cooperativas de agua potable rural (APR) como operadores comunitarios oficiales. APR Quebrada Herrera posee 1.115 arranques, mientras que alrededor de 980 son socios.<\/p>\n<figure id=\"attachment_146803\" aria-describedby=\"caption-attachment-146803\" style=\"width: 699px\" class=\"wp-caption alignnone\"><img loading=\"lazy\" decoding=\"async\" class=\"size-full wp-image-146803\" src=\"https:\/\/eltrabajo.cl\/web\/wp-content\/uploads\/2026\/08\/APR-1.jpg\" alt=\"Este es la planta fotovoltaica de APR Quebrada Herrera, que ayuda a economizar luz.\" width=\"699\" height=\"347\" srcset=\"https:\/\/eltrabajo.cl\/web\/wp-content\/uploads\/2026\/08\/APR-1.jpg 699w, https:\/\/eltrabajo.cl\/web\/wp-content\/uploads\/2026\/08\/APR-1-300x149.jpg 300w, https:\/\/eltrabajo.cl\/web\/wp-content\/uploads\/2026\/08\/APR-1-150x74.jpg 150w, https:\/\/eltrabajo.cl\/web\/wp-content\/uploads\/2026\/08\/APR-1-696x346.jpg 696w\" sizes=\"auto, (max-width: 699px) 100vw, 699px\" \/><figcaption id=\"caption-attachment-146803\" class=\"wp-caption-text\">Este es la planta fotovoltaica de APR Quebrada Herrera, que ayuda a economizar luz.<\/figcaption><\/figure>\n<figure id=\"attachment_146804\" aria-describedby=\"caption-attachment-146804\" style=\"width: 699px\" class=\"wp-caption alignnone\"><img loading=\"lazy\" decoding=\"async\" class=\"size-full wp-image-146804\" src=\"https:\/\/eltrabajo.cl\/web\/wp-content\/uploads\/2026\/08\/APR-2.jpg\" alt=\"Jorge Herrera, presidente de APR Quebrada Herrera. \" width=\"699\" height=\"479\" srcset=\"https:\/\/eltrabajo.cl\/web\/wp-content\/uploads\/2026\/08\/APR-2.jpg 699w, https:\/\/eltrabajo.cl\/web\/wp-content\/uploads\/2026\/08\/APR-2-300x206.jpg 300w, https:\/\/eltrabajo.cl\/web\/wp-content\/uploads\/2026\/08\/APR-2-613x420.jpg 613w, https:\/\/eltrabajo.cl\/web\/wp-content\/uploads\/2026\/08\/APR-2-150x103.jpg 150w, https:\/\/eltrabajo.cl\/web\/wp-content\/uploads\/2026\/08\/APR-2-218x150.jpg 218w, https:\/\/eltrabajo.cl\/web\/wp-content\/uploads\/2026\/08\/APR-2-696x477.jpg 696w\" sizes=\"auto, (max-width: 699px) 100vw, 699px\" \/><figcaption id=\"caption-attachment-146804\" class=\"wp-caption-text\">Jorge Herrera, presidente de APR Quebrada Herrera.<\/figcaption><\/figure>\n","protected":false},"excerpt":{"rendered":"<p>A prop\u00f3sito de un video que circula por redes sociales respecto a la eventual vuelta de asesor\u00edas por parte de sanitarias a las cooperativas de agua potable rural y algunas indicaciones del Gobierno sobre la Ley 20.998, de servicios sanitarios rurales, conversamos con Jorge Herrera, presidente del APR de Quebrada Herrera, para conocer su opini\u00f3n. [&hellip;]<\/p>\n","protected":false},"author":1,"featured_media":146803,"comment_status":"open","ping_status":"closed","sticky":false,"template":"","format":"standard","meta":{"footnotes":""},"categories":[4],"tags":[],"class_list":["post-146802","post","type-post","status-publish","format-standard","has-post-thumbnail","category-comunidad"],"yoast_head":"<!-- This site is optimized with the Yoast SEO plugin v28.3 - https:\/\/yoast.com\/product\/yoast-seo-wordpress\/ -->\n<title>APR en alerta por eventual vuelta de sanitarias para asesorarlos: \u00abNunca hicieron el trabajo que hab\u00eda que hacer\u00bb - Diario El Trabajo<\/title>\n<meta name=\"robots\" content=\"index, follow, max-snippet:-1, max-image-preview:large, max-video-preview:-1\" \/>\n<link rel=\"canonical\" href=\"https:\/\/eltrabajo.cl\/web\/apr-en-alerta-por-eventual-vuelta-de-sanitarias-para-asesorarlos-nunca-hicieron-el-trabajo-que-habia-que-hacer\/\" \/>\n<meta property=\"og:locale\" content=\"es_ES\" \/>\n<meta property=\"og:type\" content=\"article\" \/>\n<meta property=\"og:title\" content=\"APR en alerta por eventual vuelta de sanitarias para asesorarlos: \u00abNunca hicieron el trabajo que hab\u00eda que hacer\u00bb - Diario El Trabajo\" \/>\n<meta property=\"og:description\" content=\"A prop\u00f3sito de un video que circula por redes sociales respecto a la eventual vuelta de asesor\u00edas por parte de sanitarias a las cooperativas de agua potable rural y algunas indicaciones del Gobierno sobre la Ley 20.998, de servicios sanitarios rurales, conversamos con Jorge Herrera, presidente del APR de Quebrada Herrera, para conocer su opini\u00f3n. [&hellip;]\" \/>\n<meta property=\"og:url\" content=\"https:\/\/eltrabajo.cl\/web\/apr-en-alerta-por-eventual-vuelta-de-sanitarias-para-asesorarlos-nunca-hicieron-el-trabajo-que-habia-que-hacer\/\" \/>\n<meta property=\"og:site_name\" content=\"Diario El Trabajo\" \/>\n<meta property=\"article:publisher\" content=\"https:\/\/www.facebook.com\/ElTrabajoDiario\" \/>\n<meta property=\"article:published_time\" content=\"2026-09-01T00:40:45+00:00\" \/>\n<meta property=\"og:image\" content=\"https:\/\/eltrabajo.cl\/web\/wp-content\/uploads\/2026\/08\/APR-1.jpg\" \/>\n\t<meta property=\"og:image:width\" content=\"699\" \/>\n\t<meta property=\"og:image:height\" content=\"347\" \/>\n\t<meta property=\"og:image:type\" content=\"image\/jpeg\" \/>\n<meta name=\"author\" content=\"Diario El Trabajo\" \/>\n<meta name=\"twitter:card\" content=\"summary_large_image\" \/>\n<meta name=\"twitter:creator\" content=\"@diarioeltrabajo\" \/>\n<meta name=\"twitter:site\" content=\"@diarioeltrabajo\" \/>\n<meta name=\"twitter:label1\" content=\"Escrito por\" \/>\n\t<meta name=\"twitter:data1\" content=\"Diario El Trabajo\" \/>\n\t<meta name=\"twitter:label2\" content=\"Tiempo estimado de lectura\" \/>\n\t<meta name=\"twitter:data2\" content=\"6 minutos\" \/>\n<script type=\"application\/ld+json\" class=\"yoast-schema-graph\">{\"@context\":\"https:\\\/\\\/schema.org\",\"@graph\":[{\"@type\":\"Article\",\"@id\":\"https:\\\/\\\/eltrabajo.cl\\\/web\\\/apr-en-alerta-por-eventual-vuelta-de-sanitarias-para-asesorarlos-nunca-hicieron-el-trabajo-que-habia-que-hacer\\\/#article\",\"isPartOf\":{\"@id\":\"https:\\\/\\\/eltrabajo.cl\\\/web\\\/apr-en-alerta-por-eventual-vuelta-de-sanitarias-para-asesorarlos-nunca-hicieron-el-trabajo-que-habia-que-hacer\\\/\"},\"author\":{\"name\":\"Diario El Trabajo\",\"@id\":\"https:\\\/\\\/eltrabajo.cl\\\/web\\\/#\\\/schema\\\/person\\\/45efd3d17f86ec456e44dd7debe1bf19\"},\"headline\":\"APR en alerta por eventual vuelta de sanitarias para asesorarlos: \u00abNunca hicieron el trabajo que hab\u00eda que hacer\u00bb\",\"datePublished\":\"2026-09-01T00:40:45+00:00\",\"mainEntityOfPage\":{\"@id\":\"https:\\\/\\\/eltrabajo.cl\\\/web\\\/apr-en-alerta-por-eventual-vuelta-de-sanitarias-para-asesorarlos-nunca-hicieron-el-trabajo-que-habia-que-hacer\\\/\"},\"wordCount\":1169,\"commentCount\":0,\"publisher\":{\"@id\":\"https:\\\/\\\/eltrabajo.cl\\\/web\\\/#organization\"},\"image\":{\"@id\":\"https:\\\/\\\/eltrabajo.cl\\\/web\\\/apr-en-alerta-por-eventual-vuelta-de-sanitarias-para-asesorarlos-nunca-hicieron-el-trabajo-que-habia-que-hacer\\\/#primaryimage\"},\"thumbnailUrl\":\"https:\\\/\\\/eltrabajo.cl\\\/web\\\/wp-content\\\/uploads\\\/2026\\\/08\\\/APR-1.jpg\",\"articleSection\":[\"Comunidad\"],\"inLanguage\":\"es-CL\",\"potentialAction\":[{\"@type\":\"CommentAction\",\"name\":\"Comment\",\"target\":[\"https:\\\/\\\/eltrabajo.cl\\\/web\\\/apr-en-alerta-por-eventual-vuelta-de-sanitarias-para-asesorarlos-nunca-hicieron-el-trabajo-que-habia-que-hacer\\\/#respond\"]}]},{\"@type\":\"WebPage\",\"@id\":\"https:\\\/\\\/eltrabajo.cl\\\/web\\\/apr-en-alerta-por-eventual-vuelta-de-sanitarias-para-asesorarlos-nunca-hicieron-el-trabajo-que-habia-que-hacer\\\/\",\"url\":\"https:\\\/\\\/eltrabajo.cl\\\/web\\\/apr-en-alerta-por-eventual-vuelta-de-sanitarias-para-asesorarlos-nunca-hicieron-el-trabajo-que-habia-que-hacer\\\/\",\"name\":\"APR en alerta por eventual vuelta de sanitarias para asesorarlos: \u00abNunca hicieron el trabajo que hab\u00eda que hacer\u00bb - Diario El Trabajo\",\"isPartOf\":{\"@id\":\"https:\\\/\\\/eltrabajo.cl\\\/web\\\/#website\"},\"primaryImageOfPage\":{\"@id\":\"https:\\\/\\\/eltrabajo.cl\\\/web\\\/apr-en-alerta-por-eventual-vuelta-de-sanitarias-para-asesorarlos-nunca-hicieron-el-trabajo-que-habia-que-hacer\\\/#primaryimage\"},\"image\":{\"@id\":\"https:\\\/\\\/eltrabajo.cl\\\/web\\\/apr-en-alerta-por-eventual-vuelta-de-sanitarias-para-asesorarlos-nunca-hicieron-el-trabajo-que-habia-que-hacer\\\/#primaryimage\"},\"thumbnailUrl\":\"https:\\\/\\\/eltrabajo.cl\\\/web\\\/wp-content\\\/uploads\\\/2026\\\/08\\\/APR-1.jpg\",\"datePublished\":\"2026-09-01T00:40:45+00:00\",\"breadcrumb\":{\"@id\":\"https:\\\/\\\/eltrabajo.cl\\\/web\\\/apr-en-alerta-por-eventual-vuelta-de-sanitarias-para-asesorarlos-nunca-hicieron-el-trabajo-que-habia-que-hacer\\\/#breadcrumb\"},\"inLanguage\":\"es-CL\",\"potentialAction\":[{\"@type\":\"ReadAction\",\"target\":[\"https:\\\/\\\/eltrabajo.cl\\\/web\\\/apr-en-alerta-por-eventual-vuelta-de-sanitarias-para-asesorarlos-nunca-hicieron-el-trabajo-que-habia-que-hacer\\\/\"]}]},{\"@type\":\"ImageObject\",\"inLanguage\":\"es-CL\",\"@id\":\"https:\\\/\\\/eltrabajo.cl\\\/web\\\/apr-en-alerta-por-eventual-vuelta-de-sanitarias-para-asesorarlos-nunca-hicieron-el-trabajo-que-habia-que-hacer\\\/#primaryimage\",\"url\":\"https:\\\/\\\/eltrabajo.cl\\\/web\\\/wp-content\\\/uploads\\\/2026\\\/08\\\/APR-1.jpg\",\"contentUrl\":\"https:\\\/\\\/eltrabajo.cl\\\/web\\\/wp-content\\\/uploads\\\/2026\\\/08\\\/APR-1.jpg\",\"width\":699,\"height\":347,\"caption\":\"Este es la planta fotovoltaica de APR Quebrada Herrera, que ayuda a economizar luz.\"},{\"@type\":\"BreadcrumbList\",\"@id\":\"https:\\\/\\\/eltrabajo.cl\\\/web\\\/apr-en-alerta-por-eventual-vuelta-de-sanitarias-para-asesorarlos-nunca-hicieron-el-trabajo-que-habia-que-hacer\\\/#breadcrumb\",\"itemListElement\":[{\"@type\":\"ListItem\",\"position\":1,\"name\":\"Portada\",\"item\":\"https:\\\/\\\/eltrabajo.cl\\\/web\\\/\"},{\"@type\":\"ListItem\",\"position\":2,\"name\":\"APR en alerta por eventual vuelta de sanitarias para asesorarlos: \u00abNunca hicieron el trabajo que hab\u00eda que hacer\u00bb\"}]},{\"@type\":\"WebSite\",\"@id\":\"https:\\\/\\\/eltrabajo.cl\\\/web\\\/#website\",\"url\":\"https:\\\/\\\/eltrabajo.cl\\\/web\\\/\",\"name\":\"Diario El Trabajo\",\"description\":\"Desde 1929 construyendo Identidad Local\",\"publisher\":{\"@id\":\"https:\\\/\\\/eltrabajo.cl\\\/web\\\/#organization\"},\"potentialAction\":[{\"@type\":\"SearchAction\",\"target\":{\"@type\":\"EntryPoint\",\"urlTemplate\":\"https:\\\/\\\/eltrabajo.cl\\\/web\\\/?s={search_term_string}\"},\"query-input\":{\"@type\":\"PropertyValueSpecification\",\"valueRequired\":true,\"valueName\":\"search_term_string\"}}],\"inLanguage\":\"es-CL\"},{\"@type\":\"Organization\",\"@id\":\"https:\\\/\\\/eltrabajo.cl\\\/web\\\/#organization\",\"name\":\"Diario El Trabajo\",\"url\":\"https:\\\/\\\/eltrabajo.cl\\\/web\\\/\",\"logo\":{\"@type\":\"ImageObject\",\"inLanguage\":\"es-CL\",\"@id\":\"https:\\\/\\\/eltrabajo.cl\\\/web\\\/#\\\/schema\\\/logo\\\/image\\\/\",\"url\":\"https:\\\/\\\/eltrabajo.cl\\\/web\\\/wp-content\\\/uploads\\\/2024\\\/06\\\/profile-image-ig-page-diarioeltrabajo.jpg\",\"contentUrl\":\"https:\\\/\\\/eltrabajo.cl\\\/web\\\/wp-content\\\/uploads\\\/2024\\\/06\\\/profile-image-ig-page-diarioeltrabajo.jpg\",\"width\":823,\"height\":823,\"caption\":\"Diario El Trabajo\"},\"image\":{\"@id\":\"https:\\\/\\\/eltrabajo.cl\\\/web\\\/#\\\/schema\\\/logo\\\/image\\\/\"},\"sameAs\":[\"https:\\\/\\\/www.facebook.com\\\/ElTrabajoDiario\",\"https:\\\/\\\/x.com\\\/diarioeltrabajo\"]},{\"@type\":\"Person\",\"@id\":\"https:\\\/\\\/eltrabajo.cl\\\/web\\\/#\\\/schema\\\/person\\\/45efd3d17f86ec456e44dd7debe1bf19\",\"name\":\"Diario El Trabajo\",\"image\":{\"@type\":\"ImageObject\",\"inLanguage\":\"es-CL\",\"@id\":\"https:\\\/\\\/secure.gravatar.com\\\/avatar\\\/7e6ec277dc4aea2677c2dc301d4227957219329c985ab69a3efc12518b5161aa?s=96&d=mm&r=g\",\"url\":\"https:\\\/\\\/secure.gravatar.com\\\/avatar\\\/7e6ec277dc4aea2677c2dc301d4227957219329c985ab69a3efc12518b5161aa?s=96&d=mm&r=g\",\"contentUrl\":\"https:\\\/\\\/secure.gravatar.com\\\/avatar\\\/7e6ec277dc4aea2677c2dc301d4227957219329c985ab69a3efc12518b5161aa?s=96&d=mm&r=g\",\"caption\":\"Diario El Trabajo\"},\"sameAs\":[\"https:\\\/\\\/eltrabajo.cl\\\/web\"],\"url\":\"https:\\\/\\\/eltrabajo.cl\\\/web\\\/author\\\/diario-el-trabajo\\\/\"}]}<\/script>\n<!-- \/ Yoast SEO plugin. -->","yoast_head_json":{"title":"APR en alerta por eventual vuelta de sanitarias para asesorarlos: \u00abNunca hicieron el trabajo que hab\u00eda que hacer\u00bb - Diario El Trabajo","robots":{"index":"index","follow":"follow","max-snippet":"max-snippet:-1","max-image-preview":"max-image-preview:large","max-video-preview":"max-video-preview:-1"},"canonical":"https:\/\/eltrabajo.cl\/web\/apr-en-alerta-por-eventual-vuelta-de-sanitarias-para-asesorarlos-nunca-hicieron-el-trabajo-que-habia-que-hacer\/","og_locale":"es_ES","og_type":"article","og_title":"APR en alerta por eventual vuelta de sanitarias para asesorarlos: \u00abNunca hicieron el trabajo que hab\u00eda que hacer\u00bb - Diario El Trabajo","og_description":"A prop\u00f3sito de un video que circula por redes sociales respecto a la eventual vuelta de asesor\u00edas por parte de sanitarias a las cooperativas de agua potable rural y algunas indicaciones del Gobierno sobre la Ley 20.998, de servicios sanitarios rurales, conversamos con Jorge Herrera, presidente del APR de Quebrada Herrera, para conocer su opini\u00f3n. [&hellip;]","og_url":"https:\/\/eltrabajo.cl\/web\/apr-en-alerta-por-eventual-vuelta-de-sanitarias-para-asesorarlos-nunca-hicieron-el-trabajo-que-habia-que-hacer\/","og_site_name":"Diario El Trabajo","article_publisher":"https:\/\/www.facebook.com\/ElTrabajoDiario","article_published_time":"2026-09-01T00:40:45+00:00","og_image":[{"width":699,"height":347,"url":"https:\/\/eltrabajo.cl\/web\/wp-content\/uploads\/2026\/08\/APR-1.jpg","type":"image\/jpeg"}],"author":"Diario El Trabajo","twitter_card":"summary_large_image","twitter_creator":"@diarioeltrabajo","twitter_site":"@diarioeltrabajo","twitter_misc":{"Escrito por":"Diario El Trabajo","Tiempo estimado de lectura":"6 minutos"},"schema":{"@context":"https:\/\/schema.org","@graph":[{"@type":"Article","@id":"https:\/\/eltrabajo.cl\/web\/apr-en-alerta-por-eventual-vuelta-de-sanitarias-para-asesorarlos-nunca-hicieron-el-trabajo-que-habia-que-hacer\/#article","isPartOf":{"@id":"https:\/\/eltrabajo.cl\/web\/apr-en-alerta-por-eventual-vuelta-de-sanitarias-para-asesorarlos-nunca-hicieron-el-trabajo-que-habia-que-hacer\/"},"author":{"name":"Diario El Trabajo","@id":"https:\/\/eltrabajo.cl\/web\/#\/schema\/person\/45efd3d17f86ec456e44dd7debe1bf19"},"headline":"APR en alerta por eventual vuelta de sanitarias para asesorarlos: \u00abNunca hicieron el trabajo que hab\u00eda que hacer\u00bb","datePublished":"2026-09-01T00:40:45+00:00","mainEntityOfPage":{"@id":"https:\/\/eltrabajo.cl\/web\/apr-en-alerta-por-eventual-vuelta-de-sanitarias-para-asesorarlos-nunca-hicieron-el-trabajo-que-habia-que-hacer\/"},"wordCount":1169,"commentCount":0,"publisher":{"@id":"https:\/\/eltrabajo.cl\/web\/#organization"},"image":{"@id":"https:\/\/eltrabajo.cl\/web\/apr-en-alerta-por-eventual-vuelta-de-sanitarias-para-asesorarlos-nunca-hicieron-el-trabajo-que-habia-que-hacer\/#primaryimage"},"thumbnailUrl":"https:\/\/eltrabajo.cl\/web\/wp-content\/uploads\/2026\/08\/APR-1.jpg","articleSection":["Comunidad"],"inLanguage":"es-CL","potentialAction":[{"@type":"CommentAction","name":"Comment","target":["https:\/\/eltrabajo.cl\/web\/apr-en-alerta-por-eventual-vuelta-de-sanitarias-para-asesorarlos-nunca-hicieron-el-trabajo-que-habia-que-hacer\/#respond"]}]},{"@type":"WebPage","@id":"https:\/\/eltrabajo.cl\/web\/apr-en-alerta-por-eventual-vuelta-de-sanitarias-para-asesorarlos-nunca-hicieron-el-trabajo-que-habia-que-hacer\/","url":"https:\/\/eltrabajo.cl\/web\/apr-en-alerta-por-eventual-vuelta-de-sanitarias-para-asesorarlos-nunca-hicieron-el-trabajo-que-habia-que-hacer\/","name":"APR en alerta por eventual vuelta de sanitarias para asesorarlos: \u00abNunca hicieron el trabajo que hab\u00eda que hacer\u00bb - Diario El Trabajo","isPartOf":{"@id":"https:\/\/eltrabajo.cl\/web\/#website"},"primaryImageOfPage":{"@id":"https:\/\/eltrabajo.cl\/web\/apr-en-alerta-por-eventual-vuelta-de-sanitarias-para-asesorarlos-nunca-hicieron-el-trabajo-que-habia-que-hacer\/#primaryimage"},"image":{"@id":"https:\/\/eltrabajo.cl\/web\/apr-en-alerta-por-eventual-vuelta-de-sanitarias-para-asesorarlos-nunca-hicieron-el-trabajo-que-habia-que-hacer\/#primaryimage"},"thumbnailUrl":"https:\/\/eltrabajo.cl\/web\/wp-content\/uploads\/2026\/08\/APR-1.jpg","datePublished":"2026-09-01T00:40:45+00:00","breadcrumb":{"@id":"https:\/\/eltrabajo.cl\/web\/apr-en-alerta-por-eventual-vuelta-de-sanitarias-para-asesorarlos-nunca-hicieron-el-trabajo-que-habia-que-hacer\/#breadcrumb"},"inLanguage":"es-CL","potentialAction":[{"@type":"ReadAction","target":["https:\/\/eltrabajo.cl\/web\/apr-en-alerta-por-eventual-vuelta-de-sanitarias-para-asesorarlos-nunca-hicieron-el-trabajo-que-habia-que-hacer\/"]}]},{"@type":"ImageObject","inLanguage":"es-CL","@id":"https:\/\/eltrabajo.cl\/web\/apr-en-alerta-por-eventual-vuelta-de-sanitarias-para-asesorarlos-nunca-hicieron-el-trabajo-que-habia-que-hacer\/#primaryimage","url":"https:\/\/eltrabajo.cl\/web\/wp-content\/uploads\/2026\/08\/APR-1.jpg","contentUrl":"https:\/\/eltrabajo.cl\/web\/wp-content\/uploads\/2026\/08\/APR-1.jpg","width":699,"height":347,"caption":"Este es la planta fotovoltaica de APR Quebrada Herrera, que ayuda a economizar luz."},{"@type":"BreadcrumbList","@id":"https:\/\/eltrabajo.cl\/web\/apr-en-alerta-por-eventual-vuelta-de-sanitarias-para-asesorarlos-nunca-hicieron-el-trabajo-que-habia-que-hacer\/#breadcrumb","itemListElement":[{"@type":"ListItem","position":1,"name":"Portada","item":"https:\/\/eltrabajo.cl\/web\/"},{"@type":"ListItem","position":2,"name":"APR en alerta por eventual vuelta de sanitarias para asesorarlos: \u00abNunca hicieron el trabajo que hab\u00eda que hacer\u00bb"}]},{"@type":"WebSite","@id":"https:\/\/eltrabajo.cl\/web\/#website","url":"https:\/\/eltrabajo.cl\/web\/","name":"Diario El Trabajo","description":"Desde 1929 construyendo Identidad Local","publisher":{"@id":"https:\/\/eltrabajo.cl\/web\/#organization"},"potentialAction":[{"@type":"SearchAction","target":{"@type":"EntryPoint","urlTemplate":"https:\/\/eltrabajo.cl\/web\/?s={search_term_string}"},"query-input":{"@type":"PropertyValueSpecification","valueRequired":true,"valueName":"search_term_string"}}],"inLanguage":"es-CL"},{"@type":"Organization","@id":"https:\/\/eltrabajo.cl\/web\/#organization","name":"Diario El Trabajo","url":"https:\/\/eltrabajo.cl\/web\/","logo":{"@type":"ImageObject","inLanguage":"es-CL","@id":"https:\/\/eltrabajo.cl\/web\/#\/schema\/logo\/image\/","url":"https:\/\/eltrabajo.cl\/web\/wp-content\/uploads\/2024\/06\/profile-image-ig-page-diarioeltrabajo.jpg","contentUrl":"https:\/\/eltrabajo.cl\/web\/wp-content\/uploads\/2024\/06\/profile-image-ig-page-diarioeltrabajo.jpg","width":823,"height":823,"caption":"Diario El Trabajo"},"image":{"@id":"https:\/\/eltrabajo.cl\/web\/#\/schema\/logo\/image\/"},"sameAs":["https:\/\/www.facebook.com\/ElTrabajoDiario","https:\/\/x.com\/diarioeltrabajo"]},{"@type":"Person","@id":"https:\/\/eltrabajo.cl\/web\/#\/schema\/person\/45efd3d17f86ec456e44dd7debe1bf19","name":"Diario El Trabajo","image":{"@type":"ImageObject","inLanguage":"es-CL","@id":"https:\/\/secure.gravatar.com\/avatar\/7e6ec277dc4aea2677c2dc301d4227957219329c985ab69a3efc12518b5161aa?s=96&d=mm&r=g","url":"https:\/\/secure.gravatar.com\/avatar\/7e6ec277dc4aea2677c2dc301d4227957219329c985ab69a3efc12518b5161aa?s=96&d=mm&r=g","contentUrl":"https:\/\/secure.gravatar.com\/avatar\/7e6ec277dc4aea2677c2dc301d4227957219329c985ab69a3efc12518b5161aa?s=96&d=mm&r=g","caption":"Diario El Trabajo"},"sameAs":["https:\/\/eltrabajo.cl\/web"],"url":"https:\/\/eltrabajo.cl\/web\/author\/diario-el-trabajo\/"}]}},"_links":{"self":[{"href":"https:\/\/eltrabajo.cl\/web\/wp-json\/wp\/v2\/posts\/146802","targetHints":{"allow":["GET"]}}],"collection":[{"href":"https:\/\/eltrabajo.cl\/web\/wp-json\/wp\/v2\/posts"}],"about":[{"href":"https:\/\/eltrabajo.cl\/web\/wp-json\/wp\/v2\/types\/post"}],"author":[{"embeddable":true,"href":"https:\/\/eltrabajo.cl\/web\/wp-json\/wp\/v2\/users\/1"}],"replies":[{"embeddable":true,"href":"https:\/\/eltrabajo.cl\/web\/wp-json\/wp\/v2\/comments?post=146802"}],"version-history":[{"count":1,"href":"https:\/\/eltrabajo.cl\/web\/wp-json\/wp\/v2\/posts\/146802\/revisions"}],"predecessor-version":[{"id":146805,"href":"https:\/\/eltrabajo.cl\/web\/wp-json\/wp\/v2\/posts\/146802\/revisions\/146805"}],"wp:featuredmedia":[{"embeddable":true,"href":"https:\/\/eltrabajo.cl\/web\/wp-json\/wp\/v2\/media\/146803"}],"wp:attachment":[{"href":"https:\/\/eltrabajo.cl\/web\/wp-json\/wp\/v2\/media?parent=146802"}],"wp:term":[{"taxonomy":"category","embeddable":true,"href":"https:\/\/eltrabajo.cl\/web\/wp-json\/wp\/v2\/categories?post=146802"},{"taxonomy":"post_tag","embeddable":true,"href":"https:\/\/eltrabajo.cl\/web\/wp-json\/wp\/v2\/tags?post=146802"}],"curies":[{"name":"wp","href":"https:\/\/api.w.org\/{rel}","templated":true}]}}