{"id":146806,"date":"2026-08-31T21:41:38","date_gmt":"2026-09-01T00:41:38","guid":{"rendered":"https:\/\/eltrabajo.cl\/web\/?p=146806"},"modified":"2026-08-31T21:41:38","modified_gmt":"2026-09-01T00:41:38","slug":"delegado-provincial-asegura-que-apertura-del-porton-en-llay-llay-seria-en-el-corto-plazo","status":"publish","type":"post","link":"https:\/\/eltrabajo.cl\/web\/delegado-provincial-asegura-que-apertura-del-porton-en-llay-llay-seria-en-el-corto-plazo\/","title":{"rendered":"Delegado Provincial asegura que apertura del port\u00f3n en Llay Llay ser\u00eda en el corto plazo"},"content":{"rendered":"<ul>\n<li><strong>Tras la reuni\u00f3n ampliada por la problem\u00e1tica del Peaje Las Vegas, autoridades buscan soluciones al \u2018aislamiento\u2019 de la comunidad.\u2013<\/strong><\/li>\n<\/ul>\n<p>Contin\u00faa la b\u00fasqueda de soluciones para los vecinos del sector de Las Vegas en Llay Llay y de Aconcagua en general, luego de la serie de problem\u00e1ticas que se han generado a ra\u00edz de la implementaci\u00f3n del sistema Free Flow en el sector, eliminando el Peaje Las Vegas, y con ello, los paraderos y el retorno, generando aislaci\u00f3n a la comunidad del sector.<\/p>\n<p>Fue as\u00ed, como se realiz\u00f3 una reuni\u00f3n ampliada el pasado s\u00e1bado en el mismo sector de Las Vegas, en el que la comunidad y las autoridades locales se reunieron con representantes de concesiones del Ministerio de Obras P\u00fablicas (MOP). En su oportunidad, el alcalde <strong>Edgardo Gonz\u00e1lez Arancibia<\/strong>, destac\u00f3 algunos de los peque\u00f1os avances que se han generado.<\/p>\n<p>En este contexto, el delegado presidencial provincial de San Felipe de Aconcagua, <strong>Sebasti\u00e1n Caldera<\/strong>, coment\u00f3 que se trat\u00f3 de <em>\u00abuna reuni\u00f3n derivada de una reuni\u00f3n anterior <\/em>(\u2026)<em> Creo que se avanza bastante con la visita de la directora de concesiones del MOP; creo que de diez, al menos se avanza en cinco<\/em> (puntos)<em>\u00bb<\/em>.<\/p>\n<p>En cuanto a uno de los hechos m\u00e1s esperados, como es la apertura del port\u00f3n en el sector, que era una v\u00eda alternativa para evitar el peaje, la autoridad provincial indic\u00f3 que <em>\u00abpor mucho tiempo se ha esperado sacar un port\u00f3n que est\u00e1 en el cruce de la l\u00ednea f\u00e9rrea; se comprometi\u00f3 as\u00ed, esperamos que sea en el corto plazo, en parte dando una soluci\u00f3n<\/em> (\u2026) <em>Se habla de un retorno, se habla de varias cosas que se van a ir informando en su momento, pero creo que es un importante avance\u00bb<\/em>, asegur\u00f3 el delegado.<\/p>\n<p>En cuanto a los motivos que se han entregado para justificar que no se habilite este camino, el delegado provincial detall\u00f3 que <em>\u00abel principal requisito que pide EFE<\/em> (Empresa de Ferrocarriles del Estado) <em>es que vaya una barrera ah\u00ed, como hay en todos los cruces f\u00e9rreos. Qui\u00e9n financia eso creo que es lo m\u00e1s lento, pero se comprometi\u00f3 que ese se ejecute en el lugar. Se ver\u00e1 la forma de financiarlo, pero es al corto plazo\u00bb<\/em>, estableci\u00f3.<\/p>\n<p>Junto con esto, y sobre la posibilidad de un nuevo retorno en el sector, Caldera sostuvo que <em>\u00abser\u00eda una obra nueva, pero de menor magnitud. Es lo que dec\u00eda la jefa de concesiones y tambi\u00e9n las personas de la concesionaria\u00bb<\/em>.<\/p>\n<p>Asimismo, y consultado sobre si falt\u00f3 una instancia de di\u00e1logo previa a todo esto, Sebasti\u00e1n Caldera expres\u00f3 que <em>\u00abentiendo que esto viene hace mucho tiempo; nos toca hacernos cargo, es la forma, el di\u00e1logo es la forma. Se viene denunciando hace mucho tiempo y lleg\u00f3 el momento de hacerse cargo\u00bb<\/em>, cerr\u00f3.<\/p>\n<figure id=\"attachment_146807\" aria-describedby=\"caption-attachment-146807\" style=\"width: 697px\" class=\"wp-caption alignnone\"><img loading=\"lazy\" decoding=\"async\" class=\"size-full wp-image-146807\" src=\"https:\/\/eltrabajo.cl\/web\/wp-content\/uploads\/2026\/08\/porton-Las-Vegas.jpg\" alt=\"Esperan habilitar, ahora s\u00ed, el port\u00f3n en el sector de Las Vegas (Imagen de archivo).\" width=\"697\" height=\"322\" srcset=\"https:\/\/eltrabajo.cl\/web\/wp-content\/uploads\/2026\/08\/porton-Las-Vegas.jpg 697w, https:\/\/eltrabajo.cl\/web\/wp-content\/uploads\/2026\/08\/porton-Las-Vegas-300x139.jpg 300w, https:\/\/eltrabajo.cl\/web\/wp-content\/uploads\/2026\/08\/porton-Las-Vegas-150x69.jpg 150w\" sizes=\"auto, (max-width: 697px) 100vw, 697px\" \/><figcaption id=\"caption-attachment-146807\" class=\"wp-caption-text\">Esperan habilitar, ahora s\u00ed, el port\u00f3n en el sector de Las Vegas (Imagen de archivo).<\/figcaption><\/figure>\n","protected":false},"excerpt":{"rendered":"<p>Tras la reuni\u00f3n ampliada por la problem\u00e1tica del Peaje Las Vegas, autoridades buscan soluciones al \u2018aislamiento\u2019 de la comunidad.\u2013 Contin\u00faa la b\u00fasqueda de soluciones para los vecinos del sector de Las Vegas en Llay Llay y de Aconcagua en general, luego de la serie de problem\u00e1ticas que se han generado a ra\u00edz de la implementaci\u00f3n [&hellip;]<\/p>\n","protected":false},"author":1,"featured_media":146807,"comment_status":"open","ping_status":"closed","sticky":false,"template":"","format":"standard","meta":{"footnotes":""},"categories":[3],"tags":[],"class_list":["post-146806","post","type-post","status-publish","format-standard","has-post-thumbnail","category-cronica-2"],"yoast_head":"<!-- This site is optimized with the Yoast SEO plugin v28.3 - https:\/\/yoast.com\/product\/yoast-seo-wordpress\/ -->\n<title>Delegado Provincial asegura que apertura del port\u00f3n en Llay Llay ser\u00eda en el corto plazo - Diario El Trabajo<\/title>\n<meta name=\"robots\" content=\"index, follow, max-snippet:-1, max-image-preview:large, max-video-preview:-1\" \/>\n<link rel=\"canonical\" href=\"https:\/\/eltrabajo.cl\/web\/delegado-provincial-asegura-que-apertura-del-porton-en-llay-llay-seria-en-el-corto-plazo\/\" \/>\n<meta property=\"og:locale\" content=\"es_ES\" \/>\n<meta property=\"og:type\" content=\"article\" \/>\n<meta property=\"og:title\" content=\"Delegado Provincial asegura que apertura del port\u00f3n en Llay Llay ser\u00eda en el corto plazo - Diario El Trabajo\" \/>\n<meta property=\"og:description\" content=\"Tras la reuni\u00f3n ampliada por la problem\u00e1tica del Peaje Las Vegas, autoridades buscan soluciones al \u2018aislamiento\u2019 de la comunidad.\u2013 Contin\u00faa la b\u00fasqueda de soluciones para los vecinos del sector de Las Vegas en Llay Llay y de Aconcagua en general, luego de la serie de problem\u00e1ticas que se han generado a ra\u00edz de la implementaci\u00f3n [&hellip;]\" \/>\n<meta property=\"og:url\" content=\"https:\/\/eltrabajo.cl\/web\/delegado-provincial-asegura-que-apertura-del-porton-en-llay-llay-seria-en-el-corto-plazo\/\" \/>\n<meta property=\"og:site_name\" content=\"Diario El Trabajo\" \/>\n<meta property=\"article:publisher\" content=\"https:\/\/www.facebook.com\/ElTrabajoDiario\" \/>\n<meta property=\"article:published_time\" content=\"2026-09-01T00:41:38+00:00\" \/>\n<meta property=\"og:image\" content=\"https:\/\/eltrabajo.cl\/web\/wp-content\/uploads\/2026\/08\/porton-Las-Vegas.jpg\" \/>\n\t<meta property=\"og:image:width\" content=\"697\" \/>\n\t<meta property=\"og:image:height\" content=\"322\" \/>\n\t<meta property=\"og:image:type\" content=\"image\/jpeg\" \/>\n<meta name=\"author\" content=\"Diario El Trabajo\" \/>\n<meta name=\"twitter:card\" content=\"summary_large_image\" \/>\n<meta name=\"twitter:creator\" content=\"@diarioeltrabajo\" \/>\n<meta name=\"twitter:site\" content=\"@diarioeltrabajo\" \/>\n<meta name=\"twitter:label1\" content=\"Escrito por\" \/>\n\t<meta name=\"twitter:data1\" content=\"Diario El Trabajo\" \/>\n\t<meta name=\"twitter:label2\" content=\"Tiempo estimado de lectura\" \/>\n\t<meta name=\"twitter:data2\" content=\"3 minutos\" \/>\n<script type=\"application\/ld+json\" class=\"yoast-schema-graph\">{\"@context\":\"https:\\\/\\\/schema.org\",\"@graph\":[{\"@type\":\"Article\",\"@id\":\"https:\\\/\\\/eltrabajo.cl\\\/web\\\/delegado-provincial-asegura-que-apertura-del-porton-en-llay-llay-seria-en-el-corto-plazo\\\/#article\",\"isPartOf\":{\"@id\":\"https:\\\/\\\/eltrabajo.cl\\\/web\\\/delegado-provincial-asegura-que-apertura-del-porton-en-llay-llay-seria-en-el-corto-plazo\\\/\"},\"author\":{\"name\":\"Diario El Trabajo\",\"@id\":\"https:\\\/\\\/eltrabajo.cl\\\/web\\\/#\\\/schema\\\/person\\\/45efd3d17f86ec456e44dd7debe1bf19\"},\"headline\":\"Delegado Provincial asegura que apertura del port\u00f3n en Llay Llay ser\u00eda en el corto plazo\",\"datePublished\":\"2026-09-01T00:41:38+00:00\",\"mainEntityOfPage\":{\"@id\":\"https:\\\/\\\/eltrabajo.cl\\\/web\\\/delegado-provincial-asegura-que-apertura-del-porton-en-llay-llay-seria-en-el-corto-plazo\\\/\"},\"wordCount\":525,\"commentCount\":0,\"publisher\":{\"@id\":\"https:\\\/\\\/eltrabajo.cl\\\/web\\\/#organization\"},\"image\":{\"@id\":\"https:\\\/\\\/eltrabajo.cl\\\/web\\\/delegado-provincial-asegura-que-apertura-del-porton-en-llay-llay-seria-en-el-corto-plazo\\\/#primaryimage\"},\"thumbnailUrl\":\"https:\\\/\\\/eltrabajo.cl\\\/web\\\/wp-content\\\/uploads\\\/2026\\\/08\\\/porton-Las-Vegas.jpg\",\"articleSection\":[\"Cr\u00f3nica\"],\"inLanguage\":\"es-CL\",\"potentialAction\":[{\"@type\":\"CommentAction\",\"name\":\"Comment\",\"target\":[\"https:\\\/\\\/eltrabajo.cl\\\/web\\\/delegado-provincial-asegura-que-apertura-del-porton-en-llay-llay-seria-en-el-corto-plazo\\\/#respond\"]}]},{\"@type\":\"WebPage\",\"@id\":\"https:\\\/\\\/eltrabajo.cl\\\/web\\\/delegado-provincial-asegura-que-apertura-del-porton-en-llay-llay-seria-en-el-corto-plazo\\\/\",\"url\":\"https:\\\/\\\/eltrabajo.cl\\\/web\\\/delegado-provincial-asegura-que-apertura-del-porton-en-llay-llay-seria-en-el-corto-plazo\\\/\",\"name\":\"Delegado Provincial asegura que apertura del port\u00f3n en Llay Llay ser\u00eda en el corto plazo - Diario El Trabajo\",\"isPartOf\":{\"@id\":\"https:\\\/\\\/eltrabajo.cl\\\/web\\\/#website\"},\"primaryImageOfPage\":{\"@id\":\"https:\\\/\\\/eltrabajo.cl\\\/web\\\/delegado-provincial-asegura-que-apertura-del-porton-en-llay-llay-seria-en-el-corto-plazo\\\/#primaryimage\"},\"image\":{\"@id\":\"https:\\\/\\\/eltrabajo.cl\\\/web\\\/delegado-provincial-asegura-que-apertura-del-porton-en-llay-llay-seria-en-el-corto-plazo\\\/#primaryimage\"},\"thumbnailUrl\":\"https:\\\/\\\/eltrabajo.cl\\\/web\\\/wp-content\\\/uploads\\\/2026\\\/08\\\/porton-Las-Vegas.jpg\",\"datePublished\":\"2026-09-01T00:41:38+00:00\",\"breadcrumb\":{\"@id\":\"https:\\\/\\\/eltrabajo.cl\\\/web\\\/delegado-provincial-asegura-que-apertura-del-porton-en-llay-llay-seria-en-el-corto-plazo\\\/#breadcrumb\"},\"inLanguage\":\"es-CL\",\"potentialAction\":[{\"@type\":\"ReadAction\",\"target\":[\"https:\\\/\\\/eltrabajo.cl\\\/web\\\/delegado-provincial-asegura-que-apertura-del-porton-en-llay-llay-seria-en-el-corto-plazo\\\/\"]}]},{\"@type\":\"ImageObject\",\"inLanguage\":\"es-CL\",\"@id\":\"https:\\\/\\\/eltrabajo.cl\\\/web\\\/delegado-provincial-asegura-que-apertura-del-porton-en-llay-llay-seria-en-el-corto-plazo\\\/#primaryimage\",\"url\":\"https:\\\/\\\/eltrabajo.cl\\\/web\\\/wp-content\\\/uploads\\\/2026\\\/08\\\/porton-Las-Vegas.jpg\",\"contentUrl\":\"https:\\\/\\\/eltrabajo.cl\\\/web\\\/wp-content\\\/uploads\\\/2026\\\/08\\\/porton-Las-Vegas.jpg\",\"width\":697,\"height\":322,\"caption\":\"Esperan habilitar, ahora s\u00ed, el port\u00f3n en el sector de Las Vegas (Imagen de archivo).\"},{\"@type\":\"BreadcrumbList\",\"@id\":\"https:\\\/\\\/eltrabajo.cl\\\/web\\\/delegado-provincial-asegura-que-apertura-del-porton-en-llay-llay-seria-en-el-corto-plazo\\\/#breadcrumb\",\"itemListElement\":[{\"@type\":\"ListItem\",\"position\":1,\"name\":\"Portada\",\"item\":\"https:\\\/\\\/eltrabajo.cl\\\/web\\\/\"},{\"@type\":\"ListItem\",\"position\":2,\"name\":\"Delegado Provincial asegura que apertura del port\u00f3n en Llay Llay ser\u00eda en el corto plazo\"}]},{\"@type\":\"WebSite\",\"@id\":\"https:\\\/\\\/eltrabajo.cl\\\/web\\\/#website\",\"url\":\"https:\\\/\\\/eltrabajo.cl\\\/web\\\/\",\"name\":\"Diario El Trabajo\",\"description\":\"Desde 1929 construyendo Identidad Local\",\"publisher\":{\"@id\":\"https:\\\/\\\/eltrabajo.cl\\\/web\\\/#organization\"},\"potentialAction\":[{\"@type\":\"SearchAction\",\"target\":{\"@type\":\"EntryPoint\",\"urlTemplate\":\"https:\\\/\\\/eltrabajo.cl\\\/web\\\/?s={search_term_string}\"},\"query-input\":{\"@type\":\"PropertyValueSpecification\",\"valueRequired\":true,\"valueName\":\"search_term_string\"}}],\"inLanguage\":\"es-CL\"},{\"@type\":\"Organization\",\"@id\":\"https:\\\/\\\/eltrabajo.cl\\\/web\\\/#organization\",\"name\":\"Diario El Trabajo\",\"url\":\"https:\\\/\\\/eltrabajo.cl\\\/web\\\/\",\"logo\":{\"@type\":\"ImageObject\",\"inLanguage\":\"es-CL\",\"@id\":\"https:\\\/\\\/eltrabajo.cl\\\/web\\\/#\\\/schema\\\/logo\\\/image\\\/\",\"url\":\"https:\\\/\\\/eltrabajo.cl\\\/web\\\/wp-content\\\/uploads\\\/2024\\\/06\\\/profile-image-ig-page-diarioeltrabajo.jpg\",\"contentUrl\":\"https:\\\/\\\/eltrabajo.cl\\\/web\\\/wp-content\\\/uploads\\\/2024\\\/06\\\/profile-image-ig-page-diarioeltrabajo.jpg\",\"width\":823,\"height\":823,\"caption\":\"Diario El Trabajo\"},\"image\":{\"@id\":\"https:\\\/\\\/eltrabajo.cl\\\/web\\\/#\\\/schema\\\/logo\\\/image\\\/\"},\"sameAs\":[\"https:\\\/\\\/www.facebook.com\\\/ElTrabajoDiario\",\"https:\\\/\\\/x.com\\\/diarioeltrabajo\"]},{\"@type\":\"Person\",\"@id\":\"https:\\\/\\\/eltrabajo.cl\\\/web\\\/#\\\/schema\\\/person\\\/45efd3d17f86ec456e44dd7debe1bf19\",\"name\":\"Diario El Trabajo\",\"image\":{\"@type\":\"ImageObject\",\"inLanguage\":\"es-CL\",\"@id\":\"https:\\\/\\\/secure.gravatar.com\\\/avatar\\\/7e6ec277dc4aea2677c2dc301d4227957219329c985ab69a3efc12518b5161aa?s=96&d=mm&r=g\",\"url\":\"https:\\\/\\\/secure.gravatar.com\\\/avatar\\\/7e6ec277dc4aea2677c2dc301d4227957219329c985ab69a3efc12518b5161aa?s=96&d=mm&r=g\",\"contentUrl\":\"https:\\\/\\\/secure.gravatar.com\\\/avatar\\\/7e6ec277dc4aea2677c2dc301d4227957219329c985ab69a3efc12518b5161aa?s=96&d=mm&r=g\",\"caption\":\"Diario El Trabajo\"},\"sameAs\":[\"https:\\\/\\\/eltrabajo.cl\\\/web\"],\"url\":\"https:\\\/\\\/eltrabajo.cl\\\/web\\\/author\\\/diario-el-trabajo\\\/\"}]}<\/script>\n<!-- \/ Yoast SEO plugin. -->","yoast_head_json":{"title":"Delegado Provincial asegura que apertura del port\u00f3n en Llay Llay ser\u00eda en el corto plazo - Diario El Trabajo","robots":{"index":"index","follow":"follow","max-snippet":"max-snippet:-1","max-image-preview":"max-image-preview:large","max-video-preview":"max-video-preview:-1"},"canonical":"https:\/\/eltrabajo.cl\/web\/delegado-provincial-asegura-que-apertura-del-porton-en-llay-llay-seria-en-el-corto-plazo\/","og_locale":"es_ES","og_type":"article","og_title":"Delegado Provincial asegura que apertura del port\u00f3n en Llay Llay ser\u00eda en el corto plazo - Diario El Trabajo","og_description":"Tras la reuni\u00f3n ampliada por la problem\u00e1tica del Peaje Las Vegas, autoridades buscan soluciones al \u2018aislamiento\u2019 de la comunidad.\u2013 Contin\u00faa la b\u00fasqueda de soluciones para los vecinos del sector de Las Vegas en Llay Llay y de Aconcagua en general, luego de la serie de problem\u00e1ticas que se han generado a ra\u00edz de la implementaci\u00f3n [&hellip;]","og_url":"https:\/\/eltrabajo.cl\/web\/delegado-provincial-asegura-que-apertura-del-porton-en-llay-llay-seria-en-el-corto-plazo\/","og_site_name":"Diario El Trabajo","article_publisher":"https:\/\/www.facebook.com\/ElTrabajoDiario","article_published_time":"2026-09-01T00:41:38+00:00","og_image":[{"width":697,"height":322,"url":"https:\/\/eltrabajo.cl\/web\/wp-content\/uploads\/2026\/08\/porton-Las-Vegas.jpg","type":"image\/jpeg"}],"author":"Diario El Trabajo","twitter_card":"summary_large_image","twitter_creator":"@diarioeltrabajo","twitter_site":"@diarioeltrabajo","twitter_misc":{"Escrito por":"Diario El Trabajo","Tiempo estimado de lectura":"3 minutos"},"schema":{"@context":"https:\/\/schema.org","@graph":[{"@type":"Article","@id":"https:\/\/eltrabajo.cl\/web\/delegado-provincial-asegura-que-apertura-del-porton-en-llay-llay-seria-en-el-corto-plazo\/#article","isPartOf":{"@id":"https:\/\/eltrabajo.cl\/web\/delegado-provincial-asegura-que-apertura-del-porton-en-llay-llay-seria-en-el-corto-plazo\/"},"author":{"name":"Diario El Trabajo","@id":"https:\/\/eltrabajo.cl\/web\/#\/schema\/person\/45efd3d17f86ec456e44dd7debe1bf19"},"headline":"Delegado Provincial asegura que apertura del port\u00f3n en Llay Llay ser\u00eda en el corto plazo","datePublished":"2026-09-01T00:41:38+00:00","mainEntityOfPage":{"@id":"https:\/\/eltrabajo.cl\/web\/delegado-provincial-asegura-que-apertura-del-porton-en-llay-llay-seria-en-el-corto-plazo\/"},"wordCount":525,"commentCount":0,"publisher":{"@id":"https:\/\/eltrabajo.cl\/web\/#organization"},"image":{"@id":"https:\/\/eltrabajo.cl\/web\/delegado-provincial-asegura-que-apertura-del-porton-en-llay-llay-seria-en-el-corto-plazo\/#primaryimage"},"thumbnailUrl":"https:\/\/eltrabajo.cl\/web\/wp-content\/uploads\/2026\/08\/porton-Las-Vegas.jpg","articleSection":["Cr\u00f3nica"],"inLanguage":"es-CL","potentialAction":[{"@type":"CommentAction","name":"Comment","target":["https:\/\/eltrabajo.cl\/web\/delegado-provincial-asegura-que-apertura-del-porton-en-llay-llay-seria-en-el-corto-plazo\/#respond"]}]},{"@type":"WebPage","@id":"https:\/\/eltrabajo.cl\/web\/delegado-provincial-asegura-que-apertura-del-porton-en-llay-llay-seria-en-el-corto-plazo\/","url":"https:\/\/eltrabajo.cl\/web\/delegado-provincial-asegura-que-apertura-del-porton-en-llay-llay-seria-en-el-corto-plazo\/","name":"Delegado Provincial asegura que apertura del port\u00f3n en Llay Llay ser\u00eda en el corto plazo - Diario El Trabajo","isPartOf":{"@id":"https:\/\/eltrabajo.cl\/web\/#website"},"primaryImageOfPage":{"@id":"https:\/\/eltrabajo.cl\/web\/delegado-provincial-asegura-que-apertura-del-porton-en-llay-llay-seria-en-el-corto-plazo\/#primaryimage"},"image":{"@id":"https:\/\/eltrabajo.cl\/web\/delegado-provincial-asegura-que-apertura-del-porton-en-llay-llay-seria-en-el-corto-plazo\/#primaryimage"},"thumbnailUrl":"https:\/\/eltrabajo.cl\/web\/wp-content\/uploads\/2026\/08\/porton-Las-Vegas.jpg","datePublished":"2026-09-01T00:41:38+00:00","breadcrumb":{"@id":"https:\/\/eltrabajo.cl\/web\/delegado-provincial-asegura-que-apertura-del-porton-en-llay-llay-seria-en-el-corto-plazo\/#breadcrumb"},"inLanguage":"es-CL","potentialAction":[{"@type":"ReadAction","target":["https:\/\/eltrabajo.cl\/web\/delegado-provincial-asegura-que-apertura-del-porton-en-llay-llay-seria-en-el-corto-plazo\/"]}]},{"@type":"ImageObject","inLanguage":"es-CL","@id":"https:\/\/eltrabajo.cl\/web\/delegado-provincial-asegura-que-apertura-del-porton-en-llay-llay-seria-en-el-corto-plazo\/#primaryimage","url":"https:\/\/eltrabajo.cl\/web\/wp-content\/uploads\/2026\/08\/porton-Las-Vegas.jpg","contentUrl":"https:\/\/eltrabajo.cl\/web\/wp-content\/uploads\/2026\/08\/porton-Las-Vegas.jpg","width":697,"height":322,"caption":"Esperan habilitar, ahora s\u00ed, el port\u00f3n en el sector de Las Vegas (Imagen de archivo)."},{"@type":"BreadcrumbList","@id":"https:\/\/eltrabajo.cl\/web\/delegado-provincial-asegura-que-apertura-del-porton-en-llay-llay-seria-en-el-corto-plazo\/#breadcrumb","itemListElement":[{"@type":"ListItem","position":1,"name":"Portada","item":"https:\/\/eltrabajo.cl\/web\/"},{"@type":"ListItem","position":2,"name":"Delegado Provincial asegura que apertura del port\u00f3n en Llay Llay ser\u00eda en el corto plazo"}]},{"@type":"WebSite","@id":"https:\/\/eltrabajo.cl\/web\/#website","url":"https:\/\/eltrabajo.cl\/web\/","name":"Diario El Trabajo","description":"Desde 1929 construyendo Identidad Local","publisher":{"@id":"https:\/\/eltrabajo.cl\/web\/#organization"},"potentialAction":[{"@type":"SearchAction","target":{"@type":"EntryPoint","urlTemplate":"https:\/\/eltrabajo.cl\/web\/?s={search_term_string}"},"query-input":{"@type":"PropertyValueSpecification","valueRequired":true,"valueName":"search_term_string"}}],"inLanguage":"es-CL"},{"@type":"Organization","@id":"https:\/\/eltrabajo.cl\/web\/#organization","name":"Diario El Trabajo","url":"https:\/\/eltrabajo.cl\/web\/","logo":{"@type":"ImageObject","inLanguage":"es-CL","@id":"https:\/\/eltrabajo.cl\/web\/#\/schema\/logo\/image\/","url":"https:\/\/eltrabajo.cl\/web\/wp-content\/uploads\/2024\/06\/profile-image-ig-page-diarioeltrabajo.jpg","contentUrl":"https:\/\/eltrabajo.cl\/web\/wp-content\/uploads\/2024\/06\/profile-image-ig-page-diarioeltrabajo.jpg","width":823,"height":823,"caption":"Diario El Trabajo"},"image":{"@id":"https:\/\/eltrabajo.cl\/web\/#\/schema\/logo\/image\/"},"sameAs":["https:\/\/www.facebook.com\/ElTrabajoDiario","https:\/\/x.com\/diarioeltrabajo"]},{"@type":"Person","@id":"https:\/\/eltrabajo.cl\/web\/#\/schema\/person\/45efd3d17f86ec456e44dd7debe1bf19","name":"Diario El Trabajo","image":{"@type":"ImageObject","inLanguage":"es-CL","@id":"https:\/\/secure.gravatar.com\/avatar\/7e6ec277dc4aea2677c2dc301d4227957219329c985ab69a3efc12518b5161aa?s=96&d=mm&r=g","url":"https:\/\/secure.gravatar.com\/avatar\/7e6ec277dc4aea2677c2dc301d4227957219329c985ab69a3efc12518b5161aa?s=96&d=mm&r=g","contentUrl":"https:\/\/secure.gravatar.com\/avatar\/7e6ec277dc4aea2677c2dc301d4227957219329c985ab69a3efc12518b5161aa?s=96&d=mm&r=g","caption":"Diario El Trabajo"},"sameAs":["https:\/\/eltrabajo.cl\/web"],"url":"https:\/\/eltrabajo.cl\/web\/author\/diario-el-trabajo\/"}]}},"_links":{"self":[{"href":"https:\/\/eltrabajo.cl\/web\/wp-json\/wp\/v2\/posts\/146806","targetHints":{"allow":["GET"]}}],"collection":[{"href":"https:\/\/eltrabajo.cl\/web\/wp-json\/wp\/v2\/posts"}],"about":[{"href":"https:\/\/eltrabajo.cl\/web\/wp-json\/wp\/v2\/types\/post"}],"author":[{"embeddable":true,"href":"https:\/\/eltrabajo.cl\/web\/wp-json\/wp\/v2\/users\/1"}],"replies":[{"embeddable":true,"href":"https:\/\/eltrabajo.cl\/web\/wp-json\/wp\/v2\/comments?post=146806"}],"version-history":[{"count":1,"href":"https:\/\/eltrabajo.cl\/web\/wp-json\/wp\/v2\/posts\/146806\/revisions"}],"predecessor-version":[{"id":146808,"href":"https:\/\/eltrabajo.cl\/web\/wp-json\/wp\/v2\/posts\/146806\/revisions\/146808"}],"wp:featuredmedia":[{"embeddable":true,"href":"https:\/\/eltrabajo.cl\/web\/wp-json\/wp\/v2\/media\/146807"}],"wp:attachment":[{"href":"https:\/\/eltrabajo.cl\/web\/wp-json\/wp\/v2\/media?parent=146806"}],"wp:term":[{"taxonomy":"category","embeddable":true,"href":"https:\/\/eltrabajo.cl\/web\/wp-json\/wp\/v2\/categories?post=146806"},{"taxonomy":"post_tag","embeddable":true,"href":"https:\/\/eltrabajo.cl\/web\/wp-json\/wp\/v2\/tags?post=146806"}],"curies":[{"name":"wp","href":"https:\/\/api.w.org\/{rel}","templated":true}]}}