{"id":146809,"date":"2026-08-31T21:42:28","date_gmt":"2026-09-01T00:42:28","guid":{"rendered":"https:\/\/eltrabajo.cl\/web\/?p=146809"},"modified":"2026-08-31T21:42:28","modified_gmt":"2026-09-01T00:42:28","slug":"musico-aconcaguino-debuta-junto-a-sinfonica-de-brisbane-llevando-musica-chilena-hasta-australia","status":"publish","type":"post","link":"https:\/\/eltrabajo.cl\/web\/musico-aconcaguino-debuta-junto-a-sinfonica-de-brisbane-llevando-musica-chilena-hasta-australia\/","title":{"rendered":"M\u00fasico aconcag\u00fcino debuta junto a Sinf\u00f3nica de Brisbane, llevando m\u00fasica chilena hasta Australia"},"content":{"rendered":"<ul>\n<li><strong>El artista se present\u00f3 junto a la reconocida orquesta australiana, interpretando el \u2018Concierto de Aranjuez\u2019 y cuatro emblem\u00e1ticas canciones nacionales.-<\/strong><\/li>\n<\/ul>\n<p>Un importante hito en su trayectoria musical vivi\u00f3 <strong>Gonzalo Arias<\/strong>, Dr. en Artes Musicales de la Universidad de Georgia, Estados Unidos, quien el pasado s\u00e1bado 22 de agosto debut\u00f3 en Australia junto a la <strong>Sinf\u00f3nica de Brisbane<\/strong>.<\/p>\n<p>El m\u00fasico, oriundo de San Esteban, lleg\u00f3 hasta el escenario australiano gracias a una invitaci\u00f3n que surgi\u00f3 a partir del v\u00ednculo que mantiene desde hace aproximadamente dos a\u00f1os con el productor australiano <strong>Gerald Arend<\/strong>. Una oportunidad que le permiti\u00f3 presentarse por primera vez en Australia y, al mismo tiempo, compartir parte de la identidad musical chilena con el p\u00fablico de ese pa\u00eds.<\/p>\n<p>Para este esperado debut, Arias interpret\u00f3 el reconocido \u2018Concierto de Aranjuez\u2019, adem\u00e1s de cuatro piezas representativas de la m\u00fasica nacional: \u2018Te recuerdo Amanda\u2019, \u2018Luch\u00edn\u2019, \u2018Gracias a la Vida\u2019 y \u2018La Jardinera\u2019.<\/p>\n<p>Respecto de lo que signific\u00f3 esta experiencia, el m\u00fasico sanestebino destac\u00f3 especialmente el hecho de tratarse de su primera presentaci\u00f3n en territorio australiano y de hacerlo junto a una orquesta de la importancia de la Sinf\u00f3nica de Brisbane.<\/p>\n<p>Para Gonzalo Arias, representar a Chile fuera del pa\u00eds tiene un significado especial, sobre todo, a trav\u00e9s de la m\u00fasica y de aquellas obras que forman parte de la identidad cultural nacional.<\/p>\n<p>En ese sentido, destac\u00f3 que los m\u00fasicos tienen una responsabilidad de mantener presentes sus ra\u00edces y compartirlas con las audiencias internacionales. <em>\u00abPara m\u00ed, representar a Chile es una sensaci\u00f3n \u00fanica y, como m\u00fasicos, tenemos la obligaci\u00f3n de mostrar nuestras ra\u00edces a trav\u00e9s de la m\u00fasica en el exterior\u00bb<\/em>, expres\u00f3.<\/p>\n<p>Su presentaci\u00f3n en Australia no solo signific\u00f3 un nuevo paso en su carrera profesional, sino tambi\u00e9n una oportunidad para que canciones profundamente arraigadas en la cultura chilena pudieran ser escuchadas al otro lado del mundo.<\/p>\n<p>Tras esta experiencia internacional, el m\u00fasico mantiene sus actividades en el Valle de Aconcagua. Actualmente se encuentra realizando presentaciones todos los s\u00e1bados en Termas El Coraz\u00f3n, en San Esteban.<\/p>\n<figure id=\"attachment_146810\" aria-describedby=\"caption-attachment-146810\" style=\"width: 699px\" class=\"wp-caption alignnone\"><img loading=\"lazy\" decoding=\"async\" class=\"size-full wp-image-146810\" src=\"https:\/\/eltrabajo.cl\/web\/wp-content\/uploads\/2026\/08\/Gonzalo-Arias.jpg\" alt=\"Gonzalo Arias durante su presentaci\u00f3n junto a la Sinf\u00f3nica de Brisbane, donde interpret\u00f3 el \u2018Concierto de Aranjuez\u2019 y cuatro emblem\u00e1ticas piezas de la m\u00fasica chilena.\" width=\"699\" height=\"380\" srcset=\"https:\/\/eltrabajo.cl\/web\/wp-content\/uploads\/2026\/08\/Gonzalo-Arias.jpg 699w, https:\/\/eltrabajo.cl\/web\/wp-content\/uploads\/2026\/08\/Gonzalo-Arias-300x163.jpg 300w, https:\/\/eltrabajo.cl\/web\/wp-content\/uploads\/2026\/08\/Gonzalo-Arias-150x82.jpg 150w, https:\/\/eltrabajo.cl\/web\/wp-content\/uploads\/2026\/08\/Gonzalo-Arias-696x378.jpg 696w\" sizes=\"auto, (max-width: 699px) 100vw, 699px\" \/><figcaption id=\"caption-attachment-146810\" class=\"wp-caption-text\">Gonzalo Arias durante su presentaci\u00f3n junto a la Sinf\u00f3nica de Brisbane, donde interpret\u00f3 el \u2018Concierto de Aranjuez\u2019 y cuatro emblem\u00e1ticas piezas de la m\u00fasica chilena.<\/figcaption><\/figure>\n","protected":false},"excerpt":{"rendered":"<p>El artista se present\u00f3 junto a la reconocida orquesta australiana, interpretando el \u2018Concierto de Aranjuez\u2019 y cuatro emblem\u00e1ticas canciones nacionales.- Un importante hito en su trayectoria musical vivi\u00f3 Gonzalo Arias, Dr. en Artes Musicales de la Universidad de Georgia, Estados Unidos, quien el pasado s\u00e1bado 22 de agosto debut\u00f3 en Australia junto a la Sinf\u00f3nica [&hellip;]<\/p>\n","protected":false},"author":1,"featured_media":146810,"comment_status":"open","ping_status":"closed","sticky":false,"template":"","format":"standard","meta":{"footnotes":""},"categories":[4],"tags":[],"class_list":["post-146809","post","type-post","status-publish","format-standard","has-post-thumbnail","category-comunidad"],"yoast_head":"<!-- This site is optimized with the Yoast SEO plugin v28.3 - https:\/\/yoast.com\/product\/yoast-seo-wordpress\/ -->\n<title>M\u00fasico aconcag\u00fcino debuta junto a Sinf\u00f3nica de Brisbane, llevando m\u00fasica chilena hasta Australia - Diario El Trabajo<\/title>\n<meta name=\"robots\" content=\"index, follow, max-snippet:-1, max-image-preview:large, max-video-preview:-1\" \/>\n<link rel=\"canonical\" href=\"https:\/\/eltrabajo.cl\/web\/musico-aconcaguino-debuta-junto-a-sinfonica-de-brisbane-llevando-musica-chilena-hasta-australia\/\" \/>\n<meta property=\"og:locale\" content=\"es_ES\" \/>\n<meta property=\"og:type\" content=\"article\" \/>\n<meta property=\"og:title\" content=\"M\u00fasico aconcag\u00fcino debuta junto a Sinf\u00f3nica de Brisbane, llevando m\u00fasica chilena hasta Australia - Diario El Trabajo\" \/>\n<meta property=\"og:description\" content=\"El artista se present\u00f3 junto a la reconocida orquesta australiana, interpretando el \u2018Concierto de Aranjuez\u2019 y cuatro emblem\u00e1ticas canciones nacionales.- Un importante hito en su trayectoria musical vivi\u00f3 Gonzalo Arias, Dr. en Artes Musicales de la Universidad de Georgia, Estados Unidos, quien el pasado s\u00e1bado 22 de agosto debut\u00f3 en Australia junto a la Sinf\u00f3nica [&hellip;]\" \/>\n<meta property=\"og:url\" content=\"https:\/\/eltrabajo.cl\/web\/musico-aconcaguino-debuta-junto-a-sinfonica-de-brisbane-llevando-musica-chilena-hasta-australia\/\" \/>\n<meta property=\"og:site_name\" content=\"Diario El Trabajo\" \/>\n<meta property=\"article:publisher\" content=\"https:\/\/www.facebook.com\/ElTrabajoDiario\" \/>\n<meta property=\"article:published_time\" content=\"2026-09-01T00:42:28+00:00\" \/>\n<meta property=\"og:image\" content=\"https:\/\/eltrabajo.cl\/web\/wp-content\/uploads\/2026\/08\/Gonzalo-Arias.jpg\" \/>\n\t<meta property=\"og:image:width\" content=\"699\" \/>\n\t<meta property=\"og:image:height\" content=\"380\" \/>\n\t<meta property=\"og:image:type\" content=\"image\/jpeg\" \/>\n<meta name=\"author\" content=\"Diario El Trabajo\" \/>\n<meta name=\"twitter:card\" content=\"summary_large_image\" \/>\n<meta name=\"twitter:creator\" content=\"@diarioeltrabajo\" \/>\n<meta name=\"twitter:site\" content=\"@diarioeltrabajo\" \/>\n<meta name=\"twitter:label1\" content=\"Escrito por\" \/>\n\t<meta name=\"twitter:data1\" content=\"Diario El Trabajo\" \/>\n\t<meta name=\"twitter:label2\" content=\"Tiempo estimado de lectura\" \/>\n\t<meta name=\"twitter:data2\" content=\"3 minutos\" \/>\n<script type=\"application\/ld+json\" class=\"yoast-schema-graph\">{\"@context\":\"https:\\\/\\\/schema.org\",\"@graph\":[{\"@type\":\"Article\",\"@id\":\"https:\\\/\\\/eltrabajo.cl\\\/web\\\/musico-aconcaguino-debuta-junto-a-sinfonica-de-brisbane-llevando-musica-chilena-hasta-australia\\\/#article\",\"isPartOf\":{\"@id\":\"https:\\\/\\\/eltrabajo.cl\\\/web\\\/musico-aconcaguino-debuta-junto-a-sinfonica-de-brisbane-llevando-musica-chilena-hasta-australia\\\/\"},\"author\":{\"name\":\"Diario El Trabajo\",\"@id\":\"https:\\\/\\\/eltrabajo.cl\\\/web\\\/#\\\/schema\\\/person\\\/45efd3d17f86ec456e44dd7debe1bf19\"},\"headline\":\"M\u00fasico aconcag\u00fcino debuta junto a Sinf\u00f3nica de Brisbane, llevando m\u00fasica chilena hasta Australia\",\"datePublished\":\"2026-09-01T00:42:28+00:00\",\"mainEntityOfPage\":{\"@id\":\"https:\\\/\\\/eltrabajo.cl\\\/web\\\/musico-aconcaguino-debuta-junto-a-sinfonica-de-brisbane-llevando-musica-chilena-hasta-australia\\\/\"},\"wordCount\":417,\"commentCount\":0,\"publisher\":{\"@id\":\"https:\\\/\\\/eltrabajo.cl\\\/web\\\/#organization\"},\"image\":{\"@id\":\"https:\\\/\\\/eltrabajo.cl\\\/web\\\/musico-aconcaguino-debuta-junto-a-sinfonica-de-brisbane-llevando-musica-chilena-hasta-australia\\\/#primaryimage\"},\"thumbnailUrl\":\"https:\\\/\\\/eltrabajo.cl\\\/web\\\/wp-content\\\/uploads\\\/2026\\\/08\\\/Gonzalo-Arias.jpg\",\"articleSection\":[\"Comunidad\"],\"inLanguage\":\"es-CL\",\"potentialAction\":[{\"@type\":\"CommentAction\",\"name\":\"Comment\",\"target\":[\"https:\\\/\\\/eltrabajo.cl\\\/web\\\/musico-aconcaguino-debuta-junto-a-sinfonica-de-brisbane-llevando-musica-chilena-hasta-australia\\\/#respond\"]}]},{\"@type\":\"WebPage\",\"@id\":\"https:\\\/\\\/eltrabajo.cl\\\/web\\\/musico-aconcaguino-debuta-junto-a-sinfonica-de-brisbane-llevando-musica-chilena-hasta-australia\\\/\",\"url\":\"https:\\\/\\\/eltrabajo.cl\\\/web\\\/musico-aconcaguino-debuta-junto-a-sinfonica-de-brisbane-llevando-musica-chilena-hasta-australia\\\/\",\"name\":\"M\u00fasico aconcag\u00fcino debuta junto a Sinf\u00f3nica de Brisbane, llevando m\u00fasica chilena hasta Australia - Diario El Trabajo\",\"isPartOf\":{\"@id\":\"https:\\\/\\\/eltrabajo.cl\\\/web\\\/#website\"},\"primaryImageOfPage\":{\"@id\":\"https:\\\/\\\/eltrabajo.cl\\\/web\\\/musico-aconcaguino-debuta-junto-a-sinfonica-de-brisbane-llevando-musica-chilena-hasta-australia\\\/#primaryimage\"},\"image\":{\"@id\":\"https:\\\/\\\/eltrabajo.cl\\\/web\\\/musico-aconcaguino-debuta-junto-a-sinfonica-de-brisbane-llevando-musica-chilena-hasta-australia\\\/#primaryimage\"},\"thumbnailUrl\":\"https:\\\/\\\/eltrabajo.cl\\\/web\\\/wp-content\\\/uploads\\\/2026\\\/08\\\/Gonzalo-Arias.jpg\",\"datePublished\":\"2026-09-01T00:42:28+00:00\",\"breadcrumb\":{\"@id\":\"https:\\\/\\\/eltrabajo.cl\\\/web\\\/musico-aconcaguino-debuta-junto-a-sinfonica-de-brisbane-llevando-musica-chilena-hasta-australia\\\/#breadcrumb\"},\"inLanguage\":\"es-CL\",\"potentialAction\":[{\"@type\":\"ReadAction\",\"target\":[\"https:\\\/\\\/eltrabajo.cl\\\/web\\\/musico-aconcaguino-debuta-junto-a-sinfonica-de-brisbane-llevando-musica-chilena-hasta-australia\\\/\"]}]},{\"@type\":\"ImageObject\",\"inLanguage\":\"es-CL\",\"@id\":\"https:\\\/\\\/eltrabajo.cl\\\/web\\\/musico-aconcaguino-debuta-junto-a-sinfonica-de-brisbane-llevando-musica-chilena-hasta-australia\\\/#primaryimage\",\"url\":\"https:\\\/\\\/eltrabajo.cl\\\/web\\\/wp-content\\\/uploads\\\/2026\\\/08\\\/Gonzalo-Arias.jpg\",\"contentUrl\":\"https:\\\/\\\/eltrabajo.cl\\\/web\\\/wp-content\\\/uploads\\\/2026\\\/08\\\/Gonzalo-Arias.jpg\",\"width\":699,\"height\":380,\"caption\":\"Gonzalo Arias durante su presentaci\u00f3n junto a la Sinf\u00f3nica de Brisbane, donde interpret\u00f3 el \u2018Concierto de Aranjuez\u2019 y cuatro emblem\u00e1ticas piezas de la m\u00fasica chilena.\"},{\"@type\":\"BreadcrumbList\",\"@id\":\"https:\\\/\\\/eltrabajo.cl\\\/web\\\/musico-aconcaguino-debuta-junto-a-sinfonica-de-brisbane-llevando-musica-chilena-hasta-australia\\\/#breadcrumb\",\"itemListElement\":[{\"@type\":\"ListItem\",\"position\":1,\"name\":\"Portada\",\"item\":\"https:\\\/\\\/eltrabajo.cl\\\/web\\\/\"},{\"@type\":\"ListItem\",\"position\":2,\"name\":\"M\u00fasico aconcag\u00fcino debuta junto a Sinf\u00f3nica de Brisbane, llevando m\u00fasica chilena hasta Australia\"}]},{\"@type\":\"WebSite\",\"@id\":\"https:\\\/\\\/eltrabajo.cl\\\/web\\\/#website\",\"url\":\"https:\\\/\\\/eltrabajo.cl\\\/web\\\/\",\"name\":\"Diario El Trabajo\",\"description\":\"Desde 1929 construyendo Identidad Local\",\"publisher\":{\"@id\":\"https:\\\/\\\/eltrabajo.cl\\\/web\\\/#organization\"},\"potentialAction\":[{\"@type\":\"SearchAction\",\"target\":{\"@type\":\"EntryPoint\",\"urlTemplate\":\"https:\\\/\\\/eltrabajo.cl\\\/web\\\/?s={search_term_string}\"},\"query-input\":{\"@type\":\"PropertyValueSpecification\",\"valueRequired\":true,\"valueName\":\"search_term_string\"}}],\"inLanguage\":\"es-CL\"},{\"@type\":\"Organization\",\"@id\":\"https:\\\/\\\/eltrabajo.cl\\\/web\\\/#organization\",\"name\":\"Diario El Trabajo\",\"url\":\"https:\\\/\\\/eltrabajo.cl\\\/web\\\/\",\"logo\":{\"@type\":\"ImageObject\",\"inLanguage\":\"es-CL\",\"@id\":\"https:\\\/\\\/eltrabajo.cl\\\/web\\\/#\\\/schema\\\/logo\\\/image\\\/\",\"url\":\"https:\\\/\\\/eltrabajo.cl\\\/web\\\/wp-content\\\/uploads\\\/2024\\\/06\\\/profile-image-ig-page-diarioeltrabajo.jpg\",\"contentUrl\":\"https:\\\/\\\/eltrabajo.cl\\\/web\\\/wp-content\\\/uploads\\\/2024\\\/06\\\/profile-image-ig-page-diarioeltrabajo.jpg\",\"width\":823,\"height\":823,\"caption\":\"Diario El Trabajo\"},\"image\":{\"@id\":\"https:\\\/\\\/eltrabajo.cl\\\/web\\\/#\\\/schema\\\/logo\\\/image\\\/\"},\"sameAs\":[\"https:\\\/\\\/www.facebook.com\\\/ElTrabajoDiario\",\"https:\\\/\\\/x.com\\\/diarioeltrabajo\"]},{\"@type\":\"Person\",\"@id\":\"https:\\\/\\\/eltrabajo.cl\\\/web\\\/#\\\/schema\\\/person\\\/45efd3d17f86ec456e44dd7debe1bf19\",\"name\":\"Diario El Trabajo\",\"image\":{\"@type\":\"ImageObject\",\"inLanguage\":\"es-CL\",\"@id\":\"https:\\\/\\\/secure.gravatar.com\\\/avatar\\\/7e6ec277dc4aea2677c2dc301d4227957219329c985ab69a3efc12518b5161aa?s=96&d=mm&r=g\",\"url\":\"https:\\\/\\\/secure.gravatar.com\\\/avatar\\\/7e6ec277dc4aea2677c2dc301d4227957219329c985ab69a3efc12518b5161aa?s=96&d=mm&r=g\",\"contentUrl\":\"https:\\\/\\\/secure.gravatar.com\\\/avatar\\\/7e6ec277dc4aea2677c2dc301d4227957219329c985ab69a3efc12518b5161aa?s=96&d=mm&r=g\",\"caption\":\"Diario El Trabajo\"},\"sameAs\":[\"https:\\\/\\\/eltrabajo.cl\\\/web\"],\"url\":\"https:\\\/\\\/eltrabajo.cl\\\/web\\\/author\\\/diario-el-trabajo\\\/\"}]}<\/script>\n<!-- \/ Yoast SEO plugin. -->","yoast_head_json":{"title":"M\u00fasico aconcag\u00fcino debuta junto a Sinf\u00f3nica de Brisbane, llevando m\u00fasica chilena hasta Australia - Diario El Trabajo","robots":{"index":"index","follow":"follow","max-snippet":"max-snippet:-1","max-image-preview":"max-image-preview:large","max-video-preview":"max-video-preview:-1"},"canonical":"https:\/\/eltrabajo.cl\/web\/musico-aconcaguino-debuta-junto-a-sinfonica-de-brisbane-llevando-musica-chilena-hasta-australia\/","og_locale":"es_ES","og_type":"article","og_title":"M\u00fasico aconcag\u00fcino debuta junto a Sinf\u00f3nica de Brisbane, llevando m\u00fasica chilena hasta Australia - Diario El Trabajo","og_description":"El artista se present\u00f3 junto a la reconocida orquesta australiana, interpretando el \u2018Concierto de Aranjuez\u2019 y cuatro emblem\u00e1ticas canciones nacionales.- Un importante hito en su trayectoria musical vivi\u00f3 Gonzalo Arias, Dr. en Artes Musicales de la Universidad de Georgia, Estados Unidos, quien el pasado s\u00e1bado 22 de agosto debut\u00f3 en Australia junto a la Sinf\u00f3nica [&hellip;]","og_url":"https:\/\/eltrabajo.cl\/web\/musico-aconcaguino-debuta-junto-a-sinfonica-de-brisbane-llevando-musica-chilena-hasta-australia\/","og_site_name":"Diario El Trabajo","article_publisher":"https:\/\/www.facebook.com\/ElTrabajoDiario","article_published_time":"2026-09-01T00:42:28+00:00","og_image":[{"width":699,"height":380,"url":"https:\/\/eltrabajo.cl\/web\/wp-content\/uploads\/2026\/08\/Gonzalo-Arias.jpg","type":"image\/jpeg"}],"author":"Diario El Trabajo","twitter_card":"summary_large_image","twitter_creator":"@diarioeltrabajo","twitter_site":"@diarioeltrabajo","twitter_misc":{"Escrito por":"Diario El Trabajo","Tiempo estimado de lectura":"3 minutos"},"schema":{"@context":"https:\/\/schema.org","@graph":[{"@type":"Article","@id":"https:\/\/eltrabajo.cl\/web\/musico-aconcaguino-debuta-junto-a-sinfonica-de-brisbane-llevando-musica-chilena-hasta-australia\/#article","isPartOf":{"@id":"https:\/\/eltrabajo.cl\/web\/musico-aconcaguino-debuta-junto-a-sinfonica-de-brisbane-llevando-musica-chilena-hasta-australia\/"},"author":{"name":"Diario El Trabajo","@id":"https:\/\/eltrabajo.cl\/web\/#\/schema\/person\/45efd3d17f86ec456e44dd7debe1bf19"},"headline":"M\u00fasico aconcag\u00fcino debuta junto a Sinf\u00f3nica de Brisbane, llevando m\u00fasica chilena hasta Australia","datePublished":"2026-09-01T00:42:28+00:00","mainEntityOfPage":{"@id":"https:\/\/eltrabajo.cl\/web\/musico-aconcaguino-debuta-junto-a-sinfonica-de-brisbane-llevando-musica-chilena-hasta-australia\/"},"wordCount":417,"commentCount":0,"publisher":{"@id":"https:\/\/eltrabajo.cl\/web\/#organization"},"image":{"@id":"https:\/\/eltrabajo.cl\/web\/musico-aconcaguino-debuta-junto-a-sinfonica-de-brisbane-llevando-musica-chilena-hasta-australia\/#primaryimage"},"thumbnailUrl":"https:\/\/eltrabajo.cl\/web\/wp-content\/uploads\/2026\/08\/Gonzalo-Arias.jpg","articleSection":["Comunidad"],"inLanguage":"es-CL","potentialAction":[{"@type":"CommentAction","name":"Comment","target":["https:\/\/eltrabajo.cl\/web\/musico-aconcaguino-debuta-junto-a-sinfonica-de-brisbane-llevando-musica-chilena-hasta-australia\/#respond"]}]},{"@type":"WebPage","@id":"https:\/\/eltrabajo.cl\/web\/musico-aconcaguino-debuta-junto-a-sinfonica-de-brisbane-llevando-musica-chilena-hasta-australia\/","url":"https:\/\/eltrabajo.cl\/web\/musico-aconcaguino-debuta-junto-a-sinfonica-de-brisbane-llevando-musica-chilena-hasta-australia\/","name":"M\u00fasico aconcag\u00fcino debuta junto a Sinf\u00f3nica de Brisbane, llevando m\u00fasica chilena hasta Australia - Diario El Trabajo","isPartOf":{"@id":"https:\/\/eltrabajo.cl\/web\/#website"},"primaryImageOfPage":{"@id":"https:\/\/eltrabajo.cl\/web\/musico-aconcaguino-debuta-junto-a-sinfonica-de-brisbane-llevando-musica-chilena-hasta-australia\/#primaryimage"},"image":{"@id":"https:\/\/eltrabajo.cl\/web\/musico-aconcaguino-debuta-junto-a-sinfonica-de-brisbane-llevando-musica-chilena-hasta-australia\/#primaryimage"},"thumbnailUrl":"https:\/\/eltrabajo.cl\/web\/wp-content\/uploads\/2026\/08\/Gonzalo-Arias.jpg","datePublished":"2026-09-01T00:42:28+00:00","breadcrumb":{"@id":"https:\/\/eltrabajo.cl\/web\/musico-aconcaguino-debuta-junto-a-sinfonica-de-brisbane-llevando-musica-chilena-hasta-australia\/#breadcrumb"},"inLanguage":"es-CL","potentialAction":[{"@type":"ReadAction","target":["https:\/\/eltrabajo.cl\/web\/musico-aconcaguino-debuta-junto-a-sinfonica-de-brisbane-llevando-musica-chilena-hasta-australia\/"]}]},{"@type":"ImageObject","inLanguage":"es-CL","@id":"https:\/\/eltrabajo.cl\/web\/musico-aconcaguino-debuta-junto-a-sinfonica-de-brisbane-llevando-musica-chilena-hasta-australia\/#primaryimage","url":"https:\/\/eltrabajo.cl\/web\/wp-content\/uploads\/2026\/08\/Gonzalo-Arias.jpg","contentUrl":"https:\/\/eltrabajo.cl\/web\/wp-content\/uploads\/2026\/08\/Gonzalo-Arias.jpg","width":699,"height":380,"caption":"Gonzalo Arias durante su presentaci\u00f3n junto a la Sinf\u00f3nica de Brisbane, donde interpret\u00f3 el \u2018Concierto de Aranjuez\u2019 y cuatro emblem\u00e1ticas piezas de la m\u00fasica chilena."},{"@type":"BreadcrumbList","@id":"https:\/\/eltrabajo.cl\/web\/musico-aconcaguino-debuta-junto-a-sinfonica-de-brisbane-llevando-musica-chilena-hasta-australia\/#breadcrumb","itemListElement":[{"@type":"ListItem","position":1,"name":"Portada","item":"https:\/\/eltrabajo.cl\/web\/"},{"@type":"ListItem","position":2,"name":"M\u00fasico aconcag\u00fcino debuta junto a Sinf\u00f3nica de Brisbane, llevando m\u00fasica chilena hasta Australia"}]},{"@type":"WebSite","@id":"https:\/\/eltrabajo.cl\/web\/#website","url":"https:\/\/eltrabajo.cl\/web\/","name":"Diario El Trabajo","description":"Desde 1929 construyendo Identidad Local","publisher":{"@id":"https:\/\/eltrabajo.cl\/web\/#organization"},"potentialAction":[{"@type":"SearchAction","target":{"@type":"EntryPoint","urlTemplate":"https:\/\/eltrabajo.cl\/web\/?s={search_term_string}"},"query-input":{"@type":"PropertyValueSpecification","valueRequired":true,"valueName":"search_term_string"}}],"inLanguage":"es-CL"},{"@type":"Organization","@id":"https:\/\/eltrabajo.cl\/web\/#organization","name":"Diario El Trabajo","url":"https:\/\/eltrabajo.cl\/web\/","logo":{"@type":"ImageObject","inLanguage":"es-CL","@id":"https:\/\/eltrabajo.cl\/web\/#\/schema\/logo\/image\/","url":"https:\/\/eltrabajo.cl\/web\/wp-content\/uploads\/2024\/06\/profile-image-ig-page-diarioeltrabajo.jpg","contentUrl":"https:\/\/eltrabajo.cl\/web\/wp-content\/uploads\/2024\/06\/profile-image-ig-page-diarioeltrabajo.jpg","width":823,"height":823,"caption":"Diario El Trabajo"},"image":{"@id":"https:\/\/eltrabajo.cl\/web\/#\/schema\/logo\/image\/"},"sameAs":["https:\/\/www.facebook.com\/ElTrabajoDiario","https:\/\/x.com\/diarioeltrabajo"]},{"@type":"Person","@id":"https:\/\/eltrabajo.cl\/web\/#\/schema\/person\/45efd3d17f86ec456e44dd7debe1bf19","name":"Diario El Trabajo","image":{"@type":"ImageObject","inLanguage":"es-CL","@id":"https:\/\/secure.gravatar.com\/avatar\/7e6ec277dc4aea2677c2dc301d4227957219329c985ab69a3efc12518b5161aa?s=96&d=mm&r=g","url":"https:\/\/secure.gravatar.com\/avatar\/7e6ec277dc4aea2677c2dc301d4227957219329c985ab69a3efc12518b5161aa?s=96&d=mm&r=g","contentUrl":"https:\/\/secure.gravatar.com\/avatar\/7e6ec277dc4aea2677c2dc301d4227957219329c985ab69a3efc12518b5161aa?s=96&d=mm&r=g","caption":"Diario El Trabajo"},"sameAs":["https:\/\/eltrabajo.cl\/web"],"url":"https:\/\/eltrabajo.cl\/web\/author\/diario-el-trabajo\/"}]}},"_links":{"self":[{"href":"https:\/\/eltrabajo.cl\/web\/wp-json\/wp\/v2\/posts\/146809","targetHints":{"allow":["GET"]}}],"collection":[{"href":"https:\/\/eltrabajo.cl\/web\/wp-json\/wp\/v2\/posts"}],"about":[{"href":"https:\/\/eltrabajo.cl\/web\/wp-json\/wp\/v2\/types\/post"}],"author":[{"embeddable":true,"href":"https:\/\/eltrabajo.cl\/web\/wp-json\/wp\/v2\/users\/1"}],"replies":[{"embeddable":true,"href":"https:\/\/eltrabajo.cl\/web\/wp-json\/wp\/v2\/comments?post=146809"}],"version-history":[{"count":1,"href":"https:\/\/eltrabajo.cl\/web\/wp-json\/wp\/v2\/posts\/146809\/revisions"}],"predecessor-version":[{"id":146811,"href":"https:\/\/eltrabajo.cl\/web\/wp-json\/wp\/v2\/posts\/146809\/revisions\/146811"}],"wp:featuredmedia":[{"embeddable":true,"href":"https:\/\/eltrabajo.cl\/web\/wp-json\/wp\/v2\/media\/146810"}],"wp:attachment":[{"href":"https:\/\/eltrabajo.cl\/web\/wp-json\/wp\/v2\/media?parent=146809"}],"wp:term":[{"taxonomy":"category","embeddable":true,"href":"https:\/\/eltrabajo.cl\/web\/wp-json\/wp\/v2\/categories?post=146809"},{"taxonomy":"post_tag","embeddable":true,"href":"https:\/\/eltrabajo.cl\/web\/wp-json\/wp\/v2\/tags?post=146809"}],"curies":[{"name":"wp","href":"https:\/\/api.w.org\/{rel}","templated":true}]}}