{"id":146812,"date":"2026-08-31T21:44:52","date_gmt":"2026-09-01T00:44:52","guid":{"rendered":"https:\/\/eltrabajo.cl\/web\/?p=146812"},"modified":"2026-08-31T21:44:52","modified_gmt":"2026-09-01T00:44:52","slug":"the-strikers-celebra-con-todo-sus-62-anos-de-historia-musical","status":"publish","type":"post","link":"https:\/\/eltrabajo.cl\/web\/the-strikers-celebra-con-todo-sus-62-anos-de-historia-musical\/","title":{"rendered":"The Strikers celebra con todo sus 62 a\u00f1os de historia musical"},"content":{"rendered":"<p>Este pasado viernes, el hist\u00f3rico grupo sanfelipe\u00f1o <strong>The Strikers<\/strong> celebr\u00f3 su 62\u00b0 aniversario con una emotiva presentaci\u00f3n en el Teatro Municipal de nuestra comuna. La jornada reuni\u00f3 a seguidores y amantes de la m\u00fasica, quienes disfrutaron de un espect\u00e1culo cargado de recuerdos, trayectoria y talento local.<\/p>\n<p><strong>Jos\u00e9 \u2018Pepe\u2019 Plaza<\/strong>, director musical, cont\u00f3 a nuestro medio que The Strikers se form\u00f3 el a\u00f1o 1964, sin embargo, dos a\u00f1os antes ya estaban practicando, porque dicen por ah\u00ed que todo grupo musical que persiste en el tiempo comienza en las salas de clases. <em>\u00abCuando uno es adolescente y le pica este bichito de la m\u00fasica. Entonces, nos juntamos unos amigos con quienes empezamos a tocar, probar, sin tener idea de nada en realidad, pero ya en el transcurso del tiempo uno va aprendiendo. En ese tiempo exist\u00edan las revistas Ritmo El Musiquero, ah\u00ed aparec\u00edan las canciones que estaban de moda con los acordes\u00bb<\/em>, se\u00f1al\u00f3.<\/p>\n<p>Ah\u00ed fue cuando comenzaron a practicar y en ese entonces el grupo se conformaba por \u00e9l, su hermano <strong>Eduardo<\/strong> y sus amigos <strong>Juan<\/strong> y <strong>Beto<\/strong>. Eran solo instrumentales, ninguno de ellos cantaba. Pero una vez, record\u00f3 que fueron contratados por medio del Colegio de Profesores para amenizar un casamiento en el a\u00f1o 1964, donde fueron capaces de tocar toda la noche, destacando que en esas actividades se toca de todo, incluyendo el baile de los novios, adem\u00e1s de los tradicionales tangos, boleros y baladas. En ese tiempo estaba de moda el twist y entraba de lleno el rock.<\/p>\n<p>Tambi\u00e9n, Plaza se\u00f1al\u00f3 que ellos eran el grupo de moda, porque eran los \u00fanicos que hab\u00eda en ese momento: <em>\u00abNo hab\u00eda gran competencia, esos son los inicios del grupo The Strikers, donde \u00e9ramos cuatro; Eduardo Plaza, mi hermano, Juan Jeg\u00f3 (QEPD), Roberto Moraga en la segunda guitarra y yo en la primera\u00bb<\/em>, dijo.<\/p>\n<p>A medida que transcurr\u00eda el tiempo cada uno se fue a estudiar tras salir del sexto de humanidades, mientras que otros se fueron a trabajar, quedando el grupo en <em>stand by<\/em>. Luego de un tiempo se volvieron a reunir y hacer m\u00fasica, aumentando un integrante m\u00e1s siendo ahora cinco; ya ten\u00edan un cantante.<\/p>\n<p>Plaza coment\u00f3 que por el grupo pas\u00f3 una cantidad importante de m\u00fasicos e incluso mismos compa\u00f1eros. Los reconocen como una escuela de hacer m\u00fasica, <em>\u00abporque ha habido decenas de bateristas, bajistas, muchas personas practicando el piano, etc., etc. Hasta conformar una banda, lo que somos hoy d\u00eda seis personas\u00bb<\/em>.<\/p>\n<p>Pepe sostuvo que actualmente est\u00e1n trabajando constantemente, pero ya no como escolares, sino como jubilados que disfrutan de distintas actividades profesionales. <em>\u00abPor lo tanto, ahora debido al tiempo que tenemos, es m\u00e1s f\u00e1cil poder juntarnos para poder practicar y tambi\u00e9n conversar, hacer de nuestros ensayos algo agradable. En todo caso, igual hay temas de conversaci\u00f3n donde no todos podemos estar de acuerdo con el otro, pero lo bueno es que ya se conversa m\u00e1s en tranquilidad, la edad ayuda en este tipo de cosas\u00bb<\/em>, agreg\u00f3.<\/p>\n<p>El m\u00fasico destac\u00f3 la importancia de cumplir 62 a\u00f1os haciendo m\u00fasica en el Valle del Aconcagua, hito que lo ha llenado de emoci\u00f3n: <em>\u00abNo lo hab\u00eda tomado en cuenta, de que han pasado tantos a\u00f1os\u00bb<\/em>, admiti\u00f3.<\/p>\n<p>Tambi\u00e9n cont\u00f3 que su proyecto musical es hacer lo mejor de los a\u00f1os 60, de la Nueva Ola Chilena, de los artistas que estaban de moda en esa \u00e9poca: The Ramblers, Alan y sus Bates, Luis Dimas, Los Blues Splendor, Los Tigres. Es decir, recordar canciones de tiempos donde eran ni\u00f1os, o como el dicho \u2018los lolos de ayer\u2019.<\/p>\n<p>La presentaci\u00f3n en el Teatro Municipal de San Felipe la calific\u00f3 como muy emotiva. Hubo artistas invitados como <strong>Kako Rosinelli<\/strong>, quien los hizo recordar a <strong>Maritza<\/strong> y <strong>Cecilia \u2018La incomparable\u2019<\/strong>, cantando un tema de moda de <strong>Natalia Lafourcade<\/strong> y <strong>Juan Rivera<\/strong>.<\/p>\n<p>Al finalizar y como una forma de arenga, Pepe Plaza dijo a <strong>Diario El Tabajo<\/strong> que The Strikers hay para rato. Eso es lo que pretende como jefe del grupo, <em>\u00abque la gente nos siga apoyando como este d\u00eda viernes 28 de agosto en el Teatro Municipal\u00bb<\/em>.<\/p>\n<p>Aprovech\u00f3 nuestro medio para agradecer al sonidista <strong>Pablo Castillo<\/strong> por su dedicaci\u00f3n, y en todo momento estar muy atento a sus peticiones sobre el sonido. Tambi\u00e9n destac\u00f3 la presencia de la alcaldesa <strong>Carmen Castillo Taucher<\/strong> y, sobre todo, el aplauso del p\u00fablico, que es el alimento de todo artista.<\/p>\n<p>Hoy The Strikers est\u00e1 conformado por <strong>Carlos Sotomayor Moya<\/strong> en el teclado; en el saxof\u00f3n <strong>Juan Carlos Pulgar Droguette<\/strong>; en bater\u00eda <strong>Jorge Estay Figueroa<\/strong>; en la voz <strong>Pedro Iturrieta Soria<\/strong>; en el bajo <strong>Ulises Morales L\u00f3pez<\/strong>; en la primera guitarra y director del grupo <strong>Jos\u00e9 Plaza \u00c1lvarez<\/strong>, m\u00e1s conocido como \u2018Pepe\u2019 Plaza.<\/p>\n<p>\u00a1Felicitaciones a The Strikers, por sus 62 a\u00f1os de historia musical!<\/p>\n<figure id=\"attachment_146813\" aria-describedby=\"caption-attachment-146813\" style=\"width: 698px\" class=\"wp-caption alignnone\"><img loading=\"lazy\" decoding=\"async\" class=\"size-full wp-image-146813\" src=\"https:\/\/eltrabajo.cl\/web\/wp-content\/uploads\/2026\/08\/The-Strikers-1.jpg\" alt=\"The Strikers deleitando al p\u00fablico que los acompa\u00f1\u00f3 este viernes en el Teatro Municipal (Imagen: municipio de San Felipe).\" width=\"698\" height=\"333\" srcset=\"https:\/\/eltrabajo.cl\/web\/wp-content\/uploads\/2026\/08\/The-Strikers-1.jpg 698w, https:\/\/eltrabajo.cl\/web\/wp-content\/uploads\/2026\/08\/The-Strikers-1-300x143.jpg 300w, https:\/\/eltrabajo.cl\/web\/wp-content\/uploads\/2026\/08\/The-Strikers-1-150x72.jpg 150w, https:\/\/eltrabajo.cl\/web\/wp-content\/uploads\/2026\/08\/The-Strikers-1-696x332.jpg 696w\" sizes=\"auto, (max-width: 698px) 100vw, 698px\" \/><figcaption id=\"caption-attachment-146813\" class=\"wp-caption-text\">The Strikers deleitando al p\u00fablico que los acompa\u00f1\u00f3 este viernes en el Teatro Municipal (Imagen: municipio de San Felipe).<\/figcaption><\/figure>\n<figure id=\"attachment_146816\" aria-describedby=\"caption-attachment-146816\" style=\"width: 699px\" class=\"wp-caption alignnone\"><img loading=\"lazy\" decoding=\"async\" class=\"size-full wp-image-146816\" src=\"https:\/\/eltrabajo.cl\/web\/wp-content\/uploads\/2026\/08\/The-Strikers-4.jpg\" alt=\"Juan Rivera tambi\u00e9n presente en la celebraci\u00f3n de los 62 a\u00f1os del grupo sanfelipe\u00f1o (Imagen: municipio de San Felipe).\" width=\"699\" height=\"445\" srcset=\"https:\/\/eltrabajo.cl\/web\/wp-content\/uploads\/2026\/08\/The-Strikers-4.jpg 699w, https:\/\/eltrabajo.cl\/web\/wp-content\/uploads\/2026\/08\/The-Strikers-4-300x191.jpg 300w, https:\/\/eltrabajo.cl\/web\/wp-content\/uploads\/2026\/08\/The-Strikers-4-660x420.jpg 660w, https:\/\/eltrabajo.cl\/web\/wp-content\/uploads\/2026\/08\/The-Strikers-4-150x95.jpg 150w, https:\/\/eltrabajo.cl\/web\/wp-content\/uploads\/2026\/08\/The-Strikers-4-696x443.jpg 696w\" sizes=\"auto, (max-width: 699px) 100vw, 699px\" \/><figcaption id=\"caption-attachment-146816\" class=\"wp-caption-text\">Juan Rivera tambi\u00e9n presente en la celebraci\u00f3n de los 62 a\u00f1os del grupo sanfelipe\u00f1o (Imagen: municipio de San Felipe).<\/figcaption><\/figure>\n<figure id=\"attachment_146814\" aria-describedby=\"caption-attachment-146814\" style=\"width: 699px\" class=\"wp-caption alignnone\"><img loading=\"lazy\" decoding=\"async\" class=\"size-full wp-image-146814\" src=\"https:\/\/eltrabajo.cl\/web\/wp-content\/uploads\/2026\/08\/The-Strikers-2.jpg\" alt=\"La formaci\u00f3n de The Strikers est\u00e1 conformado por Carlos Sotomayor Moya en el teclado; Juan Carlos Pulgar Droguette en el saxof\u00f3n; Jorge Estay Figueroa en bater\u00eda; Pedro Iturrieta Soria en la voz; Ulises Morales L\u00f3pez en el bajo; y en la primera guitarra y director del grupo, Jos\u00e9 Plaza \u00c1lvarez, conocido como \u2018Pepe\u2019 Plaza (Imagen: municipio de San Felipe).\" width=\"699\" height=\"466\" srcset=\"https:\/\/eltrabajo.cl\/web\/wp-content\/uploads\/2026\/08\/The-Strikers-2.jpg 699w, https:\/\/eltrabajo.cl\/web\/wp-content\/uploads\/2026\/08\/The-Strikers-2-300x200.jpg 300w, https:\/\/eltrabajo.cl\/web\/wp-content\/uploads\/2026\/08\/The-Strikers-2-630x420.jpg 630w, https:\/\/eltrabajo.cl\/web\/wp-content\/uploads\/2026\/08\/The-Strikers-2-150x100.jpg 150w, https:\/\/eltrabajo.cl\/web\/wp-content\/uploads\/2026\/08\/The-Strikers-2-696x464.jpg 696w\" sizes=\"auto, (max-width: 699px) 100vw, 699px\" \/><figcaption id=\"caption-attachment-146814\" class=\"wp-caption-text\">La formaci\u00f3n de The Strikers est\u00e1 conformado por Carlos Sotomayor Moya en el teclado; Juan Carlos Pulgar Droguette en el saxof\u00f3n; Jorge Estay Figueroa en bater\u00eda; Pedro Iturrieta Soria en la voz; Ulises Morales L\u00f3pez en el bajo; y en la primera guitarra y director del grupo, Jos\u00e9 Plaza \u00c1lvarez, conocido como \u2018Pepe\u2019 Plaza (Imagen: municipio de San Felipe).<\/figcaption><\/figure>\n<figure id=\"attachment_146815\" aria-describedby=\"caption-attachment-146815\" style=\"width: 698px\" class=\"wp-caption alignnone\"><img loading=\"lazy\" decoding=\"async\" class=\"size-full wp-image-146815\" src=\"https:\/\/eltrabajo.cl\/web\/wp-content\/uploads\/2026\/08\/The-Strikers-3.jpg\" alt=\"Kako Rosinelli, durante la presentaci\u00f3n de los 62 a\u00f1os de The Strikers (Imagen: municipio de San Felipe).\" width=\"698\" height=\"466\" srcset=\"https:\/\/eltrabajo.cl\/web\/wp-content\/uploads\/2026\/08\/The-Strikers-3.jpg 698w, https:\/\/eltrabajo.cl\/web\/wp-content\/uploads\/2026\/08\/The-Strikers-3-300x200.jpg 300w, https:\/\/eltrabajo.cl\/web\/wp-content\/uploads\/2026\/08\/The-Strikers-3-629x420.jpg 629w, https:\/\/eltrabajo.cl\/web\/wp-content\/uploads\/2026\/08\/The-Strikers-3-150x100.jpg 150w, https:\/\/eltrabajo.cl\/web\/wp-content\/uploads\/2026\/08\/The-Strikers-3-696x465.jpg 696w\" sizes=\"auto, (max-width: 698px) 100vw, 698px\" \/><figcaption id=\"caption-attachment-146815\" class=\"wp-caption-text\">Kako Rosinelli, durante la presentaci\u00f3n de los 62 a\u00f1os de The Strikers (Imagen: municipio de San Felipe).<\/figcaption><\/figure>\n<figure id=\"attachment_146817\" aria-describedby=\"caption-attachment-146817\" style=\"width: 698px\" class=\"wp-caption alignnone\"><img loading=\"lazy\" decoding=\"async\" class=\"size-full wp-image-146817\" src=\"https:\/\/eltrabajo.cl\/web\/wp-content\/uploads\/2026\/08\/The-Strikers-5.jpg\" alt=\"El grupo con autoridades municipales, encabezadas por la alcaldesa Carmen Castillo Taucher y el concejal Guillermo Lillo (Imagen: municipio de San Felipe).\" width=\"698\" height=\"466\" srcset=\"https:\/\/eltrabajo.cl\/web\/wp-content\/uploads\/2026\/08\/The-Strikers-5.jpg 698w, https:\/\/eltrabajo.cl\/web\/wp-content\/uploads\/2026\/08\/The-Strikers-5-300x200.jpg 300w, https:\/\/eltrabajo.cl\/web\/wp-content\/uploads\/2026\/08\/The-Strikers-5-629x420.jpg 629w, https:\/\/eltrabajo.cl\/web\/wp-content\/uploads\/2026\/08\/The-Strikers-5-150x100.jpg 150w, https:\/\/eltrabajo.cl\/web\/wp-content\/uploads\/2026\/08\/The-Strikers-5-696x465.jpg 696w\" sizes=\"auto, (max-width: 698px) 100vw, 698px\" \/><figcaption id=\"caption-attachment-146817\" class=\"wp-caption-text\">El grupo con autoridades municipales, encabezadas por la alcaldesa Carmen Castillo Taucher y el concejal Guillermo Lillo (Imagen: municipio de San Felipe).<\/figcaption><\/figure>\n","protected":false},"excerpt":{"rendered":"<p>Este pasado viernes, el hist\u00f3rico grupo sanfelipe\u00f1o The Strikers celebr\u00f3 su 62\u00b0 aniversario con una emotiva presentaci\u00f3n en el Teatro Municipal de nuestra comuna. La jornada reuni\u00f3 a seguidores y amantes de la m\u00fasica, quienes disfrutaron de un espect\u00e1culo cargado de recuerdos, trayectoria y talento local. Jos\u00e9 \u2018Pepe\u2019 Plaza, director musical, cont\u00f3 a nuestro medio [&hellip;]<\/p>\n","protected":false},"author":1,"featured_media":146814,"comment_status":"open","ping_status":"closed","sticky":false,"template":"","format":"standard","meta":{"footnotes":""},"categories":[4],"tags":[],"class_list":["post-146812","post","type-post","status-publish","format-standard","has-post-thumbnail","category-comunidad"],"yoast_head":"<!-- This site is optimized with the Yoast SEO plugin v28.3 - https:\/\/yoast.com\/product\/yoast-seo-wordpress\/ -->\n<title>The Strikers celebra con todo sus 62 a\u00f1os de historia musical - Diario El Trabajo<\/title>\n<meta name=\"robots\" content=\"index, follow, max-snippet:-1, max-image-preview:large, max-video-preview:-1\" \/>\n<link rel=\"canonical\" href=\"https:\/\/eltrabajo.cl\/web\/the-strikers-celebra-con-todo-sus-62-anos-de-historia-musical\/\" \/>\n<meta property=\"og:locale\" content=\"es_ES\" \/>\n<meta property=\"og:type\" content=\"article\" \/>\n<meta property=\"og:title\" content=\"The Strikers celebra con todo sus 62 a\u00f1os de historia musical - Diario El Trabajo\" \/>\n<meta property=\"og:description\" content=\"Este pasado viernes, el hist\u00f3rico grupo sanfelipe\u00f1o The Strikers celebr\u00f3 su 62\u00b0 aniversario con una emotiva presentaci\u00f3n en el Teatro Municipal de nuestra comuna. La jornada reuni\u00f3 a seguidores y amantes de la m\u00fasica, quienes disfrutaron de un espect\u00e1culo cargado de recuerdos, trayectoria y talento local. Jos\u00e9 \u2018Pepe\u2019 Plaza, director musical, cont\u00f3 a nuestro medio [&hellip;]\" \/>\n<meta property=\"og:url\" content=\"https:\/\/eltrabajo.cl\/web\/the-strikers-celebra-con-todo-sus-62-anos-de-historia-musical\/\" \/>\n<meta property=\"og:site_name\" content=\"Diario El Trabajo\" \/>\n<meta property=\"article:publisher\" content=\"https:\/\/www.facebook.com\/ElTrabajoDiario\" \/>\n<meta property=\"article:published_time\" content=\"2026-09-01T00:44:52+00:00\" \/>\n<meta property=\"og:image\" content=\"https:\/\/eltrabajo.cl\/web\/wp-content\/uploads\/2026\/08\/The-Strikers-2.jpg\" \/>\n\t<meta property=\"og:image:width\" content=\"699\" \/>\n\t<meta property=\"og:image:height\" content=\"466\" \/>\n\t<meta property=\"og:image:type\" content=\"image\/jpeg\" \/>\n<meta name=\"author\" content=\"Diario El Trabajo\" \/>\n<meta name=\"twitter:card\" content=\"summary_large_image\" \/>\n<meta name=\"twitter:creator\" content=\"@diarioeltrabajo\" \/>\n<meta name=\"twitter:site\" content=\"@diarioeltrabajo\" \/>\n<meta name=\"twitter:label1\" content=\"Escrito por\" \/>\n\t<meta name=\"twitter:data1\" content=\"Diario El Trabajo\" \/>\n\t<meta name=\"twitter:label2\" content=\"Tiempo estimado de lectura\" \/>\n\t<meta name=\"twitter:data2\" content=\"6 minutos\" \/>\n<script type=\"application\/ld+json\" class=\"yoast-schema-graph\">{\"@context\":\"https:\\\/\\\/schema.org\",\"@graph\":[{\"@type\":\"Article\",\"@id\":\"https:\\\/\\\/eltrabajo.cl\\\/web\\\/the-strikers-celebra-con-todo-sus-62-anos-de-historia-musical\\\/#article\",\"isPartOf\":{\"@id\":\"https:\\\/\\\/eltrabajo.cl\\\/web\\\/the-strikers-celebra-con-todo-sus-62-anos-de-historia-musical\\\/\"},\"author\":{\"name\":\"Diario El Trabajo\",\"@id\":\"https:\\\/\\\/eltrabajo.cl\\\/web\\\/#\\\/schema\\\/person\\\/45efd3d17f86ec456e44dd7debe1bf19\"},\"headline\":\"The Strikers celebra con todo sus 62 a\u00f1os de historia musical\",\"datePublished\":\"2026-09-01T00:44:52+00:00\",\"mainEntityOfPage\":{\"@id\":\"https:\\\/\\\/eltrabajo.cl\\\/web\\\/the-strikers-celebra-con-todo-sus-62-anos-de-historia-musical\\\/\"},\"wordCount\":1018,\"commentCount\":0,\"publisher\":{\"@id\":\"https:\\\/\\\/eltrabajo.cl\\\/web\\\/#organization\"},\"image\":{\"@id\":\"https:\\\/\\\/eltrabajo.cl\\\/web\\\/the-strikers-celebra-con-todo-sus-62-anos-de-historia-musical\\\/#primaryimage\"},\"thumbnailUrl\":\"https:\\\/\\\/eltrabajo.cl\\\/web\\\/wp-content\\\/uploads\\\/2026\\\/08\\\/The-Strikers-2.jpg\",\"articleSection\":[\"Comunidad\"],\"inLanguage\":\"es-CL\",\"potentialAction\":[{\"@type\":\"CommentAction\",\"name\":\"Comment\",\"target\":[\"https:\\\/\\\/eltrabajo.cl\\\/web\\\/the-strikers-celebra-con-todo-sus-62-anos-de-historia-musical\\\/#respond\"]}]},{\"@type\":\"WebPage\",\"@id\":\"https:\\\/\\\/eltrabajo.cl\\\/web\\\/the-strikers-celebra-con-todo-sus-62-anos-de-historia-musical\\\/\",\"url\":\"https:\\\/\\\/eltrabajo.cl\\\/web\\\/the-strikers-celebra-con-todo-sus-62-anos-de-historia-musical\\\/\",\"name\":\"The Strikers celebra con todo sus 62 a\u00f1os de historia musical - Diario El Trabajo\",\"isPartOf\":{\"@id\":\"https:\\\/\\\/eltrabajo.cl\\\/web\\\/#website\"},\"primaryImageOfPage\":{\"@id\":\"https:\\\/\\\/eltrabajo.cl\\\/web\\\/the-strikers-celebra-con-todo-sus-62-anos-de-historia-musical\\\/#primaryimage\"},\"image\":{\"@id\":\"https:\\\/\\\/eltrabajo.cl\\\/web\\\/the-strikers-celebra-con-todo-sus-62-anos-de-historia-musical\\\/#primaryimage\"},\"thumbnailUrl\":\"https:\\\/\\\/eltrabajo.cl\\\/web\\\/wp-content\\\/uploads\\\/2026\\\/08\\\/The-Strikers-2.jpg\",\"datePublished\":\"2026-09-01T00:44:52+00:00\",\"breadcrumb\":{\"@id\":\"https:\\\/\\\/eltrabajo.cl\\\/web\\\/the-strikers-celebra-con-todo-sus-62-anos-de-historia-musical\\\/#breadcrumb\"},\"inLanguage\":\"es-CL\",\"potentialAction\":[{\"@type\":\"ReadAction\",\"target\":[\"https:\\\/\\\/eltrabajo.cl\\\/web\\\/the-strikers-celebra-con-todo-sus-62-anos-de-historia-musical\\\/\"]}]},{\"@type\":\"ImageObject\",\"inLanguage\":\"es-CL\",\"@id\":\"https:\\\/\\\/eltrabajo.cl\\\/web\\\/the-strikers-celebra-con-todo-sus-62-anos-de-historia-musical\\\/#primaryimage\",\"url\":\"https:\\\/\\\/eltrabajo.cl\\\/web\\\/wp-content\\\/uploads\\\/2026\\\/08\\\/The-Strikers-2.jpg\",\"contentUrl\":\"https:\\\/\\\/eltrabajo.cl\\\/web\\\/wp-content\\\/uploads\\\/2026\\\/08\\\/The-Strikers-2.jpg\",\"width\":699,\"height\":466,\"caption\":\"La formaci\u00f3n de The Strikers est\u00e1 conformado por Carlos Sotomayor Moya en el teclado; Juan Carlos Pulgar Droguette en el saxof\u00f3n; Jorge Estay Figueroa en bater\u00eda; Pedro Iturrieta Soria en la voz; Ulises Morales L\u00f3pez en el bajo; y en la primera guitarra y director del grupo, Jos\u00e9 Plaza \u00c1lvarez, conocido como \u2018Pepe\u2019 Plaza (Imagen: municipio de San Felipe).\"},{\"@type\":\"BreadcrumbList\",\"@id\":\"https:\\\/\\\/eltrabajo.cl\\\/web\\\/the-strikers-celebra-con-todo-sus-62-anos-de-historia-musical\\\/#breadcrumb\",\"itemListElement\":[{\"@type\":\"ListItem\",\"position\":1,\"name\":\"Portada\",\"item\":\"https:\\\/\\\/eltrabajo.cl\\\/web\\\/\"},{\"@type\":\"ListItem\",\"position\":2,\"name\":\"The Strikers celebra con todo sus 62 a\u00f1os de historia musical\"}]},{\"@type\":\"WebSite\",\"@id\":\"https:\\\/\\\/eltrabajo.cl\\\/web\\\/#website\",\"url\":\"https:\\\/\\\/eltrabajo.cl\\\/web\\\/\",\"name\":\"Diario El Trabajo\",\"description\":\"Desde 1929 construyendo Identidad Local\",\"publisher\":{\"@id\":\"https:\\\/\\\/eltrabajo.cl\\\/web\\\/#organization\"},\"potentialAction\":[{\"@type\":\"SearchAction\",\"target\":{\"@type\":\"EntryPoint\",\"urlTemplate\":\"https:\\\/\\\/eltrabajo.cl\\\/web\\\/?s={search_term_string}\"},\"query-input\":{\"@type\":\"PropertyValueSpecification\",\"valueRequired\":true,\"valueName\":\"search_term_string\"}}],\"inLanguage\":\"es-CL\"},{\"@type\":\"Organization\",\"@id\":\"https:\\\/\\\/eltrabajo.cl\\\/web\\\/#organization\",\"name\":\"Diario El Trabajo\",\"url\":\"https:\\\/\\\/eltrabajo.cl\\\/web\\\/\",\"logo\":{\"@type\":\"ImageObject\",\"inLanguage\":\"es-CL\",\"@id\":\"https:\\\/\\\/eltrabajo.cl\\\/web\\\/#\\\/schema\\\/logo\\\/image\\\/\",\"url\":\"https:\\\/\\\/eltrabajo.cl\\\/web\\\/wp-content\\\/uploads\\\/2024\\\/06\\\/profile-image-ig-page-diarioeltrabajo.jpg\",\"contentUrl\":\"https:\\\/\\\/eltrabajo.cl\\\/web\\\/wp-content\\\/uploads\\\/2024\\\/06\\\/profile-image-ig-page-diarioeltrabajo.jpg\",\"width\":823,\"height\":823,\"caption\":\"Diario El Trabajo\"},\"image\":{\"@id\":\"https:\\\/\\\/eltrabajo.cl\\\/web\\\/#\\\/schema\\\/logo\\\/image\\\/\"},\"sameAs\":[\"https:\\\/\\\/www.facebook.com\\\/ElTrabajoDiario\",\"https:\\\/\\\/x.com\\\/diarioeltrabajo\"]},{\"@type\":\"Person\",\"@id\":\"https:\\\/\\\/eltrabajo.cl\\\/web\\\/#\\\/schema\\\/person\\\/45efd3d17f86ec456e44dd7debe1bf19\",\"name\":\"Diario El Trabajo\",\"image\":{\"@type\":\"ImageObject\",\"inLanguage\":\"es-CL\",\"@id\":\"https:\\\/\\\/secure.gravatar.com\\\/avatar\\\/7e6ec277dc4aea2677c2dc301d4227957219329c985ab69a3efc12518b5161aa?s=96&d=mm&r=g\",\"url\":\"https:\\\/\\\/secure.gravatar.com\\\/avatar\\\/7e6ec277dc4aea2677c2dc301d4227957219329c985ab69a3efc12518b5161aa?s=96&d=mm&r=g\",\"contentUrl\":\"https:\\\/\\\/secure.gravatar.com\\\/avatar\\\/7e6ec277dc4aea2677c2dc301d4227957219329c985ab69a3efc12518b5161aa?s=96&d=mm&r=g\",\"caption\":\"Diario El Trabajo\"},\"sameAs\":[\"https:\\\/\\\/eltrabajo.cl\\\/web\"],\"url\":\"https:\\\/\\\/eltrabajo.cl\\\/web\\\/author\\\/diario-el-trabajo\\\/\"}]}<\/script>\n<!-- \/ Yoast SEO plugin. -->","yoast_head_json":{"title":"The Strikers celebra con todo sus 62 a\u00f1os de historia musical - Diario El Trabajo","robots":{"index":"index","follow":"follow","max-snippet":"max-snippet:-1","max-image-preview":"max-image-preview:large","max-video-preview":"max-video-preview:-1"},"canonical":"https:\/\/eltrabajo.cl\/web\/the-strikers-celebra-con-todo-sus-62-anos-de-historia-musical\/","og_locale":"es_ES","og_type":"article","og_title":"The Strikers celebra con todo sus 62 a\u00f1os de historia musical - Diario El Trabajo","og_description":"Este pasado viernes, el hist\u00f3rico grupo sanfelipe\u00f1o The Strikers celebr\u00f3 su 62\u00b0 aniversario con una emotiva presentaci\u00f3n en el Teatro Municipal de nuestra comuna. La jornada reuni\u00f3 a seguidores y amantes de la m\u00fasica, quienes disfrutaron de un espect\u00e1culo cargado de recuerdos, trayectoria y talento local. Jos\u00e9 \u2018Pepe\u2019 Plaza, director musical, cont\u00f3 a nuestro medio [&hellip;]","og_url":"https:\/\/eltrabajo.cl\/web\/the-strikers-celebra-con-todo-sus-62-anos-de-historia-musical\/","og_site_name":"Diario El Trabajo","article_publisher":"https:\/\/www.facebook.com\/ElTrabajoDiario","article_published_time":"2026-09-01T00:44:52+00:00","og_image":[{"width":699,"height":466,"url":"https:\/\/eltrabajo.cl\/web\/wp-content\/uploads\/2026\/08\/The-Strikers-2.jpg","type":"image\/jpeg"}],"author":"Diario El Trabajo","twitter_card":"summary_large_image","twitter_creator":"@diarioeltrabajo","twitter_site":"@diarioeltrabajo","twitter_misc":{"Escrito por":"Diario El Trabajo","Tiempo estimado de lectura":"6 minutos"},"schema":{"@context":"https:\/\/schema.org","@graph":[{"@type":"Article","@id":"https:\/\/eltrabajo.cl\/web\/the-strikers-celebra-con-todo-sus-62-anos-de-historia-musical\/#article","isPartOf":{"@id":"https:\/\/eltrabajo.cl\/web\/the-strikers-celebra-con-todo-sus-62-anos-de-historia-musical\/"},"author":{"name":"Diario El Trabajo","@id":"https:\/\/eltrabajo.cl\/web\/#\/schema\/person\/45efd3d17f86ec456e44dd7debe1bf19"},"headline":"The Strikers celebra con todo sus 62 a\u00f1os de historia musical","datePublished":"2026-09-01T00:44:52+00:00","mainEntityOfPage":{"@id":"https:\/\/eltrabajo.cl\/web\/the-strikers-celebra-con-todo-sus-62-anos-de-historia-musical\/"},"wordCount":1018,"commentCount":0,"publisher":{"@id":"https:\/\/eltrabajo.cl\/web\/#organization"},"image":{"@id":"https:\/\/eltrabajo.cl\/web\/the-strikers-celebra-con-todo-sus-62-anos-de-historia-musical\/#primaryimage"},"thumbnailUrl":"https:\/\/eltrabajo.cl\/web\/wp-content\/uploads\/2026\/08\/The-Strikers-2.jpg","articleSection":["Comunidad"],"inLanguage":"es-CL","potentialAction":[{"@type":"CommentAction","name":"Comment","target":["https:\/\/eltrabajo.cl\/web\/the-strikers-celebra-con-todo-sus-62-anos-de-historia-musical\/#respond"]}]},{"@type":"WebPage","@id":"https:\/\/eltrabajo.cl\/web\/the-strikers-celebra-con-todo-sus-62-anos-de-historia-musical\/","url":"https:\/\/eltrabajo.cl\/web\/the-strikers-celebra-con-todo-sus-62-anos-de-historia-musical\/","name":"The Strikers celebra con todo sus 62 a\u00f1os de historia musical - Diario El Trabajo","isPartOf":{"@id":"https:\/\/eltrabajo.cl\/web\/#website"},"primaryImageOfPage":{"@id":"https:\/\/eltrabajo.cl\/web\/the-strikers-celebra-con-todo-sus-62-anos-de-historia-musical\/#primaryimage"},"image":{"@id":"https:\/\/eltrabajo.cl\/web\/the-strikers-celebra-con-todo-sus-62-anos-de-historia-musical\/#primaryimage"},"thumbnailUrl":"https:\/\/eltrabajo.cl\/web\/wp-content\/uploads\/2026\/08\/The-Strikers-2.jpg","datePublished":"2026-09-01T00:44:52+00:00","breadcrumb":{"@id":"https:\/\/eltrabajo.cl\/web\/the-strikers-celebra-con-todo-sus-62-anos-de-historia-musical\/#breadcrumb"},"inLanguage":"es-CL","potentialAction":[{"@type":"ReadAction","target":["https:\/\/eltrabajo.cl\/web\/the-strikers-celebra-con-todo-sus-62-anos-de-historia-musical\/"]}]},{"@type":"ImageObject","inLanguage":"es-CL","@id":"https:\/\/eltrabajo.cl\/web\/the-strikers-celebra-con-todo-sus-62-anos-de-historia-musical\/#primaryimage","url":"https:\/\/eltrabajo.cl\/web\/wp-content\/uploads\/2026\/08\/The-Strikers-2.jpg","contentUrl":"https:\/\/eltrabajo.cl\/web\/wp-content\/uploads\/2026\/08\/The-Strikers-2.jpg","width":699,"height":466,"caption":"La formaci\u00f3n de The Strikers est\u00e1 conformado por Carlos Sotomayor Moya en el teclado; Juan Carlos Pulgar Droguette en el saxof\u00f3n; Jorge Estay Figueroa en bater\u00eda; Pedro Iturrieta Soria en la voz; Ulises Morales L\u00f3pez en el bajo; y en la primera guitarra y director del grupo, Jos\u00e9 Plaza \u00c1lvarez, conocido como \u2018Pepe\u2019 Plaza (Imagen: municipio de San Felipe)."},{"@type":"BreadcrumbList","@id":"https:\/\/eltrabajo.cl\/web\/the-strikers-celebra-con-todo-sus-62-anos-de-historia-musical\/#breadcrumb","itemListElement":[{"@type":"ListItem","position":1,"name":"Portada","item":"https:\/\/eltrabajo.cl\/web\/"},{"@type":"ListItem","position":2,"name":"The Strikers celebra con todo sus 62 a\u00f1os de historia musical"}]},{"@type":"WebSite","@id":"https:\/\/eltrabajo.cl\/web\/#website","url":"https:\/\/eltrabajo.cl\/web\/","name":"Diario El Trabajo","description":"Desde 1929 construyendo Identidad Local","publisher":{"@id":"https:\/\/eltrabajo.cl\/web\/#organization"},"potentialAction":[{"@type":"SearchAction","target":{"@type":"EntryPoint","urlTemplate":"https:\/\/eltrabajo.cl\/web\/?s={search_term_string}"},"query-input":{"@type":"PropertyValueSpecification","valueRequired":true,"valueName":"search_term_string"}}],"inLanguage":"es-CL"},{"@type":"Organization","@id":"https:\/\/eltrabajo.cl\/web\/#organization","name":"Diario El Trabajo","url":"https:\/\/eltrabajo.cl\/web\/","logo":{"@type":"ImageObject","inLanguage":"es-CL","@id":"https:\/\/eltrabajo.cl\/web\/#\/schema\/logo\/image\/","url":"https:\/\/eltrabajo.cl\/web\/wp-content\/uploads\/2024\/06\/profile-image-ig-page-diarioeltrabajo.jpg","contentUrl":"https:\/\/eltrabajo.cl\/web\/wp-content\/uploads\/2024\/06\/profile-image-ig-page-diarioeltrabajo.jpg","width":823,"height":823,"caption":"Diario El Trabajo"},"image":{"@id":"https:\/\/eltrabajo.cl\/web\/#\/schema\/logo\/image\/"},"sameAs":["https:\/\/www.facebook.com\/ElTrabajoDiario","https:\/\/x.com\/diarioeltrabajo"]},{"@type":"Person","@id":"https:\/\/eltrabajo.cl\/web\/#\/schema\/person\/45efd3d17f86ec456e44dd7debe1bf19","name":"Diario El Trabajo","image":{"@type":"ImageObject","inLanguage":"es-CL","@id":"https:\/\/secure.gravatar.com\/avatar\/7e6ec277dc4aea2677c2dc301d4227957219329c985ab69a3efc12518b5161aa?s=96&d=mm&r=g","url":"https:\/\/secure.gravatar.com\/avatar\/7e6ec277dc4aea2677c2dc301d4227957219329c985ab69a3efc12518b5161aa?s=96&d=mm&r=g","contentUrl":"https:\/\/secure.gravatar.com\/avatar\/7e6ec277dc4aea2677c2dc301d4227957219329c985ab69a3efc12518b5161aa?s=96&d=mm&r=g","caption":"Diario El Trabajo"},"sameAs":["https:\/\/eltrabajo.cl\/web"],"url":"https:\/\/eltrabajo.cl\/web\/author\/diario-el-trabajo\/"}]}},"_links":{"self":[{"href":"https:\/\/eltrabajo.cl\/web\/wp-json\/wp\/v2\/posts\/146812","targetHints":{"allow":["GET"]}}],"collection":[{"href":"https:\/\/eltrabajo.cl\/web\/wp-json\/wp\/v2\/posts"}],"about":[{"href":"https:\/\/eltrabajo.cl\/web\/wp-json\/wp\/v2\/types\/post"}],"author":[{"embeddable":true,"href":"https:\/\/eltrabajo.cl\/web\/wp-json\/wp\/v2\/users\/1"}],"replies":[{"embeddable":true,"href":"https:\/\/eltrabajo.cl\/web\/wp-json\/wp\/v2\/comments?post=146812"}],"version-history":[{"count":1,"href":"https:\/\/eltrabajo.cl\/web\/wp-json\/wp\/v2\/posts\/146812\/revisions"}],"predecessor-version":[{"id":146818,"href":"https:\/\/eltrabajo.cl\/web\/wp-json\/wp\/v2\/posts\/146812\/revisions\/146818"}],"wp:featuredmedia":[{"embeddable":true,"href":"https:\/\/eltrabajo.cl\/web\/wp-json\/wp\/v2\/media\/146814"}],"wp:attachment":[{"href":"https:\/\/eltrabajo.cl\/web\/wp-json\/wp\/v2\/media?parent=146812"}],"wp:term":[{"taxonomy":"category","embeddable":true,"href":"https:\/\/eltrabajo.cl\/web\/wp-json\/wp\/v2\/categories?post=146812"},{"taxonomy":"post_tag","embeddable":true,"href":"https:\/\/eltrabajo.cl\/web\/wp-json\/wp\/v2\/tags?post=146812"}],"curies":[{"name":"wp","href":"https:\/\/api.w.org\/{rel}","templated":true}]}}