{"id":146819,"date":"2026-08-31T21:46:21","date_gmt":"2026-09-01T00:46:21","guid":{"rendered":"https:\/\/eltrabajo.cl\/web\/?p=146819"},"modified":"2026-08-31T21:46:21","modified_gmt":"2026-09-01T00:46:21","slug":"puma-atropellado-en-autopista-los-andes-fallecio-debido-a-gravedad-de-sus-lesiones","status":"publish","type":"post","link":"https:\/\/eltrabajo.cl\/web\/puma-atropellado-en-autopista-los-andes-fallecio-debido-a-gravedad-de-sus-lesiones\/","title":{"rendered":"Puma atropellado en Autopista Los Andes falleci\u00f3 debido a gravedad de sus lesiones"},"content":{"rendered":"<ul>\n<li><strong>CEREFAN y el SAG acudieron a su rescate, pero pese a las maniobras de estabilizaci\u00f3n, el animal muri\u00f3 durante la madrugada. Desde CEREFAN cuestionaron la falta de medidas para proteger a la fauna silvestre en la carretera.-<\/strong><\/li>\n<\/ul>\n<p>Durante la noche de este domingo, un puma fue atropellado luego de cruzar la Autopista Los Andes, en la comuna de Panquehue. El hecho ocurri\u00f3 aproximadamente tres kil\u00f3metros antes del peaje, en las cercan\u00edas del sector El Mirador.<\/p>\n<p>De acuerdo con los antecedentes conocidos, el animal habr\u00eda saltado las barreras y cruzado hacia la calzada, siendo impactado por una camioneta que se desplazaba desde San Felipe en direcci\u00f3n a Llay Llay. El conductor result\u00f3 sin lesiones, mientras que el veh\u00edculo present\u00f3 da\u00f1os materiales.<\/p>\n<p>Tras la colisi\u00f3n, el puma qued\u00f3 a un costado de la carretera y, seg\u00fan testigos, permanec\u00eda con vida, aunque en malas condiciones. El aviso lleg\u00f3 hasta CEREFAN a trav\u00e9s de distintas redes de WhatsApp, activ\u00e1ndose r\u00e1pidamente un procedimiento conjunto con el Servicio Agr\u00edcola y Ganadero (SAG).<\/p>\n<p><strong>Maximiano Lema\u00eftre<\/strong>, director de CEREFAN, explic\u00f3 que al llegar al lugar encontraron al animal despierto, pero con evidentes signos de gravedad. <em>\u00abEl animal estaba despierto, pero en malas condiciones. Presentaba dificultad respiratoria evidente, compatible con un traumatismo tor\u00e1cico importante, y heridas en la cabeza\u00bb<\/em>, se\u00f1al\u00f3.<\/p>\n<p>Debido al riesgo que implica manipular un carn\u00edvoro mayor herido, primero se realiz\u00f3 una sedaci\u00f3n para poder examinarlo y trasladarlo de manera segura hasta las dependencias del SAG en San Felipe.<\/p>\n<p>Tras una evaluaci\u00f3n m\u00e1s exhaustiva, se determin\u00f3 que el puma presentaba lesiones graves y necesitaba una intervenci\u00f3n quir\u00fargica urgente. Sin embargo, CEREFAN no cuenta con un pabell\u00f3n con las condiciones necesarias para realizar este tipo de procedimiento, por lo que se comenz\u00f3 a gestionar su traslado a Santiago.<\/p>\n<p>\u00ab<em>CEREFAN no cuenta con un pabell\u00f3n con las condiciones necesarias para operar a un puma, de manera que se comenz\u00f3 a gestionar su traslado a un lugar que s\u00ed las tuviera. Esos lugares son muy escasos en el pa\u00eds y el m\u00e1s cercano est\u00e1 en Santiago. En la zona no existe ninguno\u00bb<\/em>, explic\u00f3 Lema\u00eftre.<\/p>\n<p>El ejemplar qued\u00f3 durante la noche bajo custodia del SAG, mientras se coordinaba su traslado. No obstante, este no alcanz\u00f3 a concretarse.<\/p>\n<p>\u00ab<em>Nos informaron hoy a las 7 de la ma\u00f1ana. Su condici\u00f3n respiratoria se deterior\u00f3 durante la noche y falleci\u00f3 antes de que el traslado pudiera efectuarse\u00bb<\/em>, confirm\u00f3 el director de CEREFAN.<\/p>\n<p>Durante la jornada de este lunes, el cuerpo del puma se traslad\u00f3 a CEREFAN, donde a las 16:00 horas se realiz\u00f3 una necropsia coordinada con el SAG. Seg\u00fan explic\u00f3 Lema\u00eftre, el objetivo fue determinar con precisi\u00f3n la extensi\u00f3n y gravedad de las lesiones y establecer su relaci\u00f3n con el atropello.<\/p>\n<p>\u00ab<em>Esa informaci\u00f3n tiene valor m\u00e1s all\u00e1 de este caso puntual, porque documenta qu\u00e9 le ocurre a la fauna silvestre en estas colisiones y sirve de respaldo t\u00e9cnico cuando se discuten medidas de mitigaci\u00f3n en las rutas\u00bb<\/em>, sostuvo.<\/p>\n<p>&nbsp;<\/p>\n<p><strong>PIDEN MEDIDAS PARA PROTEGER A LA FAUNA<\/strong><\/p>\n<p>El fallecimiento del ejemplar tambi\u00e9n reabri\u00f3 la preocupaci\u00f3n por las condiciones de la nueva Ruta 60 CH y la falta de infraestructura destinada a evitar el ingreso de fauna silvestre a la carretera.<\/p>\n<p>\u00ab<em>Esa carretera no tiene pasos habilitados para fauna silvestre y tampoco tiene protecciones que impidan el ingreso de animales a la calzada. Eso es un riesgo para la fauna y tambi\u00e9n para las personas y los automovilistas\u00bb<\/em>, manifest\u00f3 Lema\u00eftre.<\/p>\n<p>Desde CEREFAN plantean la necesidad de implementar pasos de fauna, cierres perimetrales y se\u00f1alizaci\u00f3n en sectores cr\u00edticos. A esto se suma la necesidad de contar con mejores herramientas para responder ante este tipo de emergencias. <em>\u00abSin eso, esto se va a repetir. Ya ocurri\u00f3 con un puma antes en Las Chilcas y va a volver a ocurrir\u00bb<\/em>, advirti\u00f3.<\/p>\n<p>Lema\u00eftre tambi\u00e9n relat\u00f3 una situaci\u00f3n ocurrida durante el procedimiento de rescate que gener\u00f3 molestia en CEREFAN.<\/p>\n<p>\u00ab<em>Y quiero contar algo que nos parece inaceptable. Por ir al rescate de este puma nos cobraron peaje a todos los veh\u00edculos de emergencia, tanto del Servicio Agr\u00edcola y Ganadero como de CEREFAN. Pagamos peaje de ida y cuando volv\u00edamos con el animal rescatado, tampoco nos dejaron pasar y nos cobraron peaje de vuelta. Cero empat\u00eda y cero disposici\u00f3n a colaborar por parte de la carretera, frente a una emergencia que estaba ocurriendo dentro de su propia ruta\u00bb<\/em>, afirm\u00f3.<\/p>\n<p>El director de CEREFAN agreg\u00f3 que tambi\u00e9n es necesario mejorar la preparaci\u00f3n de los equipos locales para enfrentar este tipo de emergencias, considerando que el traslado de un animal herido hasta Santiago puede significar una p\u00e9rdida de tiempo fundamental para su recuperaci\u00f3n.<\/p>\n<p>\u00ab<em>Hoy no estamos preparados. El Servicio Agr\u00edcola y Ganadero no dispone de elementos de sedaci\u00f3n a distancia, nosotros tampoco; necesitamos dardos y bastones de sedaci\u00f3n para enfrentar este tipo de situaciones con seguridad y necesitamos mejorar nuestra infraestructura, partiendo por recintos de rehabilitaci\u00f3n adecuados para un puma\u00bb<\/em>, indic\u00f3.<\/p>\n<p>Finalmente, el director de CEREFAN hizo un llamado a la comunidad y especialmente a las empresas de la zona a colaborar con la organizaci\u00f3n para mejorar su infraestructura y equipamiento. <em>\u00abQueremos que la pr\u00f3xima vez que ocurra algo as\u00ed podamos dar la atenci\u00f3n ac\u00e1 mismo, sin depender de trasladar al animal a Santiago\u00bb<\/em>, concluy\u00f3.<\/p>\n<figure id=\"attachment_146820\" aria-describedby=\"caption-attachment-146820\" style=\"width: 699px\" class=\"wp-caption alignnone\"><img loading=\"lazy\" decoding=\"async\" class=\"size-full wp-image-146820\" src=\"https:\/\/eltrabajo.cl\/web\/wp-content\/uploads\/2026\/08\/puma-2.jpg\" alt=\"Pese a los esfuerzos de rescate, el ejemplar falleci\u00f3 durante la madrugada del lunes.\" width=\"699\" height=\"410\" srcset=\"https:\/\/eltrabajo.cl\/web\/wp-content\/uploads\/2026\/08\/puma-2.jpg 699w, https:\/\/eltrabajo.cl\/web\/wp-content\/uploads\/2026\/08\/puma-2-300x176.jpg 300w, https:\/\/eltrabajo.cl\/web\/wp-content\/uploads\/2026\/08\/puma-2-150x88.jpg 150w, https:\/\/eltrabajo.cl\/web\/wp-content\/uploads\/2026\/08\/puma-2-696x408.jpg 696w\" sizes=\"auto, (max-width: 699px) 100vw, 699px\" \/><figcaption id=\"caption-attachment-146820\" class=\"wp-caption-text\">Pese a los esfuerzos de rescate, el ejemplar falleci\u00f3 durante la madrugada del lunes.<\/figcaption><\/figure>\n<figure id=\"attachment_146821\" aria-describedby=\"caption-attachment-146821\" style=\"width: 700px\" class=\"wp-caption alignnone\"><img loading=\"lazy\" decoding=\"async\" class=\"size-full wp-image-146821\" src=\"https:\/\/eltrabajo.cl\/web\/wp-content\/uploads\/2026\/08\/puma-1.jpg\" alt=\"El puma fue atropellado durante la noche del domingo mientras cruzaba la Autopista Los Andes, en las cercan\u00edas del sector El Mirador de la comuna de Panquehue. \" width=\"700\" height=\"518\" srcset=\"https:\/\/eltrabajo.cl\/web\/wp-content\/uploads\/2026\/08\/puma-1.jpg 700w, https:\/\/eltrabajo.cl\/web\/wp-content\/uploads\/2026\/08\/puma-1-300x222.jpg 300w, https:\/\/eltrabajo.cl\/web\/wp-content\/uploads\/2026\/08\/puma-1-568x420.jpg 568w, https:\/\/eltrabajo.cl\/web\/wp-content\/uploads\/2026\/08\/puma-1-80x60.jpg 80w, https:\/\/eltrabajo.cl\/web\/wp-content\/uploads\/2026\/08\/puma-1-150x111.jpg 150w, https:\/\/eltrabajo.cl\/web\/wp-content\/uploads\/2026\/08\/puma-1-485x360.jpg 485w, https:\/\/eltrabajo.cl\/web\/wp-content\/uploads\/2026\/08\/puma-1-696x515.jpg 696w\" sizes=\"auto, (max-width: 700px) 100vw, 700px\" \/><figcaption id=\"caption-attachment-146821\" class=\"wp-caption-text\">El puma fue atropellado durante la noche del domingo mientras cruzaba la Autopista Los Andes, en las cercan\u00edas del sector El Mirador de la comuna de Panquehue.<\/figcaption><\/figure>\n","protected":false},"excerpt":{"rendered":"<p>CEREFAN y el SAG acudieron a su rescate, pero pese a las maniobras de estabilizaci\u00f3n, el animal muri\u00f3 durante la madrugada. Desde CEREFAN cuestionaron la falta de medidas para proteger a la fauna silvestre en la carretera.- Durante la noche de este domingo, un puma fue atropellado luego de cruzar la Autopista Los Andes, en [&hellip;]<\/p>\n","protected":false},"author":1,"featured_media":146820,"comment_status":"open","ping_status":"closed","sticky":false,"template":"","format":"standard","meta":{"footnotes":""},"categories":[4],"tags":[],"class_list":["post-146819","post","type-post","status-publish","format-standard","has-post-thumbnail","category-comunidad"],"yoast_head":"<!-- This site is optimized with the Yoast SEO plugin v28.3 - https:\/\/yoast.com\/product\/yoast-seo-wordpress\/ -->\n<title>Puma atropellado en Autopista Los Andes falleci\u00f3 debido a gravedad de sus lesiones - Diario El Trabajo<\/title>\n<meta name=\"robots\" content=\"index, follow, max-snippet:-1, max-image-preview:large, max-video-preview:-1\" \/>\n<link rel=\"canonical\" href=\"https:\/\/eltrabajo.cl\/web\/puma-atropellado-en-autopista-los-andes-fallecio-debido-a-gravedad-de-sus-lesiones\/\" \/>\n<meta property=\"og:locale\" content=\"es_ES\" \/>\n<meta property=\"og:type\" content=\"article\" \/>\n<meta property=\"og:title\" content=\"Puma atropellado en Autopista Los Andes falleci\u00f3 debido a gravedad de sus lesiones - Diario El Trabajo\" \/>\n<meta property=\"og:description\" content=\"CEREFAN y el SAG acudieron a su rescate, pero pese a las maniobras de estabilizaci\u00f3n, el animal muri\u00f3 durante la madrugada. Desde CEREFAN cuestionaron la falta de medidas para proteger a la fauna silvestre en la carretera.- Durante la noche de este domingo, un puma fue atropellado luego de cruzar la Autopista Los Andes, en [&hellip;]\" \/>\n<meta property=\"og:url\" content=\"https:\/\/eltrabajo.cl\/web\/puma-atropellado-en-autopista-los-andes-fallecio-debido-a-gravedad-de-sus-lesiones\/\" \/>\n<meta property=\"og:site_name\" content=\"Diario El Trabajo\" \/>\n<meta property=\"article:publisher\" content=\"https:\/\/www.facebook.com\/ElTrabajoDiario\" \/>\n<meta property=\"article:published_time\" content=\"2026-09-01T00:46:21+00:00\" \/>\n<meta property=\"og:image\" content=\"https:\/\/eltrabajo.cl\/web\/wp-content\/uploads\/2026\/08\/puma-2.jpg\" \/>\n\t<meta property=\"og:image:width\" content=\"699\" \/>\n\t<meta property=\"og:image:height\" content=\"410\" \/>\n\t<meta property=\"og:image:type\" content=\"image\/jpeg\" \/>\n<meta name=\"author\" content=\"Diario El Trabajo\" \/>\n<meta name=\"twitter:card\" content=\"summary_large_image\" \/>\n<meta name=\"twitter:creator\" content=\"@diarioeltrabajo\" \/>\n<meta name=\"twitter:site\" content=\"@diarioeltrabajo\" \/>\n<meta name=\"twitter:label1\" content=\"Escrito por\" \/>\n\t<meta name=\"twitter:data1\" content=\"Diario El Trabajo\" \/>\n\t<meta name=\"twitter:label2\" content=\"Tiempo estimado de lectura\" \/>\n\t<meta name=\"twitter:data2\" content=\"5 minutos\" \/>\n<script type=\"application\/ld+json\" class=\"yoast-schema-graph\">{\"@context\":\"https:\\\/\\\/schema.org\",\"@graph\":[{\"@type\":\"Article\",\"@id\":\"https:\\\/\\\/eltrabajo.cl\\\/web\\\/puma-atropellado-en-autopista-los-andes-fallecio-debido-a-gravedad-de-sus-lesiones\\\/#article\",\"isPartOf\":{\"@id\":\"https:\\\/\\\/eltrabajo.cl\\\/web\\\/puma-atropellado-en-autopista-los-andes-fallecio-debido-a-gravedad-de-sus-lesiones\\\/\"},\"author\":{\"name\":\"Diario El Trabajo\",\"@id\":\"https:\\\/\\\/eltrabajo.cl\\\/web\\\/#\\\/schema\\\/person\\\/45efd3d17f86ec456e44dd7debe1bf19\"},\"headline\":\"Puma atropellado en Autopista Los Andes falleci\u00f3 debido a gravedad de sus lesiones\",\"datePublished\":\"2026-09-01T00:46:21+00:00\",\"mainEntityOfPage\":{\"@id\":\"https:\\\/\\\/eltrabajo.cl\\\/web\\\/puma-atropellado-en-autopista-los-andes-fallecio-debido-a-gravedad-de-sus-lesiones\\\/\"},\"wordCount\":993,\"commentCount\":0,\"publisher\":{\"@id\":\"https:\\\/\\\/eltrabajo.cl\\\/web\\\/#organization\"},\"image\":{\"@id\":\"https:\\\/\\\/eltrabajo.cl\\\/web\\\/puma-atropellado-en-autopista-los-andes-fallecio-debido-a-gravedad-de-sus-lesiones\\\/#primaryimage\"},\"thumbnailUrl\":\"https:\\\/\\\/eltrabajo.cl\\\/web\\\/wp-content\\\/uploads\\\/2026\\\/08\\\/puma-2.jpg\",\"articleSection\":[\"Comunidad\"],\"inLanguage\":\"es-CL\",\"potentialAction\":[{\"@type\":\"CommentAction\",\"name\":\"Comment\",\"target\":[\"https:\\\/\\\/eltrabajo.cl\\\/web\\\/puma-atropellado-en-autopista-los-andes-fallecio-debido-a-gravedad-de-sus-lesiones\\\/#respond\"]}]},{\"@type\":\"WebPage\",\"@id\":\"https:\\\/\\\/eltrabajo.cl\\\/web\\\/puma-atropellado-en-autopista-los-andes-fallecio-debido-a-gravedad-de-sus-lesiones\\\/\",\"url\":\"https:\\\/\\\/eltrabajo.cl\\\/web\\\/puma-atropellado-en-autopista-los-andes-fallecio-debido-a-gravedad-de-sus-lesiones\\\/\",\"name\":\"Puma atropellado en Autopista Los Andes falleci\u00f3 debido a gravedad de sus lesiones - Diario El Trabajo\",\"isPartOf\":{\"@id\":\"https:\\\/\\\/eltrabajo.cl\\\/web\\\/#website\"},\"primaryImageOfPage\":{\"@id\":\"https:\\\/\\\/eltrabajo.cl\\\/web\\\/puma-atropellado-en-autopista-los-andes-fallecio-debido-a-gravedad-de-sus-lesiones\\\/#primaryimage\"},\"image\":{\"@id\":\"https:\\\/\\\/eltrabajo.cl\\\/web\\\/puma-atropellado-en-autopista-los-andes-fallecio-debido-a-gravedad-de-sus-lesiones\\\/#primaryimage\"},\"thumbnailUrl\":\"https:\\\/\\\/eltrabajo.cl\\\/web\\\/wp-content\\\/uploads\\\/2026\\\/08\\\/puma-2.jpg\",\"datePublished\":\"2026-09-01T00:46:21+00:00\",\"breadcrumb\":{\"@id\":\"https:\\\/\\\/eltrabajo.cl\\\/web\\\/puma-atropellado-en-autopista-los-andes-fallecio-debido-a-gravedad-de-sus-lesiones\\\/#breadcrumb\"},\"inLanguage\":\"es-CL\",\"potentialAction\":[{\"@type\":\"ReadAction\",\"target\":[\"https:\\\/\\\/eltrabajo.cl\\\/web\\\/puma-atropellado-en-autopista-los-andes-fallecio-debido-a-gravedad-de-sus-lesiones\\\/\"]}]},{\"@type\":\"ImageObject\",\"inLanguage\":\"es-CL\",\"@id\":\"https:\\\/\\\/eltrabajo.cl\\\/web\\\/puma-atropellado-en-autopista-los-andes-fallecio-debido-a-gravedad-de-sus-lesiones\\\/#primaryimage\",\"url\":\"https:\\\/\\\/eltrabajo.cl\\\/web\\\/wp-content\\\/uploads\\\/2026\\\/08\\\/puma-2.jpg\",\"contentUrl\":\"https:\\\/\\\/eltrabajo.cl\\\/web\\\/wp-content\\\/uploads\\\/2026\\\/08\\\/puma-2.jpg\",\"width\":699,\"height\":410,\"caption\":\"Pese a los esfuerzos de rescate, el ejemplar falleci\u00f3 durante la madrugada del lunes.\"},{\"@type\":\"BreadcrumbList\",\"@id\":\"https:\\\/\\\/eltrabajo.cl\\\/web\\\/puma-atropellado-en-autopista-los-andes-fallecio-debido-a-gravedad-de-sus-lesiones\\\/#breadcrumb\",\"itemListElement\":[{\"@type\":\"ListItem\",\"position\":1,\"name\":\"Portada\",\"item\":\"https:\\\/\\\/eltrabajo.cl\\\/web\\\/\"},{\"@type\":\"ListItem\",\"position\":2,\"name\":\"Puma atropellado en Autopista Los Andes falleci\u00f3 debido a gravedad de sus lesiones\"}]},{\"@type\":\"WebSite\",\"@id\":\"https:\\\/\\\/eltrabajo.cl\\\/web\\\/#website\",\"url\":\"https:\\\/\\\/eltrabajo.cl\\\/web\\\/\",\"name\":\"Diario El Trabajo\",\"description\":\"Desde 1929 construyendo Identidad Local\",\"publisher\":{\"@id\":\"https:\\\/\\\/eltrabajo.cl\\\/web\\\/#organization\"},\"potentialAction\":[{\"@type\":\"SearchAction\",\"target\":{\"@type\":\"EntryPoint\",\"urlTemplate\":\"https:\\\/\\\/eltrabajo.cl\\\/web\\\/?s={search_term_string}\"},\"query-input\":{\"@type\":\"PropertyValueSpecification\",\"valueRequired\":true,\"valueName\":\"search_term_string\"}}],\"inLanguage\":\"es-CL\"},{\"@type\":\"Organization\",\"@id\":\"https:\\\/\\\/eltrabajo.cl\\\/web\\\/#organization\",\"name\":\"Diario El Trabajo\",\"url\":\"https:\\\/\\\/eltrabajo.cl\\\/web\\\/\",\"logo\":{\"@type\":\"ImageObject\",\"inLanguage\":\"es-CL\",\"@id\":\"https:\\\/\\\/eltrabajo.cl\\\/web\\\/#\\\/schema\\\/logo\\\/image\\\/\",\"url\":\"https:\\\/\\\/eltrabajo.cl\\\/web\\\/wp-content\\\/uploads\\\/2024\\\/06\\\/profile-image-ig-page-diarioeltrabajo.jpg\",\"contentUrl\":\"https:\\\/\\\/eltrabajo.cl\\\/web\\\/wp-content\\\/uploads\\\/2024\\\/06\\\/profile-image-ig-page-diarioeltrabajo.jpg\",\"width\":823,\"height\":823,\"caption\":\"Diario El Trabajo\"},\"image\":{\"@id\":\"https:\\\/\\\/eltrabajo.cl\\\/web\\\/#\\\/schema\\\/logo\\\/image\\\/\"},\"sameAs\":[\"https:\\\/\\\/www.facebook.com\\\/ElTrabajoDiario\",\"https:\\\/\\\/x.com\\\/diarioeltrabajo\"]},{\"@type\":\"Person\",\"@id\":\"https:\\\/\\\/eltrabajo.cl\\\/web\\\/#\\\/schema\\\/person\\\/45efd3d17f86ec456e44dd7debe1bf19\",\"name\":\"Diario El Trabajo\",\"image\":{\"@type\":\"ImageObject\",\"inLanguage\":\"es-CL\",\"@id\":\"https:\\\/\\\/secure.gravatar.com\\\/avatar\\\/7e6ec277dc4aea2677c2dc301d4227957219329c985ab69a3efc12518b5161aa?s=96&d=mm&r=g\",\"url\":\"https:\\\/\\\/secure.gravatar.com\\\/avatar\\\/7e6ec277dc4aea2677c2dc301d4227957219329c985ab69a3efc12518b5161aa?s=96&d=mm&r=g\",\"contentUrl\":\"https:\\\/\\\/secure.gravatar.com\\\/avatar\\\/7e6ec277dc4aea2677c2dc301d4227957219329c985ab69a3efc12518b5161aa?s=96&d=mm&r=g\",\"caption\":\"Diario El Trabajo\"},\"sameAs\":[\"https:\\\/\\\/eltrabajo.cl\\\/web\"],\"url\":\"https:\\\/\\\/eltrabajo.cl\\\/web\\\/author\\\/diario-el-trabajo\\\/\"}]}<\/script>\n<!-- \/ Yoast SEO plugin. -->","yoast_head_json":{"title":"Puma atropellado en Autopista Los Andes falleci\u00f3 debido a gravedad de sus lesiones - Diario El Trabajo","robots":{"index":"index","follow":"follow","max-snippet":"max-snippet:-1","max-image-preview":"max-image-preview:large","max-video-preview":"max-video-preview:-1"},"canonical":"https:\/\/eltrabajo.cl\/web\/puma-atropellado-en-autopista-los-andes-fallecio-debido-a-gravedad-de-sus-lesiones\/","og_locale":"es_ES","og_type":"article","og_title":"Puma atropellado en Autopista Los Andes falleci\u00f3 debido a gravedad de sus lesiones - Diario El Trabajo","og_description":"CEREFAN y el SAG acudieron a su rescate, pero pese a las maniobras de estabilizaci\u00f3n, el animal muri\u00f3 durante la madrugada. Desde CEREFAN cuestionaron la falta de medidas para proteger a la fauna silvestre en la carretera.- Durante la noche de este domingo, un puma fue atropellado luego de cruzar la Autopista Los Andes, en [&hellip;]","og_url":"https:\/\/eltrabajo.cl\/web\/puma-atropellado-en-autopista-los-andes-fallecio-debido-a-gravedad-de-sus-lesiones\/","og_site_name":"Diario El Trabajo","article_publisher":"https:\/\/www.facebook.com\/ElTrabajoDiario","article_published_time":"2026-09-01T00:46:21+00:00","og_image":[{"width":699,"height":410,"url":"https:\/\/eltrabajo.cl\/web\/wp-content\/uploads\/2026\/08\/puma-2.jpg","type":"image\/jpeg"}],"author":"Diario El Trabajo","twitter_card":"summary_large_image","twitter_creator":"@diarioeltrabajo","twitter_site":"@diarioeltrabajo","twitter_misc":{"Escrito por":"Diario El Trabajo","Tiempo estimado de lectura":"5 minutos"},"schema":{"@context":"https:\/\/schema.org","@graph":[{"@type":"Article","@id":"https:\/\/eltrabajo.cl\/web\/puma-atropellado-en-autopista-los-andes-fallecio-debido-a-gravedad-de-sus-lesiones\/#article","isPartOf":{"@id":"https:\/\/eltrabajo.cl\/web\/puma-atropellado-en-autopista-los-andes-fallecio-debido-a-gravedad-de-sus-lesiones\/"},"author":{"name":"Diario El Trabajo","@id":"https:\/\/eltrabajo.cl\/web\/#\/schema\/person\/45efd3d17f86ec456e44dd7debe1bf19"},"headline":"Puma atropellado en Autopista Los Andes falleci\u00f3 debido a gravedad de sus lesiones","datePublished":"2026-09-01T00:46:21+00:00","mainEntityOfPage":{"@id":"https:\/\/eltrabajo.cl\/web\/puma-atropellado-en-autopista-los-andes-fallecio-debido-a-gravedad-de-sus-lesiones\/"},"wordCount":993,"commentCount":0,"publisher":{"@id":"https:\/\/eltrabajo.cl\/web\/#organization"},"image":{"@id":"https:\/\/eltrabajo.cl\/web\/puma-atropellado-en-autopista-los-andes-fallecio-debido-a-gravedad-de-sus-lesiones\/#primaryimage"},"thumbnailUrl":"https:\/\/eltrabajo.cl\/web\/wp-content\/uploads\/2026\/08\/puma-2.jpg","articleSection":["Comunidad"],"inLanguage":"es-CL","potentialAction":[{"@type":"CommentAction","name":"Comment","target":["https:\/\/eltrabajo.cl\/web\/puma-atropellado-en-autopista-los-andes-fallecio-debido-a-gravedad-de-sus-lesiones\/#respond"]}]},{"@type":"WebPage","@id":"https:\/\/eltrabajo.cl\/web\/puma-atropellado-en-autopista-los-andes-fallecio-debido-a-gravedad-de-sus-lesiones\/","url":"https:\/\/eltrabajo.cl\/web\/puma-atropellado-en-autopista-los-andes-fallecio-debido-a-gravedad-de-sus-lesiones\/","name":"Puma atropellado en Autopista Los Andes falleci\u00f3 debido a gravedad de sus lesiones - Diario El Trabajo","isPartOf":{"@id":"https:\/\/eltrabajo.cl\/web\/#website"},"primaryImageOfPage":{"@id":"https:\/\/eltrabajo.cl\/web\/puma-atropellado-en-autopista-los-andes-fallecio-debido-a-gravedad-de-sus-lesiones\/#primaryimage"},"image":{"@id":"https:\/\/eltrabajo.cl\/web\/puma-atropellado-en-autopista-los-andes-fallecio-debido-a-gravedad-de-sus-lesiones\/#primaryimage"},"thumbnailUrl":"https:\/\/eltrabajo.cl\/web\/wp-content\/uploads\/2026\/08\/puma-2.jpg","datePublished":"2026-09-01T00:46:21+00:00","breadcrumb":{"@id":"https:\/\/eltrabajo.cl\/web\/puma-atropellado-en-autopista-los-andes-fallecio-debido-a-gravedad-de-sus-lesiones\/#breadcrumb"},"inLanguage":"es-CL","potentialAction":[{"@type":"ReadAction","target":["https:\/\/eltrabajo.cl\/web\/puma-atropellado-en-autopista-los-andes-fallecio-debido-a-gravedad-de-sus-lesiones\/"]}]},{"@type":"ImageObject","inLanguage":"es-CL","@id":"https:\/\/eltrabajo.cl\/web\/puma-atropellado-en-autopista-los-andes-fallecio-debido-a-gravedad-de-sus-lesiones\/#primaryimage","url":"https:\/\/eltrabajo.cl\/web\/wp-content\/uploads\/2026\/08\/puma-2.jpg","contentUrl":"https:\/\/eltrabajo.cl\/web\/wp-content\/uploads\/2026\/08\/puma-2.jpg","width":699,"height":410,"caption":"Pese a los esfuerzos de rescate, el ejemplar falleci\u00f3 durante la madrugada del lunes."},{"@type":"BreadcrumbList","@id":"https:\/\/eltrabajo.cl\/web\/puma-atropellado-en-autopista-los-andes-fallecio-debido-a-gravedad-de-sus-lesiones\/#breadcrumb","itemListElement":[{"@type":"ListItem","position":1,"name":"Portada","item":"https:\/\/eltrabajo.cl\/web\/"},{"@type":"ListItem","position":2,"name":"Puma atropellado en Autopista Los Andes falleci\u00f3 debido a gravedad de sus lesiones"}]},{"@type":"WebSite","@id":"https:\/\/eltrabajo.cl\/web\/#website","url":"https:\/\/eltrabajo.cl\/web\/","name":"Diario El Trabajo","description":"Desde 1929 construyendo Identidad Local","publisher":{"@id":"https:\/\/eltrabajo.cl\/web\/#organization"},"potentialAction":[{"@type":"SearchAction","target":{"@type":"EntryPoint","urlTemplate":"https:\/\/eltrabajo.cl\/web\/?s={search_term_string}"},"query-input":{"@type":"PropertyValueSpecification","valueRequired":true,"valueName":"search_term_string"}}],"inLanguage":"es-CL"},{"@type":"Organization","@id":"https:\/\/eltrabajo.cl\/web\/#organization","name":"Diario El Trabajo","url":"https:\/\/eltrabajo.cl\/web\/","logo":{"@type":"ImageObject","inLanguage":"es-CL","@id":"https:\/\/eltrabajo.cl\/web\/#\/schema\/logo\/image\/","url":"https:\/\/eltrabajo.cl\/web\/wp-content\/uploads\/2024\/06\/profile-image-ig-page-diarioeltrabajo.jpg","contentUrl":"https:\/\/eltrabajo.cl\/web\/wp-content\/uploads\/2024\/06\/profile-image-ig-page-diarioeltrabajo.jpg","width":823,"height":823,"caption":"Diario El Trabajo"},"image":{"@id":"https:\/\/eltrabajo.cl\/web\/#\/schema\/logo\/image\/"},"sameAs":["https:\/\/www.facebook.com\/ElTrabajoDiario","https:\/\/x.com\/diarioeltrabajo"]},{"@type":"Person","@id":"https:\/\/eltrabajo.cl\/web\/#\/schema\/person\/45efd3d17f86ec456e44dd7debe1bf19","name":"Diario El Trabajo","image":{"@type":"ImageObject","inLanguage":"es-CL","@id":"https:\/\/secure.gravatar.com\/avatar\/7e6ec277dc4aea2677c2dc301d4227957219329c985ab69a3efc12518b5161aa?s=96&d=mm&r=g","url":"https:\/\/secure.gravatar.com\/avatar\/7e6ec277dc4aea2677c2dc301d4227957219329c985ab69a3efc12518b5161aa?s=96&d=mm&r=g","contentUrl":"https:\/\/secure.gravatar.com\/avatar\/7e6ec277dc4aea2677c2dc301d4227957219329c985ab69a3efc12518b5161aa?s=96&d=mm&r=g","caption":"Diario El Trabajo"},"sameAs":["https:\/\/eltrabajo.cl\/web"],"url":"https:\/\/eltrabajo.cl\/web\/author\/diario-el-trabajo\/"}]}},"_links":{"self":[{"href":"https:\/\/eltrabajo.cl\/web\/wp-json\/wp\/v2\/posts\/146819","targetHints":{"allow":["GET"]}}],"collection":[{"href":"https:\/\/eltrabajo.cl\/web\/wp-json\/wp\/v2\/posts"}],"about":[{"href":"https:\/\/eltrabajo.cl\/web\/wp-json\/wp\/v2\/types\/post"}],"author":[{"embeddable":true,"href":"https:\/\/eltrabajo.cl\/web\/wp-json\/wp\/v2\/users\/1"}],"replies":[{"embeddable":true,"href":"https:\/\/eltrabajo.cl\/web\/wp-json\/wp\/v2\/comments?post=146819"}],"version-history":[{"count":2,"href":"https:\/\/eltrabajo.cl\/web\/wp-json\/wp\/v2\/posts\/146819\/revisions"}],"predecessor-version":[{"id":146823,"href":"https:\/\/eltrabajo.cl\/web\/wp-json\/wp\/v2\/posts\/146819\/revisions\/146823"}],"wp:featuredmedia":[{"embeddable":true,"href":"https:\/\/eltrabajo.cl\/web\/wp-json\/wp\/v2\/media\/146820"}],"wp:attachment":[{"href":"https:\/\/eltrabajo.cl\/web\/wp-json\/wp\/v2\/media?parent=146819"}],"wp:term":[{"taxonomy":"category","embeddable":true,"href":"https:\/\/eltrabajo.cl\/web\/wp-json\/wp\/v2\/categories?post=146819"},{"taxonomy":"post_tag","embeddable":true,"href":"https:\/\/eltrabajo.cl\/web\/wp-json\/wp\/v2\/tags?post=146819"}],"curies":[{"name":"wp","href":"https:\/\/api.w.org\/{rel}","templated":true}]}}