{"id":146825,"date":"2026-09-01T21:45:38","date_gmt":"2026-09-02T00:45:38","guid":{"rendered":"https:\/\/eltrabajo.cl\/web\/?p=146825"},"modified":"2026-09-01T21:45:38","modified_gmt":"2026-09-02T00:45:38","slug":"dan-a-conocer-actividades-para-conmemorar-fiestas-patrias","status":"publish","type":"post","link":"https:\/\/eltrabajo.cl\/web\/dan-a-conocer-actividades-para-conmemorar-fiestas-patrias\/","title":{"rendered":"Dan a conocer actividades para conmemorar Fiestas Patrias"},"content":{"rendered":"<ul>\n<li><strong>En el calendario, destacada la III versi\u00f3n de la Fiesta de la Cueca, la Chicha y el Charqui.\u2013<\/strong><\/li>\n<\/ul>\n<p>Comenz\u00f3 septiembre, y con ello ya comienzan a afinarse los \u00faltimos detalles para las diversas celebraciones por Fiestas Patrias. Es as\u00ed, que desde el municipio de San Felipe se dio a conocer el listado de actividades preparadas para todo el mes, donde destacan eventos en diversos puntos de la ciudad.<\/p>\n<p>Al respecto, la alcaldesa de San Felipe, <strong>Carmen Castillo<\/strong>, comenz\u00f3 comentando que este mes de septiembre <em>\u00abse viene con muchas actividades que nosotros estamos realizando con mucho cari\u00f1o para nuestra comunidad y que esperamos de que lo disfruten, porque van a ser en distintos lugares. Pero, para nosotros, lo m\u00e1s importante es que vengan en familia, eso es lo que queremos, que se disfrute en familia\u00bb<\/em>.<\/p>\n<p>La edil destac\u00f3 que <em>\u00abel s\u00e1bado 5<\/em> (septiembre) <em>va a haber una actividad que se llama \u2018Sabores de Bellavista\u2019, que es una celebraci\u00f3n que se organiza para representar nuestra identidad, que es muy importante, apoyado por la Oficina de Turismo, y est\u00e1 en el marco del mes patrio y tambi\u00e9n del mes del turismo\u00bb<\/em>.<\/p>\n<p>En este contexto, <strong>Diego Mu\u00f1oz<\/strong>, profesional de la Oficina de Turismo, precis\u00f3 que <em>\u00abel evento Sabores de Bellavista, que en este caso es la segunda convocatoria que estamos haciendo, es una actividad organizada en conjunto a la comunidad de Bellavista, que tiene como objetivo poner en valor ese territorio rico en patrimonio y paisajes de nuestra comuna\u00bb<\/em>, estableci\u00f3.<\/p>\n<p>Del mismo modo, Mu\u00f1oz agreg\u00f3 que <em>\u00abinvitamos a los vecinos, personas del sector, a vivir esta experiencia que parte a las 12:00 del d\u00eda de este s\u00e1bado 5, y va a tener comidas t\u00edpicas, m\u00fasica en vivo, danza; todo en el contexto del sector de Bellavista, frente al rodeo<\/em> (medialuna) <em>de ese sector\u00bb<\/em>.<\/p>\n<p>Asimismo, el fin de semana previo a las Fiestas Patrias, propiamente tal, se desarrollar\u00e1 la III versi\u00f3n de la Fiesta de la Cueca, la Chicha y el Charqui; esta vez, el evento se llevar\u00e1 a cabo en la Plaza de Armas.<\/p>\n<p>\u00ab<em>Despu\u00e9s el 12 y 13<\/em> (septiembre) <em>se va a llevar a cabo la III Fiesta de la Cueca, la Chicha y el Charqui, que es una actividad muy bien recibida por la comunidad, que ha sido visitada por muchas personas. S\u00e9 que hay mucho inter\u00e9s, no solo en San Felipe, sino que de otras partes, que tiene que ver con actividades que nos representan a nosotros\u00bb<\/em>, sostuvo Castillo.<\/p>\n<p>En esta misma l\u00ednea, la alcaldesa expres\u00f3 que este evento <em>\u00abva a ser en nuestra Plaza de Armas; \u00bfPor qu\u00e9 en la Plaza de Armas? Porque es central, porque permite que lleguen las personas, porque tal vez no significa m\u00e1s gasto para transportarse y porque sabemos aqu\u00ed hay espacio suficiente para acoger a todos los que nos visitan<\/em>.<\/p>\n<p>\u00ab<em>Tiene un comienzo a las 10:00 de la ma\u00f1ana y termina a las 23:00 horas, va a ser una fiesta larga y esperamos que lo disfruten. Sum\u00e9mosle el domingo en la ma\u00f1ana<\/em> (12:00 horas)<em>, va a haber una \u2018misa a la chilena\u2019 en la Iglesia San Antonio de Padua, donde vamos a llevar la tradici\u00f3n folcl\u00f3rica en una misa cantada<\/em>\u00bb, a\u00f1adi\u00f3 la jefa comunal.<\/p>\n<p>Adem\u00e1s, hay actividades de car\u00e1cter m\u00e1s \u2018protocolar para los mismos d\u00edas del fin de semana de Fiestas Patrias. <em>\u00abEl viernes 18<\/em> (septiembre) <em>que es una ceremonia de las Glorias del Ej\u00e9rcito, que se va a llevar a cabo en la Iglesia Catedral y despu\u00e9s en la plaza. Primero con un Te Deum que se va a llevar a cabo a las 11:00 de la ma\u00f1ana y a las 12:00 el desfile del Ej\u00e9rcito en la Plaza de Armas\u00bb<\/em>. Asimismo, <em>\u00abhay un rodeo en la medialuna de Bellavista, tambi\u00e9n el viernes 18 y el s\u00e1bado 19<\/em> (septiembre)<em>, que es a cargo del Club de Huasos de Bellavista\u00bb<\/em>.<\/p>\n<p>Junto con esto, Carmen Castillo destac\u00f3 que <em>\u00abel s\u00e1bado 26<\/em> (septiembre) <em>est\u00e1 la Fiesta de la Tablilla, porque el \u00fanico lugar donde se gesta esta tablilla es en San Felipe. La idea es relevarla y va a ser una actividad bien bonita que se va a llevar a cabo en Tierras Blancas a las 2:00 del d\u00eda\u00bb<\/em>, precis\u00f3 la edil.<\/p>\n<p>Finalmente, <strong>Danilo Godoy<\/strong>, coordinador de la Oficina de Cultura, dijo que <em>\u00aben nuestra tercera versi\u00f3n vamos a tener artistas de relevancia nacional e internacional tambi\u00e9n, vamos a tener elencos folcl\u00f3ricos, juegos t\u00edpicos tambi\u00e9n y hacemos de nuevo la invitaci\u00f3n para visitarnos el 12 y 13 de septiembre a nuestra Plaza de Armas\u00bb<\/em>, cerr\u00f3.<\/p>\n<figure id=\"attachment_146826\" aria-describedby=\"caption-attachment-146826\" style=\"width: 698px\" class=\"wp-caption alignnone\"><img loading=\"lazy\" decoding=\"async\" class=\"size-full wp-image-146826\" src=\"https:\/\/eltrabajo.cl\/web\/wp-content\/uploads\/2026\/09\/cueca.jpg\" alt=\"Ya queda poco para la celebraci\u00f3n de Fiestas Patrias (Imagen de archivo).\" width=\"698\" height=\"376\" srcset=\"https:\/\/eltrabajo.cl\/web\/wp-content\/uploads\/2026\/09\/cueca.jpg 698w, https:\/\/eltrabajo.cl\/web\/wp-content\/uploads\/2026\/09\/cueca-300x162.jpg 300w, https:\/\/eltrabajo.cl\/web\/wp-content\/uploads\/2026\/09\/cueca-150x81.jpg 150w, https:\/\/eltrabajo.cl\/web\/wp-content\/uploads\/2026\/09\/cueca-696x375.jpg 696w\" sizes=\"auto, (max-width: 698px) 100vw, 698px\" \/><figcaption id=\"caption-attachment-146826\" class=\"wp-caption-text\">Ya queda poco para la celebraci\u00f3n de Fiestas Patrias (Imagen de archivo).<\/figcaption><\/figure>\n","protected":false},"excerpt":{"rendered":"<p>En el calendario, destacada la III versi\u00f3n de la Fiesta de la Cueca, la Chicha y el Charqui.\u2013 Comenz\u00f3 septiembre, y con ello ya comienzan a afinarse los \u00faltimos detalles para las diversas celebraciones por Fiestas Patrias. Es as\u00ed, que desde el municipio de San Felipe se dio a conocer el listado de actividades preparadas [&hellip;]<\/p>\n","protected":false},"author":1,"featured_media":146826,"comment_status":"open","ping_status":"closed","sticky":false,"template":"","format":"standard","meta":{"footnotes":""},"categories":[3],"tags":[],"class_list":["post-146825","post","type-post","status-publish","format-standard","has-post-thumbnail","category-cronica-2"],"yoast_head":"<!-- This site is optimized with the Yoast SEO plugin v28.3 - https:\/\/yoast.com\/product\/yoast-seo-wordpress\/ -->\n<title>Dan a conocer actividades para conmemorar Fiestas Patrias - Diario El Trabajo<\/title>\n<meta name=\"robots\" content=\"index, follow, max-snippet:-1, max-image-preview:large, max-video-preview:-1\" \/>\n<link rel=\"canonical\" href=\"https:\/\/eltrabajo.cl\/web\/dan-a-conocer-actividades-para-conmemorar-fiestas-patrias\/\" \/>\n<meta property=\"og:locale\" content=\"es_ES\" \/>\n<meta property=\"og:type\" content=\"article\" \/>\n<meta property=\"og:title\" content=\"Dan a conocer actividades para conmemorar Fiestas Patrias - Diario El Trabajo\" \/>\n<meta property=\"og:description\" content=\"En el calendario, destacada la III versi\u00f3n de la Fiesta de la Cueca, la Chicha y el Charqui.\u2013 Comenz\u00f3 septiembre, y con ello ya comienzan a afinarse los \u00faltimos detalles para las diversas celebraciones por Fiestas Patrias. Es as\u00ed, que desde el municipio de San Felipe se dio a conocer el listado de actividades preparadas [&hellip;]\" \/>\n<meta property=\"og:url\" content=\"https:\/\/eltrabajo.cl\/web\/dan-a-conocer-actividades-para-conmemorar-fiestas-patrias\/\" \/>\n<meta property=\"og:site_name\" content=\"Diario El Trabajo\" \/>\n<meta property=\"article:publisher\" content=\"https:\/\/www.facebook.com\/ElTrabajoDiario\" \/>\n<meta property=\"article:published_time\" content=\"2026-09-02T00:45:38+00:00\" \/>\n<meta property=\"og:image\" content=\"https:\/\/eltrabajo.cl\/web\/wp-content\/uploads\/2026\/09\/cueca.jpg\" \/>\n\t<meta property=\"og:image:width\" content=\"698\" \/>\n\t<meta property=\"og:image:height\" content=\"376\" \/>\n\t<meta property=\"og:image:type\" content=\"image\/jpeg\" \/>\n<meta name=\"author\" content=\"Diario El Trabajo\" \/>\n<meta name=\"twitter:card\" content=\"summary_large_image\" \/>\n<meta name=\"twitter:creator\" content=\"@diarioeltrabajo\" \/>\n<meta name=\"twitter:site\" content=\"@diarioeltrabajo\" \/>\n<meta name=\"twitter:label1\" content=\"Escrito por\" \/>\n\t<meta name=\"twitter:data1\" content=\"Diario El Trabajo\" \/>\n\t<meta name=\"twitter:label2\" content=\"Tiempo estimado de lectura\" \/>\n\t<meta name=\"twitter:data2\" content=\"4 minutos\" \/>\n<script type=\"application\/ld+json\" class=\"yoast-schema-graph\">{\"@context\":\"https:\\\/\\\/schema.org\",\"@graph\":[{\"@type\":\"Article\",\"@id\":\"https:\\\/\\\/eltrabajo.cl\\\/web\\\/dan-a-conocer-actividades-para-conmemorar-fiestas-patrias\\\/#article\",\"isPartOf\":{\"@id\":\"https:\\\/\\\/eltrabajo.cl\\\/web\\\/dan-a-conocer-actividades-para-conmemorar-fiestas-patrias\\\/\"},\"author\":{\"name\":\"Diario El Trabajo\",\"@id\":\"https:\\\/\\\/eltrabajo.cl\\\/web\\\/#\\\/schema\\\/person\\\/45efd3d17f86ec456e44dd7debe1bf19\"},\"headline\":\"Dan a conocer actividades para conmemorar Fiestas Patrias\",\"datePublished\":\"2026-09-02T00:45:38+00:00\",\"mainEntityOfPage\":{\"@id\":\"https:\\\/\\\/eltrabajo.cl\\\/web\\\/dan-a-conocer-actividades-para-conmemorar-fiestas-patrias\\\/\"},\"wordCount\":801,\"commentCount\":0,\"publisher\":{\"@id\":\"https:\\\/\\\/eltrabajo.cl\\\/web\\\/#organization\"},\"image\":{\"@id\":\"https:\\\/\\\/eltrabajo.cl\\\/web\\\/dan-a-conocer-actividades-para-conmemorar-fiestas-patrias\\\/#primaryimage\"},\"thumbnailUrl\":\"https:\\\/\\\/eltrabajo.cl\\\/web\\\/wp-content\\\/uploads\\\/2026\\\/09\\\/cueca.jpg\",\"articleSection\":[\"Cr\u00f3nica\"],\"inLanguage\":\"es-CL\",\"potentialAction\":[{\"@type\":\"CommentAction\",\"name\":\"Comment\",\"target\":[\"https:\\\/\\\/eltrabajo.cl\\\/web\\\/dan-a-conocer-actividades-para-conmemorar-fiestas-patrias\\\/#respond\"]}]},{\"@type\":\"WebPage\",\"@id\":\"https:\\\/\\\/eltrabajo.cl\\\/web\\\/dan-a-conocer-actividades-para-conmemorar-fiestas-patrias\\\/\",\"url\":\"https:\\\/\\\/eltrabajo.cl\\\/web\\\/dan-a-conocer-actividades-para-conmemorar-fiestas-patrias\\\/\",\"name\":\"Dan a conocer actividades para conmemorar Fiestas Patrias - Diario El Trabajo\",\"isPartOf\":{\"@id\":\"https:\\\/\\\/eltrabajo.cl\\\/web\\\/#website\"},\"primaryImageOfPage\":{\"@id\":\"https:\\\/\\\/eltrabajo.cl\\\/web\\\/dan-a-conocer-actividades-para-conmemorar-fiestas-patrias\\\/#primaryimage\"},\"image\":{\"@id\":\"https:\\\/\\\/eltrabajo.cl\\\/web\\\/dan-a-conocer-actividades-para-conmemorar-fiestas-patrias\\\/#primaryimage\"},\"thumbnailUrl\":\"https:\\\/\\\/eltrabajo.cl\\\/web\\\/wp-content\\\/uploads\\\/2026\\\/09\\\/cueca.jpg\",\"datePublished\":\"2026-09-02T00:45:38+00:00\",\"breadcrumb\":{\"@id\":\"https:\\\/\\\/eltrabajo.cl\\\/web\\\/dan-a-conocer-actividades-para-conmemorar-fiestas-patrias\\\/#breadcrumb\"},\"inLanguage\":\"es-CL\",\"potentialAction\":[{\"@type\":\"ReadAction\",\"target\":[\"https:\\\/\\\/eltrabajo.cl\\\/web\\\/dan-a-conocer-actividades-para-conmemorar-fiestas-patrias\\\/\"]}]},{\"@type\":\"ImageObject\",\"inLanguage\":\"es-CL\",\"@id\":\"https:\\\/\\\/eltrabajo.cl\\\/web\\\/dan-a-conocer-actividades-para-conmemorar-fiestas-patrias\\\/#primaryimage\",\"url\":\"https:\\\/\\\/eltrabajo.cl\\\/web\\\/wp-content\\\/uploads\\\/2026\\\/09\\\/cueca.jpg\",\"contentUrl\":\"https:\\\/\\\/eltrabajo.cl\\\/web\\\/wp-content\\\/uploads\\\/2026\\\/09\\\/cueca.jpg\",\"width\":698,\"height\":376,\"caption\":\"Ya queda poco para la celebraci\u00f3n de Fiestas Patrias (Imagen de archivo).\"},{\"@type\":\"BreadcrumbList\",\"@id\":\"https:\\\/\\\/eltrabajo.cl\\\/web\\\/dan-a-conocer-actividades-para-conmemorar-fiestas-patrias\\\/#breadcrumb\",\"itemListElement\":[{\"@type\":\"ListItem\",\"position\":1,\"name\":\"Portada\",\"item\":\"https:\\\/\\\/eltrabajo.cl\\\/web\\\/\"},{\"@type\":\"ListItem\",\"position\":2,\"name\":\"Dan a conocer actividades para conmemorar Fiestas Patrias\"}]},{\"@type\":\"WebSite\",\"@id\":\"https:\\\/\\\/eltrabajo.cl\\\/web\\\/#website\",\"url\":\"https:\\\/\\\/eltrabajo.cl\\\/web\\\/\",\"name\":\"Diario El Trabajo\",\"description\":\"Desde 1929 construyendo Identidad Local\",\"publisher\":{\"@id\":\"https:\\\/\\\/eltrabajo.cl\\\/web\\\/#organization\"},\"potentialAction\":[{\"@type\":\"SearchAction\",\"target\":{\"@type\":\"EntryPoint\",\"urlTemplate\":\"https:\\\/\\\/eltrabajo.cl\\\/web\\\/?s={search_term_string}\"},\"query-input\":{\"@type\":\"PropertyValueSpecification\",\"valueRequired\":true,\"valueName\":\"search_term_string\"}}],\"inLanguage\":\"es-CL\"},{\"@type\":\"Organization\",\"@id\":\"https:\\\/\\\/eltrabajo.cl\\\/web\\\/#organization\",\"name\":\"Diario El Trabajo\",\"url\":\"https:\\\/\\\/eltrabajo.cl\\\/web\\\/\",\"logo\":{\"@type\":\"ImageObject\",\"inLanguage\":\"es-CL\",\"@id\":\"https:\\\/\\\/eltrabajo.cl\\\/web\\\/#\\\/schema\\\/logo\\\/image\\\/\",\"url\":\"https:\\\/\\\/eltrabajo.cl\\\/web\\\/wp-content\\\/uploads\\\/2024\\\/06\\\/profile-image-ig-page-diarioeltrabajo.jpg\",\"contentUrl\":\"https:\\\/\\\/eltrabajo.cl\\\/web\\\/wp-content\\\/uploads\\\/2024\\\/06\\\/profile-image-ig-page-diarioeltrabajo.jpg\",\"width\":823,\"height\":823,\"caption\":\"Diario El Trabajo\"},\"image\":{\"@id\":\"https:\\\/\\\/eltrabajo.cl\\\/web\\\/#\\\/schema\\\/logo\\\/image\\\/\"},\"sameAs\":[\"https:\\\/\\\/www.facebook.com\\\/ElTrabajoDiario\",\"https:\\\/\\\/x.com\\\/diarioeltrabajo\"]},{\"@type\":\"Person\",\"@id\":\"https:\\\/\\\/eltrabajo.cl\\\/web\\\/#\\\/schema\\\/person\\\/45efd3d17f86ec456e44dd7debe1bf19\",\"name\":\"Diario El Trabajo\",\"image\":{\"@type\":\"ImageObject\",\"inLanguage\":\"es-CL\",\"@id\":\"https:\\\/\\\/secure.gravatar.com\\\/avatar\\\/7e6ec277dc4aea2677c2dc301d4227957219329c985ab69a3efc12518b5161aa?s=96&d=mm&r=g\",\"url\":\"https:\\\/\\\/secure.gravatar.com\\\/avatar\\\/7e6ec277dc4aea2677c2dc301d4227957219329c985ab69a3efc12518b5161aa?s=96&d=mm&r=g\",\"contentUrl\":\"https:\\\/\\\/secure.gravatar.com\\\/avatar\\\/7e6ec277dc4aea2677c2dc301d4227957219329c985ab69a3efc12518b5161aa?s=96&d=mm&r=g\",\"caption\":\"Diario El Trabajo\"},\"sameAs\":[\"https:\\\/\\\/eltrabajo.cl\\\/web\"],\"url\":\"https:\\\/\\\/eltrabajo.cl\\\/web\\\/author\\\/diario-el-trabajo\\\/\"}]}<\/script>\n<!-- \/ Yoast SEO plugin. -->","yoast_head_json":{"title":"Dan a conocer actividades para conmemorar Fiestas Patrias - Diario El Trabajo","robots":{"index":"index","follow":"follow","max-snippet":"max-snippet:-1","max-image-preview":"max-image-preview:large","max-video-preview":"max-video-preview:-1"},"canonical":"https:\/\/eltrabajo.cl\/web\/dan-a-conocer-actividades-para-conmemorar-fiestas-patrias\/","og_locale":"es_ES","og_type":"article","og_title":"Dan a conocer actividades para conmemorar Fiestas Patrias - Diario El Trabajo","og_description":"En el calendario, destacada la III versi\u00f3n de la Fiesta de la Cueca, la Chicha y el Charqui.\u2013 Comenz\u00f3 septiembre, y con ello ya comienzan a afinarse los \u00faltimos detalles para las diversas celebraciones por Fiestas Patrias. Es as\u00ed, que desde el municipio de San Felipe se dio a conocer el listado de actividades preparadas [&hellip;]","og_url":"https:\/\/eltrabajo.cl\/web\/dan-a-conocer-actividades-para-conmemorar-fiestas-patrias\/","og_site_name":"Diario El Trabajo","article_publisher":"https:\/\/www.facebook.com\/ElTrabajoDiario","article_published_time":"2026-09-02T00:45:38+00:00","og_image":[{"width":698,"height":376,"url":"https:\/\/eltrabajo.cl\/web\/wp-content\/uploads\/2026\/09\/cueca.jpg","type":"image\/jpeg"}],"author":"Diario El Trabajo","twitter_card":"summary_large_image","twitter_creator":"@diarioeltrabajo","twitter_site":"@diarioeltrabajo","twitter_misc":{"Escrito por":"Diario El Trabajo","Tiempo estimado de lectura":"4 minutos"},"schema":{"@context":"https:\/\/schema.org","@graph":[{"@type":"Article","@id":"https:\/\/eltrabajo.cl\/web\/dan-a-conocer-actividades-para-conmemorar-fiestas-patrias\/#article","isPartOf":{"@id":"https:\/\/eltrabajo.cl\/web\/dan-a-conocer-actividades-para-conmemorar-fiestas-patrias\/"},"author":{"name":"Diario El Trabajo","@id":"https:\/\/eltrabajo.cl\/web\/#\/schema\/person\/45efd3d17f86ec456e44dd7debe1bf19"},"headline":"Dan a conocer actividades para conmemorar Fiestas Patrias","datePublished":"2026-09-02T00:45:38+00:00","mainEntityOfPage":{"@id":"https:\/\/eltrabajo.cl\/web\/dan-a-conocer-actividades-para-conmemorar-fiestas-patrias\/"},"wordCount":801,"commentCount":0,"publisher":{"@id":"https:\/\/eltrabajo.cl\/web\/#organization"},"image":{"@id":"https:\/\/eltrabajo.cl\/web\/dan-a-conocer-actividades-para-conmemorar-fiestas-patrias\/#primaryimage"},"thumbnailUrl":"https:\/\/eltrabajo.cl\/web\/wp-content\/uploads\/2026\/09\/cueca.jpg","articleSection":["Cr\u00f3nica"],"inLanguage":"es-CL","potentialAction":[{"@type":"CommentAction","name":"Comment","target":["https:\/\/eltrabajo.cl\/web\/dan-a-conocer-actividades-para-conmemorar-fiestas-patrias\/#respond"]}]},{"@type":"WebPage","@id":"https:\/\/eltrabajo.cl\/web\/dan-a-conocer-actividades-para-conmemorar-fiestas-patrias\/","url":"https:\/\/eltrabajo.cl\/web\/dan-a-conocer-actividades-para-conmemorar-fiestas-patrias\/","name":"Dan a conocer actividades para conmemorar Fiestas Patrias - Diario El Trabajo","isPartOf":{"@id":"https:\/\/eltrabajo.cl\/web\/#website"},"primaryImageOfPage":{"@id":"https:\/\/eltrabajo.cl\/web\/dan-a-conocer-actividades-para-conmemorar-fiestas-patrias\/#primaryimage"},"image":{"@id":"https:\/\/eltrabajo.cl\/web\/dan-a-conocer-actividades-para-conmemorar-fiestas-patrias\/#primaryimage"},"thumbnailUrl":"https:\/\/eltrabajo.cl\/web\/wp-content\/uploads\/2026\/09\/cueca.jpg","datePublished":"2026-09-02T00:45:38+00:00","breadcrumb":{"@id":"https:\/\/eltrabajo.cl\/web\/dan-a-conocer-actividades-para-conmemorar-fiestas-patrias\/#breadcrumb"},"inLanguage":"es-CL","potentialAction":[{"@type":"ReadAction","target":["https:\/\/eltrabajo.cl\/web\/dan-a-conocer-actividades-para-conmemorar-fiestas-patrias\/"]}]},{"@type":"ImageObject","inLanguage":"es-CL","@id":"https:\/\/eltrabajo.cl\/web\/dan-a-conocer-actividades-para-conmemorar-fiestas-patrias\/#primaryimage","url":"https:\/\/eltrabajo.cl\/web\/wp-content\/uploads\/2026\/09\/cueca.jpg","contentUrl":"https:\/\/eltrabajo.cl\/web\/wp-content\/uploads\/2026\/09\/cueca.jpg","width":698,"height":376,"caption":"Ya queda poco para la celebraci\u00f3n de Fiestas Patrias (Imagen de archivo)."},{"@type":"BreadcrumbList","@id":"https:\/\/eltrabajo.cl\/web\/dan-a-conocer-actividades-para-conmemorar-fiestas-patrias\/#breadcrumb","itemListElement":[{"@type":"ListItem","position":1,"name":"Portada","item":"https:\/\/eltrabajo.cl\/web\/"},{"@type":"ListItem","position":2,"name":"Dan a conocer actividades para conmemorar Fiestas Patrias"}]},{"@type":"WebSite","@id":"https:\/\/eltrabajo.cl\/web\/#website","url":"https:\/\/eltrabajo.cl\/web\/","name":"Diario El Trabajo","description":"Desde 1929 construyendo Identidad Local","publisher":{"@id":"https:\/\/eltrabajo.cl\/web\/#organization"},"potentialAction":[{"@type":"SearchAction","target":{"@type":"EntryPoint","urlTemplate":"https:\/\/eltrabajo.cl\/web\/?s={search_term_string}"},"query-input":{"@type":"PropertyValueSpecification","valueRequired":true,"valueName":"search_term_string"}}],"inLanguage":"es-CL"},{"@type":"Organization","@id":"https:\/\/eltrabajo.cl\/web\/#organization","name":"Diario El Trabajo","url":"https:\/\/eltrabajo.cl\/web\/","logo":{"@type":"ImageObject","inLanguage":"es-CL","@id":"https:\/\/eltrabajo.cl\/web\/#\/schema\/logo\/image\/","url":"https:\/\/eltrabajo.cl\/web\/wp-content\/uploads\/2024\/06\/profile-image-ig-page-diarioeltrabajo.jpg","contentUrl":"https:\/\/eltrabajo.cl\/web\/wp-content\/uploads\/2024\/06\/profile-image-ig-page-diarioeltrabajo.jpg","width":823,"height":823,"caption":"Diario El Trabajo"},"image":{"@id":"https:\/\/eltrabajo.cl\/web\/#\/schema\/logo\/image\/"},"sameAs":["https:\/\/www.facebook.com\/ElTrabajoDiario","https:\/\/x.com\/diarioeltrabajo"]},{"@type":"Person","@id":"https:\/\/eltrabajo.cl\/web\/#\/schema\/person\/45efd3d17f86ec456e44dd7debe1bf19","name":"Diario El Trabajo","image":{"@type":"ImageObject","inLanguage":"es-CL","@id":"https:\/\/secure.gravatar.com\/avatar\/7e6ec277dc4aea2677c2dc301d4227957219329c985ab69a3efc12518b5161aa?s=96&d=mm&r=g","url":"https:\/\/secure.gravatar.com\/avatar\/7e6ec277dc4aea2677c2dc301d4227957219329c985ab69a3efc12518b5161aa?s=96&d=mm&r=g","contentUrl":"https:\/\/secure.gravatar.com\/avatar\/7e6ec277dc4aea2677c2dc301d4227957219329c985ab69a3efc12518b5161aa?s=96&d=mm&r=g","caption":"Diario El Trabajo"},"sameAs":["https:\/\/eltrabajo.cl\/web"],"url":"https:\/\/eltrabajo.cl\/web\/author\/diario-el-trabajo\/"}]}},"_links":{"self":[{"href":"https:\/\/eltrabajo.cl\/web\/wp-json\/wp\/v2\/posts\/146825","targetHints":{"allow":["GET"]}}],"collection":[{"href":"https:\/\/eltrabajo.cl\/web\/wp-json\/wp\/v2\/posts"}],"about":[{"href":"https:\/\/eltrabajo.cl\/web\/wp-json\/wp\/v2\/types\/post"}],"author":[{"embeddable":true,"href":"https:\/\/eltrabajo.cl\/web\/wp-json\/wp\/v2\/users\/1"}],"replies":[{"embeddable":true,"href":"https:\/\/eltrabajo.cl\/web\/wp-json\/wp\/v2\/comments?post=146825"}],"version-history":[{"count":1,"href":"https:\/\/eltrabajo.cl\/web\/wp-json\/wp\/v2\/posts\/146825\/revisions"}],"predecessor-version":[{"id":146827,"href":"https:\/\/eltrabajo.cl\/web\/wp-json\/wp\/v2\/posts\/146825\/revisions\/146827"}],"wp:featuredmedia":[{"embeddable":true,"href":"https:\/\/eltrabajo.cl\/web\/wp-json\/wp\/v2\/media\/146826"}],"wp:attachment":[{"href":"https:\/\/eltrabajo.cl\/web\/wp-json\/wp\/v2\/media?parent=146825"}],"wp:term":[{"taxonomy":"category","embeddable":true,"href":"https:\/\/eltrabajo.cl\/web\/wp-json\/wp\/v2\/categories?post=146825"},{"taxonomy":"post_tag","embeddable":true,"href":"https:\/\/eltrabajo.cl\/web\/wp-json\/wp\/v2\/tags?post=146825"}],"curies":[{"name":"wp","href":"https:\/\/api.w.org\/{rel}","templated":true}]}}