{"id":146831,"date":"2026-09-01T21:48:22","date_gmt":"2026-09-02T00:48:22","guid":{"rendered":"https:\/\/eltrabajo.cl\/web\/?p=146831"},"modified":"2026-09-01T21:48:22","modified_gmt":"2026-09-02T00:48:22","slug":"chicha-de-jose-toro-parte-rumbo-a-santiago-para-la-parada-militar","status":"publish","type":"post","link":"https:\/\/eltrabajo.cl\/web\/chicha-de-jose-toro-parte-rumbo-a-santiago-para-la-parada-militar\/","title":{"rendered":"Chicha de Jos\u00e9 Toro parte rumbo a Santiago para la Parada Militar"},"content":{"rendered":"<ul>\n<li><strong>El Club de Huasos Gil Letelier se llev\u00f3 el brebaje para el tradicional evento del 19 de septiembre.\u2013<\/strong><\/li>\n<\/ul>\n<p>Por 14 a\u00f1os consecutivos, la chicha del productor de El Almendral, <strong>Jos\u00e9 Toro<\/strong>, ha sido la elegida para ser entregada y degustada por las m\u00e1s altas autoridades del pa\u00eds en la Parada Militar del 19 de septiembre. En su domicilio, y como todos los a\u00f1os, el Hijo Ilustre de San Felipe se visti\u00f3 de gala para recibir a la comunidad, autoridades de Aconcagua y a los representantes del Club de Huasos Gil Letelier.<\/p>\n<p>Al respecto, el mismo productor, Jos\u00e9 Toro, coment\u00f3 que <em>\u00abes un verdadero orgullo poder estar aqu\u00ed en este momento acompa\u00f1ado de tantas altas autoridades de la zona. Y s\u00ed, nosotros tenemos una tradici\u00f3n familiar desde hace muchas d\u00e9cadas, llevamos 14 a\u00f1os con el Club de Huasos Gil Letelier en la Parada Militar y es un real y maravilloso orgullo\u00bb<\/em>, indic\u00f3.<\/p>\n<p>En este contexto, Toro agreg\u00f3 que <em>\u00abnosotros comenzamos con esto sin pensar jam\u00e1s nunca hasta d\u00f3nde hemos llegado. Hoy d\u00eda es algo maravilloso, llegar a las m\u00e1s altas autoridades nacionales en el d\u00eda de las Glorias del Ej\u00e9rcito\u00bb<\/em>.<\/p>\n<p>Por su parte, <strong>Jos\u00e9 Navarrete<\/strong>, presidente del Club de Rodeo Chileno Gil Letelier, se\u00f1al\u00f3 que la decisi\u00f3n no fue un tema f\u00e1cil, y es que <em>\u00abtuvimos ocho, derivamos a seis, derivamos a tres y derivamos a uno. Dif\u00edcil, porque cada d\u00eda los paladares est\u00e1n m\u00e1s exigentes, y por otro lado, hay mayor acuciosidad en la producci\u00f3n de la chicha\u00bb<\/em>.<\/p>\n<p>Junto con esto, expres\u00f3 que est\u00e1n <em>\u00abmuy contentos de haberla recibido e iniciamos la cadena de custodia para poder llegar con ella el 19 de septiembre a la elipsis del Parque O\u2019Higgins, y ah\u00ed estar\u00e1 el nombre de la comuna de San Felipe, de la comuna<\/em> (sector) <em>de Almendral y del productor, don Jos\u00e9 Toro\u00bb<\/em>, destac\u00f3 Navarrete.<\/p>\n<p>Asimismo, la alcaldesa de San Felipe, <strong>Carmen Castillo<\/strong>, sostuvo que <em>\u00abpara nosotros es un orgullo que don Jos\u00e9 Toro haga entrega del brebaje, tal como lo se\u00f1ala, la chicha presidencial que va ser entregada a trav\u00e9s del Club de Huasos Gil Letelier, que recibi\u00f3 formalmente esta chicha que se va a entregar en las Fiestas Patrias. Y eso va a ser muy emotivo, porque dijo que se iba a nombrar a don Jos\u00e9 Toro, se iba nombrar a Almendral y a San Felipe, as\u00ed que un orgullo enorme a nombre de nuestra comuna, nuestros vecinos y vecinas que est\u00e1n detr\u00e1s de este evento muy importante\u00bb<\/em>, cerr\u00f3.<\/p>\n<figure id=\"attachment_146834\" aria-describedby=\"caption-attachment-146834\" style=\"width: 699px\" class=\"wp-caption alignnone\"><img loading=\"lazy\" decoding=\"async\" class=\"size-full wp-image-146834\" src=\"https:\/\/eltrabajo.cl\/web\/wp-content\/uploads\/2026\/09\/chicha-3.jpg\" alt=\"Con los tradicionales \u2018pies de cueca\u2019, se llev\u00f3 a cabo la ceremonia de entrega del brebaje.\" width=\"699\" height=\"466\" srcset=\"https:\/\/eltrabajo.cl\/web\/wp-content\/uploads\/2026\/09\/chicha-3.jpg 699w, https:\/\/eltrabajo.cl\/web\/wp-content\/uploads\/2026\/09\/chicha-3-300x200.jpg 300w, https:\/\/eltrabajo.cl\/web\/wp-content\/uploads\/2026\/09\/chicha-3-630x420.jpg 630w, https:\/\/eltrabajo.cl\/web\/wp-content\/uploads\/2026\/09\/chicha-3-150x100.jpg 150w, https:\/\/eltrabajo.cl\/web\/wp-content\/uploads\/2026\/09\/chicha-3-696x464.jpg 696w\" sizes=\"auto, (max-width: 699px) 100vw, 699px\" \/><figcaption id=\"caption-attachment-146834\" class=\"wp-caption-text\">Con los tradicionales \u2018pies de cueca\u2019, se llev\u00f3 a cabo la ceremonia de entrega del brebaje.<\/figcaption><\/figure>\n<figure id=\"attachment_146833\" aria-describedby=\"caption-attachment-146833\" style=\"width: 699px\" class=\"wp-caption alignnone\"><img loading=\"lazy\" decoding=\"async\" class=\"size-full wp-image-146833\" src=\"https:\/\/eltrabajo.cl\/web\/wp-content\/uploads\/2026\/09\/chicha-2.jpg\" alt=\"El equipo de trabajo de Jos\u00e9 Toro es parte de este logro. \" width=\"699\" height=\"466\" srcset=\"https:\/\/eltrabajo.cl\/web\/wp-content\/uploads\/2026\/09\/chicha-2.jpg 699w, https:\/\/eltrabajo.cl\/web\/wp-content\/uploads\/2026\/09\/chicha-2-300x200.jpg 300w, https:\/\/eltrabajo.cl\/web\/wp-content\/uploads\/2026\/09\/chicha-2-630x420.jpg 630w, https:\/\/eltrabajo.cl\/web\/wp-content\/uploads\/2026\/09\/chicha-2-150x100.jpg 150w, https:\/\/eltrabajo.cl\/web\/wp-content\/uploads\/2026\/09\/chicha-2-696x464.jpg 696w\" sizes=\"auto, (max-width: 699px) 100vw, 699px\" \/><figcaption id=\"caption-attachment-146833\" class=\"wp-caption-text\">El equipo de trabajo de Jos\u00e9 Toro es parte de este logro.<\/figcaption><\/figure>\n<figure id=\"attachment_146832\" aria-describedby=\"caption-attachment-146832\" style=\"width: 700px\" class=\"wp-caption alignnone\"><img loading=\"lazy\" decoding=\"async\" class=\"size-full wp-image-146832\" src=\"https:\/\/eltrabajo.cl\/web\/wp-content\/uploads\/2026\/09\/chicha-1.jpg\" alt=\"Acompa\u00f1ado de autoridades locales, Jos\u00e9 Toro entreg\u00f3 la chicha al Club de Huasos Gil Letelier. \" width=\"700\" height=\"520\" srcset=\"https:\/\/eltrabajo.cl\/web\/wp-content\/uploads\/2026\/09\/chicha-1.jpg 700w, https:\/\/eltrabajo.cl\/web\/wp-content\/uploads\/2026\/09\/chicha-1-300x223.jpg 300w, https:\/\/eltrabajo.cl\/web\/wp-content\/uploads\/2026\/09\/chicha-1-565x420.jpg 565w, https:\/\/eltrabajo.cl\/web\/wp-content\/uploads\/2026\/09\/chicha-1-80x60.jpg 80w, https:\/\/eltrabajo.cl\/web\/wp-content\/uploads\/2026\/09\/chicha-1-150x111.jpg 150w, https:\/\/eltrabajo.cl\/web\/wp-content\/uploads\/2026\/09\/chicha-1-485x360.jpg 485w, https:\/\/eltrabajo.cl\/web\/wp-content\/uploads\/2026\/09\/chicha-1-696x517.jpg 696w\" sizes=\"auto, (max-width: 700px) 100vw, 700px\" \/><figcaption id=\"caption-attachment-146832\" class=\"wp-caption-text\">Acompa\u00f1ado de autoridades locales, Jos\u00e9 Toro entreg\u00f3 la chicha al Club de Huasos Gil Letelier.<\/figcaption><\/figure>\n","protected":false},"excerpt":{"rendered":"<p>El Club de Huasos Gil Letelier se llev\u00f3 el brebaje para el tradicional evento del 19 de septiembre.\u2013 Por 14 a\u00f1os consecutivos, la chicha del productor de El Almendral, Jos\u00e9 Toro, ha sido la elegida para ser entregada y degustada por las m\u00e1s altas autoridades del pa\u00eds en la Parada Militar del 19 de septiembre. [&hellip;]<\/p>\n","protected":false},"author":1,"featured_media":146832,"comment_status":"open","ping_status":"closed","sticky":false,"template":"","format":"standard","meta":{"footnotes":""},"categories":[3],"tags":[],"class_list":["post-146831","post","type-post","status-publish","format-standard","has-post-thumbnail","category-cronica-2"],"yoast_head":"<!-- This site is optimized with the Yoast SEO plugin v28.3 - https:\/\/yoast.com\/product\/yoast-seo-wordpress\/ -->\n<title>Chicha de Jos\u00e9 Toro parte rumbo a Santiago para la Parada Militar - Diario El Trabajo<\/title>\n<meta name=\"robots\" content=\"index, follow, max-snippet:-1, max-image-preview:large, max-video-preview:-1\" \/>\n<link rel=\"canonical\" href=\"https:\/\/eltrabajo.cl\/web\/chicha-de-jose-toro-parte-rumbo-a-santiago-para-la-parada-militar\/\" \/>\n<meta property=\"og:locale\" content=\"es_ES\" \/>\n<meta property=\"og:type\" content=\"article\" \/>\n<meta property=\"og:title\" content=\"Chicha de Jos\u00e9 Toro parte rumbo a Santiago para la Parada Militar - Diario El Trabajo\" \/>\n<meta property=\"og:description\" content=\"El Club de Huasos Gil Letelier se llev\u00f3 el brebaje para el tradicional evento del 19 de septiembre.\u2013 Por 14 a\u00f1os consecutivos, la chicha del productor de El Almendral, Jos\u00e9 Toro, ha sido la elegida para ser entregada y degustada por las m\u00e1s altas autoridades del pa\u00eds en la Parada Militar del 19 de septiembre. [&hellip;]\" \/>\n<meta property=\"og:url\" content=\"https:\/\/eltrabajo.cl\/web\/chicha-de-jose-toro-parte-rumbo-a-santiago-para-la-parada-militar\/\" \/>\n<meta property=\"og:site_name\" content=\"Diario El Trabajo\" \/>\n<meta property=\"article:publisher\" content=\"https:\/\/www.facebook.com\/ElTrabajoDiario\" \/>\n<meta property=\"article:published_time\" content=\"2026-09-02T00:48:22+00:00\" \/>\n<meta property=\"og:image\" content=\"https:\/\/eltrabajo.cl\/web\/wp-content\/uploads\/2026\/09\/chicha-1.jpg\" \/>\n\t<meta property=\"og:image:width\" content=\"700\" \/>\n\t<meta property=\"og:image:height\" content=\"520\" \/>\n\t<meta property=\"og:image:type\" content=\"image\/jpeg\" \/>\n<meta name=\"author\" content=\"Diario El Trabajo\" \/>\n<meta name=\"twitter:card\" content=\"summary_large_image\" \/>\n<meta name=\"twitter:creator\" content=\"@diarioeltrabajo\" \/>\n<meta name=\"twitter:site\" content=\"@diarioeltrabajo\" \/>\n<meta name=\"twitter:label1\" content=\"Escrito por\" \/>\n\t<meta name=\"twitter:data1\" content=\"Diario El Trabajo\" \/>\n\t<meta name=\"twitter:label2\" content=\"Tiempo estimado de lectura\" \/>\n\t<meta name=\"twitter:data2\" content=\"3 minutos\" \/>\n<script type=\"application\/ld+json\" class=\"yoast-schema-graph\">{\"@context\":\"https:\\\/\\\/schema.org\",\"@graph\":[{\"@type\":\"Article\",\"@id\":\"https:\\\/\\\/eltrabajo.cl\\\/web\\\/chicha-de-jose-toro-parte-rumbo-a-santiago-para-la-parada-militar\\\/#article\",\"isPartOf\":{\"@id\":\"https:\\\/\\\/eltrabajo.cl\\\/web\\\/chicha-de-jose-toro-parte-rumbo-a-santiago-para-la-parada-militar\\\/\"},\"author\":{\"name\":\"Diario El Trabajo\",\"@id\":\"https:\\\/\\\/eltrabajo.cl\\\/web\\\/#\\\/schema\\\/person\\\/45efd3d17f86ec456e44dd7debe1bf19\"},\"headline\":\"Chicha de Jos\u00e9 Toro parte rumbo a Santiago para la Parada Militar\",\"datePublished\":\"2026-09-02T00:48:22+00:00\",\"mainEntityOfPage\":{\"@id\":\"https:\\\/\\\/eltrabajo.cl\\\/web\\\/chicha-de-jose-toro-parte-rumbo-a-santiago-para-la-parada-militar\\\/\"},\"wordCount\":511,\"commentCount\":0,\"publisher\":{\"@id\":\"https:\\\/\\\/eltrabajo.cl\\\/web\\\/#organization\"},\"image\":{\"@id\":\"https:\\\/\\\/eltrabajo.cl\\\/web\\\/chicha-de-jose-toro-parte-rumbo-a-santiago-para-la-parada-militar\\\/#primaryimage\"},\"thumbnailUrl\":\"https:\\\/\\\/eltrabajo.cl\\\/web\\\/wp-content\\\/uploads\\\/2026\\\/09\\\/chicha-1.jpg\",\"articleSection\":[\"Cr\u00f3nica\"],\"inLanguage\":\"es-CL\",\"potentialAction\":[{\"@type\":\"CommentAction\",\"name\":\"Comment\",\"target\":[\"https:\\\/\\\/eltrabajo.cl\\\/web\\\/chicha-de-jose-toro-parte-rumbo-a-santiago-para-la-parada-militar\\\/#respond\"]}]},{\"@type\":\"WebPage\",\"@id\":\"https:\\\/\\\/eltrabajo.cl\\\/web\\\/chicha-de-jose-toro-parte-rumbo-a-santiago-para-la-parada-militar\\\/\",\"url\":\"https:\\\/\\\/eltrabajo.cl\\\/web\\\/chicha-de-jose-toro-parte-rumbo-a-santiago-para-la-parada-militar\\\/\",\"name\":\"Chicha de Jos\u00e9 Toro parte rumbo a Santiago para la Parada Militar - Diario El Trabajo\",\"isPartOf\":{\"@id\":\"https:\\\/\\\/eltrabajo.cl\\\/web\\\/#website\"},\"primaryImageOfPage\":{\"@id\":\"https:\\\/\\\/eltrabajo.cl\\\/web\\\/chicha-de-jose-toro-parte-rumbo-a-santiago-para-la-parada-militar\\\/#primaryimage\"},\"image\":{\"@id\":\"https:\\\/\\\/eltrabajo.cl\\\/web\\\/chicha-de-jose-toro-parte-rumbo-a-santiago-para-la-parada-militar\\\/#primaryimage\"},\"thumbnailUrl\":\"https:\\\/\\\/eltrabajo.cl\\\/web\\\/wp-content\\\/uploads\\\/2026\\\/09\\\/chicha-1.jpg\",\"datePublished\":\"2026-09-02T00:48:22+00:00\",\"breadcrumb\":{\"@id\":\"https:\\\/\\\/eltrabajo.cl\\\/web\\\/chicha-de-jose-toro-parte-rumbo-a-santiago-para-la-parada-militar\\\/#breadcrumb\"},\"inLanguage\":\"es-CL\",\"potentialAction\":[{\"@type\":\"ReadAction\",\"target\":[\"https:\\\/\\\/eltrabajo.cl\\\/web\\\/chicha-de-jose-toro-parte-rumbo-a-santiago-para-la-parada-militar\\\/\"]}]},{\"@type\":\"ImageObject\",\"inLanguage\":\"es-CL\",\"@id\":\"https:\\\/\\\/eltrabajo.cl\\\/web\\\/chicha-de-jose-toro-parte-rumbo-a-santiago-para-la-parada-militar\\\/#primaryimage\",\"url\":\"https:\\\/\\\/eltrabajo.cl\\\/web\\\/wp-content\\\/uploads\\\/2026\\\/09\\\/chicha-1.jpg\",\"contentUrl\":\"https:\\\/\\\/eltrabajo.cl\\\/web\\\/wp-content\\\/uploads\\\/2026\\\/09\\\/chicha-1.jpg\",\"width\":700,\"height\":520,\"caption\":\"Acompa\u00f1ado de autoridades locales, Jos\u00e9 Toro entreg\u00f3 la chicha al Club de Huasos Gil Letelier.\"},{\"@type\":\"BreadcrumbList\",\"@id\":\"https:\\\/\\\/eltrabajo.cl\\\/web\\\/chicha-de-jose-toro-parte-rumbo-a-santiago-para-la-parada-militar\\\/#breadcrumb\",\"itemListElement\":[{\"@type\":\"ListItem\",\"position\":1,\"name\":\"Portada\",\"item\":\"https:\\\/\\\/eltrabajo.cl\\\/web\\\/\"},{\"@type\":\"ListItem\",\"position\":2,\"name\":\"Chicha de Jos\u00e9 Toro parte rumbo a Santiago para la Parada Militar\"}]},{\"@type\":\"WebSite\",\"@id\":\"https:\\\/\\\/eltrabajo.cl\\\/web\\\/#website\",\"url\":\"https:\\\/\\\/eltrabajo.cl\\\/web\\\/\",\"name\":\"Diario El Trabajo\",\"description\":\"Desde 1929 construyendo Identidad Local\",\"publisher\":{\"@id\":\"https:\\\/\\\/eltrabajo.cl\\\/web\\\/#organization\"},\"potentialAction\":[{\"@type\":\"SearchAction\",\"target\":{\"@type\":\"EntryPoint\",\"urlTemplate\":\"https:\\\/\\\/eltrabajo.cl\\\/web\\\/?s={search_term_string}\"},\"query-input\":{\"@type\":\"PropertyValueSpecification\",\"valueRequired\":true,\"valueName\":\"search_term_string\"}}],\"inLanguage\":\"es-CL\"},{\"@type\":\"Organization\",\"@id\":\"https:\\\/\\\/eltrabajo.cl\\\/web\\\/#organization\",\"name\":\"Diario El Trabajo\",\"url\":\"https:\\\/\\\/eltrabajo.cl\\\/web\\\/\",\"logo\":{\"@type\":\"ImageObject\",\"inLanguage\":\"es-CL\",\"@id\":\"https:\\\/\\\/eltrabajo.cl\\\/web\\\/#\\\/schema\\\/logo\\\/image\\\/\",\"url\":\"https:\\\/\\\/eltrabajo.cl\\\/web\\\/wp-content\\\/uploads\\\/2024\\\/06\\\/profile-image-ig-page-diarioeltrabajo.jpg\",\"contentUrl\":\"https:\\\/\\\/eltrabajo.cl\\\/web\\\/wp-content\\\/uploads\\\/2024\\\/06\\\/profile-image-ig-page-diarioeltrabajo.jpg\",\"width\":823,\"height\":823,\"caption\":\"Diario El Trabajo\"},\"image\":{\"@id\":\"https:\\\/\\\/eltrabajo.cl\\\/web\\\/#\\\/schema\\\/logo\\\/image\\\/\"},\"sameAs\":[\"https:\\\/\\\/www.facebook.com\\\/ElTrabajoDiario\",\"https:\\\/\\\/x.com\\\/diarioeltrabajo\"]},{\"@type\":\"Person\",\"@id\":\"https:\\\/\\\/eltrabajo.cl\\\/web\\\/#\\\/schema\\\/person\\\/45efd3d17f86ec456e44dd7debe1bf19\",\"name\":\"Diario El Trabajo\",\"image\":{\"@type\":\"ImageObject\",\"inLanguage\":\"es-CL\",\"@id\":\"https:\\\/\\\/secure.gravatar.com\\\/avatar\\\/7e6ec277dc4aea2677c2dc301d4227957219329c985ab69a3efc12518b5161aa?s=96&d=mm&r=g\",\"url\":\"https:\\\/\\\/secure.gravatar.com\\\/avatar\\\/7e6ec277dc4aea2677c2dc301d4227957219329c985ab69a3efc12518b5161aa?s=96&d=mm&r=g\",\"contentUrl\":\"https:\\\/\\\/secure.gravatar.com\\\/avatar\\\/7e6ec277dc4aea2677c2dc301d4227957219329c985ab69a3efc12518b5161aa?s=96&d=mm&r=g\",\"caption\":\"Diario El Trabajo\"},\"sameAs\":[\"https:\\\/\\\/eltrabajo.cl\\\/web\"],\"url\":\"https:\\\/\\\/eltrabajo.cl\\\/web\\\/author\\\/diario-el-trabajo\\\/\"}]}<\/script>\n<!-- \/ Yoast SEO plugin. -->","yoast_head_json":{"title":"Chicha de Jos\u00e9 Toro parte rumbo a Santiago para la Parada Militar - Diario El Trabajo","robots":{"index":"index","follow":"follow","max-snippet":"max-snippet:-1","max-image-preview":"max-image-preview:large","max-video-preview":"max-video-preview:-1"},"canonical":"https:\/\/eltrabajo.cl\/web\/chicha-de-jose-toro-parte-rumbo-a-santiago-para-la-parada-militar\/","og_locale":"es_ES","og_type":"article","og_title":"Chicha de Jos\u00e9 Toro parte rumbo a Santiago para la Parada Militar - Diario El Trabajo","og_description":"El Club de Huasos Gil Letelier se llev\u00f3 el brebaje para el tradicional evento del 19 de septiembre.\u2013 Por 14 a\u00f1os consecutivos, la chicha del productor de El Almendral, Jos\u00e9 Toro, ha sido la elegida para ser entregada y degustada por las m\u00e1s altas autoridades del pa\u00eds en la Parada Militar del 19 de septiembre. [&hellip;]","og_url":"https:\/\/eltrabajo.cl\/web\/chicha-de-jose-toro-parte-rumbo-a-santiago-para-la-parada-militar\/","og_site_name":"Diario El Trabajo","article_publisher":"https:\/\/www.facebook.com\/ElTrabajoDiario","article_published_time":"2026-09-02T00:48:22+00:00","og_image":[{"width":700,"height":520,"url":"https:\/\/eltrabajo.cl\/web\/wp-content\/uploads\/2026\/09\/chicha-1.jpg","type":"image\/jpeg"}],"author":"Diario El Trabajo","twitter_card":"summary_large_image","twitter_creator":"@diarioeltrabajo","twitter_site":"@diarioeltrabajo","twitter_misc":{"Escrito por":"Diario El Trabajo","Tiempo estimado de lectura":"3 minutos"},"schema":{"@context":"https:\/\/schema.org","@graph":[{"@type":"Article","@id":"https:\/\/eltrabajo.cl\/web\/chicha-de-jose-toro-parte-rumbo-a-santiago-para-la-parada-militar\/#article","isPartOf":{"@id":"https:\/\/eltrabajo.cl\/web\/chicha-de-jose-toro-parte-rumbo-a-santiago-para-la-parada-militar\/"},"author":{"name":"Diario El Trabajo","@id":"https:\/\/eltrabajo.cl\/web\/#\/schema\/person\/45efd3d17f86ec456e44dd7debe1bf19"},"headline":"Chicha de Jos\u00e9 Toro parte rumbo a Santiago para la Parada Militar","datePublished":"2026-09-02T00:48:22+00:00","mainEntityOfPage":{"@id":"https:\/\/eltrabajo.cl\/web\/chicha-de-jose-toro-parte-rumbo-a-santiago-para-la-parada-militar\/"},"wordCount":511,"commentCount":0,"publisher":{"@id":"https:\/\/eltrabajo.cl\/web\/#organization"},"image":{"@id":"https:\/\/eltrabajo.cl\/web\/chicha-de-jose-toro-parte-rumbo-a-santiago-para-la-parada-militar\/#primaryimage"},"thumbnailUrl":"https:\/\/eltrabajo.cl\/web\/wp-content\/uploads\/2026\/09\/chicha-1.jpg","articleSection":["Cr\u00f3nica"],"inLanguage":"es-CL","potentialAction":[{"@type":"CommentAction","name":"Comment","target":["https:\/\/eltrabajo.cl\/web\/chicha-de-jose-toro-parte-rumbo-a-santiago-para-la-parada-militar\/#respond"]}]},{"@type":"WebPage","@id":"https:\/\/eltrabajo.cl\/web\/chicha-de-jose-toro-parte-rumbo-a-santiago-para-la-parada-militar\/","url":"https:\/\/eltrabajo.cl\/web\/chicha-de-jose-toro-parte-rumbo-a-santiago-para-la-parada-militar\/","name":"Chicha de Jos\u00e9 Toro parte rumbo a Santiago para la Parada Militar - Diario El Trabajo","isPartOf":{"@id":"https:\/\/eltrabajo.cl\/web\/#website"},"primaryImageOfPage":{"@id":"https:\/\/eltrabajo.cl\/web\/chicha-de-jose-toro-parte-rumbo-a-santiago-para-la-parada-militar\/#primaryimage"},"image":{"@id":"https:\/\/eltrabajo.cl\/web\/chicha-de-jose-toro-parte-rumbo-a-santiago-para-la-parada-militar\/#primaryimage"},"thumbnailUrl":"https:\/\/eltrabajo.cl\/web\/wp-content\/uploads\/2026\/09\/chicha-1.jpg","datePublished":"2026-09-02T00:48:22+00:00","breadcrumb":{"@id":"https:\/\/eltrabajo.cl\/web\/chicha-de-jose-toro-parte-rumbo-a-santiago-para-la-parada-militar\/#breadcrumb"},"inLanguage":"es-CL","potentialAction":[{"@type":"ReadAction","target":["https:\/\/eltrabajo.cl\/web\/chicha-de-jose-toro-parte-rumbo-a-santiago-para-la-parada-militar\/"]}]},{"@type":"ImageObject","inLanguage":"es-CL","@id":"https:\/\/eltrabajo.cl\/web\/chicha-de-jose-toro-parte-rumbo-a-santiago-para-la-parada-militar\/#primaryimage","url":"https:\/\/eltrabajo.cl\/web\/wp-content\/uploads\/2026\/09\/chicha-1.jpg","contentUrl":"https:\/\/eltrabajo.cl\/web\/wp-content\/uploads\/2026\/09\/chicha-1.jpg","width":700,"height":520,"caption":"Acompa\u00f1ado de autoridades locales, Jos\u00e9 Toro entreg\u00f3 la chicha al Club de Huasos Gil Letelier."},{"@type":"BreadcrumbList","@id":"https:\/\/eltrabajo.cl\/web\/chicha-de-jose-toro-parte-rumbo-a-santiago-para-la-parada-militar\/#breadcrumb","itemListElement":[{"@type":"ListItem","position":1,"name":"Portada","item":"https:\/\/eltrabajo.cl\/web\/"},{"@type":"ListItem","position":2,"name":"Chicha de Jos\u00e9 Toro parte rumbo a Santiago para la Parada Militar"}]},{"@type":"WebSite","@id":"https:\/\/eltrabajo.cl\/web\/#website","url":"https:\/\/eltrabajo.cl\/web\/","name":"Diario El Trabajo","description":"Desde 1929 construyendo Identidad Local","publisher":{"@id":"https:\/\/eltrabajo.cl\/web\/#organization"},"potentialAction":[{"@type":"SearchAction","target":{"@type":"EntryPoint","urlTemplate":"https:\/\/eltrabajo.cl\/web\/?s={search_term_string}"},"query-input":{"@type":"PropertyValueSpecification","valueRequired":true,"valueName":"search_term_string"}}],"inLanguage":"es-CL"},{"@type":"Organization","@id":"https:\/\/eltrabajo.cl\/web\/#organization","name":"Diario El Trabajo","url":"https:\/\/eltrabajo.cl\/web\/","logo":{"@type":"ImageObject","inLanguage":"es-CL","@id":"https:\/\/eltrabajo.cl\/web\/#\/schema\/logo\/image\/","url":"https:\/\/eltrabajo.cl\/web\/wp-content\/uploads\/2024\/06\/profile-image-ig-page-diarioeltrabajo.jpg","contentUrl":"https:\/\/eltrabajo.cl\/web\/wp-content\/uploads\/2024\/06\/profile-image-ig-page-diarioeltrabajo.jpg","width":823,"height":823,"caption":"Diario El Trabajo"},"image":{"@id":"https:\/\/eltrabajo.cl\/web\/#\/schema\/logo\/image\/"},"sameAs":["https:\/\/www.facebook.com\/ElTrabajoDiario","https:\/\/x.com\/diarioeltrabajo"]},{"@type":"Person","@id":"https:\/\/eltrabajo.cl\/web\/#\/schema\/person\/45efd3d17f86ec456e44dd7debe1bf19","name":"Diario El Trabajo","image":{"@type":"ImageObject","inLanguage":"es-CL","@id":"https:\/\/secure.gravatar.com\/avatar\/7e6ec277dc4aea2677c2dc301d4227957219329c985ab69a3efc12518b5161aa?s=96&d=mm&r=g","url":"https:\/\/secure.gravatar.com\/avatar\/7e6ec277dc4aea2677c2dc301d4227957219329c985ab69a3efc12518b5161aa?s=96&d=mm&r=g","contentUrl":"https:\/\/secure.gravatar.com\/avatar\/7e6ec277dc4aea2677c2dc301d4227957219329c985ab69a3efc12518b5161aa?s=96&d=mm&r=g","caption":"Diario El Trabajo"},"sameAs":["https:\/\/eltrabajo.cl\/web"],"url":"https:\/\/eltrabajo.cl\/web\/author\/diario-el-trabajo\/"}]}},"_links":{"self":[{"href":"https:\/\/eltrabajo.cl\/web\/wp-json\/wp\/v2\/posts\/146831","targetHints":{"allow":["GET"]}}],"collection":[{"href":"https:\/\/eltrabajo.cl\/web\/wp-json\/wp\/v2\/posts"}],"about":[{"href":"https:\/\/eltrabajo.cl\/web\/wp-json\/wp\/v2\/types\/post"}],"author":[{"embeddable":true,"href":"https:\/\/eltrabajo.cl\/web\/wp-json\/wp\/v2\/users\/1"}],"replies":[{"embeddable":true,"href":"https:\/\/eltrabajo.cl\/web\/wp-json\/wp\/v2\/comments?post=146831"}],"version-history":[{"count":1,"href":"https:\/\/eltrabajo.cl\/web\/wp-json\/wp\/v2\/posts\/146831\/revisions"}],"predecessor-version":[{"id":146835,"href":"https:\/\/eltrabajo.cl\/web\/wp-json\/wp\/v2\/posts\/146831\/revisions\/146835"}],"wp:featuredmedia":[{"embeddable":true,"href":"https:\/\/eltrabajo.cl\/web\/wp-json\/wp\/v2\/media\/146832"}],"wp:attachment":[{"href":"https:\/\/eltrabajo.cl\/web\/wp-json\/wp\/v2\/media?parent=146831"}],"wp:term":[{"taxonomy":"category","embeddable":true,"href":"https:\/\/eltrabajo.cl\/web\/wp-json\/wp\/v2\/categories?post=146831"},{"taxonomy":"post_tag","embeddable":true,"href":"https:\/\/eltrabajo.cl\/web\/wp-json\/wp\/v2\/tags?post=146831"}],"curies":[{"name":"wp","href":"https:\/\/api.w.org\/{rel}","templated":true}]}}