{"id":146836,"date":"2026-09-01T21:49:33","date_gmt":"2026-09-02T00:49:33","guid":{"rendered":"https:\/\/eltrabajo.cl\/web\/?p=146836"},"modified":"2026-09-01T21:49:33","modified_gmt":"2026-09-02T00:49:33","slug":"recuperan-vehiculo-robado-que-circulaba-con-patentes-falsas-en-los-andes","status":"publish","type":"post","link":"https:\/\/eltrabajo.cl\/web\/recuperan-vehiculo-robado-que-circulaba-con-patentes-falsas-en-los-andes\/","title":{"rendered":"Recuperan veh\u00edculo robado que circulaba con patentes falsas en Los Andes"},"content":{"rendered":"<ul>\n<li><strong>El autom\u00f3vil manten\u00eda adulteraciones en sus n\u00fameros de chasis y motor, adem\u00e1s de placas patentes de fabricaci\u00f3n artesanal. En su interior fueron encontrados 19 gramos de marihuana, una pesa digital, dinero en efectivo y tres tel\u00e9fonos celulares.-<\/strong><\/li>\n<\/ul>\n<p>Un procedimiento desarrollado durante la tarde de este lunes 31 de agosto por personal de la Secci\u00f3n Centauro Aconcagua permiti\u00f3 detectar y recuperar en Los Andes un veh\u00edculo que manten\u00eda encargo vigente por robo y que circulaba con placas patentes falsas.<\/p>\n<p>El operativo se registr\u00f3 cerca de las 16:00 horas, cuando los funcionarios policiales realizaban patrullajes preventivos en el marco del Plan Calles Sin Violencia, espec\u00edficamente por los sectores de Poblaci\u00f3n Alto Aconcagua y Villa San Alberto.<\/p>\n<p>Fue en calle Oscar Granadino donde detectaron un veh\u00edculo <em>station wagon<\/em> marca Toyota, modelo Land Cruiser Prado, color blanco, a\u00f1o 2016. El autom\u00f3vil era conducido por un joven de 26 a\u00f1os de edad, identificado con las iniciales <strong>V<\/strong>.<strong>M<\/strong>.<strong>P<\/strong>.<strong>B<\/strong>., con domicilio en la comuna de Los Andes. Al realizar una inspecci\u00f3n de las placas patentes, Carabineros advirti\u00f3 diversas irregularidades, determinando que ambas eran de fabricaci\u00f3n artesanal y no contaban con los sellos de seguridad correspondientes del Registro Civil, hologramas ni otros elementos propios de una patente original.<\/p>\n<p>Durante la fiscalizaci\u00f3n, el conductor manifest\u00f3 adem\u00e1s no portar la documentaci\u00f3n del veh\u00edculo ni contar con licencia de conducir. Ante esta situaci\u00f3n, los funcionarios procedieron a revisar el interior del autom\u00f3vil, encontrando en la guantera 19 gramos de marihuana elaborada, una pesa digital, dinero en efectivo y tres tel\u00e9fonos celulares, especies que fueron incautadas.<\/p>\n<p>El procedimiento fue trasladado hasta la unidad policial, donde con apoyo de personal de la Secci\u00f3n de Investigaci\u00f3n Policial (SIP) se realiz\u00f3 una revisi\u00f3n m\u00e1s detallada del veh\u00edculo. Fue entonces cuando se detectaron nuevas irregularidades tanto en el n\u00famero de chasis como en el n\u00famero de motor.<\/p>\n<p>Si bien inicialmente el autom\u00f3vil figuraba en las plataformas institucionales con domicilio en la comuna de Las Condes y sin ning\u00fan encargo vigente por robo, mediante una revisi\u00f3n especializada y el uso de un esc\u00e1ner, los efectivos lograron establecer que el chasis original no correspond\u00eda al que presentaba el veh\u00edculo.<\/p>\n<p>A partir de este segundo n\u00famero de chasis, Carabineros pudo determinar que el autom\u00f3vil manten\u00eda un encargo vigente por el delito de robo de veh\u00edculo motorizado, denuncia efectuada en diciembre de 2025 en la 47\u00aa Comisar\u00eda Los Dominicos.<\/p>\n<p>Las diligencias permitieron adem\u00e1s establecer que se trataba de veh\u00edculos \u2018gemelos\u2019, ya que la patente, el chasis y el motor que presentaba el autom\u00f3vil fiscalizado correspond\u00edan a otro veh\u00edculo de similares caracter\u00edsticas que se encuentra en la Regi\u00f3n Metropolitana y que tambi\u00e9n hab\u00eda sido sustra\u00eddo a su propietario.<\/p>\n<p>Asimismo, la documentaci\u00f3n del veh\u00edculo encontrada en su interior presentaba aparentes adulteraciones y se encontraba vencida desde marzo del presente a\u00f1o.<\/p>\n<p>El detenido, quien adem\u00e1s mantiene antecedentes penales, fue puesto a disposici\u00f3n del Ministerio P\u00fablico para su respectivo control de detenci\u00f3n.<\/p>\n<p>Desde Carabineros hicieron un llamado a las personas que adquieren veh\u00edculos usados a revisar minuciosamente sus antecedentes y elementos de identificaci\u00f3n, especialmente las placas patentes, verificando que cuenten con sus sellos de seguridad y caracter\u00edsticas originales, adem\u00e1s de comprobar que los n\u00fameros de chasis y motor correspondan efectivamente al veh\u00edculo adquirido.<\/p>\n<figure id=\"attachment_146837\" aria-describedby=\"caption-attachment-146837\" style=\"width: 699px\" class=\"wp-caption alignnone\"><img loading=\"lazy\" decoding=\"async\" class=\"size-full wp-image-146837\" src=\"https:\/\/eltrabajo.cl\/web\/wp-content\/uploads\/2026\/09\/auto-robado-Los-Andes-2.jpg\" alt=\"Parte de las especies incautadas al interior del veh\u00edculo, entre ellas marihuana elaborada, una pesa digital, dinero en efectivo y tel\u00e9fonos celulares.\" width=\"699\" height=\"497\" srcset=\"https:\/\/eltrabajo.cl\/web\/wp-content\/uploads\/2026\/09\/auto-robado-Los-Andes-2.jpg 699w, https:\/\/eltrabajo.cl\/web\/wp-content\/uploads\/2026\/09\/auto-robado-Los-Andes-2-300x213.jpg 300w, https:\/\/eltrabajo.cl\/web\/wp-content\/uploads\/2026\/09\/auto-robado-Los-Andes-2-591x420.jpg 591w, https:\/\/eltrabajo.cl\/web\/wp-content\/uploads\/2026\/09\/auto-robado-Los-Andes-2-150x107.jpg 150w, https:\/\/eltrabajo.cl\/web\/wp-content\/uploads\/2026\/09\/auto-robado-Los-Andes-2-696x495.jpg 696w\" sizes=\"auto, (max-width: 699px) 100vw, 699px\" \/><figcaption id=\"caption-attachment-146837\" class=\"wp-caption-text\">Parte de las especies incautadas al interior del veh\u00edculo, entre ellas marihuana elaborada, una pesa digital, dinero en efectivo y tel\u00e9fonos celulares.<\/figcaption><\/figure>\n<figure id=\"attachment_146838\" aria-describedby=\"caption-attachment-146838\" style=\"width: 700px\" class=\"wp-caption alignnone\"><img loading=\"lazy\" decoding=\"async\" class=\"size-full wp-image-146838\" src=\"https:\/\/eltrabajo.cl\/web\/wp-content\/uploads\/2026\/09\/auto-robado-Los-Andes.jpg\" alt=\"El veh\u00edculo Toyota Land Cruiser Prado que fue recuperado por Carabineros tras establecerse que manten\u00eda encargo vigente por robo.\" width=\"700\" height=\"519\" srcset=\"https:\/\/eltrabajo.cl\/web\/wp-content\/uploads\/2026\/09\/auto-robado-Los-Andes.jpg 700w, https:\/\/eltrabajo.cl\/web\/wp-content\/uploads\/2026\/09\/auto-robado-Los-Andes-300x222.jpg 300w, https:\/\/eltrabajo.cl\/web\/wp-content\/uploads\/2026\/09\/auto-robado-Los-Andes-566x420.jpg 566w, https:\/\/eltrabajo.cl\/web\/wp-content\/uploads\/2026\/09\/auto-robado-Los-Andes-80x60.jpg 80w, https:\/\/eltrabajo.cl\/web\/wp-content\/uploads\/2026\/09\/auto-robado-Los-Andes-150x111.jpg 150w, https:\/\/eltrabajo.cl\/web\/wp-content\/uploads\/2026\/09\/auto-robado-Los-Andes-485x360.jpg 485w, https:\/\/eltrabajo.cl\/web\/wp-content\/uploads\/2026\/09\/auto-robado-Los-Andes-696x516.jpg 696w\" sizes=\"auto, (max-width: 700px) 100vw, 700px\" \/><figcaption id=\"caption-attachment-146838\" class=\"wp-caption-text\">El veh\u00edculo Toyota Land Cruiser Prado que fue recuperado por Carabineros tras establecerse que manten\u00eda encargo vigente por robo.<\/figcaption><\/figure>\n","protected":false},"excerpt":{"rendered":"<p>El autom\u00f3vil manten\u00eda adulteraciones en sus n\u00fameros de chasis y motor, adem\u00e1s de placas patentes de fabricaci\u00f3n artesanal. En su interior fueron encontrados 19 gramos de marihuana, una pesa digital, dinero en efectivo y tres tel\u00e9fonos celulares.- Un procedimiento desarrollado durante la tarde de este lunes 31 de agosto por personal de la Secci\u00f3n Centauro [&hellip;]<\/p>\n","protected":false},"author":1,"featured_media":146838,"comment_status":"open","ping_status":"closed","sticky":false,"template":"","format":"standard","meta":{"footnotes":""},"categories":[5],"tags":[],"class_list":["post-146836","post","type-post","status-publish","format-standard","has-post-thumbnail","category-policial"],"yoast_head":"<!-- This site is optimized with the Yoast SEO plugin v28.3 - https:\/\/yoast.com\/product\/yoast-seo-wordpress\/ -->\n<title>Recuperan veh\u00edculo robado que circulaba con patentes falsas en Los Andes - Diario El Trabajo<\/title>\n<meta name=\"robots\" content=\"index, follow, max-snippet:-1, max-image-preview:large, max-video-preview:-1\" \/>\n<link rel=\"canonical\" href=\"https:\/\/eltrabajo.cl\/web\/recuperan-vehiculo-robado-que-circulaba-con-patentes-falsas-en-los-andes\/\" \/>\n<meta property=\"og:locale\" content=\"es_ES\" \/>\n<meta property=\"og:type\" content=\"article\" \/>\n<meta property=\"og:title\" content=\"Recuperan veh\u00edculo robado que circulaba con patentes falsas en Los Andes - Diario El Trabajo\" \/>\n<meta property=\"og:description\" content=\"El autom\u00f3vil manten\u00eda adulteraciones en sus n\u00fameros de chasis y motor, adem\u00e1s de placas patentes de fabricaci\u00f3n artesanal. En su interior fueron encontrados 19 gramos de marihuana, una pesa digital, dinero en efectivo y tres tel\u00e9fonos celulares.- Un procedimiento desarrollado durante la tarde de este lunes 31 de agosto por personal de la Secci\u00f3n Centauro [&hellip;]\" \/>\n<meta property=\"og:url\" content=\"https:\/\/eltrabajo.cl\/web\/recuperan-vehiculo-robado-que-circulaba-con-patentes-falsas-en-los-andes\/\" \/>\n<meta property=\"og:site_name\" content=\"Diario El Trabajo\" \/>\n<meta property=\"article:publisher\" content=\"https:\/\/www.facebook.com\/ElTrabajoDiario\" \/>\n<meta property=\"article:published_time\" content=\"2026-09-02T00:49:33+00:00\" \/>\n<meta property=\"og:image\" content=\"https:\/\/eltrabajo.cl\/web\/wp-content\/uploads\/2026\/09\/auto-robado-Los-Andes.jpg\" \/>\n\t<meta property=\"og:image:width\" content=\"700\" \/>\n\t<meta property=\"og:image:height\" content=\"519\" \/>\n\t<meta property=\"og:image:type\" content=\"image\/jpeg\" \/>\n<meta name=\"author\" content=\"Diario El Trabajo\" \/>\n<meta name=\"twitter:card\" content=\"summary_large_image\" \/>\n<meta name=\"twitter:creator\" content=\"@diarioeltrabajo\" \/>\n<meta name=\"twitter:site\" content=\"@diarioeltrabajo\" \/>\n<meta name=\"twitter:label1\" content=\"Escrito por\" \/>\n\t<meta name=\"twitter:data1\" content=\"Diario El Trabajo\" \/>\n\t<meta name=\"twitter:label2\" content=\"Tiempo estimado de lectura\" \/>\n\t<meta name=\"twitter:data2\" content=\"4 minutos\" \/>\n<script type=\"application\/ld+json\" class=\"yoast-schema-graph\">{\"@context\":\"https:\\\/\\\/schema.org\",\"@graph\":[{\"@type\":\"Article\",\"@id\":\"https:\\\/\\\/eltrabajo.cl\\\/web\\\/recuperan-vehiculo-robado-que-circulaba-con-patentes-falsas-en-los-andes\\\/#article\",\"isPartOf\":{\"@id\":\"https:\\\/\\\/eltrabajo.cl\\\/web\\\/recuperan-vehiculo-robado-que-circulaba-con-patentes-falsas-en-los-andes\\\/\"},\"author\":{\"name\":\"Diario El Trabajo\",\"@id\":\"https:\\\/\\\/eltrabajo.cl\\\/web\\\/#\\\/schema\\\/person\\\/45efd3d17f86ec456e44dd7debe1bf19\"},\"headline\":\"Recuperan veh\u00edculo robado que circulaba con patentes falsas en Los Andes\",\"datePublished\":\"2026-09-02T00:49:33+00:00\",\"mainEntityOfPage\":{\"@id\":\"https:\\\/\\\/eltrabajo.cl\\\/web\\\/recuperan-vehiculo-robado-que-circulaba-con-patentes-falsas-en-los-andes\\\/\"},\"wordCount\":661,\"commentCount\":0,\"publisher\":{\"@id\":\"https:\\\/\\\/eltrabajo.cl\\\/web\\\/#organization\"},\"image\":{\"@id\":\"https:\\\/\\\/eltrabajo.cl\\\/web\\\/recuperan-vehiculo-robado-que-circulaba-con-patentes-falsas-en-los-andes\\\/#primaryimage\"},\"thumbnailUrl\":\"https:\\\/\\\/eltrabajo.cl\\\/web\\\/wp-content\\\/uploads\\\/2026\\\/09\\\/auto-robado-Los-Andes.jpg\",\"articleSection\":[\"Policial\"],\"inLanguage\":\"es-CL\",\"potentialAction\":[{\"@type\":\"CommentAction\",\"name\":\"Comment\",\"target\":[\"https:\\\/\\\/eltrabajo.cl\\\/web\\\/recuperan-vehiculo-robado-que-circulaba-con-patentes-falsas-en-los-andes\\\/#respond\"]}]},{\"@type\":\"WebPage\",\"@id\":\"https:\\\/\\\/eltrabajo.cl\\\/web\\\/recuperan-vehiculo-robado-que-circulaba-con-patentes-falsas-en-los-andes\\\/\",\"url\":\"https:\\\/\\\/eltrabajo.cl\\\/web\\\/recuperan-vehiculo-robado-que-circulaba-con-patentes-falsas-en-los-andes\\\/\",\"name\":\"Recuperan veh\u00edculo robado que circulaba con patentes falsas en Los Andes - Diario El Trabajo\",\"isPartOf\":{\"@id\":\"https:\\\/\\\/eltrabajo.cl\\\/web\\\/#website\"},\"primaryImageOfPage\":{\"@id\":\"https:\\\/\\\/eltrabajo.cl\\\/web\\\/recuperan-vehiculo-robado-que-circulaba-con-patentes-falsas-en-los-andes\\\/#primaryimage\"},\"image\":{\"@id\":\"https:\\\/\\\/eltrabajo.cl\\\/web\\\/recuperan-vehiculo-robado-que-circulaba-con-patentes-falsas-en-los-andes\\\/#primaryimage\"},\"thumbnailUrl\":\"https:\\\/\\\/eltrabajo.cl\\\/web\\\/wp-content\\\/uploads\\\/2026\\\/09\\\/auto-robado-Los-Andes.jpg\",\"datePublished\":\"2026-09-02T00:49:33+00:00\",\"breadcrumb\":{\"@id\":\"https:\\\/\\\/eltrabajo.cl\\\/web\\\/recuperan-vehiculo-robado-que-circulaba-con-patentes-falsas-en-los-andes\\\/#breadcrumb\"},\"inLanguage\":\"es-CL\",\"potentialAction\":[{\"@type\":\"ReadAction\",\"target\":[\"https:\\\/\\\/eltrabajo.cl\\\/web\\\/recuperan-vehiculo-robado-que-circulaba-con-patentes-falsas-en-los-andes\\\/\"]}]},{\"@type\":\"ImageObject\",\"inLanguage\":\"es-CL\",\"@id\":\"https:\\\/\\\/eltrabajo.cl\\\/web\\\/recuperan-vehiculo-robado-que-circulaba-con-patentes-falsas-en-los-andes\\\/#primaryimage\",\"url\":\"https:\\\/\\\/eltrabajo.cl\\\/web\\\/wp-content\\\/uploads\\\/2026\\\/09\\\/auto-robado-Los-Andes.jpg\",\"contentUrl\":\"https:\\\/\\\/eltrabajo.cl\\\/web\\\/wp-content\\\/uploads\\\/2026\\\/09\\\/auto-robado-Los-Andes.jpg\",\"width\":700,\"height\":519,\"caption\":\"El veh\u00edculo Toyota Land Cruiser Prado que fue recuperado por Carabineros tras establecerse que manten\u00eda encargo vigente por robo.\"},{\"@type\":\"BreadcrumbList\",\"@id\":\"https:\\\/\\\/eltrabajo.cl\\\/web\\\/recuperan-vehiculo-robado-que-circulaba-con-patentes-falsas-en-los-andes\\\/#breadcrumb\",\"itemListElement\":[{\"@type\":\"ListItem\",\"position\":1,\"name\":\"Portada\",\"item\":\"https:\\\/\\\/eltrabajo.cl\\\/web\\\/\"},{\"@type\":\"ListItem\",\"position\":2,\"name\":\"Recuperan veh\u00edculo robado que circulaba con patentes falsas en Los Andes\"}]},{\"@type\":\"WebSite\",\"@id\":\"https:\\\/\\\/eltrabajo.cl\\\/web\\\/#website\",\"url\":\"https:\\\/\\\/eltrabajo.cl\\\/web\\\/\",\"name\":\"Diario El Trabajo\",\"description\":\"Desde 1929 construyendo Identidad Local\",\"publisher\":{\"@id\":\"https:\\\/\\\/eltrabajo.cl\\\/web\\\/#organization\"},\"potentialAction\":[{\"@type\":\"SearchAction\",\"target\":{\"@type\":\"EntryPoint\",\"urlTemplate\":\"https:\\\/\\\/eltrabajo.cl\\\/web\\\/?s={search_term_string}\"},\"query-input\":{\"@type\":\"PropertyValueSpecification\",\"valueRequired\":true,\"valueName\":\"search_term_string\"}}],\"inLanguage\":\"es-CL\"},{\"@type\":\"Organization\",\"@id\":\"https:\\\/\\\/eltrabajo.cl\\\/web\\\/#organization\",\"name\":\"Diario El Trabajo\",\"url\":\"https:\\\/\\\/eltrabajo.cl\\\/web\\\/\",\"logo\":{\"@type\":\"ImageObject\",\"inLanguage\":\"es-CL\",\"@id\":\"https:\\\/\\\/eltrabajo.cl\\\/web\\\/#\\\/schema\\\/logo\\\/image\\\/\",\"url\":\"https:\\\/\\\/eltrabajo.cl\\\/web\\\/wp-content\\\/uploads\\\/2024\\\/06\\\/profile-image-ig-page-diarioeltrabajo.jpg\",\"contentUrl\":\"https:\\\/\\\/eltrabajo.cl\\\/web\\\/wp-content\\\/uploads\\\/2024\\\/06\\\/profile-image-ig-page-diarioeltrabajo.jpg\",\"width\":823,\"height\":823,\"caption\":\"Diario El Trabajo\"},\"image\":{\"@id\":\"https:\\\/\\\/eltrabajo.cl\\\/web\\\/#\\\/schema\\\/logo\\\/image\\\/\"},\"sameAs\":[\"https:\\\/\\\/www.facebook.com\\\/ElTrabajoDiario\",\"https:\\\/\\\/x.com\\\/diarioeltrabajo\"]},{\"@type\":\"Person\",\"@id\":\"https:\\\/\\\/eltrabajo.cl\\\/web\\\/#\\\/schema\\\/person\\\/45efd3d17f86ec456e44dd7debe1bf19\",\"name\":\"Diario El Trabajo\",\"image\":{\"@type\":\"ImageObject\",\"inLanguage\":\"es-CL\",\"@id\":\"https:\\\/\\\/secure.gravatar.com\\\/avatar\\\/7e6ec277dc4aea2677c2dc301d4227957219329c985ab69a3efc12518b5161aa?s=96&d=mm&r=g\",\"url\":\"https:\\\/\\\/secure.gravatar.com\\\/avatar\\\/7e6ec277dc4aea2677c2dc301d4227957219329c985ab69a3efc12518b5161aa?s=96&d=mm&r=g\",\"contentUrl\":\"https:\\\/\\\/secure.gravatar.com\\\/avatar\\\/7e6ec277dc4aea2677c2dc301d4227957219329c985ab69a3efc12518b5161aa?s=96&d=mm&r=g\",\"caption\":\"Diario El Trabajo\"},\"sameAs\":[\"https:\\\/\\\/eltrabajo.cl\\\/web\"],\"url\":\"https:\\\/\\\/eltrabajo.cl\\\/web\\\/author\\\/diario-el-trabajo\\\/\"}]}<\/script>\n<!-- \/ Yoast SEO plugin. -->","yoast_head_json":{"title":"Recuperan veh\u00edculo robado que circulaba con patentes falsas en Los Andes - Diario El Trabajo","robots":{"index":"index","follow":"follow","max-snippet":"max-snippet:-1","max-image-preview":"max-image-preview:large","max-video-preview":"max-video-preview:-1"},"canonical":"https:\/\/eltrabajo.cl\/web\/recuperan-vehiculo-robado-que-circulaba-con-patentes-falsas-en-los-andes\/","og_locale":"es_ES","og_type":"article","og_title":"Recuperan veh\u00edculo robado que circulaba con patentes falsas en Los Andes - Diario El Trabajo","og_description":"El autom\u00f3vil manten\u00eda adulteraciones en sus n\u00fameros de chasis y motor, adem\u00e1s de placas patentes de fabricaci\u00f3n artesanal. En su interior fueron encontrados 19 gramos de marihuana, una pesa digital, dinero en efectivo y tres tel\u00e9fonos celulares.- Un procedimiento desarrollado durante la tarde de este lunes 31 de agosto por personal de la Secci\u00f3n Centauro [&hellip;]","og_url":"https:\/\/eltrabajo.cl\/web\/recuperan-vehiculo-robado-que-circulaba-con-patentes-falsas-en-los-andes\/","og_site_name":"Diario El Trabajo","article_publisher":"https:\/\/www.facebook.com\/ElTrabajoDiario","article_published_time":"2026-09-02T00:49:33+00:00","og_image":[{"width":700,"height":519,"url":"https:\/\/eltrabajo.cl\/web\/wp-content\/uploads\/2026\/09\/auto-robado-Los-Andes.jpg","type":"image\/jpeg"}],"author":"Diario El Trabajo","twitter_card":"summary_large_image","twitter_creator":"@diarioeltrabajo","twitter_site":"@diarioeltrabajo","twitter_misc":{"Escrito por":"Diario El Trabajo","Tiempo estimado de lectura":"4 minutos"},"schema":{"@context":"https:\/\/schema.org","@graph":[{"@type":"Article","@id":"https:\/\/eltrabajo.cl\/web\/recuperan-vehiculo-robado-que-circulaba-con-patentes-falsas-en-los-andes\/#article","isPartOf":{"@id":"https:\/\/eltrabajo.cl\/web\/recuperan-vehiculo-robado-que-circulaba-con-patentes-falsas-en-los-andes\/"},"author":{"name":"Diario El Trabajo","@id":"https:\/\/eltrabajo.cl\/web\/#\/schema\/person\/45efd3d17f86ec456e44dd7debe1bf19"},"headline":"Recuperan veh\u00edculo robado que circulaba con patentes falsas en Los Andes","datePublished":"2026-09-02T00:49:33+00:00","mainEntityOfPage":{"@id":"https:\/\/eltrabajo.cl\/web\/recuperan-vehiculo-robado-que-circulaba-con-patentes-falsas-en-los-andes\/"},"wordCount":661,"commentCount":0,"publisher":{"@id":"https:\/\/eltrabajo.cl\/web\/#organization"},"image":{"@id":"https:\/\/eltrabajo.cl\/web\/recuperan-vehiculo-robado-que-circulaba-con-patentes-falsas-en-los-andes\/#primaryimage"},"thumbnailUrl":"https:\/\/eltrabajo.cl\/web\/wp-content\/uploads\/2026\/09\/auto-robado-Los-Andes.jpg","articleSection":["Policial"],"inLanguage":"es-CL","potentialAction":[{"@type":"CommentAction","name":"Comment","target":["https:\/\/eltrabajo.cl\/web\/recuperan-vehiculo-robado-que-circulaba-con-patentes-falsas-en-los-andes\/#respond"]}]},{"@type":"WebPage","@id":"https:\/\/eltrabajo.cl\/web\/recuperan-vehiculo-robado-que-circulaba-con-patentes-falsas-en-los-andes\/","url":"https:\/\/eltrabajo.cl\/web\/recuperan-vehiculo-robado-que-circulaba-con-patentes-falsas-en-los-andes\/","name":"Recuperan veh\u00edculo robado que circulaba con patentes falsas en Los Andes - Diario El Trabajo","isPartOf":{"@id":"https:\/\/eltrabajo.cl\/web\/#website"},"primaryImageOfPage":{"@id":"https:\/\/eltrabajo.cl\/web\/recuperan-vehiculo-robado-que-circulaba-con-patentes-falsas-en-los-andes\/#primaryimage"},"image":{"@id":"https:\/\/eltrabajo.cl\/web\/recuperan-vehiculo-robado-que-circulaba-con-patentes-falsas-en-los-andes\/#primaryimage"},"thumbnailUrl":"https:\/\/eltrabajo.cl\/web\/wp-content\/uploads\/2026\/09\/auto-robado-Los-Andes.jpg","datePublished":"2026-09-02T00:49:33+00:00","breadcrumb":{"@id":"https:\/\/eltrabajo.cl\/web\/recuperan-vehiculo-robado-que-circulaba-con-patentes-falsas-en-los-andes\/#breadcrumb"},"inLanguage":"es-CL","potentialAction":[{"@type":"ReadAction","target":["https:\/\/eltrabajo.cl\/web\/recuperan-vehiculo-robado-que-circulaba-con-patentes-falsas-en-los-andes\/"]}]},{"@type":"ImageObject","inLanguage":"es-CL","@id":"https:\/\/eltrabajo.cl\/web\/recuperan-vehiculo-robado-que-circulaba-con-patentes-falsas-en-los-andes\/#primaryimage","url":"https:\/\/eltrabajo.cl\/web\/wp-content\/uploads\/2026\/09\/auto-robado-Los-Andes.jpg","contentUrl":"https:\/\/eltrabajo.cl\/web\/wp-content\/uploads\/2026\/09\/auto-robado-Los-Andes.jpg","width":700,"height":519,"caption":"El veh\u00edculo Toyota Land Cruiser Prado que fue recuperado por Carabineros tras establecerse que manten\u00eda encargo vigente por robo."},{"@type":"BreadcrumbList","@id":"https:\/\/eltrabajo.cl\/web\/recuperan-vehiculo-robado-que-circulaba-con-patentes-falsas-en-los-andes\/#breadcrumb","itemListElement":[{"@type":"ListItem","position":1,"name":"Portada","item":"https:\/\/eltrabajo.cl\/web\/"},{"@type":"ListItem","position":2,"name":"Recuperan veh\u00edculo robado que circulaba con patentes falsas en Los Andes"}]},{"@type":"WebSite","@id":"https:\/\/eltrabajo.cl\/web\/#website","url":"https:\/\/eltrabajo.cl\/web\/","name":"Diario El Trabajo","description":"Desde 1929 construyendo Identidad Local","publisher":{"@id":"https:\/\/eltrabajo.cl\/web\/#organization"},"potentialAction":[{"@type":"SearchAction","target":{"@type":"EntryPoint","urlTemplate":"https:\/\/eltrabajo.cl\/web\/?s={search_term_string}"},"query-input":{"@type":"PropertyValueSpecification","valueRequired":true,"valueName":"search_term_string"}}],"inLanguage":"es-CL"},{"@type":"Organization","@id":"https:\/\/eltrabajo.cl\/web\/#organization","name":"Diario El Trabajo","url":"https:\/\/eltrabajo.cl\/web\/","logo":{"@type":"ImageObject","inLanguage":"es-CL","@id":"https:\/\/eltrabajo.cl\/web\/#\/schema\/logo\/image\/","url":"https:\/\/eltrabajo.cl\/web\/wp-content\/uploads\/2024\/06\/profile-image-ig-page-diarioeltrabajo.jpg","contentUrl":"https:\/\/eltrabajo.cl\/web\/wp-content\/uploads\/2024\/06\/profile-image-ig-page-diarioeltrabajo.jpg","width":823,"height":823,"caption":"Diario El Trabajo"},"image":{"@id":"https:\/\/eltrabajo.cl\/web\/#\/schema\/logo\/image\/"},"sameAs":["https:\/\/www.facebook.com\/ElTrabajoDiario","https:\/\/x.com\/diarioeltrabajo"]},{"@type":"Person","@id":"https:\/\/eltrabajo.cl\/web\/#\/schema\/person\/45efd3d17f86ec456e44dd7debe1bf19","name":"Diario El Trabajo","image":{"@type":"ImageObject","inLanguage":"es-CL","@id":"https:\/\/secure.gravatar.com\/avatar\/7e6ec277dc4aea2677c2dc301d4227957219329c985ab69a3efc12518b5161aa?s=96&d=mm&r=g","url":"https:\/\/secure.gravatar.com\/avatar\/7e6ec277dc4aea2677c2dc301d4227957219329c985ab69a3efc12518b5161aa?s=96&d=mm&r=g","contentUrl":"https:\/\/secure.gravatar.com\/avatar\/7e6ec277dc4aea2677c2dc301d4227957219329c985ab69a3efc12518b5161aa?s=96&d=mm&r=g","caption":"Diario El Trabajo"},"sameAs":["https:\/\/eltrabajo.cl\/web"],"url":"https:\/\/eltrabajo.cl\/web\/author\/diario-el-trabajo\/"}]}},"_links":{"self":[{"href":"https:\/\/eltrabajo.cl\/web\/wp-json\/wp\/v2\/posts\/146836","targetHints":{"allow":["GET"]}}],"collection":[{"href":"https:\/\/eltrabajo.cl\/web\/wp-json\/wp\/v2\/posts"}],"about":[{"href":"https:\/\/eltrabajo.cl\/web\/wp-json\/wp\/v2\/types\/post"}],"author":[{"embeddable":true,"href":"https:\/\/eltrabajo.cl\/web\/wp-json\/wp\/v2\/users\/1"}],"replies":[{"embeddable":true,"href":"https:\/\/eltrabajo.cl\/web\/wp-json\/wp\/v2\/comments?post=146836"}],"version-history":[{"count":1,"href":"https:\/\/eltrabajo.cl\/web\/wp-json\/wp\/v2\/posts\/146836\/revisions"}],"predecessor-version":[{"id":146839,"href":"https:\/\/eltrabajo.cl\/web\/wp-json\/wp\/v2\/posts\/146836\/revisions\/146839"}],"wp:featuredmedia":[{"embeddable":true,"href":"https:\/\/eltrabajo.cl\/web\/wp-json\/wp\/v2\/media\/146838"}],"wp:attachment":[{"href":"https:\/\/eltrabajo.cl\/web\/wp-json\/wp\/v2\/media?parent=146836"}],"wp:term":[{"taxonomy":"category","embeddable":true,"href":"https:\/\/eltrabajo.cl\/web\/wp-json\/wp\/v2\/categories?post=146836"},{"taxonomy":"post_tag","embeddable":true,"href":"https:\/\/eltrabajo.cl\/web\/wp-json\/wp\/v2\/tags?post=146836"}],"curies":[{"name":"wp","href":"https:\/\/api.w.org\/{rel}","templated":true}]}}