{"id":146840,"date":"2026-09-01T21:52:07","date_gmt":"2026-09-02T00:52:07","guid":{"rendered":"https:\/\/eltrabajo.cl\/web\/?p=146840"},"modified":"2026-09-01T21:52:07","modified_gmt":"2026-09-02T00:52:07","slug":"una-vez-mas-la-mole-ovalle-supo-de-oros-en-un-torneo-atletico-en-santiago","status":"publish","type":"post","link":"https:\/\/eltrabajo.cl\/web\/una-vez-mas-la-mole-ovalle-supo-de-oros-en-un-torneo-atletico-en-santiago\/","title":{"rendered":"Una vez m\u00e1s \u2018La Mole\u2019 Ovalle supo de oros en un torneo atl\u00e9tico en Santiago"},"content":{"rendered":"<p>En su larga ruta hacia el torneo Nacional de noviembre pr\u00f3ximo, el atleta categor\u00eda m\u00e1ster sanfelipe\u00f1o, <strong>Jorge \u2018La Mole \u2018Ovalle<\/strong>, cumpli\u00f3 una muy buena actuaci\u00f3n en el campeonato de atletismo organizado por el Club Santiago de Chile.<\/p>\n<p>Durante la jornada del domingo \u00faltimo, el lanzador aconcag\u00fcino tuvo un buen apronte que le permite aventurarse en que podr\u00e1 hacer un buen papel en la cita m\u00e1xima del atletismo m\u00e1ster chileno. Su reciente presentaci\u00f3n en el Estadio \u2018Mario Record\u00f3n\u2019 dej\u00f3 muy en claro que La Mole est\u00e1 para cosas grandes.<\/p>\n<p>Oro en las pruebas de Lanzamiento de la Jabalina y la Bala, son una clara demostraci\u00f3n del excelente nivel y momento competitivo por el que est\u00e1 atravesando el experimentado y robusto atleta local. <em>\u00abFue un torneo en que solo se pod\u00edan escoger algunas pruebas; felizmente eleg\u00ed bien y pude ganar. Fue una muy buena experiencia y apronte para el Nacional, porque es muy importante poder coronar con triunfos las largas horas de entrenamiento que ya vengo haciendo hace tres meses. Estoy muy contento para lo que se viene\u00bb<\/em>, cont\u00f3 Ovalle a <strong>El Trabajo Deportivo<\/strong>.<\/p>\n<p>Respecto a su futuro inmediato, Ovalle remat\u00f3: <em>\u00abHay varias competencias, pero deber\u00e9 elegir bien y con calma en cu\u00e1les competir\u00e9. Tiempo tengo, as\u00ed que lo har\u00e9 con calma\u00bb<\/em>.<\/p>\n<figure id=\"attachment_146841\" aria-describedby=\"caption-attachment-146841\" style=\"width: 700px\" class=\"wp-caption alignnone\"><img loading=\"lazy\" decoding=\"async\" class=\"size-full wp-image-146841\" src=\"https:\/\/eltrabajo.cl\/web\/wp-content\/uploads\/2026\/09\/mole-ovalle.jpg\" alt=\"Jorge \u2018La Mole\u2019 Ovalle en la prueba del lanzamiento de la bala. \" width=\"700\" height=\"459\" srcset=\"https:\/\/eltrabajo.cl\/web\/wp-content\/uploads\/2026\/09\/mole-ovalle.jpg 700w, https:\/\/eltrabajo.cl\/web\/wp-content\/uploads\/2026\/09\/mole-ovalle-300x197.jpg 300w, https:\/\/eltrabajo.cl\/web\/wp-content\/uploads\/2026\/09\/mole-ovalle-641x420.jpg 641w, https:\/\/eltrabajo.cl\/web\/wp-content\/uploads\/2026\/09\/mole-ovalle-150x98.jpg 150w, https:\/\/eltrabajo.cl\/web\/wp-content\/uploads\/2026\/09\/mole-ovalle-696x456.jpg 696w\" sizes=\"auto, (max-width: 700px) 100vw, 700px\" \/><figcaption id=\"caption-attachment-146841\" class=\"wp-caption-text\">Jorge \u2018La Mole\u2019 Ovalle en la prueba del lanzamiento de la bala.<\/figcaption><\/figure>\n","protected":false},"excerpt":{"rendered":"<p>En su larga ruta hacia el torneo Nacional de noviembre pr\u00f3ximo, el atleta categor\u00eda m\u00e1ster sanfelipe\u00f1o, Jorge \u2018La Mole \u2018Ovalle, cumpli\u00f3 una muy buena actuaci\u00f3n en el campeonato de atletismo organizado por el Club Santiago de Chile. Durante la jornada del domingo \u00faltimo, el lanzador aconcag\u00fcino tuvo un buen apronte que le permite aventurarse en [&hellip;]<\/p>\n","protected":false},"author":1,"featured_media":146841,"comment_status":"open","ping_status":"closed","sticky":false,"template":"","format":"standard","meta":{"footnotes":""},"categories":[2],"tags":[],"class_list":["post-146840","post","type-post","status-publish","format-standard","has-post-thumbnail","category-deportes"],"yoast_head":"<!-- This site is optimized with the Yoast SEO plugin v28.3 - https:\/\/yoast.com\/product\/yoast-seo-wordpress\/ -->\n<title>Una vez m\u00e1s \u2018La Mole\u2019 Ovalle supo de oros en un torneo atl\u00e9tico en Santiago - Diario El Trabajo<\/title>\n<meta name=\"robots\" content=\"index, follow, max-snippet:-1, max-image-preview:large, max-video-preview:-1\" \/>\n<link rel=\"canonical\" href=\"https:\/\/eltrabajo.cl\/web\/una-vez-mas-la-mole-ovalle-supo-de-oros-en-un-torneo-atletico-en-santiago\/\" \/>\n<meta property=\"og:locale\" content=\"es_ES\" \/>\n<meta property=\"og:type\" content=\"article\" \/>\n<meta property=\"og:title\" content=\"Una vez m\u00e1s \u2018La Mole\u2019 Ovalle supo de oros en un torneo atl\u00e9tico en Santiago - Diario El Trabajo\" \/>\n<meta property=\"og:description\" content=\"En su larga ruta hacia el torneo Nacional de noviembre pr\u00f3ximo, el atleta categor\u00eda m\u00e1ster sanfelipe\u00f1o, Jorge \u2018La Mole \u2018Ovalle, cumpli\u00f3 una muy buena actuaci\u00f3n en el campeonato de atletismo organizado por el Club Santiago de Chile. Durante la jornada del domingo \u00faltimo, el lanzador aconcag\u00fcino tuvo un buen apronte que le permite aventurarse en [&hellip;]\" \/>\n<meta property=\"og:url\" content=\"https:\/\/eltrabajo.cl\/web\/una-vez-mas-la-mole-ovalle-supo-de-oros-en-un-torneo-atletico-en-santiago\/\" \/>\n<meta property=\"og:site_name\" content=\"Diario El Trabajo\" \/>\n<meta property=\"article:publisher\" content=\"https:\/\/www.facebook.com\/ElTrabajoDiario\" \/>\n<meta property=\"article:published_time\" content=\"2026-09-02T00:52:07+00:00\" \/>\n<meta property=\"og:image\" content=\"https:\/\/eltrabajo.cl\/web\/wp-content\/uploads\/2026\/09\/mole-ovalle.jpg\" \/>\n\t<meta property=\"og:image:width\" content=\"700\" \/>\n\t<meta property=\"og:image:height\" content=\"459\" \/>\n\t<meta property=\"og:image:type\" content=\"image\/jpeg\" \/>\n<meta name=\"author\" content=\"Diario El Trabajo\" \/>\n<meta name=\"twitter:card\" content=\"summary_large_image\" \/>\n<meta name=\"twitter:creator\" content=\"@diarioeltrabajo\" \/>\n<meta name=\"twitter:site\" content=\"@diarioeltrabajo\" \/>\n<meta name=\"twitter:label1\" content=\"Escrito por\" \/>\n\t<meta name=\"twitter:data1\" content=\"Diario El Trabajo\" \/>\n\t<meta name=\"twitter:label2\" content=\"Tiempo estimado de lectura\" \/>\n\t<meta name=\"twitter:data2\" content=\"2 minutos\" \/>\n<script type=\"application\/ld+json\" class=\"yoast-schema-graph\">{\"@context\":\"https:\\\/\\\/schema.org\",\"@graph\":[{\"@type\":\"Article\",\"@id\":\"https:\\\/\\\/eltrabajo.cl\\\/web\\\/una-vez-mas-la-mole-ovalle-supo-de-oros-en-un-torneo-atletico-en-santiago\\\/#article\",\"isPartOf\":{\"@id\":\"https:\\\/\\\/eltrabajo.cl\\\/web\\\/una-vez-mas-la-mole-ovalle-supo-de-oros-en-un-torneo-atletico-en-santiago\\\/\"},\"author\":{\"name\":\"Diario El Trabajo\",\"@id\":\"https:\\\/\\\/eltrabajo.cl\\\/web\\\/#\\\/schema\\\/person\\\/45efd3d17f86ec456e44dd7debe1bf19\"},\"headline\":\"Una vez m\u00e1s \u2018La Mole\u2019 Ovalle supo de oros en un torneo atl\u00e9tico en Santiago\",\"datePublished\":\"2026-09-02T00:52:07+00:00\",\"mainEntityOfPage\":{\"@id\":\"https:\\\/\\\/eltrabajo.cl\\\/web\\\/una-vez-mas-la-mole-ovalle-supo-de-oros-en-un-torneo-atletico-en-santiago\\\/\"},\"wordCount\":259,\"commentCount\":0,\"publisher\":{\"@id\":\"https:\\\/\\\/eltrabajo.cl\\\/web\\\/#organization\"},\"image\":{\"@id\":\"https:\\\/\\\/eltrabajo.cl\\\/web\\\/una-vez-mas-la-mole-ovalle-supo-de-oros-en-un-torneo-atletico-en-santiago\\\/#primaryimage\"},\"thumbnailUrl\":\"https:\\\/\\\/eltrabajo.cl\\\/web\\\/wp-content\\\/uploads\\\/2026\\\/09\\\/mole-ovalle.jpg\",\"articleSection\":[\"Deportes\"],\"inLanguage\":\"es-CL\",\"potentialAction\":[{\"@type\":\"CommentAction\",\"name\":\"Comment\",\"target\":[\"https:\\\/\\\/eltrabajo.cl\\\/web\\\/una-vez-mas-la-mole-ovalle-supo-de-oros-en-un-torneo-atletico-en-santiago\\\/#respond\"]}]},{\"@type\":\"WebPage\",\"@id\":\"https:\\\/\\\/eltrabajo.cl\\\/web\\\/una-vez-mas-la-mole-ovalle-supo-de-oros-en-un-torneo-atletico-en-santiago\\\/\",\"url\":\"https:\\\/\\\/eltrabajo.cl\\\/web\\\/una-vez-mas-la-mole-ovalle-supo-de-oros-en-un-torneo-atletico-en-santiago\\\/\",\"name\":\"Una vez m\u00e1s \u2018La Mole\u2019 Ovalle supo de oros en un torneo atl\u00e9tico en Santiago - Diario El Trabajo\",\"isPartOf\":{\"@id\":\"https:\\\/\\\/eltrabajo.cl\\\/web\\\/#website\"},\"primaryImageOfPage\":{\"@id\":\"https:\\\/\\\/eltrabajo.cl\\\/web\\\/una-vez-mas-la-mole-ovalle-supo-de-oros-en-un-torneo-atletico-en-santiago\\\/#primaryimage\"},\"image\":{\"@id\":\"https:\\\/\\\/eltrabajo.cl\\\/web\\\/una-vez-mas-la-mole-ovalle-supo-de-oros-en-un-torneo-atletico-en-santiago\\\/#primaryimage\"},\"thumbnailUrl\":\"https:\\\/\\\/eltrabajo.cl\\\/web\\\/wp-content\\\/uploads\\\/2026\\\/09\\\/mole-ovalle.jpg\",\"datePublished\":\"2026-09-02T00:52:07+00:00\",\"breadcrumb\":{\"@id\":\"https:\\\/\\\/eltrabajo.cl\\\/web\\\/una-vez-mas-la-mole-ovalle-supo-de-oros-en-un-torneo-atletico-en-santiago\\\/#breadcrumb\"},\"inLanguage\":\"es-CL\",\"potentialAction\":[{\"@type\":\"ReadAction\",\"target\":[\"https:\\\/\\\/eltrabajo.cl\\\/web\\\/una-vez-mas-la-mole-ovalle-supo-de-oros-en-un-torneo-atletico-en-santiago\\\/\"]}]},{\"@type\":\"ImageObject\",\"inLanguage\":\"es-CL\",\"@id\":\"https:\\\/\\\/eltrabajo.cl\\\/web\\\/una-vez-mas-la-mole-ovalle-supo-de-oros-en-un-torneo-atletico-en-santiago\\\/#primaryimage\",\"url\":\"https:\\\/\\\/eltrabajo.cl\\\/web\\\/wp-content\\\/uploads\\\/2026\\\/09\\\/mole-ovalle.jpg\",\"contentUrl\":\"https:\\\/\\\/eltrabajo.cl\\\/web\\\/wp-content\\\/uploads\\\/2026\\\/09\\\/mole-ovalle.jpg\",\"width\":700,\"height\":459,\"caption\":\"Jorge \u2018La Mole\u2019 Ovalle en la prueba del lanzamiento de la bala.\"},{\"@type\":\"BreadcrumbList\",\"@id\":\"https:\\\/\\\/eltrabajo.cl\\\/web\\\/una-vez-mas-la-mole-ovalle-supo-de-oros-en-un-torneo-atletico-en-santiago\\\/#breadcrumb\",\"itemListElement\":[{\"@type\":\"ListItem\",\"position\":1,\"name\":\"Portada\",\"item\":\"https:\\\/\\\/eltrabajo.cl\\\/web\\\/\"},{\"@type\":\"ListItem\",\"position\":2,\"name\":\"Una vez m\u00e1s \u2018La Mole\u2019 Ovalle supo de oros en un torneo atl\u00e9tico en Santiago\"}]},{\"@type\":\"WebSite\",\"@id\":\"https:\\\/\\\/eltrabajo.cl\\\/web\\\/#website\",\"url\":\"https:\\\/\\\/eltrabajo.cl\\\/web\\\/\",\"name\":\"Diario El Trabajo\",\"description\":\"Desde 1929 construyendo Identidad Local\",\"publisher\":{\"@id\":\"https:\\\/\\\/eltrabajo.cl\\\/web\\\/#organization\"},\"potentialAction\":[{\"@type\":\"SearchAction\",\"target\":{\"@type\":\"EntryPoint\",\"urlTemplate\":\"https:\\\/\\\/eltrabajo.cl\\\/web\\\/?s={search_term_string}\"},\"query-input\":{\"@type\":\"PropertyValueSpecification\",\"valueRequired\":true,\"valueName\":\"search_term_string\"}}],\"inLanguage\":\"es-CL\"},{\"@type\":\"Organization\",\"@id\":\"https:\\\/\\\/eltrabajo.cl\\\/web\\\/#organization\",\"name\":\"Diario El Trabajo\",\"url\":\"https:\\\/\\\/eltrabajo.cl\\\/web\\\/\",\"logo\":{\"@type\":\"ImageObject\",\"inLanguage\":\"es-CL\",\"@id\":\"https:\\\/\\\/eltrabajo.cl\\\/web\\\/#\\\/schema\\\/logo\\\/image\\\/\",\"url\":\"https:\\\/\\\/eltrabajo.cl\\\/web\\\/wp-content\\\/uploads\\\/2024\\\/06\\\/profile-image-ig-page-diarioeltrabajo.jpg\",\"contentUrl\":\"https:\\\/\\\/eltrabajo.cl\\\/web\\\/wp-content\\\/uploads\\\/2024\\\/06\\\/profile-image-ig-page-diarioeltrabajo.jpg\",\"width\":823,\"height\":823,\"caption\":\"Diario El Trabajo\"},\"image\":{\"@id\":\"https:\\\/\\\/eltrabajo.cl\\\/web\\\/#\\\/schema\\\/logo\\\/image\\\/\"},\"sameAs\":[\"https:\\\/\\\/www.facebook.com\\\/ElTrabajoDiario\",\"https:\\\/\\\/x.com\\\/diarioeltrabajo\"]},{\"@type\":\"Person\",\"@id\":\"https:\\\/\\\/eltrabajo.cl\\\/web\\\/#\\\/schema\\\/person\\\/45efd3d17f86ec456e44dd7debe1bf19\",\"name\":\"Diario El Trabajo\",\"image\":{\"@type\":\"ImageObject\",\"inLanguage\":\"es-CL\",\"@id\":\"https:\\\/\\\/secure.gravatar.com\\\/avatar\\\/7e6ec277dc4aea2677c2dc301d4227957219329c985ab69a3efc12518b5161aa?s=96&d=mm&r=g\",\"url\":\"https:\\\/\\\/secure.gravatar.com\\\/avatar\\\/7e6ec277dc4aea2677c2dc301d4227957219329c985ab69a3efc12518b5161aa?s=96&d=mm&r=g\",\"contentUrl\":\"https:\\\/\\\/secure.gravatar.com\\\/avatar\\\/7e6ec277dc4aea2677c2dc301d4227957219329c985ab69a3efc12518b5161aa?s=96&d=mm&r=g\",\"caption\":\"Diario El Trabajo\"},\"sameAs\":[\"https:\\\/\\\/eltrabajo.cl\\\/web\"],\"url\":\"https:\\\/\\\/eltrabajo.cl\\\/web\\\/author\\\/diario-el-trabajo\\\/\"}]}<\/script>\n<!-- \/ Yoast SEO plugin. -->","yoast_head_json":{"title":"Una vez m\u00e1s \u2018La Mole\u2019 Ovalle supo de oros en un torneo atl\u00e9tico en Santiago - Diario El Trabajo","robots":{"index":"index","follow":"follow","max-snippet":"max-snippet:-1","max-image-preview":"max-image-preview:large","max-video-preview":"max-video-preview:-1"},"canonical":"https:\/\/eltrabajo.cl\/web\/una-vez-mas-la-mole-ovalle-supo-de-oros-en-un-torneo-atletico-en-santiago\/","og_locale":"es_ES","og_type":"article","og_title":"Una vez m\u00e1s \u2018La Mole\u2019 Ovalle supo de oros en un torneo atl\u00e9tico en Santiago - Diario El Trabajo","og_description":"En su larga ruta hacia el torneo Nacional de noviembre pr\u00f3ximo, el atleta categor\u00eda m\u00e1ster sanfelipe\u00f1o, Jorge \u2018La Mole \u2018Ovalle, cumpli\u00f3 una muy buena actuaci\u00f3n en el campeonato de atletismo organizado por el Club Santiago de Chile. Durante la jornada del domingo \u00faltimo, el lanzador aconcag\u00fcino tuvo un buen apronte que le permite aventurarse en [&hellip;]","og_url":"https:\/\/eltrabajo.cl\/web\/una-vez-mas-la-mole-ovalle-supo-de-oros-en-un-torneo-atletico-en-santiago\/","og_site_name":"Diario El Trabajo","article_publisher":"https:\/\/www.facebook.com\/ElTrabajoDiario","article_published_time":"2026-09-02T00:52:07+00:00","og_image":[{"width":700,"height":459,"url":"https:\/\/eltrabajo.cl\/web\/wp-content\/uploads\/2026\/09\/mole-ovalle.jpg","type":"image\/jpeg"}],"author":"Diario El Trabajo","twitter_card":"summary_large_image","twitter_creator":"@diarioeltrabajo","twitter_site":"@diarioeltrabajo","twitter_misc":{"Escrito por":"Diario El Trabajo","Tiempo estimado de lectura":"2 minutos"},"schema":{"@context":"https:\/\/schema.org","@graph":[{"@type":"Article","@id":"https:\/\/eltrabajo.cl\/web\/una-vez-mas-la-mole-ovalle-supo-de-oros-en-un-torneo-atletico-en-santiago\/#article","isPartOf":{"@id":"https:\/\/eltrabajo.cl\/web\/una-vez-mas-la-mole-ovalle-supo-de-oros-en-un-torneo-atletico-en-santiago\/"},"author":{"name":"Diario El Trabajo","@id":"https:\/\/eltrabajo.cl\/web\/#\/schema\/person\/45efd3d17f86ec456e44dd7debe1bf19"},"headline":"Una vez m\u00e1s \u2018La Mole\u2019 Ovalle supo de oros en un torneo atl\u00e9tico en Santiago","datePublished":"2026-09-02T00:52:07+00:00","mainEntityOfPage":{"@id":"https:\/\/eltrabajo.cl\/web\/una-vez-mas-la-mole-ovalle-supo-de-oros-en-un-torneo-atletico-en-santiago\/"},"wordCount":259,"commentCount":0,"publisher":{"@id":"https:\/\/eltrabajo.cl\/web\/#organization"},"image":{"@id":"https:\/\/eltrabajo.cl\/web\/una-vez-mas-la-mole-ovalle-supo-de-oros-en-un-torneo-atletico-en-santiago\/#primaryimage"},"thumbnailUrl":"https:\/\/eltrabajo.cl\/web\/wp-content\/uploads\/2026\/09\/mole-ovalle.jpg","articleSection":["Deportes"],"inLanguage":"es-CL","potentialAction":[{"@type":"CommentAction","name":"Comment","target":["https:\/\/eltrabajo.cl\/web\/una-vez-mas-la-mole-ovalle-supo-de-oros-en-un-torneo-atletico-en-santiago\/#respond"]}]},{"@type":"WebPage","@id":"https:\/\/eltrabajo.cl\/web\/una-vez-mas-la-mole-ovalle-supo-de-oros-en-un-torneo-atletico-en-santiago\/","url":"https:\/\/eltrabajo.cl\/web\/una-vez-mas-la-mole-ovalle-supo-de-oros-en-un-torneo-atletico-en-santiago\/","name":"Una vez m\u00e1s \u2018La Mole\u2019 Ovalle supo de oros en un torneo atl\u00e9tico en Santiago - Diario El Trabajo","isPartOf":{"@id":"https:\/\/eltrabajo.cl\/web\/#website"},"primaryImageOfPage":{"@id":"https:\/\/eltrabajo.cl\/web\/una-vez-mas-la-mole-ovalle-supo-de-oros-en-un-torneo-atletico-en-santiago\/#primaryimage"},"image":{"@id":"https:\/\/eltrabajo.cl\/web\/una-vez-mas-la-mole-ovalle-supo-de-oros-en-un-torneo-atletico-en-santiago\/#primaryimage"},"thumbnailUrl":"https:\/\/eltrabajo.cl\/web\/wp-content\/uploads\/2026\/09\/mole-ovalle.jpg","datePublished":"2026-09-02T00:52:07+00:00","breadcrumb":{"@id":"https:\/\/eltrabajo.cl\/web\/una-vez-mas-la-mole-ovalle-supo-de-oros-en-un-torneo-atletico-en-santiago\/#breadcrumb"},"inLanguage":"es-CL","potentialAction":[{"@type":"ReadAction","target":["https:\/\/eltrabajo.cl\/web\/una-vez-mas-la-mole-ovalle-supo-de-oros-en-un-torneo-atletico-en-santiago\/"]}]},{"@type":"ImageObject","inLanguage":"es-CL","@id":"https:\/\/eltrabajo.cl\/web\/una-vez-mas-la-mole-ovalle-supo-de-oros-en-un-torneo-atletico-en-santiago\/#primaryimage","url":"https:\/\/eltrabajo.cl\/web\/wp-content\/uploads\/2026\/09\/mole-ovalle.jpg","contentUrl":"https:\/\/eltrabajo.cl\/web\/wp-content\/uploads\/2026\/09\/mole-ovalle.jpg","width":700,"height":459,"caption":"Jorge \u2018La Mole\u2019 Ovalle en la prueba del lanzamiento de la bala."},{"@type":"BreadcrumbList","@id":"https:\/\/eltrabajo.cl\/web\/una-vez-mas-la-mole-ovalle-supo-de-oros-en-un-torneo-atletico-en-santiago\/#breadcrumb","itemListElement":[{"@type":"ListItem","position":1,"name":"Portada","item":"https:\/\/eltrabajo.cl\/web\/"},{"@type":"ListItem","position":2,"name":"Una vez m\u00e1s \u2018La Mole\u2019 Ovalle supo de oros en un torneo atl\u00e9tico en Santiago"}]},{"@type":"WebSite","@id":"https:\/\/eltrabajo.cl\/web\/#website","url":"https:\/\/eltrabajo.cl\/web\/","name":"Diario El Trabajo","description":"Desde 1929 construyendo Identidad Local","publisher":{"@id":"https:\/\/eltrabajo.cl\/web\/#organization"},"potentialAction":[{"@type":"SearchAction","target":{"@type":"EntryPoint","urlTemplate":"https:\/\/eltrabajo.cl\/web\/?s={search_term_string}"},"query-input":{"@type":"PropertyValueSpecification","valueRequired":true,"valueName":"search_term_string"}}],"inLanguage":"es-CL"},{"@type":"Organization","@id":"https:\/\/eltrabajo.cl\/web\/#organization","name":"Diario El Trabajo","url":"https:\/\/eltrabajo.cl\/web\/","logo":{"@type":"ImageObject","inLanguage":"es-CL","@id":"https:\/\/eltrabajo.cl\/web\/#\/schema\/logo\/image\/","url":"https:\/\/eltrabajo.cl\/web\/wp-content\/uploads\/2024\/06\/profile-image-ig-page-diarioeltrabajo.jpg","contentUrl":"https:\/\/eltrabajo.cl\/web\/wp-content\/uploads\/2024\/06\/profile-image-ig-page-diarioeltrabajo.jpg","width":823,"height":823,"caption":"Diario El Trabajo"},"image":{"@id":"https:\/\/eltrabajo.cl\/web\/#\/schema\/logo\/image\/"},"sameAs":["https:\/\/www.facebook.com\/ElTrabajoDiario","https:\/\/x.com\/diarioeltrabajo"]},{"@type":"Person","@id":"https:\/\/eltrabajo.cl\/web\/#\/schema\/person\/45efd3d17f86ec456e44dd7debe1bf19","name":"Diario El Trabajo","image":{"@type":"ImageObject","inLanguage":"es-CL","@id":"https:\/\/secure.gravatar.com\/avatar\/7e6ec277dc4aea2677c2dc301d4227957219329c985ab69a3efc12518b5161aa?s=96&d=mm&r=g","url":"https:\/\/secure.gravatar.com\/avatar\/7e6ec277dc4aea2677c2dc301d4227957219329c985ab69a3efc12518b5161aa?s=96&d=mm&r=g","contentUrl":"https:\/\/secure.gravatar.com\/avatar\/7e6ec277dc4aea2677c2dc301d4227957219329c985ab69a3efc12518b5161aa?s=96&d=mm&r=g","caption":"Diario El Trabajo"},"sameAs":["https:\/\/eltrabajo.cl\/web"],"url":"https:\/\/eltrabajo.cl\/web\/author\/diario-el-trabajo\/"}]}},"_links":{"self":[{"href":"https:\/\/eltrabajo.cl\/web\/wp-json\/wp\/v2\/posts\/146840","targetHints":{"allow":["GET"]}}],"collection":[{"href":"https:\/\/eltrabajo.cl\/web\/wp-json\/wp\/v2\/posts"}],"about":[{"href":"https:\/\/eltrabajo.cl\/web\/wp-json\/wp\/v2\/types\/post"}],"author":[{"embeddable":true,"href":"https:\/\/eltrabajo.cl\/web\/wp-json\/wp\/v2\/users\/1"}],"replies":[{"embeddable":true,"href":"https:\/\/eltrabajo.cl\/web\/wp-json\/wp\/v2\/comments?post=146840"}],"version-history":[{"count":1,"href":"https:\/\/eltrabajo.cl\/web\/wp-json\/wp\/v2\/posts\/146840\/revisions"}],"predecessor-version":[{"id":146842,"href":"https:\/\/eltrabajo.cl\/web\/wp-json\/wp\/v2\/posts\/146840\/revisions\/146842"}],"wp:featuredmedia":[{"embeddable":true,"href":"https:\/\/eltrabajo.cl\/web\/wp-json\/wp\/v2\/media\/146841"}],"wp:attachment":[{"href":"https:\/\/eltrabajo.cl\/web\/wp-json\/wp\/v2\/media?parent=146840"}],"wp:term":[{"taxonomy":"category","embeddable":true,"href":"https:\/\/eltrabajo.cl\/web\/wp-json\/wp\/v2\/categories?post=146840"},{"taxonomy":"post_tag","embeddable":true,"href":"https:\/\/eltrabajo.cl\/web\/wp-json\/wp\/v2\/tags?post=146840"}],"curies":[{"name":"wp","href":"https:\/\/api.w.org\/{rel}","templated":true}]}}