{"id":146843,"date":"2026-09-01T21:53:05","date_gmt":"2026-09-02T00:53:05","guid":{"rendered":"https:\/\/eltrabajo.cl\/web\/?p=146843"},"modified":"2026-09-01T21:53:05","modified_gmt":"2026-09-02T00:53:05","slug":"reclaman-alta-congestion-al-retirar-medicamentos-desde-farmacia-del-hospital-san-camilo","status":"publish","type":"post","link":"https:\/\/eltrabajo.cl\/web\/reclaman-alta-congestion-al-retirar-medicamentos-desde-farmacia-del-hospital-san-camilo\/","title":{"rendered":"Reclaman alta congesti\u00f3n\u00a0al retirar medicamentos desde farmacia del Hospital San Camilo"},"content":{"rendered":"<ul>\n<li><strong>Desde el recinto de salud indicaron que se encuentran en la etapa final de construcci\u00f3n de la nueva Farmacia Ambulatoria.-<\/strong><\/li>\n<\/ul>\n<p>Un usuario del Hospital San Camilo de nuestra comuna, nos hizo llegar una fotograf\u00eda reclamando por la alta congesti\u00f3n que se produce en el retiro de medicamentos desde la farmacia del establecimiento de salud, imagen en la que se aprecia la gran cantidad de gente esperando por su turno.<\/p>\n<p>El vecino coment\u00f3 que <em>\u00abel nuevo sistema de retiro de medicamentos del Hospital San Camilo es un asco. Demora mucho m\u00e1s que antes y ahora te dan d\u00eda y hora para retiro de los medicamentos. Qu\u00e9 manera de controlar nuestros tiempos\u00bb<\/em>, acus\u00f3.<\/p>\n<p>Respecto a esta situaci\u00f3n que se ha producido en el \u00faltimo tiempo, consultamos al Hospital San Camilo, desde donde nos hicieron llegar un comunicado como respuesta a esta problem\u00e1tica, informando que se encuentran en la etapa final de construcci\u00f3n de las nuevas dependencias de la farmacia ambulatoria. Lo anterior, debido al cambio del equipo de Estad\u00edsticas a las exdependencias de Abastecimiento, en el sector de Servicios Generales.<\/p>\n<p>Seg\u00fan indicaron desde el recinto, con estas mejoras se podr\u00e1 contar con un espacio mucho mayor al actual, que beneficiar\u00e1 a sus funcionarios, cumpliendo as\u00ed todas las normativas exigidas, adem\u00e1s de entregar un mejor servicio a los usuarios al poder organizar de mejor manera los procesos, los puntos de entrega y el almacenaje de la gran cantidad de medicamentos que se dispensan a diario.<\/p>\n<p>El escrito enviado desde el Hospital San Camilo es el siguiente:<\/p>\n<p>\u00ab<em>Comenz\u00f3 recta final para la construcci\u00f3n de las nuevas dependencias de Farmacia Ambulatoria<\/em><\/p>\n<p>\u00ab<em>Con el cambio del equipo de Estad\u00edstica a donde antes estaba Abastecimiento, qued\u00f3 liberado el espacio en donde se construir\u00e1 el nuevo servicio que tambi\u00e9n abarcar\u00e1 la ex cafeter\u00eda<\/em><\/p>\n<p>\u00ab<em>Con el cambio del equipo de Estad\u00edstica a las ex dependencias de Abastecimiento en el sector de Servicios Generales, comenz\u00f3 la recta final para la construcci\u00f3n de las nuevas dependencias de la Farmacia Ambulatoria, las cuales tambi\u00e9n abarcar\u00e1n el espacio contiguo de la ex cafeter\u00eda, dotando al establecimiento de un espacio m\u00e1s acorde a las necesidades del momento.<\/em><\/p>\n<p>\u00ab<em>De esta manera, tras ser desocupadas dichas dependencias, se procede a entregar terreno a la empresa que ya est\u00e1 adjudicada, la cual, desde el momento en que recibe terreno, contar\u00e1 con 125 d\u00edas h\u00e1biles para terminar los trabajos<\/em>.<\/p>\n<p>\u00ab<em>Con estas mejoras el servicio de Farmacia Ambulatoria podr\u00e1 contar con un espacio mucho mayor al actual que beneficia a sus funcionarios, cumpliendo as\u00ed todas las normativas exigidas y pudiendo tambi\u00e9n entregar un mejor servicio a los usuarios al poder organizar de mejor manera los procesos, los puntos de entrega y el almacenaje de la gran cantidad de medicamentos que se dispensan d\u00eda a d\u00eda<\/em>.<\/p>\n<p>\u00ab<em>Cabe destacar que existe conocimiento de las esperas que se est\u00e1n generando en el servicio, las cuales se deben a la alta demanda de pacientes que concurre cada d\u00eda, llegando incluso en ocasiones a superar las 700 recetas entregadas, por lo que la Direcci\u00f3n del establecimiento espera que con esta nueva infraestructura se logre disminuir considerablemente el problema. De cualquier forma, actualmente se encuentra desarrollando diversas estrategias para entregar una atenci\u00f3n m\u00e1s fluida, contando en estos momentos con fila preferencial y tambi\u00e9n con filas destinadas a aquellos usuarios que vienen con recetas con menos de tres medicamentos, las cuales se pueden despachar m\u00e1s r\u00e1pido, considerando que existen recetas con 6 \u00f3 m\u00e1s medicamentos, lo que naturalmente genera un mayor tiempo de preparaci\u00f3n\u00bb<\/em>, indicaron desde el recinto de salud sanfelipe\u00f1o.<\/p>\n<figure id=\"attachment_146844\" aria-describedby=\"caption-attachment-146844\" style=\"width: 699px\" class=\"wp-caption alignnone\"><img loading=\"lazy\" decoding=\"async\" class=\"size-full wp-image-146844\" src=\"https:\/\/eltrabajo.cl\/web\/wp-content\/uploads\/2026\/09\/farmacia-San-Camilo.jpg\" alt=\"Las personas esperando retirar medicamentos en la farmacia del Hospital San Camilo.\" width=\"699\" height=\"447\" srcset=\"https:\/\/eltrabajo.cl\/web\/wp-content\/uploads\/2026\/09\/farmacia-San-Camilo.jpg 699w, https:\/\/eltrabajo.cl\/web\/wp-content\/uploads\/2026\/09\/farmacia-San-Camilo-300x192.jpg 300w, https:\/\/eltrabajo.cl\/web\/wp-content\/uploads\/2026\/09\/farmacia-San-Camilo-657x420.jpg 657w, https:\/\/eltrabajo.cl\/web\/wp-content\/uploads\/2026\/09\/farmacia-San-Camilo-150x96.jpg 150w, https:\/\/eltrabajo.cl\/web\/wp-content\/uploads\/2026\/09\/farmacia-San-Camilo-696x445.jpg 696w\" sizes=\"auto, (max-width: 699px) 100vw, 699px\" \/><figcaption id=\"caption-attachment-146844\" class=\"wp-caption-text\">Las personas esperando retirar medicamentos en la farmacia del Hospital San Camilo.<\/figcaption><\/figure>\n","protected":false},"excerpt":{"rendered":"<p>Desde el recinto de salud indicaron que se encuentran en la etapa final de construcci\u00f3n de la nueva Farmacia Ambulatoria.- Un usuario del Hospital San Camilo de nuestra comuna, nos hizo llegar una fotograf\u00eda reclamando por la alta congesti\u00f3n que se produce en el retiro de medicamentos desde la farmacia del establecimiento de salud, imagen [&hellip;]<\/p>\n","protected":false},"author":1,"featured_media":146844,"comment_status":"open","ping_status":"closed","sticky":false,"template":"","format":"standard","meta":{"footnotes":""},"categories":[4],"tags":[],"class_list":["post-146843","post","type-post","status-publish","format-standard","has-post-thumbnail","category-comunidad"],"yoast_head":"<!-- This site is optimized with the Yoast SEO plugin v28.3 - https:\/\/yoast.com\/product\/yoast-seo-wordpress\/ -->\n<title>Reclaman alta congesti\u00f3n\u00a0al retirar medicamentos desde farmacia del Hospital San Camilo - Diario El Trabajo<\/title>\n<meta name=\"robots\" content=\"index, follow, max-snippet:-1, max-image-preview:large, max-video-preview:-1\" \/>\n<link rel=\"canonical\" href=\"https:\/\/eltrabajo.cl\/web\/reclaman-alta-congestion-al-retirar-medicamentos-desde-farmacia-del-hospital-san-camilo\/\" \/>\n<meta property=\"og:locale\" content=\"es_ES\" \/>\n<meta property=\"og:type\" content=\"article\" \/>\n<meta property=\"og:title\" content=\"Reclaman alta congesti\u00f3n\u00a0al retirar medicamentos desde farmacia del Hospital San Camilo - Diario El Trabajo\" \/>\n<meta property=\"og:description\" content=\"Desde el recinto de salud indicaron que se encuentran en la etapa final de construcci\u00f3n de la nueva Farmacia Ambulatoria.- Un usuario del Hospital San Camilo de nuestra comuna, nos hizo llegar una fotograf\u00eda reclamando por la alta congesti\u00f3n que se produce en el retiro de medicamentos desde la farmacia del establecimiento de salud, imagen [&hellip;]\" \/>\n<meta property=\"og:url\" content=\"https:\/\/eltrabajo.cl\/web\/reclaman-alta-congestion-al-retirar-medicamentos-desde-farmacia-del-hospital-san-camilo\/\" \/>\n<meta property=\"og:site_name\" content=\"Diario El Trabajo\" \/>\n<meta property=\"article:publisher\" content=\"https:\/\/www.facebook.com\/ElTrabajoDiario\" \/>\n<meta property=\"article:published_time\" content=\"2026-09-02T00:53:05+00:00\" \/>\n<meta property=\"og:image\" content=\"https:\/\/eltrabajo.cl\/web\/wp-content\/uploads\/2026\/09\/farmacia-San-Camilo.jpg\" \/>\n\t<meta property=\"og:image:width\" content=\"699\" \/>\n\t<meta property=\"og:image:height\" content=\"447\" \/>\n\t<meta property=\"og:image:type\" content=\"image\/jpeg\" \/>\n<meta name=\"author\" content=\"Diario El Trabajo\" \/>\n<meta name=\"twitter:card\" content=\"summary_large_image\" \/>\n<meta name=\"twitter:creator\" content=\"@diarioeltrabajo\" \/>\n<meta name=\"twitter:site\" content=\"@diarioeltrabajo\" \/>\n<meta name=\"twitter:label1\" content=\"Escrito por\" \/>\n\t<meta name=\"twitter:data1\" content=\"Diario El Trabajo\" \/>\n\t<meta name=\"twitter:label2\" content=\"Tiempo estimado de lectura\" \/>\n\t<meta name=\"twitter:data2\" content=\"4 minutos\" \/>\n<script type=\"application\/ld+json\" class=\"yoast-schema-graph\">{\"@context\":\"https:\\\/\\\/schema.org\",\"@graph\":[{\"@type\":\"Article\",\"@id\":\"https:\\\/\\\/eltrabajo.cl\\\/web\\\/reclaman-alta-congestion-al-retirar-medicamentos-desde-farmacia-del-hospital-san-camilo\\\/#article\",\"isPartOf\":{\"@id\":\"https:\\\/\\\/eltrabajo.cl\\\/web\\\/reclaman-alta-congestion-al-retirar-medicamentos-desde-farmacia-del-hospital-san-camilo\\\/\"},\"author\":{\"name\":\"Diario El Trabajo\",\"@id\":\"https:\\\/\\\/eltrabajo.cl\\\/web\\\/#\\\/schema\\\/person\\\/45efd3d17f86ec456e44dd7debe1bf19\"},\"headline\":\"Reclaman alta congesti\u00f3n\u00a0al retirar medicamentos desde farmacia del Hospital San Camilo\",\"datePublished\":\"2026-09-02T00:53:05+00:00\",\"mainEntityOfPage\":{\"@id\":\"https:\\\/\\\/eltrabajo.cl\\\/web\\\/reclaman-alta-congestion-al-retirar-medicamentos-desde-farmacia-del-hospital-san-camilo\\\/\"},\"wordCount\":651,\"commentCount\":0,\"publisher\":{\"@id\":\"https:\\\/\\\/eltrabajo.cl\\\/web\\\/#organization\"},\"image\":{\"@id\":\"https:\\\/\\\/eltrabajo.cl\\\/web\\\/reclaman-alta-congestion-al-retirar-medicamentos-desde-farmacia-del-hospital-san-camilo\\\/#primaryimage\"},\"thumbnailUrl\":\"https:\\\/\\\/eltrabajo.cl\\\/web\\\/wp-content\\\/uploads\\\/2026\\\/09\\\/farmacia-San-Camilo.jpg\",\"articleSection\":[\"Comunidad\"],\"inLanguage\":\"es-CL\",\"potentialAction\":[{\"@type\":\"CommentAction\",\"name\":\"Comment\",\"target\":[\"https:\\\/\\\/eltrabajo.cl\\\/web\\\/reclaman-alta-congestion-al-retirar-medicamentos-desde-farmacia-del-hospital-san-camilo\\\/#respond\"]}]},{\"@type\":\"WebPage\",\"@id\":\"https:\\\/\\\/eltrabajo.cl\\\/web\\\/reclaman-alta-congestion-al-retirar-medicamentos-desde-farmacia-del-hospital-san-camilo\\\/\",\"url\":\"https:\\\/\\\/eltrabajo.cl\\\/web\\\/reclaman-alta-congestion-al-retirar-medicamentos-desde-farmacia-del-hospital-san-camilo\\\/\",\"name\":\"Reclaman alta congesti\u00f3n\u00a0al retirar medicamentos desde farmacia del Hospital San Camilo - Diario El Trabajo\",\"isPartOf\":{\"@id\":\"https:\\\/\\\/eltrabajo.cl\\\/web\\\/#website\"},\"primaryImageOfPage\":{\"@id\":\"https:\\\/\\\/eltrabajo.cl\\\/web\\\/reclaman-alta-congestion-al-retirar-medicamentos-desde-farmacia-del-hospital-san-camilo\\\/#primaryimage\"},\"image\":{\"@id\":\"https:\\\/\\\/eltrabajo.cl\\\/web\\\/reclaman-alta-congestion-al-retirar-medicamentos-desde-farmacia-del-hospital-san-camilo\\\/#primaryimage\"},\"thumbnailUrl\":\"https:\\\/\\\/eltrabajo.cl\\\/web\\\/wp-content\\\/uploads\\\/2026\\\/09\\\/farmacia-San-Camilo.jpg\",\"datePublished\":\"2026-09-02T00:53:05+00:00\",\"breadcrumb\":{\"@id\":\"https:\\\/\\\/eltrabajo.cl\\\/web\\\/reclaman-alta-congestion-al-retirar-medicamentos-desde-farmacia-del-hospital-san-camilo\\\/#breadcrumb\"},\"inLanguage\":\"es-CL\",\"potentialAction\":[{\"@type\":\"ReadAction\",\"target\":[\"https:\\\/\\\/eltrabajo.cl\\\/web\\\/reclaman-alta-congestion-al-retirar-medicamentos-desde-farmacia-del-hospital-san-camilo\\\/\"]}]},{\"@type\":\"ImageObject\",\"inLanguage\":\"es-CL\",\"@id\":\"https:\\\/\\\/eltrabajo.cl\\\/web\\\/reclaman-alta-congestion-al-retirar-medicamentos-desde-farmacia-del-hospital-san-camilo\\\/#primaryimage\",\"url\":\"https:\\\/\\\/eltrabajo.cl\\\/web\\\/wp-content\\\/uploads\\\/2026\\\/09\\\/farmacia-San-Camilo.jpg\",\"contentUrl\":\"https:\\\/\\\/eltrabajo.cl\\\/web\\\/wp-content\\\/uploads\\\/2026\\\/09\\\/farmacia-San-Camilo.jpg\",\"width\":699,\"height\":447,\"caption\":\"Las personas esperando retirar medicamentos en la farmacia del Hospital San Camilo.\"},{\"@type\":\"BreadcrumbList\",\"@id\":\"https:\\\/\\\/eltrabajo.cl\\\/web\\\/reclaman-alta-congestion-al-retirar-medicamentos-desde-farmacia-del-hospital-san-camilo\\\/#breadcrumb\",\"itemListElement\":[{\"@type\":\"ListItem\",\"position\":1,\"name\":\"Portada\",\"item\":\"https:\\\/\\\/eltrabajo.cl\\\/web\\\/\"},{\"@type\":\"ListItem\",\"position\":2,\"name\":\"Reclaman alta congesti\u00f3n\u00a0al retirar medicamentos desde farmacia del Hospital San Camilo\"}]},{\"@type\":\"WebSite\",\"@id\":\"https:\\\/\\\/eltrabajo.cl\\\/web\\\/#website\",\"url\":\"https:\\\/\\\/eltrabajo.cl\\\/web\\\/\",\"name\":\"Diario El Trabajo\",\"description\":\"Desde 1929 construyendo Identidad Local\",\"publisher\":{\"@id\":\"https:\\\/\\\/eltrabajo.cl\\\/web\\\/#organization\"},\"potentialAction\":[{\"@type\":\"SearchAction\",\"target\":{\"@type\":\"EntryPoint\",\"urlTemplate\":\"https:\\\/\\\/eltrabajo.cl\\\/web\\\/?s={search_term_string}\"},\"query-input\":{\"@type\":\"PropertyValueSpecification\",\"valueRequired\":true,\"valueName\":\"search_term_string\"}}],\"inLanguage\":\"es-CL\"},{\"@type\":\"Organization\",\"@id\":\"https:\\\/\\\/eltrabajo.cl\\\/web\\\/#organization\",\"name\":\"Diario El Trabajo\",\"url\":\"https:\\\/\\\/eltrabajo.cl\\\/web\\\/\",\"logo\":{\"@type\":\"ImageObject\",\"inLanguage\":\"es-CL\",\"@id\":\"https:\\\/\\\/eltrabajo.cl\\\/web\\\/#\\\/schema\\\/logo\\\/image\\\/\",\"url\":\"https:\\\/\\\/eltrabajo.cl\\\/web\\\/wp-content\\\/uploads\\\/2024\\\/06\\\/profile-image-ig-page-diarioeltrabajo.jpg\",\"contentUrl\":\"https:\\\/\\\/eltrabajo.cl\\\/web\\\/wp-content\\\/uploads\\\/2024\\\/06\\\/profile-image-ig-page-diarioeltrabajo.jpg\",\"width\":823,\"height\":823,\"caption\":\"Diario El Trabajo\"},\"image\":{\"@id\":\"https:\\\/\\\/eltrabajo.cl\\\/web\\\/#\\\/schema\\\/logo\\\/image\\\/\"},\"sameAs\":[\"https:\\\/\\\/www.facebook.com\\\/ElTrabajoDiario\",\"https:\\\/\\\/x.com\\\/diarioeltrabajo\"]},{\"@type\":\"Person\",\"@id\":\"https:\\\/\\\/eltrabajo.cl\\\/web\\\/#\\\/schema\\\/person\\\/45efd3d17f86ec456e44dd7debe1bf19\",\"name\":\"Diario El Trabajo\",\"image\":{\"@type\":\"ImageObject\",\"inLanguage\":\"es-CL\",\"@id\":\"https:\\\/\\\/secure.gravatar.com\\\/avatar\\\/7e6ec277dc4aea2677c2dc301d4227957219329c985ab69a3efc12518b5161aa?s=96&d=mm&r=g\",\"url\":\"https:\\\/\\\/secure.gravatar.com\\\/avatar\\\/7e6ec277dc4aea2677c2dc301d4227957219329c985ab69a3efc12518b5161aa?s=96&d=mm&r=g\",\"contentUrl\":\"https:\\\/\\\/secure.gravatar.com\\\/avatar\\\/7e6ec277dc4aea2677c2dc301d4227957219329c985ab69a3efc12518b5161aa?s=96&d=mm&r=g\",\"caption\":\"Diario El Trabajo\"},\"sameAs\":[\"https:\\\/\\\/eltrabajo.cl\\\/web\"],\"url\":\"https:\\\/\\\/eltrabajo.cl\\\/web\\\/author\\\/diario-el-trabajo\\\/\"}]}<\/script>\n<!-- \/ Yoast SEO plugin. -->","yoast_head_json":{"title":"Reclaman alta congesti\u00f3n\u00a0al retirar medicamentos desde farmacia del Hospital San Camilo - Diario El Trabajo","robots":{"index":"index","follow":"follow","max-snippet":"max-snippet:-1","max-image-preview":"max-image-preview:large","max-video-preview":"max-video-preview:-1"},"canonical":"https:\/\/eltrabajo.cl\/web\/reclaman-alta-congestion-al-retirar-medicamentos-desde-farmacia-del-hospital-san-camilo\/","og_locale":"es_ES","og_type":"article","og_title":"Reclaman alta congesti\u00f3n\u00a0al retirar medicamentos desde farmacia del Hospital San Camilo - Diario El Trabajo","og_description":"Desde el recinto de salud indicaron que se encuentran en la etapa final de construcci\u00f3n de la nueva Farmacia Ambulatoria.- Un usuario del Hospital San Camilo de nuestra comuna, nos hizo llegar una fotograf\u00eda reclamando por la alta congesti\u00f3n que se produce en el retiro de medicamentos desde la farmacia del establecimiento de salud, imagen [&hellip;]","og_url":"https:\/\/eltrabajo.cl\/web\/reclaman-alta-congestion-al-retirar-medicamentos-desde-farmacia-del-hospital-san-camilo\/","og_site_name":"Diario El Trabajo","article_publisher":"https:\/\/www.facebook.com\/ElTrabajoDiario","article_published_time":"2026-09-02T00:53:05+00:00","og_image":[{"width":699,"height":447,"url":"https:\/\/eltrabajo.cl\/web\/wp-content\/uploads\/2026\/09\/farmacia-San-Camilo.jpg","type":"image\/jpeg"}],"author":"Diario El Trabajo","twitter_card":"summary_large_image","twitter_creator":"@diarioeltrabajo","twitter_site":"@diarioeltrabajo","twitter_misc":{"Escrito por":"Diario El Trabajo","Tiempo estimado de lectura":"4 minutos"},"schema":{"@context":"https:\/\/schema.org","@graph":[{"@type":"Article","@id":"https:\/\/eltrabajo.cl\/web\/reclaman-alta-congestion-al-retirar-medicamentos-desde-farmacia-del-hospital-san-camilo\/#article","isPartOf":{"@id":"https:\/\/eltrabajo.cl\/web\/reclaman-alta-congestion-al-retirar-medicamentos-desde-farmacia-del-hospital-san-camilo\/"},"author":{"name":"Diario El Trabajo","@id":"https:\/\/eltrabajo.cl\/web\/#\/schema\/person\/45efd3d17f86ec456e44dd7debe1bf19"},"headline":"Reclaman alta congesti\u00f3n\u00a0al retirar medicamentos desde farmacia del Hospital San Camilo","datePublished":"2026-09-02T00:53:05+00:00","mainEntityOfPage":{"@id":"https:\/\/eltrabajo.cl\/web\/reclaman-alta-congestion-al-retirar-medicamentos-desde-farmacia-del-hospital-san-camilo\/"},"wordCount":651,"commentCount":0,"publisher":{"@id":"https:\/\/eltrabajo.cl\/web\/#organization"},"image":{"@id":"https:\/\/eltrabajo.cl\/web\/reclaman-alta-congestion-al-retirar-medicamentos-desde-farmacia-del-hospital-san-camilo\/#primaryimage"},"thumbnailUrl":"https:\/\/eltrabajo.cl\/web\/wp-content\/uploads\/2026\/09\/farmacia-San-Camilo.jpg","articleSection":["Comunidad"],"inLanguage":"es-CL","potentialAction":[{"@type":"CommentAction","name":"Comment","target":["https:\/\/eltrabajo.cl\/web\/reclaman-alta-congestion-al-retirar-medicamentos-desde-farmacia-del-hospital-san-camilo\/#respond"]}]},{"@type":"WebPage","@id":"https:\/\/eltrabajo.cl\/web\/reclaman-alta-congestion-al-retirar-medicamentos-desde-farmacia-del-hospital-san-camilo\/","url":"https:\/\/eltrabajo.cl\/web\/reclaman-alta-congestion-al-retirar-medicamentos-desde-farmacia-del-hospital-san-camilo\/","name":"Reclaman alta congesti\u00f3n\u00a0al retirar medicamentos desde farmacia del Hospital San Camilo - Diario El Trabajo","isPartOf":{"@id":"https:\/\/eltrabajo.cl\/web\/#website"},"primaryImageOfPage":{"@id":"https:\/\/eltrabajo.cl\/web\/reclaman-alta-congestion-al-retirar-medicamentos-desde-farmacia-del-hospital-san-camilo\/#primaryimage"},"image":{"@id":"https:\/\/eltrabajo.cl\/web\/reclaman-alta-congestion-al-retirar-medicamentos-desde-farmacia-del-hospital-san-camilo\/#primaryimage"},"thumbnailUrl":"https:\/\/eltrabajo.cl\/web\/wp-content\/uploads\/2026\/09\/farmacia-San-Camilo.jpg","datePublished":"2026-09-02T00:53:05+00:00","breadcrumb":{"@id":"https:\/\/eltrabajo.cl\/web\/reclaman-alta-congestion-al-retirar-medicamentos-desde-farmacia-del-hospital-san-camilo\/#breadcrumb"},"inLanguage":"es-CL","potentialAction":[{"@type":"ReadAction","target":["https:\/\/eltrabajo.cl\/web\/reclaman-alta-congestion-al-retirar-medicamentos-desde-farmacia-del-hospital-san-camilo\/"]}]},{"@type":"ImageObject","inLanguage":"es-CL","@id":"https:\/\/eltrabajo.cl\/web\/reclaman-alta-congestion-al-retirar-medicamentos-desde-farmacia-del-hospital-san-camilo\/#primaryimage","url":"https:\/\/eltrabajo.cl\/web\/wp-content\/uploads\/2026\/09\/farmacia-San-Camilo.jpg","contentUrl":"https:\/\/eltrabajo.cl\/web\/wp-content\/uploads\/2026\/09\/farmacia-San-Camilo.jpg","width":699,"height":447,"caption":"Las personas esperando retirar medicamentos en la farmacia del Hospital San Camilo."},{"@type":"BreadcrumbList","@id":"https:\/\/eltrabajo.cl\/web\/reclaman-alta-congestion-al-retirar-medicamentos-desde-farmacia-del-hospital-san-camilo\/#breadcrumb","itemListElement":[{"@type":"ListItem","position":1,"name":"Portada","item":"https:\/\/eltrabajo.cl\/web\/"},{"@type":"ListItem","position":2,"name":"Reclaman alta congesti\u00f3n\u00a0al retirar medicamentos desde farmacia del Hospital San Camilo"}]},{"@type":"WebSite","@id":"https:\/\/eltrabajo.cl\/web\/#website","url":"https:\/\/eltrabajo.cl\/web\/","name":"Diario El Trabajo","description":"Desde 1929 construyendo Identidad Local","publisher":{"@id":"https:\/\/eltrabajo.cl\/web\/#organization"},"potentialAction":[{"@type":"SearchAction","target":{"@type":"EntryPoint","urlTemplate":"https:\/\/eltrabajo.cl\/web\/?s={search_term_string}"},"query-input":{"@type":"PropertyValueSpecification","valueRequired":true,"valueName":"search_term_string"}}],"inLanguage":"es-CL"},{"@type":"Organization","@id":"https:\/\/eltrabajo.cl\/web\/#organization","name":"Diario El Trabajo","url":"https:\/\/eltrabajo.cl\/web\/","logo":{"@type":"ImageObject","inLanguage":"es-CL","@id":"https:\/\/eltrabajo.cl\/web\/#\/schema\/logo\/image\/","url":"https:\/\/eltrabajo.cl\/web\/wp-content\/uploads\/2024\/06\/profile-image-ig-page-diarioeltrabajo.jpg","contentUrl":"https:\/\/eltrabajo.cl\/web\/wp-content\/uploads\/2024\/06\/profile-image-ig-page-diarioeltrabajo.jpg","width":823,"height":823,"caption":"Diario El Trabajo"},"image":{"@id":"https:\/\/eltrabajo.cl\/web\/#\/schema\/logo\/image\/"},"sameAs":["https:\/\/www.facebook.com\/ElTrabajoDiario","https:\/\/x.com\/diarioeltrabajo"]},{"@type":"Person","@id":"https:\/\/eltrabajo.cl\/web\/#\/schema\/person\/45efd3d17f86ec456e44dd7debe1bf19","name":"Diario El Trabajo","image":{"@type":"ImageObject","inLanguage":"es-CL","@id":"https:\/\/secure.gravatar.com\/avatar\/7e6ec277dc4aea2677c2dc301d4227957219329c985ab69a3efc12518b5161aa?s=96&d=mm&r=g","url":"https:\/\/secure.gravatar.com\/avatar\/7e6ec277dc4aea2677c2dc301d4227957219329c985ab69a3efc12518b5161aa?s=96&d=mm&r=g","contentUrl":"https:\/\/secure.gravatar.com\/avatar\/7e6ec277dc4aea2677c2dc301d4227957219329c985ab69a3efc12518b5161aa?s=96&d=mm&r=g","caption":"Diario El Trabajo"},"sameAs":["https:\/\/eltrabajo.cl\/web"],"url":"https:\/\/eltrabajo.cl\/web\/author\/diario-el-trabajo\/"}]}},"_links":{"self":[{"href":"https:\/\/eltrabajo.cl\/web\/wp-json\/wp\/v2\/posts\/146843","targetHints":{"allow":["GET"]}}],"collection":[{"href":"https:\/\/eltrabajo.cl\/web\/wp-json\/wp\/v2\/posts"}],"about":[{"href":"https:\/\/eltrabajo.cl\/web\/wp-json\/wp\/v2\/types\/post"}],"author":[{"embeddable":true,"href":"https:\/\/eltrabajo.cl\/web\/wp-json\/wp\/v2\/users\/1"}],"replies":[{"embeddable":true,"href":"https:\/\/eltrabajo.cl\/web\/wp-json\/wp\/v2\/comments?post=146843"}],"version-history":[{"count":1,"href":"https:\/\/eltrabajo.cl\/web\/wp-json\/wp\/v2\/posts\/146843\/revisions"}],"predecessor-version":[{"id":146845,"href":"https:\/\/eltrabajo.cl\/web\/wp-json\/wp\/v2\/posts\/146843\/revisions\/146845"}],"wp:featuredmedia":[{"embeddable":true,"href":"https:\/\/eltrabajo.cl\/web\/wp-json\/wp\/v2\/media\/146844"}],"wp:attachment":[{"href":"https:\/\/eltrabajo.cl\/web\/wp-json\/wp\/v2\/media?parent=146843"}],"wp:term":[{"taxonomy":"category","embeddable":true,"href":"https:\/\/eltrabajo.cl\/web\/wp-json\/wp\/v2\/categories?post=146843"},{"taxonomy":"post_tag","embeddable":true,"href":"https:\/\/eltrabajo.cl\/web\/wp-json\/wp\/v2\/tags?post=146843"}],"curies":[{"name":"wp","href":"https:\/\/api.w.org\/{rel}","templated":true}]}}