{"id":146846,"date":"2026-09-01T21:55:27","date_gmt":"2026-09-02T00:55:27","guid":{"rendered":"https:\/\/eltrabajo.cl\/web\/?p=146846"},"modified":"2026-09-01T21:55:27","modified_gmt":"2026-09-02T00:55:27","slug":"privado-cierra-camino-informal-y-llama-al-municipio-a-brindar-solucion-a-afectados","status":"publish","type":"post","link":"https:\/\/eltrabajo.cl\/web\/privado-cierra-camino-informal-y-llama-al-municipio-a-brindar-solucion-a-afectados\/","title":{"rendered":"Privado cierra camino informal y llama al municipio a brindar soluci\u00f3n a afectados"},"content":{"rendered":"<p><strong>SANTA MAR\u00cdA.-<\/strong> Un verdadero drama se ha producido para vecinos del sector de Jahuel, comuna de Santa Mar\u00eda, luego que una particular decidiera cerrar un terreno que era usado como paso hacia el cerro. Esto, dentro de su derecho como propietaria y adem\u00e1s cansada de ver c\u00f3mo nadie hac\u00eda nada para buscar otro lugar de pasada de las personas. Incluso, se inform\u00f3 que el municipio, pese a estar en conocimiento de esta situaci\u00f3n, no ha entregado soluci\u00f3n alguna al problema.<\/p>\n<p><strong>Jos\u00e9 Maldini Hauva<\/strong>, en representaci\u00f3n de su hermana propietaria del terreno,\u00a0 convers\u00f3 con <strong>Diario El Trabajo<\/strong> e hizo un recordatorio que se trata de un terreno privado. <em>\u00abYo tengo una autorizaci\u00f3n legamente firmada por ella para cerrar el per\u00edmetro de su propiedad. Esto no es un camino p\u00fablico seg\u00fan Vialidad, tengo los certificados pertinentes que se los puedo entregar\u00bb<\/em>, dijo.<\/p>\n<p>Este lunes en la ma\u00f1ana tom\u00f3 la determinaci\u00f3n de cerrar el per\u00edmetro <em>\u00aby los problemas que tengan los dem\u00e1s vecinos,\u00a0 tres casas que se construyeron ah\u00ed, tienen salida por el otro lado hacia Chorrillos, camino que est\u00e1 en muy mal estado\u00bb<\/em>, se\u00f1al\u00f3.<\/p>\n<p>Sobre alguna soluci\u00f3n apunt\u00f3 sus dardos directamente al municipio de Santa Mar\u00eda, entidad que deber\u00eda hacerle mantenci\u00f3n a ese camino o, en su defecto, al costado del estero, <em>\u00abdonde hay una toma ilegal pegada al Cerro \u2018El Moj\u00f3n\u2019; as\u00ed se llama, donde ellos como municipio podr\u00edan desalojarlos y les quedar\u00eda un caminito plano para salir a la esquina donde est\u00e1 el Puente San Francisco. Con eso se solucionar\u00eda el problema de las tres casas habitaci\u00f3n que est\u00e1n al otro lado del estero\u00bb<\/em>, asegur\u00f3.<\/p>\n<p>Agrega que en una reuni\u00f3n realizada en el mes de marzo de este a\u00f1o, donde estuvieron vecinos y tambi\u00e9n deb\u00edan estar presentes gente de la toma, ellos no habr\u00edan llegaron. <em>\u00abSe supon\u00eda que iba a estar Hugo Fern\u00e1ndez, quien dijo tener la documentaci\u00f3n al d\u00eda para estar ah\u00ed, lo cual no la tiene. Entonces, cuando \u00e9l no tiene un documento jur\u00eddico, a qu\u00e9 se abocan a insultar y amenazar a las personas. Eso es lo que ha venido haciendo constantemente Hugo Fern\u00e1ndez conmigo, aqu\u00ed tiene la prueba\u2026 est\u00e1 cerrado\u00bb<\/em>, enfatiz\u00f3 Maldini.<\/p>\n<p>Por alguna soluci\u00f3n salom\u00f3nica que pudiera darse entre Maldini y los vecinos, record\u00f3 la reuni\u00f3n en la municipalidad, donde qued\u00f3 claro que su hermana est\u00e1 dispuesta a ofrecer una servidumbre de tr\u00e1nsito: <em>\u00abEstas, seg\u00fan el art\u00edculo 847\u00a0 del C\u00f3digo Civil chileno, dice claramente que toda aquella propiedad que se encuentre en estado de mediterraneidad, lo estoy diciendo en forma coloquial, debe hablar con su vecino m\u00e1s pr\u00f3ximo del que est\u00e9 m\u00e1s cerca del camino p\u00fablico para solicitarle una servidumbre de tr\u00e1nsito, que tiene que ser pagada en terreno y tiene que pagar una indemnizaci\u00f3n por el posible da\u00f1o que se le va a ocasionar a la persona que ofrece esta servidumbre de paso, porque tambi\u00e9n hay proyectos, mi hermana aqu\u00ed tiene uno de balneario. Entonces, ella se ver\u00eda afectada, pero el se\u00f1or <strong>Cristian Covarrubias Lecaros<\/strong> dijo que ellos no ten\u00eda dinero para esto\u00bb<\/em>, expres\u00f3.<\/p>\n<p>&nbsp;<\/p>\n<p><strong>COMPRAR EL TERRENO M\u00c1S LA INDEMNIZACI\u00d3N<\/strong><\/p>\n<p>Maldini es tajante en admitir que la soluci\u00f3n final a este problema es la compra del terreno m\u00e1s el pago de la indemnizaci\u00f3n que corresponde, descartando de plano un posible arriendo para poder circular por el lugar.<\/p>\n<p>Por otro lado, el vecino <strong>Alejandro Godoy<\/strong>, junto a otros vecinos afectados por este cierre, espera que el municipio solucione el problema con una salida apta para ellos. Agreg\u00f3 que se reunieron con el municipio, donde el tema qued\u00f3 en revisi\u00f3n, <em>\u00abpero ahora quedamos con el paso cortado, as\u00ed es que esperamos que nos puedan solucionar pronto el paso\u00bb<\/em>, sostuvo.<\/p>\n<p>La alternativa que se da ahora, luego del cierre, es por el lado de otro vecino, pero indic\u00f3 que es un camino muy malo: <em>\u00abcuando llueve bajan quebradas de agua; veh\u00edculos bajos no pueden pasar\u00bb<\/em>.<\/p>\n<p>El vecino pidi\u00f3 p\u00fablicamente a la Municipalidad de Santa Mar\u00eda que les d\u00e9 una salida apta y definitiva, <em>\u00abpara que nosotros podamos transitar tranquilos\u00bb<\/em>, cerr\u00f3.<\/p>\n<p>Con esta medida del particular se ven afectadas en principio siete personas, m\u00e1s las que trabajan por el lugar.<\/p>\n<p><strong>Diario El Trabajo<\/strong> se comunic\u00f3 con el alcalde <strong>Claudio Zurita<\/strong>, cont\u00e1ndole de nuestra presencia en el lugar para tener alg\u00fan comentario de esta situaci\u00f3n, sin embargo, hasta el cierre de esta nota no hemos recibido respuesta. En esta l\u00ednea, es importante se\u00f1alar que las personas mencionadas en esta nota tienen derecho a r\u00e9plica, en caso de querer entregar sus impresiones.<\/p>\n<figure id=\"attachment_146847\" aria-describedby=\"caption-attachment-146847\" style=\"width: 700px\" class=\"wp-caption alignnone\"><img loading=\"lazy\" decoding=\"async\" class=\"size-full wp-image-146847\" src=\"https:\/\/eltrabajo.cl\/web\/wp-content\/uploads\/2026\/09\/cierran-camino-1.jpg\" alt=\"A la izquierda Jos\u00e9 Maldini, conversando con el vecino Alejandro Godoy, uno de los afectados por este cierre.\" width=\"700\" height=\"525\" srcset=\"https:\/\/eltrabajo.cl\/web\/wp-content\/uploads\/2026\/09\/cierran-camino-1.jpg 700w, https:\/\/eltrabajo.cl\/web\/wp-content\/uploads\/2026\/09\/cierran-camino-1-300x225.jpg 300w, https:\/\/eltrabajo.cl\/web\/wp-content\/uploads\/2026\/09\/cierran-camino-1-560x420.jpg 560w, https:\/\/eltrabajo.cl\/web\/wp-content\/uploads\/2026\/09\/cierran-camino-1-80x60.jpg 80w, https:\/\/eltrabajo.cl\/web\/wp-content\/uploads\/2026\/09\/cierran-camino-1-150x113.jpg 150w, https:\/\/eltrabajo.cl\/web\/wp-content\/uploads\/2026\/09\/cierran-camino-1-696x522.jpg 696w\" sizes=\"auto, (max-width: 700px) 100vw, 700px\" \/><figcaption id=\"caption-attachment-146847\" class=\"wp-caption-text\">A la izquierda Jos\u00e9 Maldini, conversando con el vecino Alejandro Godoy, uno de los afectados por este cierre.<\/figcaption><\/figure>\n<figure id=\"attachment_146848\" aria-describedby=\"caption-attachment-146848\" style=\"width: 700px\" class=\"wp-caption alignnone\"><img loading=\"lazy\" decoding=\"async\" class=\"size-full wp-image-146848\" src=\"https:\/\/eltrabajo.cl\/web\/wp-content\/uploads\/2026\/09\/cierran-camino-2.jpg\" alt=\"Jos\u00e9 Maldini frente al cierre del paso que realiz\u00f3 este lunes en la ma\u00f1ana.\" width=\"700\" height=\"525\" srcset=\"https:\/\/eltrabajo.cl\/web\/wp-content\/uploads\/2026\/09\/cierran-camino-2.jpg 700w, https:\/\/eltrabajo.cl\/web\/wp-content\/uploads\/2026\/09\/cierran-camino-2-300x225.jpg 300w, https:\/\/eltrabajo.cl\/web\/wp-content\/uploads\/2026\/09\/cierran-camino-2-560x420.jpg 560w, https:\/\/eltrabajo.cl\/web\/wp-content\/uploads\/2026\/09\/cierran-camino-2-80x60.jpg 80w, https:\/\/eltrabajo.cl\/web\/wp-content\/uploads\/2026\/09\/cierran-camino-2-150x113.jpg 150w, https:\/\/eltrabajo.cl\/web\/wp-content\/uploads\/2026\/09\/cierran-camino-2-696x522.jpg 696w\" sizes=\"auto, (max-width: 700px) 100vw, 700px\" \/><figcaption id=\"caption-attachment-146848\" class=\"wp-caption-text\">Jos\u00e9 Maldini frente al cierre del paso que realiz\u00f3 este lunes en la ma\u00f1ana.<\/figcaption><\/figure>\n","protected":false},"excerpt":{"rendered":"<p>SANTA MAR\u00cdA.- Un verdadero drama se ha producido para vecinos del sector de Jahuel, comuna de Santa Mar\u00eda, luego que una particular decidiera cerrar un terreno que era usado como paso hacia el cerro. Esto, dentro de su derecho como propietaria y adem\u00e1s cansada de ver c\u00f3mo nadie hac\u00eda nada para buscar otro lugar de [&hellip;]<\/p>\n","protected":false},"author":1,"featured_media":146847,"comment_status":"open","ping_status":"closed","sticky":false,"template":"","format":"standard","meta":{"footnotes":""},"categories":[4],"tags":[],"class_list":["post-146846","post","type-post","status-publish","format-standard","has-post-thumbnail","category-comunidad"],"yoast_head":"<!-- This site is optimized with the Yoast SEO plugin v28.3 - https:\/\/yoast.com\/product\/yoast-seo-wordpress\/ -->\n<title>Privado cierra camino informal y llama al municipio a brindar soluci\u00f3n a afectados - Diario El Trabajo<\/title>\n<meta name=\"robots\" content=\"index, follow, max-snippet:-1, max-image-preview:large, max-video-preview:-1\" \/>\n<link rel=\"canonical\" href=\"https:\/\/eltrabajo.cl\/web\/privado-cierra-camino-informal-y-llama-al-municipio-a-brindar-solucion-a-afectados\/\" \/>\n<meta property=\"og:locale\" content=\"es_ES\" \/>\n<meta property=\"og:type\" content=\"article\" \/>\n<meta property=\"og:title\" content=\"Privado cierra camino informal y llama al municipio a brindar soluci\u00f3n a afectados - Diario El Trabajo\" \/>\n<meta property=\"og:description\" content=\"SANTA MAR\u00cdA.- Un verdadero drama se ha producido para vecinos del sector de Jahuel, comuna de Santa Mar\u00eda, luego que una particular decidiera cerrar un terreno que era usado como paso hacia el cerro. Esto, dentro de su derecho como propietaria y adem\u00e1s cansada de ver c\u00f3mo nadie hac\u00eda nada para buscar otro lugar de [&hellip;]\" \/>\n<meta property=\"og:url\" content=\"https:\/\/eltrabajo.cl\/web\/privado-cierra-camino-informal-y-llama-al-municipio-a-brindar-solucion-a-afectados\/\" \/>\n<meta property=\"og:site_name\" content=\"Diario El Trabajo\" \/>\n<meta property=\"article:publisher\" content=\"https:\/\/www.facebook.com\/ElTrabajoDiario\" \/>\n<meta property=\"article:published_time\" content=\"2026-09-02T00:55:27+00:00\" \/>\n<meta property=\"og:image\" content=\"https:\/\/eltrabajo.cl\/web\/wp-content\/uploads\/2026\/09\/cierran-camino-1.jpg\" \/>\n\t<meta property=\"og:image:width\" content=\"700\" \/>\n\t<meta property=\"og:image:height\" content=\"525\" \/>\n\t<meta property=\"og:image:type\" content=\"image\/jpeg\" \/>\n<meta name=\"author\" content=\"Diario El Trabajo\" \/>\n<meta name=\"twitter:card\" content=\"summary_large_image\" \/>\n<meta name=\"twitter:creator\" content=\"@diarioeltrabajo\" \/>\n<meta name=\"twitter:site\" content=\"@diarioeltrabajo\" \/>\n<meta name=\"twitter:label1\" content=\"Escrito por\" \/>\n\t<meta name=\"twitter:data1\" content=\"Diario El Trabajo\" \/>\n\t<meta name=\"twitter:label2\" content=\"Tiempo estimado de lectura\" \/>\n\t<meta name=\"twitter:data2\" content=\"5 minutos\" \/>\n<script type=\"application\/ld+json\" class=\"yoast-schema-graph\">{\"@context\":\"https:\\\/\\\/schema.org\",\"@graph\":[{\"@type\":\"Article\",\"@id\":\"https:\\\/\\\/eltrabajo.cl\\\/web\\\/privado-cierra-camino-informal-y-llama-al-municipio-a-brindar-solucion-a-afectados\\\/#article\",\"isPartOf\":{\"@id\":\"https:\\\/\\\/eltrabajo.cl\\\/web\\\/privado-cierra-camino-informal-y-llama-al-municipio-a-brindar-solucion-a-afectados\\\/\"},\"author\":{\"name\":\"Diario El Trabajo\",\"@id\":\"https:\\\/\\\/eltrabajo.cl\\\/web\\\/#\\\/schema\\\/person\\\/45efd3d17f86ec456e44dd7debe1bf19\"},\"headline\":\"Privado cierra camino informal y llama al municipio a brindar soluci\u00f3n a afectados\",\"datePublished\":\"2026-09-02T00:55:27+00:00\",\"mainEntityOfPage\":{\"@id\":\"https:\\\/\\\/eltrabajo.cl\\\/web\\\/privado-cierra-camino-informal-y-llama-al-municipio-a-brindar-solucion-a-afectados\\\/\"},\"wordCount\":876,\"commentCount\":0,\"publisher\":{\"@id\":\"https:\\\/\\\/eltrabajo.cl\\\/web\\\/#organization\"},\"image\":{\"@id\":\"https:\\\/\\\/eltrabajo.cl\\\/web\\\/privado-cierra-camino-informal-y-llama-al-municipio-a-brindar-solucion-a-afectados\\\/#primaryimage\"},\"thumbnailUrl\":\"https:\\\/\\\/eltrabajo.cl\\\/web\\\/wp-content\\\/uploads\\\/2026\\\/09\\\/cierran-camino-1.jpg\",\"articleSection\":[\"Comunidad\"],\"inLanguage\":\"es-CL\",\"potentialAction\":[{\"@type\":\"CommentAction\",\"name\":\"Comment\",\"target\":[\"https:\\\/\\\/eltrabajo.cl\\\/web\\\/privado-cierra-camino-informal-y-llama-al-municipio-a-brindar-solucion-a-afectados\\\/#respond\"]}]},{\"@type\":\"WebPage\",\"@id\":\"https:\\\/\\\/eltrabajo.cl\\\/web\\\/privado-cierra-camino-informal-y-llama-al-municipio-a-brindar-solucion-a-afectados\\\/\",\"url\":\"https:\\\/\\\/eltrabajo.cl\\\/web\\\/privado-cierra-camino-informal-y-llama-al-municipio-a-brindar-solucion-a-afectados\\\/\",\"name\":\"Privado cierra camino informal y llama al municipio a brindar soluci\u00f3n a afectados - Diario El Trabajo\",\"isPartOf\":{\"@id\":\"https:\\\/\\\/eltrabajo.cl\\\/web\\\/#website\"},\"primaryImageOfPage\":{\"@id\":\"https:\\\/\\\/eltrabajo.cl\\\/web\\\/privado-cierra-camino-informal-y-llama-al-municipio-a-brindar-solucion-a-afectados\\\/#primaryimage\"},\"image\":{\"@id\":\"https:\\\/\\\/eltrabajo.cl\\\/web\\\/privado-cierra-camino-informal-y-llama-al-municipio-a-brindar-solucion-a-afectados\\\/#primaryimage\"},\"thumbnailUrl\":\"https:\\\/\\\/eltrabajo.cl\\\/web\\\/wp-content\\\/uploads\\\/2026\\\/09\\\/cierran-camino-1.jpg\",\"datePublished\":\"2026-09-02T00:55:27+00:00\",\"breadcrumb\":{\"@id\":\"https:\\\/\\\/eltrabajo.cl\\\/web\\\/privado-cierra-camino-informal-y-llama-al-municipio-a-brindar-solucion-a-afectados\\\/#breadcrumb\"},\"inLanguage\":\"es-CL\",\"potentialAction\":[{\"@type\":\"ReadAction\",\"target\":[\"https:\\\/\\\/eltrabajo.cl\\\/web\\\/privado-cierra-camino-informal-y-llama-al-municipio-a-brindar-solucion-a-afectados\\\/\"]}]},{\"@type\":\"ImageObject\",\"inLanguage\":\"es-CL\",\"@id\":\"https:\\\/\\\/eltrabajo.cl\\\/web\\\/privado-cierra-camino-informal-y-llama-al-municipio-a-brindar-solucion-a-afectados\\\/#primaryimage\",\"url\":\"https:\\\/\\\/eltrabajo.cl\\\/web\\\/wp-content\\\/uploads\\\/2026\\\/09\\\/cierran-camino-1.jpg\",\"contentUrl\":\"https:\\\/\\\/eltrabajo.cl\\\/web\\\/wp-content\\\/uploads\\\/2026\\\/09\\\/cierran-camino-1.jpg\",\"width\":700,\"height\":525,\"caption\":\"A la izquierda Jos\u00e9 Maldini, conversando con el vecino Alejandro Godoy, uno de los afectados por este cierre.\"},{\"@type\":\"BreadcrumbList\",\"@id\":\"https:\\\/\\\/eltrabajo.cl\\\/web\\\/privado-cierra-camino-informal-y-llama-al-municipio-a-brindar-solucion-a-afectados\\\/#breadcrumb\",\"itemListElement\":[{\"@type\":\"ListItem\",\"position\":1,\"name\":\"Portada\",\"item\":\"https:\\\/\\\/eltrabajo.cl\\\/web\\\/\"},{\"@type\":\"ListItem\",\"position\":2,\"name\":\"Privado cierra camino informal y llama al municipio a brindar soluci\u00f3n a afectados\"}]},{\"@type\":\"WebSite\",\"@id\":\"https:\\\/\\\/eltrabajo.cl\\\/web\\\/#website\",\"url\":\"https:\\\/\\\/eltrabajo.cl\\\/web\\\/\",\"name\":\"Diario El Trabajo\",\"description\":\"Desde 1929 construyendo Identidad Local\",\"publisher\":{\"@id\":\"https:\\\/\\\/eltrabajo.cl\\\/web\\\/#organization\"},\"potentialAction\":[{\"@type\":\"SearchAction\",\"target\":{\"@type\":\"EntryPoint\",\"urlTemplate\":\"https:\\\/\\\/eltrabajo.cl\\\/web\\\/?s={search_term_string}\"},\"query-input\":{\"@type\":\"PropertyValueSpecification\",\"valueRequired\":true,\"valueName\":\"search_term_string\"}}],\"inLanguage\":\"es-CL\"},{\"@type\":\"Organization\",\"@id\":\"https:\\\/\\\/eltrabajo.cl\\\/web\\\/#organization\",\"name\":\"Diario El Trabajo\",\"url\":\"https:\\\/\\\/eltrabajo.cl\\\/web\\\/\",\"logo\":{\"@type\":\"ImageObject\",\"inLanguage\":\"es-CL\",\"@id\":\"https:\\\/\\\/eltrabajo.cl\\\/web\\\/#\\\/schema\\\/logo\\\/image\\\/\",\"url\":\"https:\\\/\\\/eltrabajo.cl\\\/web\\\/wp-content\\\/uploads\\\/2024\\\/06\\\/profile-image-ig-page-diarioeltrabajo.jpg\",\"contentUrl\":\"https:\\\/\\\/eltrabajo.cl\\\/web\\\/wp-content\\\/uploads\\\/2024\\\/06\\\/profile-image-ig-page-diarioeltrabajo.jpg\",\"width\":823,\"height\":823,\"caption\":\"Diario El Trabajo\"},\"image\":{\"@id\":\"https:\\\/\\\/eltrabajo.cl\\\/web\\\/#\\\/schema\\\/logo\\\/image\\\/\"},\"sameAs\":[\"https:\\\/\\\/www.facebook.com\\\/ElTrabajoDiario\",\"https:\\\/\\\/x.com\\\/diarioeltrabajo\"]},{\"@type\":\"Person\",\"@id\":\"https:\\\/\\\/eltrabajo.cl\\\/web\\\/#\\\/schema\\\/person\\\/45efd3d17f86ec456e44dd7debe1bf19\",\"name\":\"Diario El Trabajo\",\"image\":{\"@type\":\"ImageObject\",\"inLanguage\":\"es-CL\",\"@id\":\"https:\\\/\\\/secure.gravatar.com\\\/avatar\\\/7e6ec277dc4aea2677c2dc301d4227957219329c985ab69a3efc12518b5161aa?s=96&d=mm&r=g\",\"url\":\"https:\\\/\\\/secure.gravatar.com\\\/avatar\\\/7e6ec277dc4aea2677c2dc301d4227957219329c985ab69a3efc12518b5161aa?s=96&d=mm&r=g\",\"contentUrl\":\"https:\\\/\\\/secure.gravatar.com\\\/avatar\\\/7e6ec277dc4aea2677c2dc301d4227957219329c985ab69a3efc12518b5161aa?s=96&d=mm&r=g\",\"caption\":\"Diario El Trabajo\"},\"sameAs\":[\"https:\\\/\\\/eltrabajo.cl\\\/web\"],\"url\":\"https:\\\/\\\/eltrabajo.cl\\\/web\\\/author\\\/diario-el-trabajo\\\/\"}]}<\/script>\n<!-- \/ Yoast SEO plugin. -->","yoast_head_json":{"title":"Privado cierra camino informal y llama al municipio a brindar soluci\u00f3n a afectados - Diario El Trabajo","robots":{"index":"index","follow":"follow","max-snippet":"max-snippet:-1","max-image-preview":"max-image-preview:large","max-video-preview":"max-video-preview:-1"},"canonical":"https:\/\/eltrabajo.cl\/web\/privado-cierra-camino-informal-y-llama-al-municipio-a-brindar-solucion-a-afectados\/","og_locale":"es_ES","og_type":"article","og_title":"Privado cierra camino informal y llama al municipio a brindar soluci\u00f3n a afectados - Diario El Trabajo","og_description":"SANTA MAR\u00cdA.- Un verdadero drama se ha producido para vecinos del sector de Jahuel, comuna de Santa Mar\u00eda, luego que una particular decidiera cerrar un terreno que era usado como paso hacia el cerro. Esto, dentro de su derecho como propietaria y adem\u00e1s cansada de ver c\u00f3mo nadie hac\u00eda nada para buscar otro lugar de [&hellip;]","og_url":"https:\/\/eltrabajo.cl\/web\/privado-cierra-camino-informal-y-llama-al-municipio-a-brindar-solucion-a-afectados\/","og_site_name":"Diario El Trabajo","article_publisher":"https:\/\/www.facebook.com\/ElTrabajoDiario","article_published_time":"2026-09-02T00:55:27+00:00","og_image":[{"width":700,"height":525,"url":"https:\/\/eltrabajo.cl\/web\/wp-content\/uploads\/2026\/09\/cierran-camino-1.jpg","type":"image\/jpeg"}],"author":"Diario El Trabajo","twitter_card":"summary_large_image","twitter_creator":"@diarioeltrabajo","twitter_site":"@diarioeltrabajo","twitter_misc":{"Escrito por":"Diario El Trabajo","Tiempo estimado de lectura":"5 minutos"},"schema":{"@context":"https:\/\/schema.org","@graph":[{"@type":"Article","@id":"https:\/\/eltrabajo.cl\/web\/privado-cierra-camino-informal-y-llama-al-municipio-a-brindar-solucion-a-afectados\/#article","isPartOf":{"@id":"https:\/\/eltrabajo.cl\/web\/privado-cierra-camino-informal-y-llama-al-municipio-a-brindar-solucion-a-afectados\/"},"author":{"name":"Diario El Trabajo","@id":"https:\/\/eltrabajo.cl\/web\/#\/schema\/person\/45efd3d17f86ec456e44dd7debe1bf19"},"headline":"Privado cierra camino informal y llama al municipio a brindar soluci\u00f3n a afectados","datePublished":"2026-09-02T00:55:27+00:00","mainEntityOfPage":{"@id":"https:\/\/eltrabajo.cl\/web\/privado-cierra-camino-informal-y-llama-al-municipio-a-brindar-solucion-a-afectados\/"},"wordCount":876,"commentCount":0,"publisher":{"@id":"https:\/\/eltrabajo.cl\/web\/#organization"},"image":{"@id":"https:\/\/eltrabajo.cl\/web\/privado-cierra-camino-informal-y-llama-al-municipio-a-brindar-solucion-a-afectados\/#primaryimage"},"thumbnailUrl":"https:\/\/eltrabajo.cl\/web\/wp-content\/uploads\/2026\/09\/cierran-camino-1.jpg","articleSection":["Comunidad"],"inLanguage":"es-CL","potentialAction":[{"@type":"CommentAction","name":"Comment","target":["https:\/\/eltrabajo.cl\/web\/privado-cierra-camino-informal-y-llama-al-municipio-a-brindar-solucion-a-afectados\/#respond"]}]},{"@type":"WebPage","@id":"https:\/\/eltrabajo.cl\/web\/privado-cierra-camino-informal-y-llama-al-municipio-a-brindar-solucion-a-afectados\/","url":"https:\/\/eltrabajo.cl\/web\/privado-cierra-camino-informal-y-llama-al-municipio-a-brindar-solucion-a-afectados\/","name":"Privado cierra camino informal y llama al municipio a brindar soluci\u00f3n a afectados - Diario El Trabajo","isPartOf":{"@id":"https:\/\/eltrabajo.cl\/web\/#website"},"primaryImageOfPage":{"@id":"https:\/\/eltrabajo.cl\/web\/privado-cierra-camino-informal-y-llama-al-municipio-a-brindar-solucion-a-afectados\/#primaryimage"},"image":{"@id":"https:\/\/eltrabajo.cl\/web\/privado-cierra-camino-informal-y-llama-al-municipio-a-brindar-solucion-a-afectados\/#primaryimage"},"thumbnailUrl":"https:\/\/eltrabajo.cl\/web\/wp-content\/uploads\/2026\/09\/cierran-camino-1.jpg","datePublished":"2026-09-02T00:55:27+00:00","breadcrumb":{"@id":"https:\/\/eltrabajo.cl\/web\/privado-cierra-camino-informal-y-llama-al-municipio-a-brindar-solucion-a-afectados\/#breadcrumb"},"inLanguage":"es-CL","potentialAction":[{"@type":"ReadAction","target":["https:\/\/eltrabajo.cl\/web\/privado-cierra-camino-informal-y-llama-al-municipio-a-brindar-solucion-a-afectados\/"]}]},{"@type":"ImageObject","inLanguage":"es-CL","@id":"https:\/\/eltrabajo.cl\/web\/privado-cierra-camino-informal-y-llama-al-municipio-a-brindar-solucion-a-afectados\/#primaryimage","url":"https:\/\/eltrabajo.cl\/web\/wp-content\/uploads\/2026\/09\/cierran-camino-1.jpg","contentUrl":"https:\/\/eltrabajo.cl\/web\/wp-content\/uploads\/2026\/09\/cierran-camino-1.jpg","width":700,"height":525,"caption":"A la izquierda Jos\u00e9 Maldini, conversando con el vecino Alejandro Godoy, uno de los afectados por este cierre."},{"@type":"BreadcrumbList","@id":"https:\/\/eltrabajo.cl\/web\/privado-cierra-camino-informal-y-llama-al-municipio-a-brindar-solucion-a-afectados\/#breadcrumb","itemListElement":[{"@type":"ListItem","position":1,"name":"Portada","item":"https:\/\/eltrabajo.cl\/web\/"},{"@type":"ListItem","position":2,"name":"Privado cierra camino informal y llama al municipio a brindar soluci\u00f3n a afectados"}]},{"@type":"WebSite","@id":"https:\/\/eltrabajo.cl\/web\/#website","url":"https:\/\/eltrabajo.cl\/web\/","name":"Diario El Trabajo","description":"Desde 1929 construyendo Identidad Local","publisher":{"@id":"https:\/\/eltrabajo.cl\/web\/#organization"},"potentialAction":[{"@type":"SearchAction","target":{"@type":"EntryPoint","urlTemplate":"https:\/\/eltrabajo.cl\/web\/?s={search_term_string}"},"query-input":{"@type":"PropertyValueSpecification","valueRequired":true,"valueName":"search_term_string"}}],"inLanguage":"es-CL"},{"@type":"Organization","@id":"https:\/\/eltrabajo.cl\/web\/#organization","name":"Diario El Trabajo","url":"https:\/\/eltrabajo.cl\/web\/","logo":{"@type":"ImageObject","inLanguage":"es-CL","@id":"https:\/\/eltrabajo.cl\/web\/#\/schema\/logo\/image\/","url":"https:\/\/eltrabajo.cl\/web\/wp-content\/uploads\/2024\/06\/profile-image-ig-page-diarioeltrabajo.jpg","contentUrl":"https:\/\/eltrabajo.cl\/web\/wp-content\/uploads\/2024\/06\/profile-image-ig-page-diarioeltrabajo.jpg","width":823,"height":823,"caption":"Diario El Trabajo"},"image":{"@id":"https:\/\/eltrabajo.cl\/web\/#\/schema\/logo\/image\/"},"sameAs":["https:\/\/www.facebook.com\/ElTrabajoDiario","https:\/\/x.com\/diarioeltrabajo"]},{"@type":"Person","@id":"https:\/\/eltrabajo.cl\/web\/#\/schema\/person\/45efd3d17f86ec456e44dd7debe1bf19","name":"Diario El Trabajo","image":{"@type":"ImageObject","inLanguage":"es-CL","@id":"https:\/\/secure.gravatar.com\/avatar\/7e6ec277dc4aea2677c2dc301d4227957219329c985ab69a3efc12518b5161aa?s=96&d=mm&r=g","url":"https:\/\/secure.gravatar.com\/avatar\/7e6ec277dc4aea2677c2dc301d4227957219329c985ab69a3efc12518b5161aa?s=96&d=mm&r=g","contentUrl":"https:\/\/secure.gravatar.com\/avatar\/7e6ec277dc4aea2677c2dc301d4227957219329c985ab69a3efc12518b5161aa?s=96&d=mm&r=g","caption":"Diario El Trabajo"},"sameAs":["https:\/\/eltrabajo.cl\/web"],"url":"https:\/\/eltrabajo.cl\/web\/author\/diario-el-trabajo\/"}]}},"_links":{"self":[{"href":"https:\/\/eltrabajo.cl\/web\/wp-json\/wp\/v2\/posts\/146846","targetHints":{"allow":["GET"]}}],"collection":[{"href":"https:\/\/eltrabajo.cl\/web\/wp-json\/wp\/v2\/posts"}],"about":[{"href":"https:\/\/eltrabajo.cl\/web\/wp-json\/wp\/v2\/types\/post"}],"author":[{"embeddable":true,"href":"https:\/\/eltrabajo.cl\/web\/wp-json\/wp\/v2\/users\/1"}],"replies":[{"embeddable":true,"href":"https:\/\/eltrabajo.cl\/web\/wp-json\/wp\/v2\/comments?post=146846"}],"version-history":[{"count":1,"href":"https:\/\/eltrabajo.cl\/web\/wp-json\/wp\/v2\/posts\/146846\/revisions"}],"predecessor-version":[{"id":146849,"href":"https:\/\/eltrabajo.cl\/web\/wp-json\/wp\/v2\/posts\/146846\/revisions\/146849"}],"wp:featuredmedia":[{"embeddable":true,"href":"https:\/\/eltrabajo.cl\/web\/wp-json\/wp\/v2\/media\/146847"}],"wp:attachment":[{"href":"https:\/\/eltrabajo.cl\/web\/wp-json\/wp\/v2\/media?parent=146846"}],"wp:term":[{"taxonomy":"category","embeddable":true,"href":"https:\/\/eltrabajo.cl\/web\/wp-json\/wp\/v2\/categories?post=146846"},{"taxonomy":"post_tag","embeddable":true,"href":"https:\/\/eltrabajo.cl\/web\/wp-json\/wp\/v2\/tags?post=146846"}],"curies":[{"name":"wp","href":"https:\/\/api.w.org\/{rel}","templated":true}]}}