{"id":146857,"date":"2026-09-02T21:40:04","date_gmt":"2026-09-03T00:40:04","guid":{"rendered":"https:\/\/eltrabajo.cl\/web\/?p=146857"},"modified":"2026-09-02T21:40:04","modified_gmt":"2026-09-03T00:40:04","slug":"samu-aconcagua-conmemora-semana-de-sus-funcionarios-con-feria-educativa","status":"publish","type":"post","link":"https:\/\/eltrabajo.cl\/web\/samu-aconcagua-conmemora-semana-de-sus-funcionarios-con-feria-educativa\/","title":{"rendered":"SAMU Aconcagua conmemora semana de sus funcionarios con feria educativa"},"content":{"rendered":"<ul>\n<li><strong>Instancias se han desarrollado en diversas comunas de Aconcagua.\u2013<\/strong><\/li>\n<\/ul>\n<p>Los profesionales del SAMU Aconcagua celebran su semana durante estos d\u00edas, y para esta fecha, han decidido realizar diversas ferias educativas para la comunidad, ense\u00f1ando qu\u00e9 hacer y c\u00f3mo reaccionar ante alguna emergencia, considerando que la primera reacci\u00f3n es clave para poder salvar una vida.<\/p>\n<p>Fue as\u00ed, como durante la jornada de este mi\u00e9rcoles, la Plaza de Armas de San Felipe fue el escenario para que sus trabajadores realizaran esta actividad en la que particip\u00f3 la comunidad que en la ma\u00f1ana pasaba por el sector.<\/p>\n<p>Diversos <em>tips<\/em> y maniobras fueron parte de las ense\u00f1anzas que los profesionales entregaron a los vecinos y vecinas. Al respecto, el Dr. <strong>Jaime \u00c1lvarez<\/strong>, director del SAMU Aconcagua, destac\u00f3 este tipo de actividades que acercan conocimientos claves a la comunidad.<\/p>\n<p>\u00ab<em>Esta semana del funcionario (SAMU), estamos en un despliegue educacional de relaci\u00f3n con la comunidad. Empezamos en Los Andes el d\u00eda de ayer<\/em> (martes)<em>, hoy d\u00eda<\/em> (mi\u00e9rcoles) <em>San Felipe y seguiremos en Putaendo, Llay Llay, etc. Lo importante es que SAMU no solamente es una atenci\u00f3n prehospitalaria eficiente, sino que adem\u00e1s se encarga de la educaci\u00f3n a la comunidad, y hoy estamos haciendo educaci\u00f3n en desobstruir la v\u00eda a\u00e9rea, en masajes cardiacos, para que la comunidad entienda que la primera atenci\u00f3n es muy importante en esto de salvar vidas\u00bb<\/em>, se\u00f1al\u00f3.<\/p>\n<p>Asimismo, \u00c1lvarez realiz\u00f3 el llamado a hacer un buen uso del n\u00famero \u2018131\u2019, ya que un porcentaje importante de los llamados diarios que recibe el SAMU, son pitanzas o llamados falsos.<\/p>\n<p>\u00ab<em>De los llamados que tenemos en el d\u00eda, que son m\u00e1s de 600, el 30% son llamados falsos o llamados equivocados, o pitanzas y de m\u00e1s, por lo tanto, ese 30% puede ser salvar una vida, as\u00ed que es fundamental que el 131 y el centro regulador es el lugar donde tiene que llamar, pero realmente tienen que ser emergencias, porque si no, dejamos de atender a gente que en realidad lo necesita\u00bb<\/em>, detall\u00f3.<\/p>\n<p>Junto con esto, uno de los puntos de mayor consulta de la gente durante la realizaci\u00f3n de esta feria, tiene relaci\u00f3n con las preguntas que realiza la persona que responde un llamado al 131. En este contexto, el director del SAMU Aconcagua explic\u00f3 que esto se debe para determinar la gravedad de la urgencia y establecer qu\u00e9 profesionales y qu\u00e9 ambulancia destinar a ese caso.<\/p>\n<p>\u00ab<em>El sistema de basa en que hay operadoras; las operadoras reciben el llamado y las operadoras tienen que determinar por medio de seis, ocho o diez preguntas, qu\u00e9 tipo de m\u00f3vil es, qu\u00e9 tipo de urgencia es, si se manda un m\u00f3vil b\u00e1sico o avanzado, qu\u00e9 tipo de personal va a ir, qu\u00e9 tipo de urgencia es, si es leve, moderado o es una cuesti\u00f3n vital y, adem\u00e1s, en qu\u00e9 lugar est\u00e1n. Hay muchas preguntas que la gente tiene que responder y eso nos permite a nosotros, en este mapa, poder llevar al lugar la necesidad que existe\u00bb<\/em>, cerr\u00f3.<\/p>\n<figure id=\"attachment_146858\" aria-describedby=\"caption-attachment-146858\" style=\"width: 699px\" class=\"wp-caption alignnone\"><img loading=\"lazy\" decoding=\"async\" class=\"size-full wp-image-146858\" src=\"https:\/\/eltrabajo.cl\/web\/wp-content\/uploads\/2026\/09\/semana-de-SAMU-1.jpg\" alt=\"SAMU Aconcagua realiz\u00f3 feria en la Plaza de Armas de San Felipe. \" width=\"699\" height=\"383\" srcset=\"https:\/\/eltrabajo.cl\/web\/wp-content\/uploads\/2026\/09\/semana-de-SAMU-1.jpg 699w, https:\/\/eltrabajo.cl\/web\/wp-content\/uploads\/2026\/09\/semana-de-SAMU-1-300x164.jpg 300w, https:\/\/eltrabajo.cl\/web\/wp-content\/uploads\/2026\/09\/semana-de-SAMU-1-150x82.jpg 150w, https:\/\/eltrabajo.cl\/web\/wp-content\/uploads\/2026\/09\/semana-de-SAMU-1-696x381.jpg 696w\" sizes=\"auto, (max-width: 699px) 100vw, 699px\" \/><figcaption id=\"caption-attachment-146858\" class=\"wp-caption-text\">SAMU Aconcagua realiz\u00f3 feria en la Plaza de Armas de San Felipe.<\/figcaption><\/figure>\n<figure id=\"attachment_146859\" aria-describedby=\"caption-attachment-146859\" style=\"width: 699px\" class=\"wp-caption alignnone\"><img loading=\"lazy\" decoding=\"async\" class=\"size-full wp-image-146859\" src=\"https:\/\/eltrabajo.cl\/web\/wp-content\/uploads\/2026\/09\/semana-de-SAMU-2.jpg\" alt=\"Vecinos y vecinas se capacitaron. \" width=\"699\" height=\"412\" srcset=\"https:\/\/eltrabajo.cl\/web\/wp-content\/uploads\/2026\/09\/semana-de-SAMU-2.jpg 699w, https:\/\/eltrabajo.cl\/web\/wp-content\/uploads\/2026\/09\/semana-de-SAMU-2-300x177.jpg 300w, https:\/\/eltrabajo.cl\/web\/wp-content\/uploads\/2026\/09\/semana-de-SAMU-2-150x88.jpg 150w, https:\/\/eltrabajo.cl\/web\/wp-content\/uploads\/2026\/09\/semana-de-SAMU-2-696x410.jpg 696w\" sizes=\"auto, (max-width: 699px) 100vw, 699px\" \/><figcaption id=\"caption-attachment-146859\" class=\"wp-caption-text\">Vecinos y vecinas se capacitaron.<\/figcaption><\/figure>\n<figure id=\"attachment_146860\" aria-describedby=\"caption-attachment-146860\" style=\"width: 698px\" class=\"wp-caption alignnone\"><img loading=\"lazy\" decoding=\"async\" class=\"size-full wp-image-146860\" src=\"https:\/\/eltrabajo.cl\/web\/wp-content\/uploads\/2026\/09\/semana-de-SAMU-3.jpg\" alt=\"Actividad busc\u00f3 acercar los conocimientos claves en la primera respuesta ante una emergencia. \" width=\"698\" height=\"416\" srcset=\"https:\/\/eltrabajo.cl\/web\/wp-content\/uploads\/2026\/09\/semana-de-SAMU-3.jpg 698w, https:\/\/eltrabajo.cl\/web\/wp-content\/uploads\/2026\/09\/semana-de-SAMU-3-300x179.jpg 300w, https:\/\/eltrabajo.cl\/web\/wp-content\/uploads\/2026\/09\/semana-de-SAMU-3-150x89.jpg 150w, https:\/\/eltrabajo.cl\/web\/wp-content\/uploads\/2026\/09\/semana-de-SAMU-3-696x415.jpg 696w\" sizes=\"auto, (max-width: 698px) 100vw, 698px\" \/><figcaption id=\"caption-attachment-146860\" class=\"wp-caption-text\">Actividad busc\u00f3 acercar los conocimientos claves en la primera respuesta ante una emergencia.<\/figcaption><\/figure>\n","protected":false},"excerpt":{"rendered":"<p>Instancias se han desarrollado en diversas comunas de Aconcagua.\u2013 Los profesionales del SAMU Aconcagua celebran su semana durante estos d\u00edas, y para esta fecha, han decidido realizar diversas ferias educativas para la comunidad, ense\u00f1ando qu\u00e9 hacer y c\u00f3mo reaccionar ante alguna emergencia, considerando que la primera reacci\u00f3n es clave para poder salvar una vida. Fue [&hellip;]<\/p>\n","protected":false},"author":1,"featured_media":146859,"comment_status":"open","ping_status":"closed","sticky":false,"template":"","format":"standard","meta":{"footnotes":""},"categories":[3],"tags":[],"class_list":["post-146857","post","type-post","status-publish","format-standard","has-post-thumbnail","category-cronica-2"],"yoast_head":"<!-- This site is optimized with the Yoast SEO plugin v28.4 - https:\/\/yoast.com\/product\/yoast-seo-wordpress\/ -->\n<title>SAMU Aconcagua conmemora semana de sus funcionarios con feria educativa - Diario El Trabajo<\/title>\n<meta name=\"robots\" content=\"index, follow, max-snippet:-1, max-image-preview:large, max-video-preview:-1\" \/>\n<link rel=\"canonical\" href=\"https:\/\/eltrabajo.cl\/web\/samu-aconcagua-conmemora-semana-de-sus-funcionarios-con-feria-educativa\/\" \/>\n<meta property=\"og:locale\" content=\"es_ES\" \/>\n<meta property=\"og:type\" content=\"article\" \/>\n<meta property=\"og:title\" content=\"SAMU Aconcagua conmemora semana de sus funcionarios con feria educativa - Diario El Trabajo\" \/>\n<meta property=\"og:description\" content=\"Instancias se han desarrollado en diversas comunas de Aconcagua.\u2013 Los profesionales del SAMU Aconcagua celebran su semana durante estos d\u00edas, y para esta fecha, han decidido realizar diversas ferias educativas para la comunidad, ense\u00f1ando qu\u00e9 hacer y c\u00f3mo reaccionar ante alguna emergencia, considerando que la primera reacci\u00f3n es clave para poder salvar una vida. Fue [&hellip;]\" \/>\n<meta property=\"og:url\" content=\"https:\/\/eltrabajo.cl\/web\/samu-aconcagua-conmemora-semana-de-sus-funcionarios-con-feria-educativa\/\" \/>\n<meta property=\"og:site_name\" content=\"Diario El Trabajo\" \/>\n<meta property=\"article:publisher\" content=\"https:\/\/www.facebook.com\/ElTrabajoDiario\" \/>\n<meta property=\"article:published_time\" content=\"2026-09-03T00:40:04+00:00\" \/>\n<meta property=\"og:image\" content=\"https:\/\/eltrabajo.cl\/web\/wp-content\/uploads\/2026\/09\/semana-de-SAMU-2.jpg\" \/>\n\t<meta property=\"og:image:width\" content=\"699\" \/>\n\t<meta property=\"og:image:height\" content=\"412\" \/>\n\t<meta property=\"og:image:type\" content=\"image\/jpeg\" \/>\n<meta name=\"author\" content=\"Diario El Trabajo\" \/>\n<meta name=\"twitter:card\" content=\"summary_large_image\" \/>\n<meta name=\"twitter:creator\" content=\"@diarioeltrabajo\" \/>\n<meta name=\"twitter:site\" content=\"@diarioeltrabajo\" \/>\n<meta name=\"twitter:label1\" content=\"Escrito por\" \/>\n\t<meta name=\"twitter:data1\" content=\"Diario El Trabajo\" \/>\n\t<meta name=\"twitter:label2\" content=\"Tiempo estimado de lectura\" \/>\n\t<meta name=\"twitter:data2\" content=\"4 minutos\" \/>\n<script type=\"application\/ld+json\" class=\"yoast-schema-graph\">{\"@context\":\"https:\\\/\\\/schema.org\",\"@graph\":[{\"@type\":\"Article\",\"@id\":\"https:\\\/\\\/eltrabajo.cl\\\/web\\\/samu-aconcagua-conmemora-semana-de-sus-funcionarios-con-feria-educativa\\\/#article\",\"isPartOf\":{\"@id\":\"https:\\\/\\\/eltrabajo.cl\\\/web\\\/samu-aconcagua-conmemora-semana-de-sus-funcionarios-con-feria-educativa\\\/\"},\"author\":{\"name\":\"Diario El Trabajo\",\"@id\":\"https:\\\/\\\/eltrabajo.cl\\\/web\\\/#\\\/schema\\\/person\\\/45efd3d17f86ec456e44dd7debe1bf19\"},\"headline\":\"SAMU Aconcagua conmemora semana de sus funcionarios con feria educativa\",\"datePublished\":\"2026-09-03T00:40:04+00:00\",\"mainEntityOfPage\":{\"@id\":\"https:\\\/\\\/eltrabajo.cl\\\/web\\\/samu-aconcagua-conmemora-semana-de-sus-funcionarios-con-feria-educativa\\\/\"},\"wordCount\":579,\"commentCount\":0,\"publisher\":{\"@id\":\"https:\\\/\\\/eltrabajo.cl\\\/web\\\/#organization\"},\"image\":{\"@id\":\"https:\\\/\\\/eltrabajo.cl\\\/web\\\/samu-aconcagua-conmemora-semana-de-sus-funcionarios-con-feria-educativa\\\/#primaryimage\"},\"thumbnailUrl\":\"https:\\\/\\\/eltrabajo.cl\\\/web\\\/wp-content\\\/uploads\\\/2026\\\/09\\\/semana-de-SAMU-2.jpg\",\"articleSection\":[\"Cr\u00f3nica\"],\"inLanguage\":\"es-CL\",\"potentialAction\":[{\"@type\":\"CommentAction\",\"name\":\"Comment\",\"target\":[\"https:\\\/\\\/eltrabajo.cl\\\/web\\\/samu-aconcagua-conmemora-semana-de-sus-funcionarios-con-feria-educativa\\\/#respond\"]}]},{\"@type\":\"WebPage\",\"@id\":\"https:\\\/\\\/eltrabajo.cl\\\/web\\\/samu-aconcagua-conmemora-semana-de-sus-funcionarios-con-feria-educativa\\\/\",\"url\":\"https:\\\/\\\/eltrabajo.cl\\\/web\\\/samu-aconcagua-conmemora-semana-de-sus-funcionarios-con-feria-educativa\\\/\",\"name\":\"SAMU Aconcagua conmemora semana de sus funcionarios con feria educativa - Diario El Trabajo\",\"isPartOf\":{\"@id\":\"https:\\\/\\\/eltrabajo.cl\\\/web\\\/#website\"},\"primaryImageOfPage\":{\"@id\":\"https:\\\/\\\/eltrabajo.cl\\\/web\\\/samu-aconcagua-conmemora-semana-de-sus-funcionarios-con-feria-educativa\\\/#primaryimage\"},\"image\":{\"@id\":\"https:\\\/\\\/eltrabajo.cl\\\/web\\\/samu-aconcagua-conmemora-semana-de-sus-funcionarios-con-feria-educativa\\\/#primaryimage\"},\"thumbnailUrl\":\"https:\\\/\\\/eltrabajo.cl\\\/web\\\/wp-content\\\/uploads\\\/2026\\\/09\\\/semana-de-SAMU-2.jpg\",\"datePublished\":\"2026-09-03T00:40:04+00:00\",\"breadcrumb\":{\"@id\":\"https:\\\/\\\/eltrabajo.cl\\\/web\\\/samu-aconcagua-conmemora-semana-de-sus-funcionarios-con-feria-educativa\\\/#breadcrumb\"},\"inLanguage\":\"es-CL\",\"potentialAction\":[{\"@type\":\"ReadAction\",\"target\":[\"https:\\\/\\\/eltrabajo.cl\\\/web\\\/samu-aconcagua-conmemora-semana-de-sus-funcionarios-con-feria-educativa\\\/\"]}]},{\"@type\":\"ImageObject\",\"inLanguage\":\"es-CL\",\"@id\":\"https:\\\/\\\/eltrabajo.cl\\\/web\\\/samu-aconcagua-conmemora-semana-de-sus-funcionarios-con-feria-educativa\\\/#primaryimage\",\"url\":\"https:\\\/\\\/eltrabajo.cl\\\/web\\\/wp-content\\\/uploads\\\/2026\\\/09\\\/semana-de-SAMU-2.jpg\",\"contentUrl\":\"https:\\\/\\\/eltrabajo.cl\\\/web\\\/wp-content\\\/uploads\\\/2026\\\/09\\\/semana-de-SAMU-2.jpg\",\"width\":699,\"height\":412,\"caption\":\"Vecinos y vecinas se capacitaron.\"},{\"@type\":\"BreadcrumbList\",\"@id\":\"https:\\\/\\\/eltrabajo.cl\\\/web\\\/samu-aconcagua-conmemora-semana-de-sus-funcionarios-con-feria-educativa\\\/#breadcrumb\",\"itemListElement\":[{\"@type\":\"ListItem\",\"position\":1,\"name\":\"Portada\",\"item\":\"https:\\\/\\\/eltrabajo.cl\\\/web\\\/\"},{\"@type\":\"ListItem\",\"position\":2,\"name\":\"SAMU Aconcagua conmemora semana de sus funcionarios con feria educativa\"}]},{\"@type\":\"WebSite\",\"@id\":\"https:\\\/\\\/eltrabajo.cl\\\/web\\\/#website\",\"url\":\"https:\\\/\\\/eltrabajo.cl\\\/web\\\/\",\"name\":\"Diario El Trabajo\",\"description\":\"Desde 1929 construyendo Identidad Local\",\"publisher\":{\"@id\":\"https:\\\/\\\/eltrabajo.cl\\\/web\\\/#organization\"},\"potentialAction\":[{\"@type\":\"SearchAction\",\"target\":{\"@type\":\"EntryPoint\",\"urlTemplate\":\"https:\\\/\\\/eltrabajo.cl\\\/web\\\/?s={search_term_string}\"},\"query-input\":{\"@type\":\"PropertyValueSpecification\",\"valueRequired\":true,\"valueName\":\"search_term_string\"}}],\"inLanguage\":\"es-CL\"},{\"@type\":\"Organization\",\"@id\":\"https:\\\/\\\/eltrabajo.cl\\\/web\\\/#organization\",\"name\":\"Diario El Trabajo\",\"url\":\"https:\\\/\\\/eltrabajo.cl\\\/web\\\/\",\"logo\":{\"@type\":\"ImageObject\",\"inLanguage\":\"es-CL\",\"@id\":\"https:\\\/\\\/eltrabajo.cl\\\/web\\\/#\\\/schema\\\/logo\\\/image\\\/\",\"url\":\"https:\\\/\\\/eltrabajo.cl\\\/web\\\/wp-content\\\/uploads\\\/2024\\\/06\\\/profile-image-ig-page-diarioeltrabajo.jpg\",\"contentUrl\":\"https:\\\/\\\/eltrabajo.cl\\\/web\\\/wp-content\\\/uploads\\\/2024\\\/06\\\/profile-image-ig-page-diarioeltrabajo.jpg\",\"width\":823,\"height\":823,\"caption\":\"Diario El Trabajo\"},\"image\":{\"@id\":\"https:\\\/\\\/eltrabajo.cl\\\/web\\\/#\\\/schema\\\/logo\\\/image\\\/\"},\"sameAs\":[\"https:\\\/\\\/www.facebook.com\\\/ElTrabajoDiario\",\"https:\\\/\\\/x.com\\\/diarioeltrabajo\"]},{\"@type\":\"Person\",\"@id\":\"https:\\\/\\\/eltrabajo.cl\\\/web\\\/#\\\/schema\\\/person\\\/45efd3d17f86ec456e44dd7debe1bf19\",\"name\":\"Diario El Trabajo\",\"image\":{\"@type\":\"ImageObject\",\"inLanguage\":\"es-CL\",\"@id\":\"https:\\\/\\\/secure.gravatar.com\\\/avatar\\\/7e6ec277dc4aea2677c2dc301d4227957219329c985ab69a3efc12518b5161aa?s=96&d=mm&r=g\",\"url\":\"https:\\\/\\\/secure.gravatar.com\\\/avatar\\\/7e6ec277dc4aea2677c2dc301d4227957219329c985ab69a3efc12518b5161aa?s=96&d=mm&r=g\",\"contentUrl\":\"https:\\\/\\\/secure.gravatar.com\\\/avatar\\\/7e6ec277dc4aea2677c2dc301d4227957219329c985ab69a3efc12518b5161aa?s=96&d=mm&r=g\",\"caption\":\"Diario El Trabajo\"},\"sameAs\":[\"https:\\\/\\\/eltrabajo.cl\\\/web\"],\"url\":\"https:\\\/\\\/eltrabajo.cl\\\/web\\\/author\\\/diario-el-trabajo\\\/\"}]}<\/script>\n<!-- \/ Yoast SEO plugin. -->","yoast_head_json":{"title":"SAMU Aconcagua conmemora semana de sus funcionarios con feria educativa - Diario El Trabajo","robots":{"index":"index","follow":"follow","max-snippet":"max-snippet:-1","max-image-preview":"max-image-preview:large","max-video-preview":"max-video-preview:-1"},"canonical":"https:\/\/eltrabajo.cl\/web\/samu-aconcagua-conmemora-semana-de-sus-funcionarios-con-feria-educativa\/","og_locale":"es_ES","og_type":"article","og_title":"SAMU Aconcagua conmemora semana de sus funcionarios con feria educativa - Diario El Trabajo","og_description":"Instancias se han desarrollado en diversas comunas de Aconcagua.\u2013 Los profesionales del SAMU Aconcagua celebran su semana durante estos d\u00edas, y para esta fecha, han decidido realizar diversas ferias educativas para la comunidad, ense\u00f1ando qu\u00e9 hacer y c\u00f3mo reaccionar ante alguna emergencia, considerando que la primera reacci\u00f3n es clave para poder salvar una vida. Fue [&hellip;]","og_url":"https:\/\/eltrabajo.cl\/web\/samu-aconcagua-conmemora-semana-de-sus-funcionarios-con-feria-educativa\/","og_site_name":"Diario El Trabajo","article_publisher":"https:\/\/www.facebook.com\/ElTrabajoDiario","article_published_time":"2026-09-03T00:40:04+00:00","og_image":[{"width":699,"height":412,"url":"https:\/\/eltrabajo.cl\/web\/wp-content\/uploads\/2026\/09\/semana-de-SAMU-2.jpg","type":"image\/jpeg"}],"author":"Diario El Trabajo","twitter_card":"summary_large_image","twitter_creator":"@diarioeltrabajo","twitter_site":"@diarioeltrabajo","twitter_misc":{"Escrito por":"Diario El Trabajo","Tiempo estimado de lectura":"4 minutos"},"schema":{"@context":"https:\/\/schema.org","@graph":[{"@type":"Article","@id":"https:\/\/eltrabajo.cl\/web\/samu-aconcagua-conmemora-semana-de-sus-funcionarios-con-feria-educativa\/#article","isPartOf":{"@id":"https:\/\/eltrabajo.cl\/web\/samu-aconcagua-conmemora-semana-de-sus-funcionarios-con-feria-educativa\/"},"author":{"name":"Diario El Trabajo","@id":"https:\/\/eltrabajo.cl\/web\/#\/schema\/person\/45efd3d17f86ec456e44dd7debe1bf19"},"headline":"SAMU Aconcagua conmemora semana de sus funcionarios con feria educativa","datePublished":"2026-09-03T00:40:04+00:00","mainEntityOfPage":{"@id":"https:\/\/eltrabajo.cl\/web\/samu-aconcagua-conmemora-semana-de-sus-funcionarios-con-feria-educativa\/"},"wordCount":579,"commentCount":0,"publisher":{"@id":"https:\/\/eltrabajo.cl\/web\/#organization"},"image":{"@id":"https:\/\/eltrabajo.cl\/web\/samu-aconcagua-conmemora-semana-de-sus-funcionarios-con-feria-educativa\/#primaryimage"},"thumbnailUrl":"https:\/\/eltrabajo.cl\/web\/wp-content\/uploads\/2026\/09\/semana-de-SAMU-2.jpg","articleSection":["Cr\u00f3nica"],"inLanguage":"es-CL","potentialAction":[{"@type":"CommentAction","name":"Comment","target":["https:\/\/eltrabajo.cl\/web\/samu-aconcagua-conmemora-semana-de-sus-funcionarios-con-feria-educativa\/#respond"]}]},{"@type":"WebPage","@id":"https:\/\/eltrabajo.cl\/web\/samu-aconcagua-conmemora-semana-de-sus-funcionarios-con-feria-educativa\/","url":"https:\/\/eltrabajo.cl\/web\/samu-aconcagua-conmemora-semana-de-sus-funcionarios-con-feria-educativa\/","name":"SAMU Aconcagua conmemora semana de sus funcionarios con feria educativa - Diario El Trabajo","isPartOf":{"@id":"https:\/\/eltrabajo.cl\/web\/#website"},"primaryImageOfPage":{"@id":"https:\/\/eltrabajo.cl\/web\/samu-aconcagua-conmemora-semana-de-sus-funcionarios-con-feria-educativa\/#primaryimage"},"image":{"@id":"https:\/\/eltrabajo.cl\/web\/samu-aconcagua-conmemora-semana-de-sus-funcionarios-con-feria-educativa\/#primaryimage"},"thumbnailUrl":"https:\/\/eltrabajo.cl\/web\/wp-content\/uploads\/2026\/09\/semana-de-SAMU-2.jpg","datePublished":"2026-09-03T00:40:04+00:00","breadcrumb":{"@id":"https:\/\/eltrabajo.cl\/web\/samu-aconcagua-conmemora-semana-de-sus-funcionarios-con-feria-educativa\/#breadcrumb"},"inLanguage":"es-CL","potentialAction":[{"@type":"ReadAction","target":["https:\/\/eltrabajo.cl\/web\/samu-aconcagua-conmemora-semana-de-sus-funcionarios-con-feria-educativa\/"]}]},{"@type":"ImageObject","inLanguage":"es-CL","@id":"https:\/\/eltrabajo.cl\/web\/samu-aconcagua-conmemora-semana-de-sus-funcionarios-con-feria-educativa\/#primaryimage","url":"https:\/\/eltrabajo.cl\/web\/wp-content\/uploads\/2026\/09\/semana-de-SAMU-2.jpg","contentUrl":"https:\/\/eltrabajo.cl\/web\/wp-content\/uploads\/2026\/09\/semana-de-SAMU-2.jpg","width":699,"height":412,"caption":"Vecinos y vecinas se capacitaron."},{"@type":"BreadcrumbList","@id":"https:\/\/eltrabajo.cl\/web\/samu-aconcagua-conmemora-semana-de-sus-funcionarios-con-feria-educativa\/#breadcrumb","itemListElement":[{"@type":"ListItem","position":1,"name":"Portada","item":"https:\/\/eltrabajo.cl\/web\/"},{"@type":"ListItem","position":2,"name":"SAMU Aconcagua conmemora semana de sus funcionarios con feria educativa"}]},{"@type":"WebSite","@id":"https:\/\/eltrabajo.cl\/web\/#website","url":"https:\/\/eltrabajo.cl\/web\/","name":"Diario El Trabajo","description":"Desde 1929 construyendo Identidad Local","publisher":{"@id":"https:\/\/eltrabajo.cl\/web\/#organization"},"potentialAction":[{"@type":"SearchAction","target":{"@type":"EntryPoint","urlTemplate":"https:\/\/eltrabajo.cl\/web\/?s={search_term_string}"},"query-input":{"@type":"PropertyValueSpecification","valueRequired":true,"valueName":"search_term_string"}}],"inLanguage":"es-CL"},{"@type":"Organization","@id":"https:\/\/eltrabajo.cl\/web\/#organization","name":"Diario El Trabajo","url":"https:\/\/eltrabajo.cl\/web\/","logo":{"@type":"ImageObject","inLanguage":"es-CL","@id":"https:\/\/eltrabajo.cl\/web\/#\/schema\/logo\/image\/","url":"https:\/\/eltrabajo.cl\/web\/wp-content\/uploads\/2024\/06\/profile-image-ig-page-diarioeltrabajo.jpg","contentUrl":"https:\/\/eltrabajo.cl\/web\/wp-content\/uploads\/2024\/06\/profile-image-ig-page-diarioeltrabajo.jpg","width":823,"height":823,"caption":"Diario El Trabajo"},"image":{"@id":"https:\/\/eltrabajo.cl\/web\/#\/schema\/logo\/image\/"},"sameAs":["https:\/\/www.facebook.com\/ElTrabajoDiario","https:\/\/x.com\/diarioeltrabajo"]},{"@type":"Person","@id":"https:\/\/eltrabajo.cl\/web\/#\/schema\/person\/45efd3d17f86ec456e44dd7debe1bf19","name":"Diario El Trabajo","image":{"@type":"ImageObject","inLanguage":"es-CL","@id":"https:\/\/secure.gravatar.com\/avatar\/7e6ec277dc4aea2677c2dc301d4227957219329c985ab69a3efc12518b5161aa?s=96&d=mm&r=g","url":"https:\/\/secure.gravatar.com\/avatar\/7e6ec277dc4aea2677c2dc301d4227957219329c985ab69a3efc12518b5161aa?s=96&d=mm&r=g","contentUrl":"https:\/\/secure.gravatar.com\/avatar\/7e6ec277dc4aea2677c2dc301d4227957219329c985ab69a3efc12518b5161aa?s=96&d=mm&r=g","caption":"Diario El Trabajo"},"sameAs":["https:\/\/eltrabajo.cl\/web"],"url":"https:\/\/eltrabajo.cl\/web\/author\/diario-el-trabajo\/"}]}},"_links":{"self":[{"href":"https:\/\/eltrabajo.cl\/web\/wp-json\/wp\/v2\/posts\/146857","targetHints":{"allow":["GET"]}}],"collection":[{"href":"https:\/\/eltrabajo.cl\/web\/wp-json\/wp\/v2\/posts"}],"about":[{"href":"https:\/\/eltrabajo.cl\/web\/wp-json\/wp\/v2\/types\/post"}],"author":[{"embeddable":true,"href":"https:\/\/eltrabajo.cl\/web\/wp-json\/wp\/v2\/users\/1"}],"replies":[{"embeddable":true,"href":"https:\/\/eltrabajo.cl\/web\/wp-json\/wp\/v2\/comments?post=146857"}],"version-history":[{"count":1,"href":"https:\/\/eltrabajo.cl\/web\/wp-json\/wp\/v2\/posts\/146857\/revisions"}],"predecessor-version":[{"id":146861,"href":"https:\/\/eltrabajo.cl\/web\/wp-json\/wp\/v2\/posts\/146857\/revisions\/146861"}],"wp:featuredmedia":[{"embeddable":true,"href":"https:\/\/eltrabajo.cl\/web\/wp-json\/wp\/v2\/media\/146859"}],"wp:attachment":[{"href":"https:\/\/eltrabajo.cl\/web\/wp-json\/wp\/v2\/media?parent=146857"}],"wp:term":[{"taxonomy":"category","embeddable":true,"href":"https:\/\/eltrabajo.cl\/web\/wp-json\/wp\/v2\/categories?post=146857"},{"taxonomy":"post_tag","embeddable":true,"href":"https:\/\/eltrabajo.cl\/web\/wp-json\/wp\/v2\/tags?post=146857"}],"curies":[{"name":"wp","href":"https:\/\/api.w.org\/{rel}","templated":true}]}}