{"id":146862,"date":"2026-09-02T21:40:51","date_gmt":"2026-09-03T00:40:51","guid":{"rendered":"https:\/\/eltrabajo.cl\/web\/?p=146862"},"modified":"2026-09-02T21:40:51","modified_gmt":"2026-09-03T00:40:51","slug":"hoy-se-abren-las-llaves-del-regional-senior-45-de-la-arfa-quinta","status":"publish","type":"post","link":"https:\/\/eltrabajo.cl\/web\/hoy-se-abren-las-llaves-del-regional-senior-45-de-la-arfa-quinta\/","title":{"rendered":"Hoy se abren las llaves del Regional S\u00e9nior 45 de la Arfa Quinta"},"content":{"rendered":"<p>Esta noche, los cuatro equipos de nuestra zona que siguen con vida en la actual edici\u00f3n de la Copa de Campeones S\u00e9nior 45 buscar\u00e1n dar el primer golpe en lo que ser\u00e1 la apertura de la tercera fase del torneo regional, en el cual intervienen jugadores con mucho recorrido en el balompi\u00e9 amateur de la Quinta Regi\u00f3n.<\/p>\n<p>Tras sortear con \u00e9xito la etapa dos, Alberto Pentzke de San Felipe, Uni\u00f3n Cordillera de San Esteban, Santa Rosa de Llay Llay y el Social Putaendo de la hist\u00f3rica comuna aconcag\u00fcina, intentar\u00e1n hacer diferencias respectos a sus rivales, para dar el primer paso que los conduzca a otra ronda de un campeonato que se ha tomado la atenci\u00f3n de todo el medio futbol\u00edstico aficionado de la Regi\u00f3n de Valpara\u00edso. <em>\u00abHa sido un tremendo torneo. Es muy reconfortante el nivel de competitividad que hemos visto, lo cual es una clara muestra de la seriedad con que los clubes se tomaron un desaf\u00edo que no era menor, porque hablamos de jugadores que pese a los a\u00f1os conservan intacto su talento\u00bb<\/em>, dijo a <strong>El Trabajo Deportivo<\/strong> el dirigente de Arfa Quinta, Eduardo Madrid.<\/p>\n<p><strong>Programaci\u00f3n, jueves 2 de septiembre:<\/strong><\/p>\n<p>20:30: Uni\u00f3n Cordillera (San Esteban) \u2013 Santa Rosa (Llay Llay).<\/p>\n<p>20:30: Alberto Pentzke (San Felipe) \u2013 Social Putaendo.<\/p>\n<figure id=\"attachment_146863\" aria-describedby=\"caption-attachment-146863\" style=\"width: 699px\" class=\"wp-caption alignnone\"><img loading=\"lazy\" decoding=\"async\" class=\"size-full wp-image-146863\" src=\"https:\/\/eltrabajo.cl\/web\/wp-content\/uploads\/2026\/09\/Penztke.jpg\" alt=\"El Pentzke de San Felipe ser\u00e1 local en el inicio de la tercera fase del Regional 45.\" width=\"699\" height=\"380\" srcset=\"https:\/\/eltrabajo.cl\/web\/wp-content\/uploads\/2026\/09\/Penztke.jpg 699w, https:\/\/eltrabajo.cl\/web\/wp-content\/uploads\/2026\/09\/Penztke-300x163.jpg 300w, https:\/\/eltrabajo.cl\/web\/wp-content\/uploads\/2026\/09\/Penztke-150x82.jpg 150w, https:\/\/eltrabajo.cl\/web\/wp-content\/uploads\/2026\/09\/Penztke-696x378.jpg 696w\" sizes=\"auto, (max-width: 699px) 100vw, 699px\" \/><figcaption id=\"caption-attachment-146863\" class=\"wp-caption-text\">El Pentzke de San Felipe ser\u00e1 local en el inicio de la tercera fase del Regional 45.<\/figcaption><\/figure>\n","protected":false},"excerpt":{"rendered":"<p>Esta noche, los cuatro equipos de nuestra zona que siguen con vida en la actual edici\u00f3n de la Copa de Campeones S\u00e9nior 45 buscar\u00e1n dar el primer golpe en lo que ser\u00e1 la apertura de la tercera fase del torneo regional, en el cual intervienen jugadores con mucho recorrido en el balompi\u00e9 amateur de la [&hellip;]<\/p>\n","protected":false},"author":1,"featured_media":146863,"comment_status":"open","ping_status":"closed","sticky":false,"template":"","format":"standard","meta":{"footnotes":""},"categories":[2],"tags":[],"class_list":["post-146862","post","type-post","status-publish","format-standard","has-post-thumbnail","category-deportes"],"yoast_head":"<!-- This site is optimized with the Yoast SEO plugin v28.4 - https:\/\/yoast.com\/product\/yoast-seo-wordpress\/ -->\n<title>Hoy se abren las llaves del Regional S\u00e9nior 45 de la Arfa Quinta - Diario El Trabajo<\/title>\n<meta name=\"robots\" content=\"index, follow, max-snippet:-1, max-image-preview:large, max-video-preview:-1\" \/>\n<link rel=\"canonical\" href=\"https:\/\/eltrabajo.cl\/web\/hoy-se-abren-las-llaves-del-regional-senior-45-de-la-arfa-quinta\/\" \/>\n<meta property=\"og:locale\" content=\"es_ES\" \/>\n<meta property=\"og:type\" content=\"article\" \/>\n<meta property=\"og:title\" content=\"Hoy se abren las llaves del Regional S\u00e9nior 45 de la Arfa Quinta - Diario El Trabajo\" \/>\n<meta property=\"og:description\" content=\"Esta noche, los cuatro equipos de nuestra zona que siguen con vida en la actual edici\u00f3n de la Copa de Campeones S\u00e9nior 45 buscar\u00e1n dar el primer golpe en lo que ser\u00e1 la apertura de la tercera fase del torneo regional, en el cual intervienen jugadores con mucho recorrido en el balompi\u00e9 amateur de la [&hellip;]\" \/>\n<meta property=\"og:url\" content=\"https:\/\/eltrabajo.cl\/web\/hoy-se-abren-las-llaves-del-regional-senior-45-de-la-arfa-quinta\/\" \/>\n<meta property=\"og:site_name\" content=\"Diario El Trabajo\" \/>\n<meta property=\"article:publisher\" content=\"https:\/\/www.facebook.com\/ElTrabajoDiario\" \/>\n<meta property=\"article:published_time\" content=\"2026-09-03T00:40:51+00:00\" \/>\n<meta property=\"og:image\" content=\"https:\/\/eltrabajo.cl\/web\/wp-content\/uploads\/2026\/09\/Penztke.jpg\" \/>\n\t<meta property=\"og:image:width\" content=\"699\" \/>\n\t<meta property=\"og:image:height\" content=\"380\" \/>\n\t<meta property=\"og:image:type\" content=\"image\/jpeg\" \/>\n<meta name=\"author\" content=\"Diario El Trabajo\" \/>\n<meta name=\"twitter:card\" content=\"summary_large_image\" \/>\n<meta name=\"twitter:creator\" content=\"@diarioeltrabajo\" \/>\n<meta name=\"twitter:site\" content=\"@diarioeltrabajo\" \/>\n<meta name=\"twitter:label1\" content=\"Escrito por\" \/>\n\t<meta name=\"twitter:data1\" content=\"Diario El Trabajo\" \/>\n\t<meta name=\"twitter:label2\" content=\"Tiempo estimado de lectura\" \/>\n\t<meta name=\"twitter:data2\" content=\"2 minutos\" \/>\n<script type=\"application\/ld+json\" class=\"yoast-schema-graph\">{\"@context\":\"https:\\\/\\\/schema.org\",\"@graph\":[{\"@type\":\"Article\",\"@id\":\"https:\\\/\\\/eltrabajo.cl\\\/web\\\/hoy-se-abren-las-llaves-del-regional-senior-45-de-la-arfa-quinta\\\/#article\",\"isPartOf\":{\"@id\":\"https:\\\/\\\/eltrabajo.cl\\\/web\\\/hoy-se-abren-las-llaves-del-regional-senior-45-de-la-arfa-quinta\\\/\"},\"author\":{\"name\":\"Diario El Trabajo\",\"@id\":\"https:\\\/\\\/eltrabajo.cl\\\/web\\\/#\\\/schema\\\/person\\\/45efd3d17f86ec456e44dd7debe1bf19\"},\"headline\":\"Hoy se abren las llaves del Regional S\u00e9nior 45 de la Arfa Quinta\",\"datePublished\":\"2026-09-03T00:40:51+00:00\",\"mainEntityOfPage\":{\"@id\":\"https:\\\/\\\/eltrabajo.cl\\\/web\\\/hoy-se-abren-las-llaves-del-regional-senior-45-de-la-arfa-quinta\\\/\"},\"wordCount\":256,\"commentCount\":0,\"publisher\":{\"@id\":\"https:\\\/\\\/eltrabajo.cl\\\/web\\\/#organization\"},\"image\":{\"@id\":\"https:\\\/\\\/eltrabajo.cl\\\/web\\\/hoy-se-abren-las-llaves-del-regional-senior-45-de-la-arfa-quinta\\\/#primaryimage\"},\"thumbnailUrl\":\"https:\\\/\\\/eltrabajo.cl\\\/web\\\/wp-content\\\/uploads\\\/2026\\\/09\\\/Penztke.jpg\",\"articleSection\":[\"Deportes\"],\"inLanguage\":\"es-CL\",\"potentialAction\":[{\"@type\":\"CommentAction\",\"name\":\"Comment\",\"target\":[\"https:\\\/\\\/eltrabajo.cl\\\/web\\\/hoy-se-abren-las-llaves-del-regional-senior-45-de-la-arfa-quinta\\\/#respond\"]}]},{\"@type\":\"WebPage\",\"@id\":\"https:\\\/\\\/eltrabajo.cl\\\/web\\\/hoy-se-abren-las-llaves-del-regional-senior-45-de-la-arfa-quinta\\\/\",\"url\":\"https:\\\/\\\/eltrabajo.cl\\\/web\\\/hoy-se-abren-las-llaves-del-regional-senior-45-de-la-arfa-quinta\\\/\",\"name\":\"Hoy se abren las llaves del Regional S\u00e9nior 45 de la Arfa Quinta - Diario El Trabajo\",\"isPartOf\":{\"@id\":\"https:\\\/\\\/eltrabajo.cl\\\/web\\\/#website\"},\"primaryImageOfPage\":{\"@id\":\"https:\\\/\\\/eltrabajo.cl\\\/web\\\/hoy-se-abren-las-llaves-del-regional-senior-45-de-la-arfa-quinta\\\/#primaryimage\"},\"image\":{\"@id\":\"https:\\\/\\\/eltrabajo.cl\\\/web\\\/hoy-se-abren-las-llaves-del-regional-senior-45-de-la-arfa-quinta\\\/#primaryimage\"},\"thumbnailUrl\":\"https:\\\/\\\/eltrabajo.cl\\\/web\\\/wp-content\\\/uploads\\\/2026\\\/09\\\/Penztke.jpg\",\"datePublished\":\"2026-09-03T00:40:51+00:00\",\"breadcrumb\":{\"@id\":\"https:\\\/\\\/eltrabajo.cl\\\/web\\\/hoy-se-abren-las-llaves-del-regional-senior-45-de-la-arfa-quinta\\\/#breadcrumb\"},\"inLanguage\":\"es-CL\",\"potentialAction\":[{\"@type\":\"ReadAction\",\"target\":[\"https:\\\/\\\/eltrabajo.cl\\\/web\\\/hoy-se-abren-las-llaves-del-regional-senior-45-de-la-arfa-quinta\\\/\"]}]},{\"@type\":\"ImageObject\",\"inLanguage\":\"es-CL\",\"@id\":\"https:\\\/\\\/eltrabajo.cl\\\/web\\\/hoy-se-abren-las-llaves-del-regional-senior-45-de-la-arfa-quinta\\\/#primaryimage\",\"url\":\"https:\\\/\\\/eltrabajo.cl\\\/web\\\/wp-content\\\/uploads\\\/2026\\\/09\\\/Penztke.jpg\",\"contentUrl\":\"https:\\\/\\\/eltrabajo.cl\\\/web\\\/wp-content\\\/uploads\\\/2026\\\/09\\\/Penztke.jpg\",\"width\":699,\"height\":380,\"caption\":\"El Pentzke de San Felipe ser\u00e1 local en el inicio de la tercera fase del Regional 45.\"},{\"@type\":\"BreadcrumbList\",\"@id\":\"https:\\\/\\\/eltrabajo.cl\\\/web\\\/hoy-se-abren-las-llaves-del-regional-senior-45-de-la-arfa-quinta\\\/#breadcrumb\",\"itemListElement\":[{\"@type\":\"ListItem\",\"position\":1,\"name\":\"Portada\",\"item\":\"https:\\\/\\\/eltrabajo.cl\\\/web\\\/\"},{\"@type\":\"ListItem\",\"position\":2,\"name\":\"Hoy se abren las llaves del Regional S\u00e9nior 45 de la Arfa Quinta\"}]},{\"@type\":\"WebSite\",\"@id\":\"https:\\\/\\\/eltrabajo.cl\\\/web\\\/#website\",\"url\":\"https:\\\/\\\/eltrabajo.cl\\\/web\\\/\",\"name\":\"Diario El Trabajo\",\"description\":\"Desde 1929 construyendo Identidad Local\",\"publisher\":{\"@id\":\"https:\\\/\\\/eltrabajo.cl\\\/web\\\/#organization\"},\"potentialAction\":[{\"@type\":\"SearchAction\",\"target\":{\"@type\":\"EntryPoint\",\"urlTemplate\":\"https:\\\/\\\/eltrabajo.cl\\\/web\\\/?s={search_term_string}\"},\"query-input\":{\"@type\":\"PropertyValueSpecification\",\"valueRequired\":true,\"valueName\":\"search_term_string\"}}],\"inLanguage\":\"es-CL\"},{\"@type\":\"Organization\",\"@id\":\"https:\\\/\\\/eltrabajo.cl\\\/web\\\/#organization\",\"name\":\"Diario El Trabajo\",\"url\":\"https:\\\/\\\/eltrabajo.cl\\\/web\\\/\",\"logo\":{\"@type\":\"ImageObject\",\"inLanguage\":\"es-CL\",\"@id\":\"https:\\\/\\\/eltrabajo.cl\\\/web\\\/#\\\/schema\\\/logo\\\/image\\\/\",\"url\":\"https:\\\/\\\/eltrabajo.cl\\\/web\\\/wp-content\\\/uploads\\\/2024\\\/06\\\/profile-image-ig-page-diarioeltrabajo.jpg\",\"contentUrl\":\"https:\\\/\\\/eltrabajo.cl\\\/web\\\/wp-content\\\/uploads\\\/2024\\\/06\\\/profile-image-ig-page-diarioeltrabajo.jpg\",\"width\":823,\"height\":823,\"caption\":\"Diario El Trabajo\"},\"image\":{\"@id\":\"https:\\\/\\\/eltrabajo.cl\\\/web\\\/#\\\/schema\\\/logo\\\/image\\\/\"},\"sameAs\":[\"https:\\\/\\\/www.facebook.com\\\/ElTrabajoDiario\",\"https:\\\/\\\/x.com\\\/diarioeltrabajo\"]},{\"@type\":\"Person\",\"@id\":\"https:\\\/\\\/eltrabajo.cl\\\/web\\\/#\\\/schema\\\/person\\\/45efd3d17f86ec456e44dd7debe1bf19\",\"name\":\"Diario El Trabajo\",\"image\":{\"@type\":\"ImageObject\",\"inLanguage\":\"es-CL\",\"@id\":\"https:\\\/\\\/secure.gravatar.com\\\/avatar\\\/7e6ec277dc4aea2677c2dc301d4227957219329c985ab69a3efc12518b5161aa?s=96&d=mm&r=g\",\"url\":\"https:\\\/\\\/secure.gravatar.com\\\/avatar\\\/7e6ec277dc4aea2677c2dc301d4227957219329c985ab69a3efc12518b5161aa?s=96&d=mm&r=g\",\"contentUrl\":\"https:\\\/\\\/secure.gravatar.com\\\/avatar\\\/7e6ec277dc4aea2677c2dc301d4227957219329c985ab69a3efc12518b5161aa?s=96&d=mm&r=g\",\"caption\":\"Diario El Trabajo\"},\"sameAs\":[\"https:\\\/\\\/eltrabajo.cl\\\/web\"],\"url\":\"https:\\\/\\\/eltrabajo.cl\\\/web\\\/author\\\/diario-el-trabajo\\\/\"}]}<\/script>\n<!-- \/ Yoast SEO plugin. -->","yoast_head_json":{"title":"Hoy se abren las llaves del Regional S\u00e9nior 45 de la Arfa Quinta - Diario El Trabajo","robots":{"index":"index","follow":"follow","max-snippet":"max-snippet:-1","max-image-preview":"max-image-preview:large","max-video-preview":"max-video-preview:-1"},"canonical":"https:\/\/eltrabajo.cl\/web\/hoy-se-abren-las-llaves-del-regional-senior-45-de-la-arfa-quinta\/","og_locale":"es_ES","og_type":"article","og_title":"Hoy se abren las llaves del Regional S\u00e9nior 45 de la Arfa Quinta - Diario El Trabajo","og_description":"Esta noche, los cuatro equipos de nuestra zona que siguen con vida en la actual edici\u00f3n de la Copa de Campeones S\u00e9nior 45 buscar\u00e1n dar el primer golpe en lo que ser\u00e1 la apertura de la tercera fase del torneo regional, en el cual intervienen jugadores con mucho recorrido en el balompi\u00e9 amateur de la [&hellip;]","og_url":"https:\/\/eltrabajo.cl\/web\/hoy-se-abren-las-llaves-del-regional-senior-45-de-la-arfa-quinta\/","og_site_name":"Diario El Trabajo","article_publisher":"https:\/\/www.facebook.com\/ElTrabajoDiario","article_published_time":"2026-09-03T00:40:51+00:00","og_image":[{"width":699,"height":380,"url":"https:\/\/eltrabajo.cl\/web\/wp-content\/uploads\/2026\/09\/Penztke.jpg","type":"image\/jpeg"}],"author":"Diario El Trabajo","twitter_card":"summary_large_image","twitter_creator":"@diarioeltrabajo","twitter_site":"@diarioeltrabajo","twitter_misc":{"Escrito por":"Diario El Trabajo","Tiempo estimado de lectura":"2 minutos"},"schema":{"@context":"https:\/\/schema.org","@graph":[{"@type":"Article","@id":"https:\/\/eltrabajo.cl\/web\/hoy-se-abren-las-llaves-del-regional-senior-45-de-la-arfa-quinta\/#article","isPartOf":{"@id":"https:\/\/eltrabajo.cl\/web\/hoy-se-abren-las-llaves-del-regional-senior-45-de-la-arfa-quinta\/"},"author":{"name":"Diario El Trabajo","@id":"https:\/\/eltrabajo.cl\/web\/#\/schema\/person\/45efd3d17f86ec456e44dd7debe1bf19"},"headline":"Hoy se abren las llaves del Regional S\u00e9nior 45 de la Arfa Quinta","datePublished":"2026-09-03T00:40:51+00:00","mainEntityOfPage":{"@id":"https:\/\/eltrabajo.cl\/web\/hoy-se-abren-las-llaves-del-regional-senior-45-de-la-arfa-quinta\/"},"wordCount":256,"commentCount":0,"publisher":{"@id":"https:\/\/eltrabajo.cl\/web\/#organization"},"image":{"@id":"https:\/\/eltrabajo.cl\/web\/hoy-se-abren-las-llaves-del-regional-senior-45-de-la-arfa-quinta\/#primaryimage"},"thumbnailUrl":"https:\/\/eltrabajo.cl\/web\/wp-content\/uploads\/2026\/09\/Penztke.jpg","articleSection":["Deportes"],"inLanguage":"es-CL","potentialAction":[{"@type":"CommentAction","name":"Comment","target":["https:\/\/eltrabajo.cl\/web\/hoy-se-abren-las-llaves-del-regional-senior-45-de-la-arfa-quinta\/#respond"]}]},{"@type":"WebPage","@id":"https:\/\/eltrabajo.cl\/web\/hoy-se-abren-las-llaves-del-regional-senior-45-de-la-arfa-quinta\/","url":"https:\/\/eltrabajo.cl\/web\/hoy-se-abren-las-llaves-del-regional-senior-45-de-la-arfa-quinta\/","name":"Hoy se abren las llaves del Regional S\u00e9nior 45 de la Arfa Quinta - Diario El Trabajo","isPartOf":{"@id":"https:\/\/eltrabajo.cl\/web\/#website"},"primaryImageOfPage":{"@id":"https:\/\/eltrabajo.cl\/web\/hoy-se-abren-las-llaves-del-regional-senior-45-de-la-arfa-quinta\/#primaryimage"},"image":{"@id":"https:\/\/eltrabajo.cl\/web\/hoy-se-abren-las-llaves-del-regional-senior-45-de-la-arfa-quinta\/#primaryimage"},"thumbnailUrl":"https:\/\/eltrabajo.cl\/web\/wp-content\/uploads\/2026\/09\/Penztke.jpg","datePublished":"2026-09-03T00:40:51+00:00","breadcrumb":{"@id":"https:\/\/eltrabajo.cl\/web\/hoy-se-abren-las-llaves-del-regional-senior-45-de-la-arfa-quinta\/#breadcrumb"},"inLanguage":"es-CL","potentialAction":[{"@type":"ReadAction","target":["https:\/\/eltrabajo.cl\/web\/hoy-se-abren-las-llaves-del-regional-senior-45-de-la-arfa-quinta\/"]}]},{"@type":"ImageObject","inLanguage":"es-CL","@id":"https:\/\/eltrabajo.cl\/web\/hoy-se-abren-las-llaves-del-regional-senior-45-de-la-arfa-quinta\/#primaryimage","url":"https:\/\/eltrabajo.cl\/web\/wp-content\/uploads\/2026\/09\/Penztke.jpg","contentUrl":"https:\/\/eltrabajo.cl\/web\/wp-content\/uploads\/2026\/09\/Penztke.jpg","width":699,"height":380,"caption":"El Pentzke de San Felipe ser\u00e1 local en el inicio de la tercera fase del Regional 45."},{"@type":"BreadcrumbList","@id":"https:\/\/eltrabajo.cl\/web\/hoy-se-abren-las-llaves-del-regional-senior-45-de-la-arfa-quinta\/#breadcrumb","itemListElement":[{"@type":"ListItem","position":1,"name":"Portada","item":"https:\/\/eltrabajo.cl\/web\/"},{"@type":"ListItem","position":2,"name":"Hoy se abren las llaves del Regional S\u00e9nior 45 de la Arfa Quinta"}]},{"@type":"WebSite","@id":"https:\/\/eltrabajo.cl\/web\/#website","url":"https:\/\/eltrabajo.cl\/web\/","name":"Diario El Trabajo","description":"Desde 1929 construyendo Identidad Local","publisher":{"@id":"https:\/\/eltrabajo.cl\/web\/#organization"},"potentialAction":[{"@type":"SearchAction","target":{"@type":"EntryPoint","urlTemplate":"https:\/\/eltrabajo.cl\/web\/?s={search_term_string}"},"query-input":{"@type":"PropertyValueSpecification","valueRequired":true,"valueName":"search_term_string"}}],"inLanguage":"es-CL"},{"@type":"Organization","@id":"https:\/\/eltrabajo.cl\/web\/#organization","name":"Diario El Trabajo","url":"https:\/\/eltrabajo.cl\/web\/","logo":{"@type":"ImageObject","inLanguage":"es-CL","@id":"https:\/\/eltrabajo.cl\/web\/#\/schema\/logo\/image\/","url":"https:\/\/eltrabajo.cl\/web\/wp-content\/uploads\/2024\/06\/profile-image-ig-page-diarioeltrabajo.jpg","contentUrl":"https:\/\/eltrabajo.cl\/web\/wp-content\/uploads\/2024\/06\/profile-image-ig-page-diarioeltrabajo.jpg","width":823,"height":823,"caption":"Diario El Trabajo"},"image":{"@id":"https:\/\/eltrabajo.cl\/web\/#\/schema\/logo\/image\/"},"sameAs":["https:\/\/www.facebook.com\/ElTrabajoDiario","https:\/\/x.com\/diarioeltrabajo"]},{"@type":"Person","@id":"https:\/\/eltrabajo.cl\/web\/#\/schema\/person\/45efd3d17f86ec456e44dd7debe1bf19","name":"Diario El Trabajo","image":{"@type":"ImageObject","inLanguage":"es-CL","@id":"https:\/\/secure.gravatar.com\/avatar\/7e6ec277dc4aea2677c2dc301d4227957219329c985ab69a3efc12518b5161aa?s=96&d=mm&r=g","url":"https:\/\/secure.gravatar.com\/avatar\/7e6ec277dc4aea2677c2dc301d4227957219329c985ab69a3efc12518b5161aa?s=96&d=mm&r=g","contentUrl":"https:\/\/secure.gravatar.com\/avatar\/7e6ec277dc4aea2677c2dc301d4227957219329c985ab69a3efc12518b5161aa?s=96&d=mm&r=g","caption":"Diario El Trabajo"},"sameAs":["https:\/\/eltrabajo.cl\/web"],"url":"https:\/\/eltrabajo.cl\/web\/author\/diario-el-trabajo\/"}]}},"_links":{"self":[{"href":"https:\/\/eltrabajo.cl\/web\/wp-json\/wp\/v2\/posts\/146862","targetHints":{"allow":["GET"]}}],"collection":[{"href":"https:\/\/eltrabajo.cl\/web\/wp-json\/wp\/v2\/posts"}],"about":[{"href":"https:\/\/eltrabajo.cl\/web\/wp-json\/wp\/v2\/types\/post"}],"author":[{"embeddable":true,"href":"https:\/\/eltrabajo.cl\/web\/wp-json\/wp\/v2\/users\/1"}],"replies":[{"embeddable":true,"href":"https:\/\/eltrabajo.cl\/web\/wp-json\/wp\/v2\/comments?post=146862"}],"version-history":[{"count":1,"href":"https:\/\/eltrabajo.cl\/web\/wp-json\/wp\/v2\/posts\/146862\/revisions"}],"predecessor-version":[{"id":146864,"href":"https:\/\/eltrabajo.cl\/web\/wp-json\/wp\/v2\/posts\/146862\/revisions\/146864"}],"wp:featuredmedia":[{"embeddable":true,"href":"https:\/\/eltrabajo.cl\/web\/wp-json\/wp\/v2\/media\/146863"}],"wp:attachment":[{"href":"https:\/\/eltrabajo.cl\/web\/wp-json\/wp\/v2\/media?parent=146862"}],"wp:term":[{"taxonomy":"category","embeddable":true,"href":"https:\/\/eltrabajo.cl\/web\/wp-json\/wp\/v2\/categories?post=146862"},{"taxonomy":"post_tag","embeddable":true,"href":"https:\/\/eltrabajo.cl\/web\/wp-json\/wp\/v2\/tags?post=146862"}],"curies":[{"name":"wp","href":"https:\/\/api.w.org\/{rel}","templated":true}]}}