{"id":146871,"date":"2026-09-02T21:43:52","date_gmt":"2026-09-03T00:43:52","guid":{"rendered":"https:\/\/eltrabajo.cl\/web\/?p=146871"},"modified":"2026-09-02T21:43:52","modified_gmt":"2026-09-03T00:43:52","slug":"alcalde-de-catemu-horrorizado-por-plan-para-atentar-contra-la-vida-de-su-par-de-san-bernardo","status":"publish","type":"post","link":"https:\/\/eltrabajo.cl\/web\/alcalde-de-catemu-horrorizado-por-plan-para-atentar-contra-la-vida-de-su-par-de-san-bernardo\/","title":{"rendered":"Alcalde de Catemu horrorizado por plan para atentar contra la vida de su par de San Bernardo"},"content":{"rendered":"<ul>\n<li><strong>\u00abEmpezamos a acercarnos a pa\u00edses como Colombia, M\u00e9xico\u00bb.-<\/strong><\/li>\n<\/ul>\n<p>El mundo pol\u00edtico, especialmente el de los alcaldes est\u00e1 consternado por el descubrimiento de un plan para atentar contra la vida del jefe comunal de San Bernardo, <strong>Christopher White Bahamondes<\/strong>, por parte de un delincuente que\u00a0 estuvo seis meses pr\u00f3fugo luego de fugarse de la ex Penitenciar\u00eda, y que fue recapturado este 31 de agosto pasado.<\/p>\n<p>Al respecto, el alcalde de Catemu, <strong>Rodrigo D\u00edaz<\/strong>, convers\u00f3 con <strong>Diario El Trabajo<\/strong> sobre esta situaci\u00f3n que impact\u00f3 a nivel nacional, indicando que conoce personalmente a su par de San Bernardo, debido a que les ha tocado compartir en un par de encuentros de alcaldes. En esa l\u00ednea, lo calific\u00f3 como una persona seria y responsable.<\/p>\n<p>\u00ab<em>Muy comprometido en la lucha contra el narcotr\u00e1fico en su comuna, por lo tanto, mi primer comentario es casi de horror, empezamos a acercarnos a esos pa\u00edses que en alg\u00fan minuto cre\u00edamos que estaban tan lejos; Colombia, M\u00e9xico. Donde el asesinato de alcaldes, candidatos, se ha vuelto hasta el d\u00eda de hoy, especialmente en este \u00faltimo pa\u00eds, casi una tradici\u00f3n. Quien se atreva a enfrentar al poder del narcotr\u00e1fico, puede terminar muerto, y esa es una realidad que lamentablemente hoy est\u00e1 m\u00e1s cerca que nunca en nuestro pa\u00eds\u00bb<\/em>, estableci\u00f3.<\/p>\n<p>El segundo comentario que realiz\u00f3 el edil, tiene que ver mucho con la escasa presencia del Estado en las comunas rurales y con mayor pobreza. Por tanto, asegur\u00f3, son los alcaldes los que tienen que hacer ese rol, y con ello, se convierten en los destinatarios del odio, la rabia y la venganza del crimen organizado que, claramente, no est\u00e1 de acuerdo con la ley.<\/p>\n<p>Finalmente, el jefe comunal de Catemu a\u00f1adi\u00f3 que esto que ocurri\u00f3 en la Regi\u00f3n Metropolitana es un llamado de atenci\u00f3n precisamente para esas comunas, las cuales est\u00e1n m\u00e1s expuestas y donde las leyes se han pensando en ellas, advirti\u00f3 el edil.<\/p>\n<p>\u00ab<em>Donde se necesita tener una mayor cantidad de efectivos en las calles, m\u00e1s c\u00e1maras, pero esa es una forma de enfrentar el delito, porque estamos tambi\u00e9n las comunas rurales donde poco a poco hemos comenzado a conocer los destinos ideales para las familias de narcos, que salen del \u00e1rea metropolitana por amenazas. Todo lo complejo que es vivir para ellos, donde est\u00e1n tratando de imponer su ley y salen justamente a aquellas localidades que estando cerca de Santiago, no est\u00e1n tan expuestos y que adem\u00e1s les permite con tranquilidad cuidar de sus familias. Y ese es un tema no menor que nos ha estado ocurriendo\u00bb<\/em>, indic\u00f3 D\u00edaz, agregando que son muchas las comunas cercanas a Santiago que han comenzado a verse perjudicadas por la salidas de estos clanes criminales buscando lugares m\u00e1s seguros.<\/p>\n<p>En ning\u00fan caso este tipo de hechos los desincentiva, y a pesar de reconocer que este es un llamado de alerta, cree que la \u00fanica alternativa para hacer frente a la delincuencia es organizarse y tener mayor apoyo del Estado. <em>\u00abNo nos puede desincentivar el hecho que un alcalde sea amenazado; son 17 de 348 alcaldes que est\u00e1n con guardias porque tienen alg\u00fan tipo de amenaza. As\u00ed es que lejos de ser un desincentivo, es un llamado a que nos conectemos mejor con el Estado\u00bb<\/em>, se\u00f1al\u00f3.<\/p>\n<p>En este contexto, el edil aconcag\u00fcino destac\u00f3 el trabajo que se realiza con las polic\u00edas y que siempre va a ser fundamental. Aunque se haya aprobado reci\u00e9n la ley que permite a los municipios tener un rol m\u00e1s activo en t\u00e9rminos de seguridad, ellos siguen teniendo, en el mejor de los escenarios, inspectores municipales que pueden cumplir ciertas labores: <em>\u00abPorque el rol de Carabineros PDI, Polic\u00eda Portuaria y Mar\u00edtima, es absolutamente irremplazable, entonces, nosotros siempre vamos a querer que esas polic\u00edas tengan la mayor cantidad de recursos y que cuenten con todos los procedimientos que les garanticen a ellos mismos estar libres de gente, estar tent\u00e1ndose con el narcotr\u00e1fico. Creo que eso es s\u00faper importante para que las polic\u00edas est\u00e9n tranquilas y puedan cumplir con su labor\u00bb<\/em>, a\u00f1adi\u00f3.<\/p>\n<p>Afortunadamente, el alcalde explic\u00f3 que no le ha tocado vivir ninguna situaci\u00f3n parecida a lo ocurrido en San Bernardo, ni siquiera de alg\u00fan insulto, ya que, estableci\u00f3, est\u00e1 en una comuna muy respetuosa a pesar de profundas diferencias con algunos sectores.<\/p>\n<p>La comuna de Catemu tiene una poblaci\u00f3n estimada de 15.932 habitantes seg\u00fan las proyecciones del Instituto Nacional de Estad\u00edsticas (INE).<\/p>\n<figure id=\"attachment_146872\" aria-describedby=\"caption-attachment-146872\" style=\"width: 700px\" class=\"wp-caption alignnone\"><img loading=\"lazy\" decoding=\"async\" class=\"size-full wp-image-146872\" src=\"https:\/\/eltrabajo.cl\/web\/wp-content\/uploads\/2026\/09\/Alcalde-San-Bernardo.jpg\" alt=\"Christopher White Bahamondes, alcalde de San Bernardo. \" width=\"700\" height=\"485\" srcset=\"https:\/\/eltrabajo.cl\/web\/wp-content\/uploads\/2026\/09\/Alcalde-San-Bernardo.jpg 700w, https:\/\/eltrabajo.cl\/web\/wp-content\/uploads\/2026\/09\/Alcalde-San-Bernardo-300x208.jpg 300w, https:\/\/eltrabajo.cl\/web\/wp-content\/uploads\/2026\/09\/Alcalde-San-Bernardo-606x420.jpg 606w, https:\/\/eltrabajo.cl\/web\/wp-content\/uploads\/2026\/09\/Alcalde-San-Bernardo-150x104.jpg 150w, https:\/\/eltrabajo.cl\/web\/wp-content\/uploads\/2026\/09\/Alcalde-San-Bernardo-218x150.jpg 218w, https:\/\/eltrabajo.cl\/web\/wp-content\/uploads\/2026\/09\/Alcalde-San-Bernardo-696x482.jpg 696w\" sizes=\"auto, (max-width: 700px) 100vw, 700px\" \/><figcaption id=\"caption-attachment-146872\" class=\"wp-caption-text\">Christopher White Bahamondes, alcalde de San Bernardo.<\/figcaption><\/figure>\n","protected":false},"excerpt":{"rendered":"<p>\u00abEmpezamos a acercarnos a pa\u00edses como Colombia, M\u00e9xico\u00bb.- El mundo pol\u00edtico, especialmente el de los alcaldes est\u00e1 consternado por el descubrimiento de un plan para atentar contra la vida del jefe comunal de San Bernardo, Christopher White Bahamondes, por parte de un delincuente que\u00a0 estuvo seis meses pr\u00f3fugo luego de fugarse de la ex Penitenciar\u00eda, [&hellip;]<\/p>\n","protected":false},"author":1,"featured_media":146872,"comment_status":"open","ping_status":"closed","sticky":false,"template":"","format":"standard","meta":{"footnotes":""},"categories":[4],"tags":[],"class_list":["post-146871","post","type-post","status-publish","format-standard","has-post-thumbnail","category-comunidad"],"yoast_head":"<!-- This site is optimized with the Yoast SEO plugin v28.4 - https:\/\/yoast.com\/product\/yoast-seo-wordpress\/ -->\n<title>Alcalde de Catemu horrorizado por plan para atentar contra la vida de su par de San Bernardo - Diario El Trabajo<\/title>\n<meta name=\"robots\" content=\"index, follow, max-snippet:-1, max-image-preview:large, max-video-preview:-1\" \/>\n<link rel=\"canonical\" href=\"https:\/\/eltrabajo.cl\/web\/alcalde-de-catemu-horrorizado-por-plan-para-atentar-contra-la-vida-de-su-par-de-san-bernardo\/\" \/>\n<meta property=\"og:locale\" content=\"es_ES\" \/>\n<meta property=\"og:type\" content=\"article\" \/>\n<meta property=\"og:title\" content=\"Alcalde de Catemu horrorizado por plan para atentar contra la vida de su par de San Bernardo - Diario El Trabajo\" \/>\n<meta property=\"og:description\" content=\"\u00abEmpezamos a acercarnos a pa\u00edses como Colombia, M\u00e9xico\u00bb.- El mundo pol\u00edtico, especialmente el de los alcaldes est\u00e1 consternado por el descubrimiento de un plan para atentar contra la vida del jefe comunal de San Bernardo, Christopher White Bahamondes, por parte de un delincuente que\u00a0 estuvo seis meses pr\u00f3fugo luego de fugarse de la ex Penitenciar\u00eda, [&hellip;]\" \/>\n<meta property=\"og:url\" content=\"https:\/\/eltrabajo.cl\/web\/alcalde-de-catemu-horrorizado-por-plan-para-atentar-contra-la-vida-de-su-par-de-san-bernardo\/\" \/>\n<meta property=\"og:site_name\" content=\"Diario El Trabajo\" \/>\n<meta property=\"article:publisher\" content=\"https:\/\/www.facebook.com\/ElTrabajoDiario\" \/>\n<meta property=\"article:published_time\" content=\"2026-09-03T00:43:52+00:00\" \/>\n<meta property=\"og:image\" content=\"https:\/\/eltrabajo.cl\/web\/wp-content\/uploads\/2026\/09\/Alcalde-San-Bernardo.jpg\" \/>\n\t<meta property=\"og:image:width\" content=\"700\" \/>\n\t<meta property=\"og:image:height\" content=\"485\" \/>\n\t<meta property=\"og:image:type\" content=\"image\/jpeg\" \/>\n<meta name=\"author\" content=\"Diario El Trabajo\" \/>\n<meta name=\"twitter:card\" content=\"summary_large_image\" \/>\n<meta name=\"twitter:creator\" content=\"@diarioeltrabajo\" \/>\n<meta name=\"twitter:site\" content=\"@diarioeltrabajo\" \/>\n<meta name=\"twitter:label1\" content=\"Escrito por\" \/>\n\t<meta name=\"twitter:data1\" content=\"Diario El Trabajo\" \/>\n\t<meta name=\"twitter:label2\" content=\"Tiempo estimado de lectura\" \/>\n\t<meta name=\"twitter:data2\" content=\"4 minutos\" \/>\n<script type=\"application\/ld+json\" class=\"yoast-schema-graph\">{\"@context\":\"https:\\\/\\\/schema.org\",\"@graph\":[{\"@type\":\"Article\",\"@id\":\"https:\\\/\\\/eltrabajo.cl\\\/web\\\/alcalde-de-catemu-horrorizado-por-plan-para-atentar-contra-la-vida-de-su-par-de-san-bernardo\\\/#article\",\"isPartOf\":{\"@id\":\"https:\\\/\\\/eltrabajo.cl\\\/web\\\/alcalde-de-catemu-horrorizado-por-plan-para-atentar-contra-la-vida-de-su-par-de-san-bernardo\\\/\"},\"author\":{\"name\":\"Diario El Trabajo\",\"@id\":\"https:\\\/\\\/eltrabajo.cl\\\/web\\\/#\\\/schema\\\/person\\\/45efd3d17f86ec456e44dd7debe1bf19\"},\"headline\":\"Alcalde de Catemu horrorizado por plan para atentar contra la vida de su par de San Bernardo\",\"datePublished\":\"2026-09-03T00:43:52+00:00\",\"mainEntityOfPage\":{\"@id\":\"https:\\\/\\\/eltrabajo.cl\\\/web\\\/alcalde-de-catemu-horrorizado-por-plan-para-atentar-contra-la-vida-de-su-par-de-san-bernardo\\\/\"},\"wordCount\":806,\"commentCount\":0,\"publisher\":{\"@id\":\"https:\\\/\\\/eltrabajo.cl\\\/web\\\/#organization\"},\"image\":{\"@id\":\"https:\\\/\\\/eltrabajo.cl\\\/web\\\/alcalde-de-catemu-horrorizado-por-plan-para-atentar-contra-la-vida-de-su-par-de-san-bernardo\\\/#primaryimage\"},\"thumbnailUrl\":\"https:\\\/\\\/eltrabajo.cl\\\/web\\\/wp-content\\\/uploads\\\/2026\\\/09\\\/Alcalde-San-Bernardo.jpg\",\"articleSection\":[\"Comunidad\"],\"inLanguage\":\"es-CL\",\"potentialAction\":[{\"@type\":\"CommentAction\",\"name\":\"Comment\",\"target\":[\"https:\\\/\\\/eltrabajo.cl\\\/web\\\/alcalde-de-catemu-horrorizado-por-plan-para-atentar-contra-la-vida-de-su-par-de-san-bernardo\\\/#respond\"]}]},{\"@type\":\"WebPage\",\"@id\":\"https:\\\/\\\/eltrabajo.cl\\\/web\\\/alcalde-de-catemu-horrorizado-por-plan-para-atentar-contra-la-vida-de-su-par-de-san-bernardo\\\/\",\"url\":\"https:\\\/\\\/eltrabajo.cl\\\/web\\\/alcalde-de-catemu-horrorizado-por-plan-para-atentar-contra-la-vida-de-su-par-de-san-bernardo\\\/\",\"name\":\"Alcalde de Catemu horrorizado por plan para atentar contra la vida de su par de San Bernardo - Diario El Trabajo\",\"isPartOf\":{\"@id\":\"https:\\\/\\\/eltrabajo.cl\\\/web\\\/#website\"},\"primaryImageOfPage\":{\"@id\":\"https:\\\/\\\/eltrabajo.cl\\\/web\\\/alcalde-de-catemu-horrorizado-por-plan-para-atentar-contra-la-vida-de-su-par-de-san-bernardo\\\/#primaryimage\"},\"image\":{\"@id\":\"https:\\\/\\\/eltrabajo.cl\\\/web\\\/alcalde-de-catemu-horrorizado-por-plan-para-atentar-contra-la-vida-de-su-par-de-san-bernardo\\\/#primaryimage\"},\"thumbnailUrl\":\"https:\\\/\\\/eltrabajo.cl\\\/web\\\/wp-content\\\/uploads\\\/2026\\\/09\\\/Alcalde-San-Bernardo.jpg\",\"datePublished\":\"2026-09-03T00:43:52+00:00\",\"breadcrumb\":{\"@id\":\"https:\\\/\\\/eltrabajo.cl\\\/web\\\/alcalde-de-catemu-horrorizado-por-plan-para-atentar-contra-la-vida-de-su-par-de-san-bernardo\\\/#breadcrumb\"},\"inLanguage\":\"es-CL\",\"potentialAction\":[{\"@type\":\"ReadAction\",\"target\":[\"https:\\\/\\\/eltrabajo.cl\\\/web\\\/alcalde-de-catemu-horrorizado-por-plan-para-atentar-contra-la-vida-de-su-par-de-san-bernardo\\\/\"]}]},{\"@type\":\"ImageObject\",\"inLanguage\":\"es-CL\",\"@id\":\"https:\\\/\\\/eltrabajo.cl\\\/web\\\/alcalde-de-catemu-horrorizado-por-plan-para-atentar-contra-la-vida-de-su-par-de-san-bernardo\\\/#primaryimage\",\"url\":\"https:\\\/\\\/eltrabajo.cl\\\/web\\\/wp-content\\\/uploads\\\/2026\\\/09\\\/Alcalde-San-Bernardo.jpg\",\"contentUrl\":\"https:\\\/\\\/eltrabajo.cl\\\/web\\\/wp-content\\\/uploads\\\/2026\\\/09\\\/Alcalde-San-Bernardo.jpg\",\"width\":700,\"height\":485,\"caption\":\"Christopher White Bahamondes, alcalde de San Bernardo.\"},{\"@type\":\"BreadcrumbList\",\"@id\":\"https:\\\/\\\/eltrabajo.cl\\\/web\\\/alcalde-de-catemu-horrorizado-por-plan-para-atentar-contra-la-vida-de-su-par-de-san-bernardo\\\/#breadcrumb\",\"itemListElement\":[{\"@type\":\"ListItem\",\"position\":1,\"name\":\"Portada\",\"item\":\"https:\\\/\\\/eltrabajo.cl\\\/web\\\/\"},{\"@type\":\"ListItem\",\"position\":2,\"name\":\"Alcalde de Catemu horrorizado por plan para atentar contra la vida de su par de San Bernardo\"}]},{\"@type\":\"WebSite\",\"@id\":\"https:\\\/\\\/eltrabajo.cl\\\/web\\\/#website\",\"url\":\"https:\\\/\\\/eltrabajo.cl\\\/web\\\/\",\"name\":\"Diario El Trabajo\",\"description\":\"Desde 1929 construyendo Identidad Local\",\"publisher\":{\"@id\":\"https:\\\/\\\/eltrabajo.cl\\\/web\\\/#organization\"},\"potentialAction\":[{\"@type\":\"SearchAction\",\"target\":{\"@type\":\"EntryPoint\",\"urlTemplate\":\"https:\\\/\\\/eltrabajo.cl\\\/web\\\/?s={search_term_string}\"},\"query-input\":{\"@type\":\"PropertyValueSpecification\",\"valueRequired\":true,\"valueName\":\"search_term_string\"}}],\"inLanguage\":\"es-CL\"},{\"@type\":\"Organization\",\"@id\":\"https:\\\/\\\/eltrabajo.cl\\\/web\\\/#organization\",\"name\":\"Diario El Trabajo\",\"url\":\"https:\\\/\\\/eltrabajo.cl\\\/web\\\/\",\"logo\":{\"@type\":\"ImageObject\",\"inLanguage\":\"es-CL\",\"@id\":\"https:\\\/\\\/eltrabajo.cl\\\/web\\\/#\\\/schema\\\/logo\\\/image\\\/\",\"url\":\"https:\\\/\\\/eltrabajo.cl\\\/web\\\/wp-content\\\/uploads\\\/2024\\\/06\\\/profile-image-ig-page-diarioeltrabajo.jpg\",\"contentUrl\":\"https:\\\/\\\/eltrabajo.cl\\\/web\\\/wp-content\\\/uploads\\\/2024\\\/06\\\/profile-image-ig-page-diarioeltrabajo.jpg\",\"width\":823,\"height\":823,\"caption\":\"Diario El Trabajo\"},\"image\":{\"@id\":\"https:\\\/\\\/eltrabajo.cl\\\/web\\\/#\\\/schema\\\/logo\\\/image\\\/\"},\"sameAs\":[\"https:\\\/\\\/www.facebook.com\\\/ElTrabajoDiario\",\"https:\\\/\\\/x.com\\\/diarioeltrabajo\"]},{\"@type\":\"Person\",\"@id\":\"https:\\\/\\\/eltrabajo.cl\\\/web\\\/#\\\/schema\\\/person\\\/45efd3d17f86ec456e44dd7debe1bf19\",\"name\":\"Diario El Trabajo\",\"image\":{\"@type\":\"ImageObject\",\"inLanguage\":\"es-CL\",\"@id\":\"https:\\\/\\\/secure.gravatar.com\\\/avatar\\\/7e6ec277dc4aea2677c2dc301d4227957219329c985ab69a3efc12518b5161aa?s=96&d=mm&r=g\",\"url\":\"https:\\\/\\\/secure.gravatar.com\\\/avatar\\\/7e6ec277dc4aea2677c2dc301d4227957219329c985ab69a3efc12518b5161aa?s=96&d=mm&r=g\",\"contentUrl\":\"https:\\\/\\\/secure.gravatar.com\\\/avatar\\\/7e6ec277dc4aea2677c2dc301d4227957219329c985ab69a3efc12518b5161aa?s=96&d=mm&r=g\",\"caption\":\"Diario El Trabajo\"},\"sameAs\":[\"https:\\\/\\\/eltrabajo.cl\\\/web\"],\"url\":\"https:\\\/\\\/eltrabajo.cl\\\/web\\\/author\\\/diario-el-trabajo\\\/\"}]}<\/script>\n<!-- \/ Yoast SEO plugin. -->","yoast_head_json":{"title":"Alcalde de Catemu horrorizado por plan para atentar contra la vida de su par de San Bernardo - Diario El Trabajo","robots":{"index":"index","follow":"follow","max-snippet":"max-snippet:-1","max-image-preview":"max-image-preview:large","max-video-preview":"max-video-preview:-1"},"canonical":"https:\/\/eltrabajo.cl\/web\/alcalde-de-catemu-horrorizado-por-plan-para-atentar-contra-la-vida-de-su-par-de-san-bernardo\/","og_locale":"es_ES","og_type":"article","og_title":"Alcalde de Catemu horrorizado por plan para atentar contra la vida de su par de San Bernardo - Diario El Trabajo","og_description":"\u00abEmpezamos a acercarnos a pa\u00edses como Colombia, M\u00e9xico\u00bb.- El mundo pol\u00edtico, especialmente el de los alcaldes est\u00e1 consternado por el descubrimiento de un plan para atentar contra la vida del jefe comunal de San Bernardo, Christopher White Bahamondes, por parte de un delincuente que\u00a0 estuvo seis meses pr\u00f3fugo luego de fugarse de la ex Penitenciar\u00eda, [&hellip;]","og_url":"https:\/\/eltrabajo.cl\/web\/alcalde-de-catemu-horrorizado-por-plan-para-atentar-contra-la-vida-de-su-par-de-san-bernardo\/","og_site_name":"Diario El Trabajo","article_publisher":"https:\/\/www.facebook.com\/ElTrabajoDiario","article_published_time":"2026-09-03T00:43:52+00:00","og_image":[{"width":700,"height":485,"url":"https:\/\/eltrabajo.cl\/web\/wp-content\/uploads\/2026\/09\/Alcalde-San-Bernardo.jpg","type":"image\/jpeg"}],"author":"Diario El Trabajo","twitter_card":"summary_large_image","twitter_creator":"@diarioeltrabajo","twitter_site":"@diarioeltrabajo","twitter_misc":{"Escrito por":"Diario El Trabajo","Tiempo estimado de lectura":"4 minutos"},"schema":{"@context":"https:\/\/schema.org","@graph":[{"@type":"Article","@id":"https:\/\/eltrabajo.cl\/web\/alcalde-de-catemu-horrorizado-por-plan-para-atentar-contra-la-vida-de-su-par-de-san-bernardo\/#article","isPartOf":{"@id":"https:\/\/eltrabajo.cl\/web\/alcalde-de-catemu-horrorizado-por-plan-para-atentar-contra-la-vida-de-su-par-de-san-bernardo\/"},"author":{"name":"Diario El Trabajo","@id":"https:\/\/eltrabajo.cl\/web\/#\/schema\/person\/45efd3d17f86ec456e44dd7debe1bf19"},"headline":"Alcalde de Catemu horrorizado por plan para atentar contra la vida de su par de San Bernardo","datePublished":"2026-09-03T00:43:52+00:00","mainEntityOfPage":{"@id":"https:\/\/eltrabajo.cl\/web\/alcalde-de-catemu-horrorizado-por-plan-para-atentar-contra-la-vida-de-su-par-de-san-bernardo\/"},"wordCount":806,"commentCount":0,"publisher":{"@id":"https:\/\/eltrabajo.cl\/web\/#organization"},"image":{"@id":"https:\/\/eltrabajo.cl\/web\/alcalde-de-catemu-horrorizado-por-plan-para-atentar-contra-la-vida-de-su-par-de-san-bernardo\/#primaryimage"},"thumbnailUrl":"https:\/\/eltrabajo.cl\/web\/wp-content\/uploads\/2026\/09\/Alcalde-San-Bernardo.jpg","articleSection":["Comunidad"],"inLanguage":"es-CL","potentialAction":[{"@type":"CommentAction","name":"Comment","target":["https:\/\/eltrabajo.cl\/web\/alcalde-de-catemu-horrorizado-por-plan-para-atentar-contra-la-vida-de-su-par-de-san-bernardo\/#respond"]}]},{"@type":"WebPage","@id":"https:\/\/eltrabajo.cl\/web\/alcalde-de-catemu-horrorizado-por-plan-para-atentar-contra-la-vida-de-su-par-de-san-bernardo\/","url":"https:\/\/eltrabajo.cl\/web\/alcalde-de-catemu-horrorizado-por-plan-para-atentar-contra-la-vida-de-su-par-de-san-bernardo\/","name":"Alcalde de Catemu horrorizado por plan para atentar contra la vida de su par de San Bernardo - Diario El Trabajo","isPartOf":{"@id":"https:\/\/eltrabajo.cl\/web\/#website"},"primaryImageOfPage":{"@id":"https:\/\/eltrabajo.cl\/web\/alcalde-de-catemu-horrorizado-por-plan-para-atentar-contra-la-vida-de-su-par-de-san-bernardo\/#primaryimage"},"image":{"@id":"https:\/\/eltrabajo.cl\/web\/alcalde-de-catemu-horrorizado-por-plan-para-atentar-contra-la-vida-de-su-par-de-san-bernardo\/#primaryimage"},"thumbnailUrl":"https:\/\/eltrabajo.cl\/web\/wp-content\/uploads\/2026\/09\/Alcalde-San-Bernardo.jpg","datePublished":"2026-09-03T00:43:52+00:00","breadcrumb":{"@id":"https:\/\/eltrabajo.cl\/web\/alcalde-de-catemu-horrorizado-por-plan-para-atentar-contra-la-vida-de-su-par-de-san-bernardo\/#breadcrumb"},"inLanguage":"es-CL","potentialAction":[{"@type":"ReadAction","target":["https:\/\/eltrabajo.cl\/web\/alcalde-de-catemu-horrorizado-por-plan-para-atentar-contra-la-vida-de-su-par-de-san-bernardo\/"]}]},{"@type":"ImageObject","inLanguage":"es-CL","@id":"https:\/\/eltrabajo.cl\/web\/alcalde-de-catemu-horrorizado-por-plan-para-atentar-contra-la-vida-de-su-par-de-san-bernardo\/#primaryimage","url":"https:\/\/eltrabajo.cl\/web\/wp-content\/uploads\/2026\/09\/Alcalde-San-Bernardo.jpg","contentUrl":"https:\/\/eltrabajo.cl\/web\/wp-content\/uploads\/2026\/09\/Alcalde-San-Bernardo.jpg","width":700,"height":485,"caption":"Christopher White Bahamondes, alcalde de San Bernardo."},{"@type":"BreadcrumbList","@id":"https:\/\/eltrabajo.cl\/web\/alcalde-de-catemu-horrorizado-por-plan-para-atentar-contra-la-vida-de-su-par-de-san-bernardo\/#breadcrumb","itemListElement":[{"@type":"ListItem","position":1,"name":"Portada","item":"https:\/\/eltrabajo.cl\/web\/"},{"@type":"ListItem","position":2,"name":"Alcalde de Catemu horrorizado por plan para atentar contra la vida de su par de San Bernardo"}]},{"@type":"WebSite","@id":"https:\/\/eltrabajo.cl\/web\/#website","url":"https:\/\/eltrabajo.cl\/web\/","name":"Diario El Trabajo","description":"Desde 1929 construyendo Identidad Local","publisher":{"@id":"https:\/\/eltrabajo.cl\/web\/#organization"},"potentialAction":[{"@type":"SearchAction","target":{"@type":"EntryPoint","urlTemplate":"https:\/\/eltrabajo.cl\/web\/?s={search_term_string}"},"query-input":{"@type":"PropertyValueSpecification","valueRequired":true,"valueName":"search_term_string"}}],"inLanguage":"es-CL"},{"@type":"Organization","@id":"https:\/\/eltrabajo.cl\/web\/#organization","name":"Diario El Trabajo","url":"https:\/\/eltrabajo.cl\/web\/","logo":{"@type":"ImageObject","inLanguage":"es-CL","@id":"https:\/\/eltrabajo.cl\/web\/#\/schema\/logo\/image\/","url":"https:\/\/eltrabajo.cl\/web\/wp-content\/uploads\/2024\/06\/profile-image-ig-page-diarioeltrabajo.jpg","contentUrl":"https:\/\/eltrabajo.cl\/web\/wp-content\/uploads\/2024\/06\/profile-image-ig-page-diarioeltrabajo.jpg","width":823,"height":823,"caption":"Diario El Trabajo"},"image":{"@id":"https:\/\/eltrabajo.cl\/web\/#\/schema\/logo\/image\/"},"sameAs":["https:\/\/www.facebook.com\/ElTrabajoDiario","https:\/\/x.com\/diarioeltrabajo"]},{"@type":"Person","@id":"https:\/\/eltrabajo.cl\/web\/#\/schema\/person\/45efd3d17f86ec456e44dd7debe1bf19","name":"Diario El Trabajo","image":{"@type":"ImageObject","inLanguage":"es-CL","@id":"https:\/\/secure.gravatar.com\/avatar\/7e6ec277dc4aea2677c2dc301d4227957219329c985ab69a3efc12518b5161aa?s=96&d=mm&r=g","url":"https:\/\/secure.gravatar.com\/avatar\/7e6ec277dc4aea2677c2dc301d4227957219329c985ab69a3efc12518b5161aa?s=96&d=mm&r=g","contentUrl":"https:\/\/secure.gravatar.com\/avatar\/7e6ec277dc4aea2677c2dc301d4227957219329c985ab69a3efc12518b5161aa?s=96&d=mm&r=g","caption":"Diario El Trabajo"},"sameAs":["https:\/\/eltrabajo.cl\/web"],"url":"https:\/\/eltrabajo.cl\/web\/author\/diario-el-trabajo\/"}]}},"_links":{"self":[{"href":"https:\/\/eltrabajo.cl\/web\/wp-json\/wp\/v2\/posts\/146871","targetHints":{"allow":["GET"]}}],"collection":[{"href":"https:\/\/eltrabajo.cl\/web\/wp-json\/wp\/v2\/posts"}],"about":[{"href":"https:\/\/eltrabajo.cl\/web\/wp-json\/wp\/v2\/types\/post"}],"author":[{"embeddable":true,"href":"https:\/\/eltrabajo.cl\/web\/wp-json\/wp\/v2\/users\/1"}],"replies":[{"embeddable":true,"href":"https:\/\/eltrabajo.cl\/web\/wp-json\/wp\/v2\/comments?post=146871"}],"version-history":[{"count":1,"href":"https:\/\/eltrabajo.cl\/web\/wp-json\/wp\/v2\/posts\/146871\/revisions"}],"predecessor-version":[{"id":146873,"href":"https:\/\/eltrabajo.cl\/web\/wp-json\/wp\/v2\/posts\/146871\/revisions\/146873"}],"wp:featuredmedia":[{"embeddable":true,"href":"https:\/\/eltrabajo.cl\/web\/wp-json\/wp\/v2\/media\/146872"}],"wp:attachment":[{"href":"https:\/\/eltrabajo.cl\/web\/wp-json\/wp\/v2\/media?parent=146871"}],"wp:term":[{"taxonomy":"category","embeddable":true,"href":"https:\/\/eltrabajo.cl\/web\/wp-json\/wp\/v2\/categories?post=146871"},{"taxonomy":"post_tag","embeddable":true,"href":"https:\/\/eltrabajo.cl\/web\/wp-json\/wp\/v2\/tags?post=146871"}],"curies":[{"name":"wp","href":"https:\/\/api.w.org\/{rel}","templated":true}]}}