{"id":146874,"date":"2026-09-02T21:44:40","date_gmt":"2026-09-03T00:44:40","guid":{"rendered":"https:\/\/eltrabajo.cl\/web\/?p=146874"},"modified":"2026-09-02T21:44:40","modified_gmt":"2026-09-03T00:44:40","slug":"delegado-provincial-asegura-que-aun-no-hay-fecha-para-desalojo-de-la-toma-de-san-felipe","status":"publish","type":"post","link":"https:\/\/eltrabajo.cl\/web\/delegado-provincial-asegura-que-aun-no-hay-fecha-para-desalojo-de-la-toma-de-san-felipe\/","title":{"rendered":"Delegado provincial asegura que a\u00fan no hay fecha para desalojo de la Toma de San Felipe"},"content":{"rendered":"<ul>\n<li><strong>Ante algunos trascendidos que el operativo se desarrollar\u00eda los dos primeros d\u00edas de octubre, la autoridad provincial aclar\u00f3 que no se ha definido.\u2013<\/strong><\/li>\n<\/ul>\n<p>Luego de algunos trascendidos que afirmaron que el desalojo de la Toma de San Felipe se llevar\u00eda a cabo el 1 y 2 de octubre del presente a\u00f1o, el delegado presidencial provincial de San Felipe de Aconcagua, <strong>Sebasti\u00e1n Caldera<\/strong>, asegur\u00f3 que esta fecha no ha sido oficializada, por lo que a\u00fan no se define cu\u00e1ndo se llevar\u00e1 a cabo este proceso.<\/p>\n<p>Las reuniones entre las autoridades han sido varias, sumando a la misma Delegaci\u00f3n Provincial, municipio, polic\u00edas y diversos organismos p\u00fablicos. Sin embargo, desde la entidad gubernamental descartaron que se haya definido el d\u00eda en que se realizar\u00e1 el desalojo.<\/p>\n<p>Al respecto, Sebasti\u00e1n Caldera se\u00f1al\u00f3 que <em>\u00abvenimos haciendo bastante trabajo junto a la municipalidad y con los servicios correspondientes, pero hasta el momento no hay una fecha definida. Esperamos informar a su debido tiempo e informar a las personas que est\u00e1n habitando ah\u00ed, en ese sector de la Toma Yevide\u00bb<\/em>.<\/p>\n<p>En este contexto, la autoridad provincial agreg\u00f3 que <em>\u00abla informaci\u00f3n que manejamos, todav\u00eda no hemos fijado una fecha definitiva en conjunto con la alcaldesa, las polic\u00edas y los propietarios\u00bb<\/em>, indic\u00f3.<\/p>\n<p>Asimismo, Caldera explic\u00f3 que <em>\u00abla primera notificaci\u00f3n es el fallo; el fallo indica de que hay una usurpaci\u00f3n, por tanto, las familias que ah\u00ed habitan tienen que estar al tanto que est\u00e1n en un lugar que no es propio, en un lugar que tiene un propietario y que lo que va a hacer la autoridad es hacer cumplir la ley\u00bb<\/em>.<\/p>\n<p>Finalmente, el delegado presidencial provincial de San Felipe indic\u00f3 que <em>\u00abpor tanto, en alg\u00fan momento va a llegar la fecha, pero no es la que se indica p\u00fablicamente<\/em> (\u2026) <em>Esa fecha no corresponde, la niego rotundamente\u00bb<\/em>, sentenci\u00f3.<\/p>\n<figure id=\"attachment_146875\" aria-describedby=\"caption-attachment-146875\" style=\"width: 698px\" class=\"wp-caption alignnone\"><img loading=\"lazy\" decoding=\"async\" class=\"size-full wp-image-146875\" src=\"https:\/\/eltrabajo.cl\/web\/wp-content\/uploads\/2026\/09\/Toma-de-San-Felipe.jpg\" alt=\"Delegado provincial descart\u00f3 fechas que aseguraban desalojo de la Toma (Imagen de archivo).\" width=\"698\" height=\"381\" srcset=\"https:\/\/eltrabajo.cl\/web\/wp-content\/uploads\/2026\/09\/Toma-de-San-Felipe.jpg 698w, https:\/\/eltrabajo.cl\/web\/wp-content\/uploads\/2026\/09\/Toma-de-San-Felipe-300x164.jpg 300w, https:\/\/eltrabajo.cl\/web\/wp-content\/uploads\/2026\/09\/Toma-de-San-Felipe-150x82.jpg 150w, https:\/\/eltrabajo.cl\/web\/wp-content\/uploads\/2026\/09\/Toma-de-San-Felipe-696x380.jpg 696w\" sizes=\"auto, (max-width: 698px) 100vw, 698px\" \/><figcaption id=\"caption-attachment-146875\" class=\"wp-caption-text\">Delegado provincial descart\u00f3 fechas que aseguraban desalojo de la Toma (Imagen de archivo).<\/figcaption><\/figure>\n","protected":false},"excerpt":{"rendered":"<p>Ante algunos trascendidos que el operativo se desarrollar\u00eda los dos primeros d\u00edas de octubre, la autoridad provincial aclar\u00f3 que no se ha definido.\u2013 Luego de algunos trascendidos que afirmaron que el desalojo de la Toma de San Felipe se llevar\u00eda a cabo el 1 y 2 de octubre del presente a\u00f1o, el delegado presidencial provincial [&hellip;]<\/p>\n","protected":false},"author":1,"featured_media":146875,"comment_status":"open","ping_status":"closed","sticky":false,"template":"","format":"standard","meta":{"footnotes":""},"categories":[3],"tags":[],"class_list":["post-146874","post","type-post","status-publish","format-standard","has-post-thumbnail","category-cronica-2"],"yoast_head":"<!-- This site is optimized with the Yoast SEO plugin v28.4 - https:\/\/yoast.com\/product\/yoast-seo-wordpress\/ -->\n<title>Delegado provincial asegura que a\u00fan no hay fecha para desalojo de la Toma de San Felipe - Diario El Trabajo<\/title>\n<meta name=\"robots\" content=\"index, follow, max-snippet:-1, max-image-preview:large, max-video-preview:-1\" \/>\n<link rel=\"canonical\" href=\"https:\/\/eltrabajo.cl\/web\/delegado-provincial-asegura-que-aun-no-hay-fecha-para-desalojo-de-la-toma-de-san-felipe\/\" \/>\n<meta property=\"og:locale\" content=\"es_ES\" \/>\n<meta property=\"og:type\" content=\"article\" \/>\n<meta property=\"og:title\" content=\"Delegado provincial asegura que a\u00fan no hay fecha para desalojo de la Toma de San Felipe - Diario El Trabajo\" \/>\n<meta property=\"og:description\" content=\"Ante algunos trascendidos que el operativo se desarrollar\u00eda los dos primeros d\u00edas de octubre, la autoridad provincial aclar\u00f3 que no se ha definido.\u2013 Luego de algunos trascendidos que afirmaron que el desalojo de la Toma de San Felipe se llevar\u00eda a cabo el 1 y 2 de octubre del presente a\u00f1o, el delegado presidencial provincial [&hellip;]\" \/>\n<meta property=\"og:url\" content=\"https:\/\/eltrabajo.cl\/web\/delegado-provincial-asegura-que-aun-no-hay-fecha-para-desalojo-de-la-toma-de-san-felipe\/\" \/>\n<meta property=\"og:site_name\" content=\"Diario El Trabajo\" \/>\n<meta property=\"article:publisher\" content=\"https:\/\/www.facebook.com\/ElTrabajoDiario\" \/>\n<meta property=\"article:published_time\" content=\"2026-09-03T00:44:40+00:00\" \/>\n<meta property=\"og:image\" content=\"https:\/\/eltrabajo.cl\/web\/wp-content\/uploads\/2026\/09\/Toma-de-San-Felipe.jpg\" \/>\n\t<meta property=\"og:image:width\" content=\"698\" \/>\n\t<meta property=\"og:image:height\" content=\"381\" \/>\n\t<meta property=\"og:image:type\" content=\"image\/jpeg\" \/>\n<meta name=\"author\" content=\"Diario El Trabajo\" \/>\n<meta name=\"twitter:card\" content=\"summary_large_image\" \/>\n<meta name=\"twitter:creator\" content=\"@diarioeltrabajo\" \/>\n<meta name=\"twitter:site\" content=\"@diarioeltrabajo\" \/>\n<meta name=\"twitter:label1\" content=\"Escrito por\" \/>\n\t<meta name=\"twitter:data1\" content=\"Diario El Trabajo\" \/>\n\t<meta name=\"twitter:label2\" content=\"Tiempo estimado de lectura\" \/>\n\t<meta name=\"twitter:data2\" content=\"2 minutos\" \/>\n<script type=\"application\/ld+json\" class=\"yoast-schema-graph\">{\"@context\":\"https:\\\/\\\/schema.org\",\"@graph\":[{\"@type\":\"Article\",\"@id\":\"https:\\\/\\\/eltrabajo.cl\\\/web\\\/delegado-provincial-asegura-que-aun-no-hay-fecha-para-desalojo-de-la-toma-de-san-felipe\\\/#article\",\"isPartOf\":{\"@id\":\"https:\\\/\\\/eltrabajo.cl\\\/web\\\/delegado-provincial-asegura-que-aun-no-hay-fecha-para-desalojo-de-la-toma-de-san-felipe\\\/\"},\"author\":{\"name\":\"Diario El Trabajo\",\"@id\":\"https:\\\/\\\/eltrabajo.cl\\\/web\\\/#\\\/schema\\\/person\\\/45efd3d17f86ec456e44dd7debe1bf19\"},\"headline\":\"Delegado provincial asegura que a\u00fan no hay fecha para desalojo de la Toma de San Felipe\",\"datePublished\":\"2026-09-03T00:44:40+00:00\",\"mainEntityOfPage\":{\"@id\":\"https:\\\/\\\/eltrabajo.cl\\\/web\\\/delegado-provincial-asegura-que-aun-no-hay-fecha-para-desalojo-de-la-toma-de-san-felipe\\\/\"},\"wordCount\":356,\"commentCount\":0,\"publisher\":{\"@id\":\"https:\\\/\\\/eltrabajo.cl\\\/web\\\/#organization\"},\"image\":{\"@id\":\"https:\\\/\\\/eltrabajo.cl\\\/web\\\/delegado-provincial-asegura-que-aun-no-hay-fecha-para-desalojo-de-la-toma-de-san-felipe\\\/#primaryimage\"},\"thumbnailUrl\":\"https:\\\/\\\/eltrabajo.cl\\\/web\\\/wp-content\\\/uploads\\\/2026\\\/09\\\/Toma-de-San-Felipe.jpg\",\"articleSection\":[\"Cr\u00f3nica\"],\"inLanguage\":\"es-CL\",\"potentialAction\":[{\"@type\":\"CommentAction\",\"name\":\"Comment\",\"target\":[\"https:\\\/\\\/eltrabajo.cl\\\/web\\\/delegado-provincial-asegura-que-aun-no-hay-fecha-para-desalojo-de-la-toma-de-san-felipe\\\/#respond\"]}]},{\"@type\":\"WebPage\",\"@id\":\"https:\\\/\\\/eltrabajo.cl\\\/web\\\/delegado-provincial-asegura-que-aun-no-hay-fecha-para-desalojo-de-la-toma-de-san-felipe\\\/\",\"url\":\"https:\\\/\\\/eltrabajo.cl\\\/web\\\/delegado-provincial-asegura-que-aun-no-hay-fecha-para-desalojo-de-la-toma-de-san-felipe\\\/\",\"name\":\"Delegado provincial asegura que a\u00fan no hay fecha para desalojo de la Toma de San Felipe - Diario El Trabajo\",\"isPartOf\":{\"@id\":\"https:\\\/\\\/eltrabajo.cl\\\/web\\\/#website\"},\"primaryImageOfPage\":{\"@id\":\"https:\\\/\\\/eltrabajo.cl\\\/web\\\/delegado-provincial-asegura-que-aun-no-hay-fecha-para-desalojo-de-la-toma-de-san-felipe\\\/#primaryimage\"},\"image\":{\"@id\":\"https:\\\/\\\/eltrabajo.cl\\\/web\\\/delegado-provincial-asegura-que-aun-no-hay-fecha-para-desalojo-de-la-toma-de-san-felipe\\\/#primaryimage\"},\"thumbnailUrl\":\"https:\\\/\\\/eltrabajo.cl\\\/web\\\/wp-content\\\/uploads\\\/2026\\\/09\\\/Toma-de-San-Felipe.jpg\",\"datePublished\":\"2026-09-03T00:44:40+00:00\",\"breadcrumb\":{\"@id\":\"https:\\\/\\\/eltrabajo.cl\\\/web\\\/delegado-provincial-asegura-que-aun-no-hay-fecha-para-desalojo-de-la-toma-de-san-felipe\\\/#breadcrumb\"},\"inLanguage\":\"es-CL\",\"potentialAction\":[{\"@type\":\"ReadAction\",\"target\":[\"https:\\\/\\\/eltrabajo.cl\\\/web\\\/delegado-provincial-asegura-que-aun-no-hay-fecha-para-desalojo-de-la-toma-de-san-felipe\\\/\"]}]},{\"@type\":\"ImageObject\",\"inLanguage\":\"es-CL\",\"@id\":\"https:\\\/\\\/eltrabajo.cl\\\/web\\\/delegado-provincial-asegura-que-aun-no-hay-fecha-para-desalojo-de-la-toma-de-san-felipe\\\/#primaryimage\",\"url\":\"https:\\\/\\\/eltrabajo.cl\\\/web\\\/wp-content\\\/uploads\\\/2026\\\/09\\\/Toma-de-San-Felipe.jpg\",\"contentUrl\":\"https:\\\/\\\/eltrabajo.cl\\\/web\\\/wp-content\\\/uploads\\\/2026\\\/09\\\/Toma-de-San-Felipe.jpg\",\"width\":698,\"height\":381,\"caption\":\"Delegado provincial descart\u00f3 fechas que aseguraban desalojo de la Toma (Imagen de archivo).\"},{\"@type\":\"BreadcrumbList\",\"@id\":\"https:\\\/\\\/eltrabajo.cl\\\/web\\\/delegado-provincial-asegura-que-aun-no-hay-fecha-para-desalojo-de-la-toma-de-san-felipe\\\/#breadcrumb\",\"itemListElement\":[{\"@type\":\"ListItem\",\"position\":1,\"name\":\"Portada\",\"item\":\"https:\\\/\\\/eltrabajo.cl\\\/web\\\/\"},{\"@type\":\"ListItem\",\"position\":2,\"name\":\"Delegado provincial asegura que a\u00fan no hay fecha para desalojo de la Toma de San Felipe\"}]},{\"@type\":\"WebSite\",\"@id\":\"https:\\\/\\\/eltrabajo.cl\\\/web\\\/#website\",\"url\":\"https:\\\/\\\/eltrabajo.cl\\\/web\\\/\",\"name\":\"Diario El Trabajo\",\"description\":\"Desde 1929 construyendo Identidad Local\",\"publisher\":{\"@id\":\"https:\\\/\\\/eltrabajo.cl\\\/web\\\/#organization\"},\"potentialAction\":[{\"@type\":\"SearchAction\",\"target\":{\"@type\":\"EntryPoint\",\"urlTemplate\":\"https:\\\/\\\/eltrabajo.cl\\\/web\\\/?s={search_term_string}\"},\"query-input\":{\"@type\":\"PropertyValueSpecification\",\"valueRequired\":true,\"valueName\":\"search_term_string\"}}],\"inLanguage\":\"es-CL\"},{\"@type\":\"Organization\",\"@id\":\"https:\\\/\\\/eltrabajo.cl\\\/web\\\/#organization\",\"name\":\"Diario El Trabajo\",\"url\":\"https:\\\/\\\/eltrabajo.cl\\\/web\\\/\",\"logo\":{\"@type\":\"ImageObject\",\"inLanguage\":\"es-CL\",\"@id\":\"https:\\\/\\\/eltrabajo.cl\\\/web\\\/#\\\/schema\\\/logo\\\/image\\\/\",\"url\":\"https:\\\/\\\/eltrabajo.cl\\\/web\\\/wp-content\\\/uploads\\\/2024\\\/06\\\/profile-image-ig-page-diarioeltrabajo.jpg\",\"contentUrl\":\"https:\\\/\\\/eltrabajo.cl\\\/web\\\/wp-content\\\/uploads\\\/2024\\\/06\\\/profile-image-ig-page-diarioeltrabajo.jpg\",\"width\":823,\"height\":823,\"caption\":\"Diario El Trabajo\"},\"image\":{\"@id\":\"https:\\\/\\\/eltrabajo.cl\\\/web\\\/#\\\/schema\\\/logo\\\/image\\\/\"},\"sameAs\":[\"https:\\\/\\\/www.facebook.com\\\/ElTrabajoDiario\",\"https:\\\/\\\/x.com\\\/diarioeltrabajo\"]},{\"@type\":\"Person\",\"@id\":\"https:\\\/\\\/eltrabajo.cl\\\/web\\\/#\\\/schema\\\/person\\\/45efd3d17f86ec456e44dd7debe1bf19\",\"name\":\"Diario El Trabajo\",\"image\":{\"@type\":\"ImageObject\",\"inLanguage\":\"es-CL\",\"@id\":\"https:\\\/\\\/secure.gravatar.com\\\/avatar\\\/7e6ec277dc4aea2677c2dc301d4227957219329c985ab69a3efc12518b5161aa?s=96&d=mm&r=g\",\"url\":\"https:\\\/\\\/secure.gravatar.com\\\/avatar\\\/7e6ec277dc4aea2677c2dc301d4227957219329c985ab69a3efc12518b5161aa?s=96&d=mm&r=g\",\"contentUrl\":\"https:\\\/\\\/secure.gravatar.com\\\/avatar\\\/7e6ec277dc4aea2677c2dc301d4227957219329c985ab69a3efc12518b5161aa?s=96&d=mm&r=g\",\"caption\":\"Diario El Trabajo\"},\"sameAs\":[\"https:\\\/\\\/eltrabajo.cl\\\/web\"],\"url\":\"https:\\\/\\\/eltrabajo.cl\\\/web\\\/author\\\/diario-el-trabajo\\\/\"}]}<\/script>\n<!-- \/ Yoast SEO plugin. -->","yoast_head_json":{"title":"Delegado provincial asegura que a\u00fan no hay fecha para desalojo de la Toma de San Felipe - Diario El Trabajo","robots":{"index":"index","follow":"follow","max-snippet":"max-snippet:-1","max-image-preview":"max-image-preview:large","max-video-preview":"max-video-preview:-1"},"canonical":"https:\/\/eltrabajo.cl\/web\/delegado-provincial-asegura-que-aun-no-hay-fecha-para-desalojo-de-la-toma-de-san-felipe\/","og_locale":"es_ES","og_type":"article","og_title":"Delegado provincial asegura que a\u00fan no hay fecha para desalojo de la Toma de San Felipe - Diario El Trabajo","og_description":"Ante algunos trascendidos que el operativo se desarrollar\u00eda los dos primeros d\u00edas de octubre, la autoridad provincial aclar\u00f3 que no se ha definido.\u2013 Luego de algunos trascendidos que afirmaron que el desalojo de la Toma de San Felipe se llevar\u00eda a cabo el 1 y 2 de octubre del presente a\u00f1o, el delegado presidencial provincial [&hellip;]","og_url":"https:\/\/eltrabajo.cl\/web\/delegado-provincial-asegura-que-aun-no-hay-fecha-para-desalojo-de-la-toma-de-san-felipe\/","og_site_name":"Diario El Trabajo","article_publisher":"https:\/\/www.facebook.com\/ElTrabajoDiario","article_published_time":"2026-09-03T00:44:40+00:00","og_image":[{"width":698,"height":381,"url":"https:\/\/eltrabajo.cl\/web\/wp-content\/uploads\/2026\/09\/Toma-de-San-Felipe.jpg","type":"image\/jpeg"}],"author":"Diario El Trabajo","twitter_card":"summary_large_image","twitter_creator":"@diarioeltrabajo","twitter_site":"@diarioeltrabajo","twitter_misc":{"Escrito por":"Diario El Trabajo","Tiempo estimado de lectura":"2 minutos"},"schema":{"@context":"https:\/\/schema.org","@graph":[{"@type":"Article","@id":"https:\/\/eltrabajo.cl\/web\/delegado-provincial-asegura-que-aun-no-hay-fecha-para-desalojo-de-la-toma-de-san-felipe\/#article","isPartOf":{"@id":"https:\/\/eltrabajo.cl\/web\/delegado-provincial-asegura-que-aun-no-hay-fecha-para-desalojo-de-la-toma-de-san-felipe\/"},"author":{"name":"Diario El Trabajo","@id":"https:\/\/eltrabajo.cl\/web\/#\/schema\/person\/45efd3d17f86ec456e44dd7debe1bf19"},"headline":"Delegado provincial asegura que a\u00fan no hay fecha para desalojo de la Toma de San Felipe","datePublished":"2026-09-03T00:44:40+00:00","mainEntityOfPage":{"@id":"https:\/\/eltrabajo.cl\/web\/delegado-provincial-asegura-que-aun-no-hay-fecha-para-desalojo-de-la-toma-de-san-felipe\/"},"wordCount":356,"commentCount":0,"publisher":{"@id":"https:\/\/eltrabajo.cl\/web\/#organization"},"image":{"@id":"https:\/\/eltrabajo.cl\/web\/delegado-provincial-asegura-que-aun-no-hay-fecha-para-desalojo-de-la-toma-de-san-felipe\/#primaryimage"},"thumbnailUrl":"https:\/\/eltrabajo.cl\/web\/wp-content\/uploads\/2026\/09\/Toma-de-San-Felipe.jpg","articleSection":["Cr\u00f3nica"],"inLanguage":"es-CL","potentialAction":[{"@type":"CommentAction","name":"Comment","target":["https:\/\/eltrabajo.cl\/web\/delegado-provincial-asegura-que-aun-no-hay-fecha-para-desalojo-de-la-toma-de-san-felipe\/#respond"]}]},{"@type":"WebPage","@id":"https:\/\/eltrabajo.cl\/web\/delegado-provincial-asegura-que-aun-no-hay-fecha-para-desalojo-de-la-toma-de-san-felipe\/","url":"https:\/\/eltrabajo.cl\/web\/delegado-provincial-asegura-que-aun-no-hay-fecha-para-desalojo-de-la-toma-de-san-felipe\/","name":"Delegado provincial asegura que a\u00fan no hay fecha para desalojo de la Toma de San Felipe - Diario El Trabajo","isPartOf":{"@id":"https:\/\/eltrabajo.cl\/web\/#website"},"primaryImageOfPage":{"@id":"https:\/\/eltrabajo.cl\/web\/delegado-provincial-asegura-que-aun-no-hay-fecha-para-desalojo-de-la-toma-de-san-felipe\/#primaryimage"},"image":{"@id":"https:\/\/eltrabajo.cl\/web\/delegado-provincial-asegura-que-aun-no-hay-fecha-para-desalojo-de-la-toma-de-san-felipe\/#primaryimage"},"thumbnailUrl":"https:\/\/eltrabajo.cl\/web\/wp-content\/uploads\/2026\/09\/Toma-de-San-Felipe.jpg","datePublished":"2026-09-03T00:44:40+00:00","breadcrumb":{"@id":"https:\/\/eltrabajo.cl\/web\/delegado-provincial-asegura-que-aun-no-hay-fecha-para-desalojo-de-la-toma-de-san-felipe\/#breadcrumb"},"inLanguage":"es-CL","potentialAction":[{"@type":"ReadAction","target":["https:\/\/eltrabajo.cl\/web\/delegado-provincial-asegura-que-aun-no-hay-fecha-para-desalojo-de-la-toma-de-san-felipe\/"]}]},{"@type":"ImageObject","inLanguage":"es-CL","@id":"https:\/\/eltrabajo.cl\/web\/delegado-provincial-asegura-que-aun-no-hay-fecha-para-desalojo-de-la-toma-de-san-felipe\/#primaryimage","url":"https:\/\/eltrabajo.cl\/web\/wp-content\/uploads\/2026\/09\/Toma-de-San-Felipe.jpg","contentUrl":"https:\/\/eltrabajo.cl\/web\/wp-content\/uploads\/2026\/09\/Toma-de-San-Felipe.jpg","width":698,"height":381,"caption":"Delegado provincial descart\u00f3 fechas que aseguraban desalojo de la Toma (Imagen de archivo)."},{"@type":"BreadcrumbList","@id":"https:\/\/eltrabajo.cl\/web\/delegado-provincial-asegura-que-aun-no-hay-fecha-para-desalojo-de-la-toma-de-san-felipe\/#breadcrumb","itemListElement":[{"@type":"ListItem","position":1,"name":"Portada","item":"https:\/\/eltrabajo.cl\/web\/"},{"@type":"ListItem","position":2,"name":"Delegado provincial asegura que a\u00fan no hay fecha para desalojo de la Toma de San Felipe"}]},{"@type":"WebSite","@id":"https:\/\/eltrabajo.cl\/web\/#website","url":"https:\/\/eltrabajo.cl\/web\/","name":"Diario El Trabajo","description":"Desde 1929 construyendo Identidad Local","publisher":{"@id":"https:\/\/eltrabajo.cl\/web\/#organization"},"potentialAction":[{"@type":"SearchAction","target":{"@type":"EntryPoint","urlTemplate":"https:\/\/eltrabajo.cl\/web\/?s={search_term_string}"},"query-input":{"@type":"PropertyValueSpecification","valueRequired":true,"valueName":"search_term_string"}}],"inLanguage":"es-CL"},{"@type":"Organization","@id":"https:\/\/eltrabajo.cl\/web\/#organization","name":"Diario El Trabajo","url":"https:\/\/eltrabajo.cl\/web\/","logo":{"@type":"ImageObject","inLanguage":"es-CL","@id":"https:\/\/eltrabajo.cl\/web\/#\/schema\/logo\/image\/","url":"https:\/\/eltrabajo.cl\/web\/wp-content\/uploads\/2024\/06\/profile-image-ig-page-diarioeltrabajo.jpg","contentUrl":"https:\/\/eltrabajo.cl\/web\/wp-content\/uploads\/2024\/06\/profile-image-ig-page-diarioeltrabajo.jpg","width":823,"height":823,"caption":"Diario El Trabajo"},"image":{"@id":"https:\/\/eltrabajo.cl\/web\/#\/schema\/logo\/image\/"},"sameAs":["https:\/\/www.facebook.com\/ElTrabajoDiario","https:\/\/x.com\/diarioeltrabajo"]},{"@type":"Person","@id":"https:\/\/eltrabajo.cl\/web\/#\/schema\/person\/45efd3d17f86ec456e44dd7debe1bf19","name":"Diario El Trabajo","image":{"@type":"ImageObject","inLanguage":"es-CL","@id":"https:\/\/secure.gravatar.com\/avatar\/7e6ec277dc4aea2677c2dc301d4227957219329c985ab69a3efc12518b5161aa?s=96&d=mm&r=g","url":"https:\/\/secure.gravatar.com\/avatar\/7e6ec277dc4aea2677c2dc301d4227957219329c985ab69a3efc12518b5161aa?s=96&d=mm&r=g","contentUrl":"https:\/\/secure.gravatar.com\/avatar\/7e6ec277dc4aea2677c2dc301d4227957219329c985ab69a3efc12518b5161aa?s=96&d=mm&r=g","caption":"Diario El Trabajo"},"sameAs":["https:\/\/eltrabajo.cl\/web"],"url":"https:\/\/eltrabajo.cl\/web\/author\/diario-el-trabajo\/"}]}},"_links":{"self":[{"href":"https:\/\/eltrabajo.cl\/web\/wp-json\/wp\/v2\/posts\/146874","targetHints":{"allow":["GET"]}}],"collection":[{"href":"https:\/\/eltrabajo.cl\/web\/wp-json\/wp\/v2\/posts"}],"about":[{"href":"https:\/\/eltrabajo.cl\/web\/wp-json\/wp\/v2\/types\/post"}],"author":[{"embeddable":true,"href":"https:\/\/eltrabajo.cl\/web\/wp-json\/wp\/v2\/users\/1"}],"replies":[{"embeddable":true,"href":"https:\/\/eltrabajo.cl\/web\/wp-json\/wp\/v2\/comments?post=146874"}],"version-history":[{"count":1,"href":"https:\/\/eltrabajo.cl\/web\/wp-json\/wp\/v2\/posts\/146874\/revisions"}],"predecessor-version":[{"id":146876,"href":"https:\/\/eltrabajo.cl\/web\/wp-json\/wp\/v2\/posts\/146874\/revisions\/146876"}],"wp:featuredmedia":[{"embeddable":true,"href":"https:\/\/eltrabajo.cl\/web\/wp-json\/wp\/v2\/media\/146875"}],"wp:attachment":[{"href":"https:\/\/eltrabajo.cl\/web\/wp-json\/wp\/v2\/media?parent=146874"}],"wp:term":[{"taxonomy":"category","embeddable":true,"href":"https:\/\/eltrabajo.cl\/web\/wp-json\/wp\/v2\/categories?post=146874"},{"taxonomy":"post_tag","embeddable":true,"href":"https:\/\/eltrabajo.cl\/web\/wp-json\/wp\/v2\/tags?post=146874"}],"curies":[{"name":"wp","href":"https:\/\/api.w.org\/{rel}","templated":true}]}}