{"id":146877,"date":"2026-09-02T21:46:09","date_gmt":"2026-09-03T00:46:09","guid":{"rendered":"https:\/\/eltrabajo.cl\/web\/?p=146877"},"modified":"2026-09-02T21:46:09","modified_gmt":"2026-09-03T00:46:09","slug":"cantante-aconcaguino-obtiene-segundo-lugar-nacional-en-el-karaoke-world-championship-y-viajara-a-las-vegas","status":"publish","type":"post","link":"https:\/\/eltrabajo.cl\/web\/cantante-aconcaguino-obtiene-segundo-lugar-nacional-en-el-karaoke-world-championship-y-viajara-a-las-vegas\/","title":{"rendered":"Cantante aconcag\u00fcino obtiene segundo lugar nacional\u00a0en el Karaoke World Championship y viajar\u00e1 a Las Vegas"},"content":{"rendered":"<ul>\n<li><strong>El artista llaylla\u00edno suma, adem\u00e1s, diez premios obtenidos durante este a\u00f1o en concursos nacionales de la voz.-<\/strong><\/li>\n<\/ul>\n<p>Una nueva alegr\u00eda sum\u00f3 el cantante de Llay Llay, <strong>Edu Meneses<\/strong>, luego de conseguir el segundo lugar nacional en el <strong>Karaoke World Championship 2026<\/strong>, competencia que reuni\u00f3 a destacados exponentes de la voz y que tuvo su etapa nacional en Puc\u00f3n.<\/p>\n<p>El camino de Meneses comenz\u00f3 gracias a unos amigos de Puc\u00f3n, quienes lo inscribieron en el certamen. Desde entonces, fue avanzando en las distintas etapas hasta quedarse con el primer lugar en la competencia realizada en Enjoy Puc\u00f3n, resultado que le permiti\u00f3 obtener el cupo para disputar la instancia nacional.<\/p>\n<p>\u00ab<em>En total fueron cinco presentaciones y cada una fue una experiencia que me hizo crecer\u00bb<\/em>, coment\u00f3 el cantante, quien durante la competencia apost\u00f3 por demostrar versatilidad tanto vocal como esc\u00e9nica.<\/p>\n<p>Entre las canciones que interpret\u00f3 estuvieron \u2018En cambio no\u2019, de Laura Pausini; \u2018Unchained Melody\u2019; \u2018Como M\u00e9xico no hay dos\u2019 y \u2018Feeling Good\u2019. Seg\u00fan explic\u00f3, la elecci\u00f3n del repertorio fue fundamental para poder transmitir emociones y mostrar distintas facetas como int\u00e9rprete.<\/p>\n<p>\u00ab<em>Para m\u00ed, una canci\u00f3n no se trata solamente de cantarla correctamente. Tiene que existir una conexi\u00f3n con ella y con lo que uno quiere transmitir\u00bb<\/em>, se\u00f1al\u00f3.<\/p>\n<p>Finalmente, Edu Meneses alcanz\u00f3 el segundo lugar nacional, resultado que calific\u00f3 como un motivo de orgullo y una confirmaci\u00f3n de todo el trabajo realizado durante los \u00faltimos a\u00f1os.<\/p>\n<p>\u00ab<em>Significa much\u00edsimo y me llena de orgullo. Como lo dije en un post en redes sociales, pasar de la calle a las grandes ligas es algo que me llena el coraz\u00f3n\u00bb<\/em>, expres\u00f3.<\/p>\n<p>Pero la historia no termin\u00f3 con el segundo lugar. Tras finalizar la competencia, Meneses recibi\u00f3 una noticia que transform\u00f3 la celebraci\u00f3n en una nueva oportunidad: viajar\u00e1 en octubre a Las Vegas, Estados Unidos, para representar a Chile en la competencia internacional, gracias al auspicio recibido.<\/p>\n<p>\u00ab<em>Cuando <strong>Naya<\/strong> y <strong>Felipe<\/strong> me llaman a un lado y recib\u00ed la noticia de que tendr\u00eda la oportunidad de representar a Chile en Las Vegas igual gracias a su auspicio, sinceramente no sab\u00eda qu\u00e9 responder. Solo me dediqu\u00e9 a agradecerles\u00bb<\/em>, relat\u00f3.<\/p>\n<p>El artista llaylla\u00edno asegur\u00f3 que asumir\u00e1 este desaf\u00edo con una preparaci\u00f3n mucho m\u00e1s intensa, trabajando en el repertorio, interpretaci\u00f3n, puesta en escena, vestuario y todos los detalles necesarios para llegar a Estados Unidos con una propuesta de nivel internacional.<\/p>\n<p>\u00ab<em>Ahora comienza una etapa de preparaci\u00f3n mucho m\u00e1s intensa\u00bb<\/em>, explic\u00f3, agregando que tambi\u00e9n se encuentra realizando actividades para reunir recursos para el viaje. Entre ellas, adelant\u00f3 que pr\u00f3ximamente realizar\u00e1 un bingo en Llay Llay.<\/p>\n<p>Para Meneses, representar a su comuna y al Valle del Aconcagua en un escenario internacional tiene un significado especial. <em>\u00abEspero que muchas personas de nuestra zona puedan sentirse representadas y orgullosas, y demostrar que un artista callejero, desde una comuna peque\u00f1a como Llay Llay, tambi\u00e9n puede alcanzar escenarios internacionales\u00bb<\/em>, afirm\u00f3.<\/p>\n<p>A este importante logro se suma otro reciente reconocimiento. El s\u00e1bado pasado, Edu Meneses obtuvo el primer lugar en el Festival del Canto Popular Niebla 2026, realizado en Valdivia, alcanzando as\u00ed su d\u00e9cimo premio durante este a\u00f1o en concursos nacionales de la voz.<\/p>\n<p>Con estos resultados, el cantante llaylla\u00edno se prepara ahora para uno de los desaf\u00edos m\u00e1s importantes de su trayectoria: representar al pa\u00eds en el extranjero. <em>\u00abRepresentar a Chile en Las Vegas ya es un tremendo logro y un premio para m\u00ed. Si adem\u00e1s puedo conseguir un lugar destacado, ser\u00eda maravilloso. Pero mi objetivo principal es entregar mi mejor presentaci\u00f3n y volver a casa sabiendo que lo di todo y m\u00e1s sobre ese escenario\u00bb<\/em>, sostuvo.<\/p>\n<p>Finalmente, Meneses quiso agradecer a su familia, amigos, a las personas de Llay Llay, Puc\u00f3n y el Valle del Aconcagua que lo han acompa\u00f1ado, adem\u00e1s de quienes lo han apoyado econ\u00f3micamente durante sus presentaciones en la calle. <em>\u00abPapito Dios, que todo sea a tu voluntad. Los sue\u00f1os son para cumplirlos. Por eso persiste, resiste y nunca desistas\u00bb<\/em>, cerr\u00f3.<\/p>\n<figure id=\"attachment_146878\" aria-describedby=\"caption-attachment-146878\" style=\"width: 700px\" class=\"wp-caption alignnone\"><img loading=\"lazy\" decoding=\"async\" class=\"size-full wp-image-146878\" src=\"https:\/\/eltrabajo.cl\/web\/wp-content\/uploads\/2026\/09\/Edu-Meneses-1.jpg\" alt=\"Edu Meneses celebra su segundo lugar nacional en el Karaoke World Championship 2026, resultado que le permiti\u00f3 quedar entre los mejores exponentes del pa\u00eds.\" width=\"700\" height=\"491\" srcset=\"https:\/\/eltrabajo.cl\/web\/wp-content\/uploads\/2026\/09\/Edu-Meneses-1.jpg 700w, https:\/\/eltrabajo.cl\/web\/wp-content\/uploads\/2026\/09\/Edu-Meneses-1-300x210.jpg 300w, https:\/\/eltrabajo.cl\/web\/wp-content\/uploads\/2026\/09\/Edu-Meneses-1-599x420.jpg 599w, https:\/\/eltrabajo.cl\/web\/wp-content\/uploads\/2026\/09\/Edu-Meneses-1-150x105.jpg 150w, https:\/\/eltrabajo.cl\/web\/wp-content\/uploads\/2026\/09\/Edu-Meneses-1-696x488.jpg 696w\" sizes=\"auto, (max-width: 700px) 100vw, 700px\" \/><figcaption id=\"caption-attachment-146878\" class=\"wp-caption-text\">Edu Meneses celebra su segundo lugar nacional en el Karaoke World Championship 2026, resultado que le permiti\u00f3 quedar entre los mejores exponentes del pa\u00eds.<\/figcaption><\/figure>\n<figure id=\"attachment_146879\" aria-describedby=\"caption-attachment-146879\" style=\"width: 700px\" class=\"wp-caption alignnone\"><img loading=\"lazy\" decoding=\"async\" class=\"size-full wp-image-146879\" src=\"https:\/\/eltrabajo.cl\/web\/wp-content\/uploads\/2026\/09\/Edu-Meneses-2.jpg\" alt=\"El cantante llaylla\u00edno se prepara para representar a Chile en Las Vegas, llevando consigo el nombre de Llay Llay y el Valle del Aconcagua.\" width=\"700\" height=\"509\" srcset=\"https:\/\/eltrabajo.cl\/web\/wp-content\/uploads\/2026\/09\/Edu-Meneses-2.jpg 700w, https:\/\/eltrabajo.cl\/web\/wp-content\/uploads\/2026\/09\/Edu-Meneses-2-300x218.jpg 300w, https:\/\/eltrabajo.cl\/web\/wp-content\/uploads\/2026\/09\/Edu-Meneses-2-578x420.jpg 578w, https:\/\/eltrabajo.cl\/web\/wp-content\/uploads\/2026\/09\/Edu-Meneses-2-150x109.jpg 150w, https:\/\/eltrabajo.cl\/web\/wp-content\/uploads\/2026\/09\/Edu-Meneses-2-696x506.jpg 696w\" sizes=\"auto, (max-width: 700px) 100vw, 700px\" \/><figcaption id=\"caption-attachment-146879\" class=\"wp-caption-text\">El cantante llaylla\u00edno se prepara para representar a Chile en Las Vegas, llevando consigo el nombre de Llay Llay y el Valle del Aconcagua.<\/figcaption><\/figure>\n","protected":false},"excerpt":{"rendered":"<p>El artista llaylla\u00edno suma, adem\u00e1s, diez premios obtenidos durante este a\u00f1o en concursos nacionales de la voz.- Una nueva alegr\u00eda sum\u00f3 el cantante de Llay Llay, Edu Meneses, luego de conseguir el segundo lugar nacional en el Karaoke World Championship 2026, competencia que reuni\u00f3 a destacados exponentes de la voz y que tuvo su etapa [&hellip;]<\/p>\n","protected":false},"author":1,"featured_media":146878,"comment_status":"open","ping_status":"closed","sticky":false,"template":"","format":"standard","meta":{"footnotes":""},"categories":[4],"tags":[],"class_list":["post-146877","post","type-post","status-publish","format-standard","has-post-thumbnail","category-comunidad"],"yoast_head":"<!-- This site is optimized with the Yoast SEO plugin v28.4 - https:\/\/yoast.com\/product\/yoast-seo-wordpress\/ -->\n<title>Cantante aconcag\u00fcino obtiene segundo lugar nacional\u00a0en el Karaoke World Championship y viajar\u00e1 a Las Vegas - Diario El Trabajo<\/title>\n<meta name=\"robots\" content=\"index, follow, max-snippet:-1, max-image-preview:large, max-video-preview:-1\" \/>\n<link rel=\"canonical\" href=\"https:\/\/eltrabajo.cl\/web\/cantante-aconcaguino-obtiene-segundo-lugar-nacional-en-el-karaoke-world-championship-y-viajara-a-las-vegas\/\" \/>\n<meta property=\"og:locale\" content=\"es_ES\" \/>\n<meta property=\"og:type\" content=\"article\" \/>\n<meta property=\"og:title\" content=\"Cantante aconcag\u00fcino obtiene segundo lugar nacional\u00a0en el Karaoke World Championship y viajar\u00e1 a Las Vegas - Diario El Trabajo\" \/>\n<meta property=\"og:description\" content=\"El artista llaylla\u00edno suma, adem\u00e1s, diez premios obtenidos durante este a\u00f1o en concursos nacionales de la voz.- Una nueva alegr\u00eda sum\u00f3 el cantante de Llay Llay, Edu Meneses, luego de conseguir el segundo lugar nacional en el Karaoke World Championship 2026, competencia que reuni\u00f3 a destacados exponentes de la voz y que tuvo su etapa [&hellip;]\" \/>\n<meta property=\"og:url\" content=\"https:\/\/eltrabajo.cl\/web\/cantante-aconcaguino-obtiene-segundo-lugar-nacional-en-el-karaoke-world-championship-y-viajara-a-las-vegas\/\" \/>\n<meta property=\"og:site_name\" content=\"Diario El Trabajo\" \/>\n<meta property=\"article:publisher\" content=\"https:\/\/www.facebook.com\/ElTrabajoDiario\" \/>\n<meta property=\"article:published_time\" content=\"2026-09-03T00:46:09+00:00\" \/>\n<meta property=\"og:image\" content=\"https:\/\/eltrabajo.cl\/web\/wp-content\/uploads\/2026\/09\/Edu-Meneses-1.jpg\" \/>\n\t<meta property=\"og:image:width\" content=\"700\" \/>\n\t<meta property=\"og:image:height\" content=\"491\" \/>\n\t<meta property=\"og:image:type\" content=\"image\/jpeg\" \/>\n<meta name=\"author\" content=\"Diario El Trabajo\" \/>\n<meta name=\"twitter:card\" content=\"summary_large_image\" \/>\n<meta name=\"twitter:creator\" content=\"@diarioeltrabajo\" \/>\n<meta name=\"twitter:site\" content=\"@diarioeltrabajo\" \/>\n<meta name=\"twitter:label1\" content=\"Escrito por\" \/>\n\t<meta name=\"twitter:data1\" content=\"Diario El Trabajo\" \/>\n\t<meta name=\"twitter:label2\" content=\"Tiempo estimado de lectura\" \/>\n\t<meta name=\"twitter:data2\" content=\"4 minutos\" \/>\n<script type=\"application\/ld+json\" class=\"yoast-schema-graph\">{\"@context\":\"https:\\\/\\\/schema.org\",\"@graph\":[{\"@type\":\"Article\",\"@id\":\"https:\\\/\\\/eltrabajo.cl\\\/web\\\/cantante-aconcaguino-obtiene-segundo-lugar-nacional-en-el-karaoke-world-championship-y-viajara-a-las-vegas\\\/#article\",\"isPartOf\":{\"@id\":\"https:\\\/\\\/eltrabajo.cl\\\/web\\\/cantante-aconcaguino-obtiene-segundo-lugar-nacional-en-el-karaoke-world-championship-y-viajara-a-las-vegas\\\/\"},\"author\":{\"name\":\"Diario El Trabajo\",\"@id\":\"https:\\\/\\\/eltrabajo.cl\\\/web\\\/#\\\/schema\\\/person\\\/45efd3d17f86ec456e44dd7debe1bf19\"},\"headline\":\"Cantante aconcag\u00fcino obtiene segundo lugar nacional\u00a0en el Karaoke World Championship y viajar\u00e1 a Las Vegas\",\"datePublished\":\"2026-09-03T00:46:09+00:00\",\"mainEntityOfPage\":{\"@id\":\"https:\\\/\\\/eltrabajo.cl\\\/web\\\/cantante-aconcaguino-obtiene-segundo-lugar-nacional-en-el-karaoke-world-championship-y-viajara-a-las-vegas\\\/\"},\"wordCount\":776,\"commentCount\":0,\"publisher\":{\"@id\":\"https:\\\/\\\/eltrabajo.cl\\\/web\\\/#organization\"},\"image\":{\"@id\":\"https:\\\/\\\/eltrabajo.cl\\\/web\\\/cantante-aconcaguino-obtiene-segundo-lugar-nacional-en-el-karaoke-world-championship-y-viajara-a-las-vegas\\\/#primaryimage\"},\"thumbnailUrl\":\"https:\\\/\\\/eltrabajo.cl\\\/web\\\/wp-content\\\/uploads\\\/2026\\\/09\\\/Edu-Meneses-1.jpg\",\"articleSection\":[\"Comunidad\"],\"inLanguage\":\"es-CL\",\"potentialAction\":[{\"@type\":\"CommentAction\",\"name\":\"Comment\",\"target\":[\"https:\\\/\\\/eltrabajo.cl\\\/web\\\/cantante-aconcaguino-obtiene-segundo-lugar-nacional-en-el-karaoke-world-championship-y-viajara-a-las-vegas\\\/#respond\"]}]},{\"@type\":\"WebPage\",\"@id\":\"https:\\\/\\\/eltrabajo.cl\\\/web\\\/cantante-aconcaguino-obtiene-segundo-lugar-nacional-en-el-karaoke-world-championship-y-viajara-a-las-vegas\\\/\",\"url\":\"https:\\\/\\\/eltrabajo.cl\\\/web\\\/cantante-aconcaguino-obtiene-segundo-lugar-nacional-en-el-karaoke-world-championship-y-viajara-a-las-vegas\\\/\",\"name\":\"Cantante aconcag\u00fcino obtiene segundo lugar nacional\u00a0en el Karaoke World Championship y viajar\u00e1 a Las Vegas - Diario El Trabajo\",\"isPartOf\":{\"@id\":\"https:\\\/\\\/eltrabajo.cl\\\/web\\\/#website\"},\"primaryImageOfPage\":{\"@id\":\"https:\\\/\\\/eltrabajo.cl\\\/web\\\/cantante-aconcaguino-obtiene-segundo-lugar-nacional-en-el-karaoke-world-championship-y-viajara-a-las-vegas\\\/#primaryimage\"},\"image\":{\"@id\":\"https:\\\/\\\/eltrabajo.cl\\\/web\\\/cantante-aconcaguino-obtiene-segundo-lugar-nacional-en-el-karaoke-world-championship-y-viajara-a-las-vegas\\\/#primaryimage\"},\"thumbnailUrl\":\"https:\\\/\\\/eltrabajo.cl\\\/web\\\/wp-content\\\/uploads\\\/2026\\\/09\\\/Edu-Meneses-1.jpg\",\"datePublished\":\"2026-09-03T00:46:09+00:00\",\"breadcrumb\":{\"@id\":\"https:\\\/\\\/eltrabajo.cl\\\/web\\\/cantante-aconcaguino-obtiene-segundo-lugar-nacional-en-el-karaoke-world-championship-y-viajara-a-las-vegas\\\/#breadcrumb\"},\"inLanguage\":\"es-CL\",\"potentialAction\":[{\"@type\":\"ReadAction\",\"target\":[\"https:\\\/\\\/eltrabajo.cl\\\/web\\\/cantante-aconcaguino-obtiene-segundo-lugar-nacional-en-el-karaoke-world-championship-y-viajara-a-las-vegas\\\/\"]}]},{\"@type\":\"ImageObject\",\"inLanguage\":\"es-CL\",\"@id\":\"https:\\\/\\\/eltrabajo.cl\\\/web\\\/cantante-aconcaguino-obtiene-segundo-lugar-nacional-en-el-karaoke-world-championship-y-viajara-a-las-vegas\\\/#primaryimage\",\"url\":\"https:\\\/\\\/eltrabajo.cl\\\/web\\\/wp-content\\\/uploads\\\/2026\\\/09\\\/Edu-Meneses-1.jpg\",\"contentUrl\":\"https:\\\/\\\/eltrabajo.cl\\\/web\\\/wp-content\\\/uploads\\\/2026\\\/09\\\/Edu-Meneses-1.jpg\",\"width\":700,\"height\":491,\"caption\":\"Edu Meneses celebra su segundo lugar nacional en el Karaoke World Championship 2026, resultado que le permiti\u00f3 quedar entre los mejores exponentes del pa\u00eds.\"},{\"@type\":\"BreadcrumbList\",\"@id\":\"https:\\\/\\\/eltrabajo.cl\\\/web\\\/cantante-aconcaguino-obtiene-segundo-lugar-nacional-en-el-karaoke-world-championship-y-viajara-a-las-vegas\\\/#breadcrumb\",\"itemListElement\":[{\"@type\":\"ListItem\",\"position\":1,\"name\":\"Portada\",\"item\":\"https:\\\/\\\/eltrabajo.cl\\\/web\\\/\"},{\"@type\":\"ListItem\",\"position\":2,\"name\":\"Cantante aconcag\u00fcino obtiene segundo lugar nacional\u00a0en el Karaoke World Championship y viajar\u00e1 a Las Vegas\"}]},{\"@type\":\"WebSite\",\"@id\":\"https:\\\/\\\/eltrabajo.cl\\\/web\\\/#website\",\"url\":\"https:\\\/\\\/eltrabajo.cl\\\/web\\\/\",\"name\":\"Diario El Trabajo\",\"description\":\"Desde 1929 construyendo Identidad Local\",\"publisher\":{\"@id\":\"https:\\\/\\\/eltrabajo.cl\\\/web\\\/#organization\"},\"potentialAction\":[{\"@type\":\"SearchAction\",\"target\":{\"@type\":\"EntryPoint\",\"urlTemplate\":\"https:\\\/\\\/eltrabajo.cl\\\/web\\\/?s={search_term_string}\"},\"query-input\":{\"@type\":\"PropertyValueSpecification\",\"valueRequired\":true,\"valueName\":\"search_term_string\"}}],\"inLanguage\":\"es-CL\"},{\"@type\":\"Organization\",\"@id\":\"https:\\\/\\\/eltrabajo.cl\\\/web\\\/#organization\",\"name\":\"Diario El Trabajo\",\"url\":\"https:\\\/\\\/eltrabajo.cl\\\/web\\\/\",\"logo\":{\"@type\":\"ImageObject\",\"inLanguage\":\"es-CL\",\"@id\":\"https:\\\/\\\/eltrabajo.cl\\\/web\\\/#\\\/schema\\\/logo\\\/image\\\/\",\"url\":\"https:\\\/\\\/eltrabajo.cl\\\/web\\\/wp-content\\\/uploads\\\/2024\\\/06\\\/profile-image-ig-page-diarioeltrabajo.jpg\",\"contentUrl\":\"https:\\\/\\\/eltrabajo.cl\\\/web\\\/wp-content\\\/uploads\\\/2024\\\/06\\\/profile-image-ig-page-diarioeltrabajo.jpg\",\"width\":823,\"height\":823,\"caption\":\"Diario El Trabajo\"},\"image\":{\"@id\":\"https:\\\/\\\/eltrabajo.cl\\\/web\\\/#\\\/schema\\\/logo\\\/image\\\/\"},\"sameAs\":[\"https:\\\/\\\/www.facebook.com\\\/ElTrabajoDiario\",\"https:\\\/\\\/x.com\\\/diarioeltrabajo\"]},{\"@type\":\"Person\",\"@id\":\"https:\\\/\\\/eltrabajo.cl\\\/web\\\/#\\\/schema\\\/person\\\/45efd3d17f86ec456e44dd7debe1bf19\",\"name\":\"Diario El Trabajo\",\"image\":{\"@type\":\"ImageObject\",\"inLanguage\":\"es-CL\",\"@id\":\"https:\\\/\\\/secure.gravatar.com\\\/avatar\\\/7e6ec277dc4aea2677c2dc301d4227957219329c985ab69a3efc12518b5161aa?s=96&d=mm&r=g\",\"url\":\"https:\\\/\\\/secure.gravatar.com\\\/avatar\\\/7e6ec277dc4aea2677c2dc301d4227957219329c985ab69a3efc12518b5161aa?s=96&d=mm&r=g\",\"contentUrl\":\"https:\\\/\\\/secure.gravatar.com\\\/avatar\\\/7e6ec277dc4aea2677c2dc301d4227957219329c985ab69a3efc12518b5161aa?s=96&d=mm&r=g\",\"caption\":\"Diario El Trabajo\"},\"sameAs\":[\"https:\\\/\\\/eltrabajo.cl\\\/web\"],\"url\":\"https:\\\/\\\/eltrabajo.cl\\\/web\\\/author\\\/diario-el-trabajo\\\/\"}]}<\/script>\n<!-- \/ Yoast SEO plugin. -->","yoast_head_json":{"title":"Cantante aconcag\u00fcino obtiene segundo lugar nacional\u00a0en el Karaoke World Championship y viajar\u00e1 a Las Vegas - Diario El Trabajo","robots":{"index":"index","follow":"follow","max-snippet":"max-snippet:-1","max-image-preview":"max-image-preview:large","max-video-preview":"max-video-preview:-1"},"canonical":"https:\/\/eltrabajo.cl\/web\/cantante-aconcaguino-obtiene-segundo-lugar-nacional-en-el-karaoke-world-championship-y-viajara-a-las-vegas\/","og_locale":"es_ES","og_type":"article","og_title":"Cantante aconcag\u00fcino obtiene segundo lugar nacional\u00a0en el Karaoke World Championship y viajar\u00e1 a Las Vegas - Diario El Trabajo","og_description":"El artista llaylla\u00edno suma, adem\u00e1s, diez premios obtenidos durante este a\u00f1o en concursos nacionales de la voz.- Una nueva alegr\u00eda sum\u00f3 el cantante de Llay Llay, Edu Meneses, luego de conseguir el segundo lugar nacional en el Karaoke World Championship 2026, competencia que reuni\u00f3 a destacados exponentes de la voz y que tuvo su etapa [&hellip;]","og_url":"https:\/\/eltrabajo.cl\/web\/cantante-aconcaguino-obtiene-segundo-lugar-nacional-en-el-karaoke-world-championship-y-viajara-a-las-vegas\/","og_site_name":"Diario El Trabajo","article_publisher":"https:\/\/www.facebook.com\/ElTrabajoDiario","article_published_time":"2026-09-03T00:46:09+00:00","og_image":[{"width":700,"height":491,"url":"https:\/\/eltrabajo.cl\/web\/wp-content\/uploads\/2026\/09\/Edu-Meneses-1.jpg","type":"image\/jpeg"}],"author":"Diario El Trabajo","twitter_card":"summary_large_image","twitter_creator":"@diarioeltrabajo","twitter_site":"@diarioeltrabajo","twitter_misc":{"Escrito por":"Diario El Trabajo","Tiempo estimado de lectura":"4 minutos"},"schema":{"@context":"https:\/\/schema.org","@graph":[{"@type":"Article","@id":"https:\/\/eltrabajo.cl\/web\/cantante-aconcaguino-obtiene-segundo-lugar-nacional-en-el-karaoke-world-championship-y-viajara-a-las-vegas\/#article","isPartOf":{"@id":"https:\/\/eltrabajo.cl\/web\/cantante-aconcaguino-obtiene-segundo-lugar-nacional-en-el-karaoke-world-championship-y-viajara-a-las-vegas\/"},"author":{"name":"Diario El Trabajo","@id":"https:\/\/eltrabajo.cl\/web\/#\/schema\/person\/45efd3d17f86ec456e44dd7debe1bf19"},"headline":"Cantante aconcag\u00fcino obtiene segundo lugar nacional\u00a0en el Karaoke World Championship y viajar\u00e1 a Las Vegas","datePublished":"2026-09-03T00:46:09+00:00","mainEntityOfPage":{"@id":"https:\/\/eltrabajo.cl\/web\/cantante-aconcaguino-obtiene-segundo-lugar-nacional-en-el-karaoke-world-championship-y-viajara-a-las-vegas\/"},"wordCount":776,"commentCount":0,"publisher":{"@id":"https:\/\/eltrabajo.cl\/web\/#organization"},"image":{"@id":"https:\/\/eltrabajo.cl\/web\/cantante-aconcaguino-obtiene-segundo-lugar-nacional-en-el-karaoke-world-championship-y-viajara-a-las-vegas\/#primaryimage"},"thumbnailUrl":"https:\/\/eltrabajo.cl\/web\/wp-content\/uploads\/2026\/09\/Edu-Meneses-1.jpg","articleSection":["Comunidad"],"inLanguage":"es-CL","potentialAction":[{"@type":"CommentAction","name":"Comment","target":["https:\/\/eltrabajo.cl\/web\/cantante-aconcaguino-obtiene-segundo-lugar-nacional-en-el-karaoke-world-championship-y-viajara-a-las-vegas\/#respond"]}]},{"@type":"WebPage","@id":"https:\/\/eltrabajo.cl\/web\/cantante-aconcaguino-obtiene-segundo-lugar-nacional-en-el-karaoke-world-championship-y-viajara-a-las-vegas\/","url":"https:\/\/eltrabajo.cl\/web\/cantante-aconcaguino-obtiene-segundo-lugar-nacional-en-el-karaoke-world-championship-y-viajara-a-las-vegas\/","name":"Cantante aconcag\u00fcino obtiene segundo lugar nacional\u00a0en el Karaoke World Championship y viajar\u00e1 a Las Vegas - Diario El Trabajo","isPartOf":{"@id":"https:\/\/eltrabajo.cl\/web\/#website"},"primaryImageOfPage":{"@id":"https:\/\/eltrabajo.cl\/web\/cantante-aconcaguino-obtiene-segundo-lugar-nacional-en-el-karaoke-world-championship-y-viajara-a-las-vegas\/#primaryimage"},"image":{"@id":"https:\/\/eltrabajo.cl\/web\/cantante-aconcaguino-obtiene-segundo-lugar-nacional-en-el-karaoke-world-championship-y-viajara-a-las-vegas\/#primaryimage"},"thumbnailUrl":"https:\/\/eltrabajo.cl\/web\/wp-content\/uploads\/2026\/09\/Edu-Meneses-1.jpg","datePublished":"2026-09-03T00:46:09+00:00","breadcrumb":{"@id":"https:\/\/eltrabajo.cl\/web\/cantante-aconcaguino-obtiene-segundo-lugar-nacional-en-el-karaoke-world-championship-y-viajara-a-las-vegas\/#breadcrumb"},"inLanguage":"es-CL","potentialAction":[{"@type":"ReadAction","target":["https:\/\/eltrabajo.cl\/web\/cantante-aconcaguino-obtiene-segundo-lugar-nacional-en-el-karaoke-world-championship-y-viajara-a-las-vegas\/"]}]},{"@type":"ImageObject","inLanguage":"es-CL","@id":"https:\/\/eltrabajo.cl\/web\/cantante-aconcaguino-obtiene-segundo-lugar-nacional-en-el-karaoke-world-championship-y-viajara-a-las-vegas\/#primaryimage","url":"https:\/\/eltrabajo.cl\/web\/wp-content\/uploads\/2026\/09\/Edu-Meneses-1.jpg","contentUrl":"https:\/\/eltrabajo.cl\/web\/wp-content\/uploads\/2026\/09\/Edu-Meneses-1.jpg","width":700,"height":491,"caption":"Edu Meneses celebra su segundo lugar nacional en el Karaoke World Championship 2026, resultado que le permiti\u00f3 quedar entre los mejores exponentes del pa\u00eds."},{"@type":"BreadcrumbList","@id":"https:\/\/eltrabajo.cl\/web\/cantante-aconcaguino-obtiene-segundo-lugar-nacional-en-el-karaoke-world-championship-y-viajara-a-las-vegas\/#breadcrumb","itemListElement":[{"@type":"ListItem","position":1,"name":"Portada","item":"https:\/\/eltrabajo.cl\/web\/"},{"@type":"ListItem","position":2,"name":"Cantante aconcag\u00fcino obtiene segundo lugar nacional\u00a0en el Karaoke World Championship y viajar\u00e1 a Las Vegas"}]},{"@type":"WebSite","@id":"https:\/\/eltrabajo.cl\/web\/#website","url":"https:\/\/eltrabajo.cl\/web\/","name":"Diario El Trabajo","description":"Desde 1929 construyendo Identidad Local","publisher":{"@id":"https:\/\/eltrabajo.cl\/web\/#organization"},"potentialAction":[{"@type":"SearchAction","target":{"@type":"EntryPoint","urlTemplate":"https:\/\/eltrabajo.cl\/web\/?s={search_term_string}"},"query-input":{"@type":"PropertyValueSpecification","valueRequired":true,"valueName":"search_term_string"}}],"inLanguage":"es-CL"},{"@type":"Organization","@id":"https:\/\/eltrabajo.cl\/web\/#organization","name":"Diario El Trabajo","url":"https:\/\/eltrabajo.cl\/web\/","logo":{"@type":"ImageObject","inLanguage":"es-CL","@id":"https:\/\/eltrabajo.cl\/web\/#\/schema\/logo\/image\/","url":"https:\/\/eltrabajo.cl\/web\/wp-content\/uploads\/2024\/06\/profile-image-ig-page-diarioeltrabajo.jpg","contentUrl":"https:\/\/eltrabajo.cl\/web\/wp-content\/uploads\/2024\/06\/profile-image-ig-page-diarioeltrabajo.jpg","width":823,"height":823,"caption":"Diario El Trabajo"},"image":{"@id":"https:\/\/eltrabajo.cl\/web\/#\/schema\/logo\/image\/"},"sameAs":["https:\/\/www.facebook.com\/ElTrabajoDiario","https:\/\/x.com\/diarioeltrabajo"]},{"@type":"Person","@id":"https:\/\/eltrabajo.cl\/web\/#\/schema\/person\/45efd3d17f86ec456e44dd7debe1bf19","name":"Diario El Trabajo","image":{"@type":"ImageObject","inLanguage":"es-CL","@id":"https:\/\/secure.gravatar.com\/avatar\/7e6ec277dc4aea2677c2dc301d4227957219329c985ab69a3efc12518b5161aa?s=96&d=mm&r=g","url":"https:\/\/secure.gravatar.com\/avatar\/7e6ec277dc4aea2677c2dc301d4227957219329c985ab69a3efc12518b5161aa?s=96&d=mm&r=g","contentUrl":"https:\/\/secure.gravatar.com\/avatar\/7e6ec277dc4aea2677c2dc301d4227957219329c985ab69a3efc12518b5161aa?s=96&d=mm&r=g","caption":"Diario El Trabajo"},"sameAs":["https:\/\/eltrabajo.cl\/web"],"url":"https:\/\/eltrabajo.cl\/web\/author\/diario-el-trabajo\/"}]}},"_links":{"self":[{"href":"https:\/\/eltrabajo.cl\/web\/wp-json\/wp\/v2\/posts\/146877","targetHints":{"allow":["GET"]}}],"collection":[{"href":"https:\/\/eltrabajo.cl\/web\/wp-json\/wp\/v2\/posts"}],"about":[{"href":"https:\/\/eltrabajo.cl\/web\/wp-json\/wp\/v2\/types\/post"}],"author":[{"embeddable":true,"href":"https:\/\/eltrabajo.cl\/web\/wp-json\/wp\/v2\/users\/1"}],"replies":[{"embeddable":true,"href":"https:\/\/eltrabajo.cl\/web\/wp-json\/wp\/v2\/comments?post=146877"}],"version-history":[{"count":1,"href":"https:\/\/eltrabajo.cl\/web\/wp-json\/wp\/v2\/posts\/146877\/revisions"}],"predecessor-version":[{"id":146880,"href":"https:\/\/eltrabajo.cl\/web\/wp-json\/wp\/v2\/posts\/146877\/revisions\/146880"}],"wp:featuredmedia":[{"embeddable":true,"href":"https:\/\/eltrabajo.cl\/web\/wp-json\/wp\/v2\/media\/146878"}],"wp:attachment":[{"href":"https:\/\/eltrabajo.cl\/web\/wp-json\/wp\/v2\/media?parent=146877"}],"wp:term":[{"taxonomy":"category","embeddable":true,"href":"https:\/\/eltrabajo.cl\/web\/wp-json\/wp\/v2\/categories?post=146877"},{"taxonomy":"post_tag","embeddable":true,"href":"https:\/\/eltrabajo.cl\/web\/wp-json\/wp\/v2\/tags?post=146877"}],"curies":[{"name":"wp","href":"https:\/\/api.w.org\/{rel}","templated":true}]}}