{"id":146881,"date":"2026-09-02T21:47:14","date_gmt":"2026-09-03T00:47:14","guid":{"rendered":"https:\/\/eltrabajo.cl\/web\/?p=146881"},"modified":"2026-09-02T21:47:14","modified_gmt":"2026-09-03T00:47:14","slug":"conmocion-en-el-valle-por-muerte-de-querido-cirujano-dentista","status":"publish","type":"post","link":"https:\/\/eltrabajo.cl\/web\/conmocion-en-el-valle-por-muerte-de-querido-cirujano-dentista\/","title":{"rendered":"Conmoci\u00f3n en el valle por muerte de querido cirujano dentista"},"content":{"rendered":"<ul>\n<li><strong>Su funeral se realizar\u00e1 este jueves.-<\/strong><\/li>\n<\/ul>\n<p>Este martes 1 de septiembre, a la edad de 57 a\u00f1os, falleci\u00f3 el conocido vecino y dentista de Catemu, <strong>Egidio Cristi\u00e1n Delgado Fredes<\/strong>. La lamentable noticia fue dada a conocer \u2013sin revelar la causa- a trav\u00e9s de las redes sociales de la Municipalidad de Catemu.<\/p>\n<p>Al respecto, el alcalde <strong>Rodrigo D\u00edaz<\/strong> dijo a <strong>Diario El Trabajo<\/strong>, que el doctor era cinco a\u00f1os mayor que \u00e9l y como suele suceder en las comunas m\u00e1s peque\u00f1as, se conocieron de toda la vida: <em>\u00abMe toc\u00f3 viajar junto a \u00e9l cuando iba en el Instituto, unos cursos m\u00e1s arriba; era \u00e9l el que se hac\u00eda cargo de cuidar a los m\u00e1s chicos en la micro. De ah\u00ed en adelante que yo conoc\u00ed al doctor Egidio Cristi\u00e1n Delgado Fredes, quien falleci\u00f3 a los 57 a\u00f1os\u00bb<\/em>, se\u00f1al\u00f3.<\/p>\n<p>En esta l\u00ednea, agreg\u00f3 que la comunidad entera de Catemu est\u00e1 muy conmovida, <em>\u00abporque ejerci\u00f3 profesionalmente ac\u00e1, en San Felipe, en Llay Llay. Un tipo que siempre estaba dispuesto a darle posibilidades de pago o a no cobrar derechamente, si sabe que no puede pagar. De verdad que es una p\u00e9rdida, un tipo que ayud\u00f3 a mucha gente an\u00f3nimamente, yo me enter\u00e9 porque frecuent\u00e1bamos al mismo c\u00edrculo de amigos, entonces, yo me daba cuenta de c\u00f3mo \u00e9l iba ayudando y nadie sab\u00eda, pero lo hab\u00eda hecho<\/em>.<\/p>\n<p>\u00ab<em>Cuando parten estas personas siempre es un motivo de dolor, pensar en las familias, en todos los deudos que dejan, pero tambi\u00e9n son p\u00e9rdidas para las comunas nuestras, que insisto, aqu\u00ed la mayor\u00eda nos conocemos. Hoy d\u00eda lo \u00fanico que espero, es que la comunidad le vaya a dar un \u00faltimo adi\u00f3s al doctor Delgado que much\u00edsimo nos dio en vida\u00bb<\/em>, indic\u00f3 el jefe comunal.<\/p>\n<p>El alcalde de Catemu record\u00f3 que el doctor Delgado fue uno de los primeros que entraron a las Universidades P\u00fablicas por la puerta grande <em>\u00abdespu\u00e9s de dar esa PAA (Prueba de Aptitud Acad\u00e9mica) que era tan compleja, el entr\u00f3 a la Universidad de Chile, que hoy d\u00eda es la U. de Valpo; en ese tiempo todav\u00eda era la \u2018U\u2019. Cuando ingres\u00f3 siempre hizo una carrera muy desatacada como profesional, un tipo muy inteligente, conversador, gozador, comunitario\u00bb<\/em>, culmin\u00f3 el edil.<\/p>\n<p>&nbsp;<\/p>\n<p><strong>SU HISTORIA<\/strong><\/p>\n<p>El medio catemino \u2018<strong>Aqu\u00edCatemu.cl<\/strong>\u2019 cont\u00f3 que Egidio Cristi\u00e1n Delgado Fredes estudi\u00f3 en la ex Escuela E-88 de Catemu y posteriormente en el Instituto Abd\u00f3n Cifuentes (IAC) de San Felipe. M\u00e1s tarde, ingres\u00f3 a la carrera de Odontolog\u00eda de la Universidad de Valpara\u00edso, donde se titul\u00f3 como cirujano dentista.<\/p>\n<p>Adem\u00e1s, estuvo ligado al deporte comunal, desempe\u00f1\u00e1ndose como entrenador de f\u00fatbol en los clubes Arco Iris y Santa Rosa de Catemu. En las elecciones municipales de 2024, particip\u00f3 como candidato a concejal por la comuna.<\/p>\n<p>Su velatorio se realizar\u00e1 en el Sal\u00f3n Parroquial de Catemu, mientras que su funeral se efectuar\u00e1 hoy jueves 3 de septiembre en horario por confirmar.<\/p>\n<figure id=\"attachment_146882\" aria-describedby=\"caption-attachment-146882\" style=\"width: 699px\" class=\"wp-caption alignnone\"><img loading=\"lazy\" decoding=\"async\" class=\"size-full wp-image-146882\" src=\"https:\/\/eltrabajo.cl\/web\/wp-content\/uploads\/2026\/09\/cirujano.jpg\" alt=\"El doctor Egidio Delgado Fredes, quien muri\u00f3 a los 57 a\u00f1os de edad (Aqu\u00edCatemu.cl).\" width=\"699\" height=\"503\" srcset=\"https:\/\/eltrabajo.cl\/web\/wp-content\/uploads\/2026\/09\/cirujano.jpg 699w, https:\/\/eltrabajo.cl\/web\/wp-content\/uploads\/2026\/09\/cirujano-300x216.jpg 300w, https:\/\/eltrabajo.cl\/web\/wp-content\/uploads\/2026\/09\/cirujano-584x420.jpg 584w, https:\/\/eltrabajo.cl\/web\/wp-content\/uploads\/2026\/09\/cirujano-150x108.jpg 150w, https:\/\/eltrabajo.cl\/web\/wp-content\/uploads\/2026\/09\/cirujano-696x501.jpg 696w\" sizes=\"auto, (max-width: 699px) 100vw, 699px\" \/><figcaption id=\"caption-attachment-146882\" class=\"wp-caption-text\">El doctor Egidio Delgado Fredes, quien muri\u00f3 a los 57 a\u00f1os de edad (Imagen: Aqu\u00edCatemu.cl).<\/figcaption><\/figure>\n","protected":false},"excerpt":{"rendered":"<p>Su funeral se realizar\u00e1 este jueves.- Este martes 1 de septiembre, a la edad de 57 a\u00f1os, falleci\u00f3 el conocido vecino y dentista de Catemu, Egidio Cristi\u00e1n Delgado Fredes. La lamentable noticia fue dada a conocer \u2013sin revelar la causa- a trav\u00e9s de las redes sociales de la Municipalidad de Catemu. Al respecto, el alcalde [&hellip;]<\/p>\n","protected":false},"author":1,"featured_media":146882,"comment_status":"open","ping_status":"closed","sticky":false,"template":"","format":"standard","meta":{"footnotes":""},"categories":[4],"tags":[],"class_list":["post-146881","post","type-post","status-publish","format-standard","has-post-thumbnail","category-comunidad"],"yoast_head":"<!-- This site is optimized with the Yoast SEO plugin v28.4 - https:\/\/yoast.com\/product\/yoast-seo-wordpress\/ -->\n<title>Conmoci\u00f3n en el valle por muerte de querido cirujano dentista - Diario El Trabajo<\/title>\n<meta name=\"robots\" content=\"index, follow, max-snippet:-1, max-image-preview:large, max-video-preview:-1\" \/>\n<link rel=\"canonical\" href=\"https:\/\/eltrabajo.cl\/web\/conmocion-en-el-valle-por-muerte-de-querido-cirujano-dentista\/\" \/>\n<meta property=\"og:locale\" content=\"es_ES\" \/>\n<meta property=\"og:type\" content=\"article\" \/>\n<meta property=\"og:title\" content=\"Conmoci\u00f3n en el valle por muerte de querido cirujano dentista - Diario El Trabajo\" \/>\n<meta property=\"og:description\" content=\"Su funeral se realizar\u00e1 este jueves.- Este martes 1 de septiembre, a la edad de 57 a\u00f1os, falleci\u00f3 el conocido vecino y dentista de Catemu, Egidio Cristi\u00e1n Delgado Fredes. La lamentable noticia fue dada a conocer \u2013sin revelar la causa- a trav\u00e9s de las redes sociales de la Municipalidad de Catemu. Al respecto, el alcalde [&hellip;]\" \/>\n<meta property=\"og:url\" content=\"https:\/\/eltrabajo.cl\/web\/conmocion-en-el-valle-por-muerte-de-querido-cirujano-dentista\/\" \/>\n<meta property=\"og:site_name\" content=\"Diario El Trabajo\" \/>\n<meta property=\"article:publisher\" content=\"https:\/\/www.facebook.com\/ElTrabajoDiario\" \/>\n<meta property=\"article:published_time\" content=\"2026-09-03T00:47:14+00:00\" \/>\n<meta property=\"og:image\" content=\"https:\/\/eltrabajo.cl\/web\/wp-content\/uploads\/2026\/09\/cirujano.jpg\" \/>\n\t<meta property=\"og:image:width\" content=\"699\" \/>\n\t<meta property=\"og:image:height\" content=\"503\" \/>\n\t<meta property=\"og:image:type\" content=\"image\/jpeg\" \/>\n<meta name=\"author\" content=\"Diario El Trabajo\" \/>\n<meta name=\"twitter:card\" content=\"summary_large_image\" \/>\n<meta name=\"twitter:creator\" content=\"@diarioeltrabajo\" \/>\n<meta name=\"twitter:site\" content=\"@diarioeltrabajo\" \/>\n<meta name=\"twitter:label1\" content=\"Escrito por\" \/>\n\t<meta name=\"twitter:data1\" content=\"Diario El Trabajo\" \/>\n\t<meta name=\"twitter:label2\" content=\"Tiempo estimado de lectura\" \/>\n\t<meta name=\"twitter:data2\" content=\"3 minutos\" \/>\n<script type=\"application\/ld+json\" class=\"yoast-schema-graph\">{\"@context\":\"https:\\\/\\\/schema.org\",\"@graph\":[{\"@type\":\"Article\",\"@id\":\"https:\\\/\\\/eltrabajo.cl\\\/web\\\/conmocion-en-el-valle-por-muerte-de-querido-cirujano-dentista\\\/#article\",\"isPartOf\":{\"@id\":\"https:\\\/\\\/eltrabajo.cl\\\/web\\\/conmocion-en-el-valle-por-muerte-de-querido-cirujano-dentista\\\/\"},\"author\":{\"name\":\"Diario El Trabajo\",\"@id\":\"https:\\\/\\\/eltrabajo.cl\\\/web\\\/#\\\/schema\\\/person\\\/45efd3d17f86ec456e44dd7debe1bf19\"},\"headline\":\"Conmoci\u00f3n en el valle por muerte de querido cirujano dentista\",\"datePublished\":\"2026-09-03T00:47:14+00:00\",\"mainEntityOfPage\":{\"@id\":\"https:\\\/\\\/eltrabajo.cl\\\/web\\\/conmocion-en-el-valle-por-muerte-de-querido-cirujano-dentista\\\/\"},\"wordCount\":552,\"commentCount\":0,\"publisher\":{\"@id\":\"https:\\\/\\\/eltrabajo.cl\\\/web\\\/#organization\"},\"image\":{\"@id\":\"https:\\\/\\\/eltrabajo.cl\\\/web\\\/conmocion-en-el-valle-por-muerte-de-querido-cirujano-dentista\\\/#primaryimage\"},\"thumbnailUrl\":\"https:\\\/\\\/eltrabajo.cl\\\/web\\\/wp-content\\\/uploads\\\/2026\\\/09\\\/cirujano.jpg\",\"articleSection\":[\"Comunidad\"],\"inLanguage\":\"es-CL\",\"potentialAction\":[{\"@type\":\"CommentAction\",\"name\":\"Comment\",\"target\":[\"https:\\\/\\\/eltrabajo.cl\\\/web\\\/conmocion-en-el-valle-por-muerte-de-querido-cirujano-dentista\\\/#respond\"]}]},{\"@type\":\"WebPage\",\"@id\":\"https:\\\/\\\/eltrabajo.cl\\\/web\\\/conmocion-en-el-valle-por-muerte-de-querido-cirujano-dentista\\\/\",\"url\":\"https:\\\/\\\/eltrabajo.cl\\\/web\\\/conmocion-en-el-valle-por-muerte-de-querido-cirujano-dentista\\\/\",\"name\":\"Conmoci\u00f3n en el valle por muerte de querido cirujano dentista - Diario El Trabajo\",\"isPartOf\":{\"@id\":\"https:\\\/\\\/eltrabajo.cl\\\/web\\\/#website\"},\"primaryImageOfPage\":{\"@id\":\"https:\\\/\\\/eltrabajo.cl\\\/web\\\/conmocion-en-el-valle-por-muerte-de-querido-cirujano-dentista\\\/#primaryimage\"},\"image\":{\"@id\":\"https:\\\/\\\/eltrabajo.cl\\\/web\\\/conmocion-en-el-valle-por-muerte-de-querido-cirujano-dentista\\\/#primaryimage\"},\"thumbnailUrl\":\"https:\\\/\\\/eltrabajo.cl\\\/web\\\/wp-content\\\/uploads\\\/2026\\\/09\\\/cirujano.jpg\",\"datePublished\":\"2026-09-03T00:47:14+00:00\",\"breadcrumb\":{\"@id\":\"https:\\\/\\\/eltrabajo.cl\\\/web\\\/conmocion-en-el-valle-por-muerte-de-querido-cirujano-dentista\\\/#breadcrumb\"},\"inLanguage\":\"es-CL\",\"potentialAction\":[{\"@type\":\"ReadAction\",\"target\":[\"https:\\\/\\\/eltrabajo.cl\\\/web\\\/conmocion-en-el-valle-por-muerte-de-querido-cirujano-dentista\\\/\"]}]},{\"@type\":\"ImageObject\",\"inLanguage\":\"es-CL\",\"@id\":\"https:\\\/\\\/eltrabajo.cl\\\/web\\\/conmocion-en-el-valle-por-muerte-de-querido-cirujano-dentista\\\/#primaryimage\",\"url\":\"https:\\\/\\\/eltrabajo.cl\\\/web\\\/wp-content\\\/uploads\\\/2026\\\/09\\\/cirujano.jpg\",\"contentUrl\":\"https:\\\/\\\/eltrabajo.cl\\\/web\\\/wp-content\\\/uploads\\\/2026\\\/09\\\/cirujano.jpg\",\"width\":699,\"height\":503,\"caption\":\"El doctor Egidio Delgado Fredes, quien muri\u00f3 a los 57 a\u00f1os de edad (Aqu\u00edCatemu.cl).\"},{\"@type\":\"BreadcrumbList\",\"@id\":\"https:\\\/\\\/eltrabajo.cl\\\/web\\\/conmocion-en-el-valle-por-muerte-de-querido-cirujano-dentista\\\/#breadcrumb\",\"itemListElement\":[{\"@type\":\"ListItem\",\"position\":1,\"name\":\"Portada\",\"item\":\"https:\\\/\\\/eltrabajo.cl\\\/web\\\/\"},{\"@type\":\"ListItem\",\"position\":2,\"name\":\"Conmoci\u00f3n en el valle por muerte de querido cirujano dentista\"}]},{\"@type\":\"WebSite\",\"@id\":\"https:\\\/\\\/eltrabajo.cl\\\/web\\\/#website\",\"url\":\"https:\\\/\\\/eltrabajo.cl\\\/web\\\/\",\"name\":\"Diario El Trabajo\",\"description\":\"Desde 1929 construyendo Identidad Local\",\"publisher\":{\"@id\":\"https:\\\/\\\/eltrabajo.cl\\\/web\\\/#organization\"},\"potentialAction\":[{\"@type\":\"SearchAction\",\"target\":{\"@type\":\"EntryPoint\",\"urlTemplate\":\"https:\\\/\\\/eltrabajo.cl\\\/web\\\/?s={search_term_string}\"},\"query-input\":{\"@type\":\"PropertyValueSpecification\",\"valueRequired\":true,\"valueName\":\"search_term_string\"}}],\"inLanguage\":\"es-CL\"},{\"@type\":\"Organization\",\"@id\":\"https:\\\/\\\/eltrabajo.cl\\\/web\\\/#organization\",\"name\":\"Diario El Trabajo\",\"url\":\"https:\\\/\\\/eltrabajo.cl\\\/web\\\/\",\"logo\":{\"@type\":\"ImageObject\",\"inLanguage\":\"es-CL\",\"@id\":\"https:\\\/\\\/eltrabajo.cl\\\/web\\\/#\\\/schema\\\/logo\\\/image\\\/\",\"url\":\"https:\\\/\\\/eltrabajo.cl\\\/web\\\/wp-content\\\/uploads\\\/2024\\\/06\\\/profile-image-ig-page-diarioeltrabajo.jpg\",\"contentUrl\":\"https:\\\/\\\/eltrabajo.cl\\\/web\\\/wp-content\\\/uploads\\\/2024\\\/06\\\/profile-image-ig-page-diarioeltrabajo.jpg\",\"width\":823,\"height\":823,\"caption\":\"Diario El Trabajo\"},\"image\":{\"@id\":\"https:\\\/\\\/eltrabajo.cl\\\/web\\\/#\\\/schema\\\/logo\\\/image\\\/\"},\"sameAs\":[\"https:\\\/\\\/www.facebook.com\\\/ElTrabajoDiario\",\"https:\\\/\\\/x.com\\\/diarioeltrabajo\"]},{\"@type\":\"Person\",\"@id\":\"https:\\\/\\\/eltrabajo.cl\\\/web\\\/#\\\/schema\\\/person\\\/45efd3d17f86ec456e44dd7debe1bf19\",\"name\":\"Diario El Trabajo\",\"image\":{\"@type\":\"ImageObject\",\"inLanguage\":\"es-CL\",\"@id\":\"https:\\\/\\\/secure.gravatar.com\\\/avatar\\\/7e6ec277dc4aea2677c2dc301d4227957219329c985ab69a3efc12518b5161aa?s=96&d=mm&r=g\",\"url\":\"https:\\\/\\\/secure.gravatar.com\\\/avatar\\\/7e6ec277dc4aea2677c2dc301d4227957219329c985ab69a3efc12518b5161aa?s=96&d=mm&r=g\",\"contentUrl\":\"https:\\\/\\\/secure.gravatar.com\\\/avatar\\\/7e6ec277dc4aea2677c2dc301d4227957219329c985ab69a3efc12518b5161aa?s=96&d=mm&r=g\",\"caption\":\"Diario El Trabajo\"},\"sameAs\":[\"https:\\\/\\\/eltrabajo.cl\\\/web\"],\"url\":\"https:\\\/\\\/eltrabajo.cl\\\/web\\\/author\\\/diario-el-trabajo\\\/\"}]}<\/script>\n<!-- \/ Yoast SEO plugin. -->","yoast_head_json":{"title":"Conmoci\u00f3n en el valle por muerte de querido cirujano dentista - Diario El Trabajo","robots":{"index":"index","follow":"follow","max-snippet":"max-snippet:-1","max-image-preview":"max-image-preview:large","max-video-preview":"max-video-preview:-1"},"canonical":"https:\/\/eltrabajo.cl\/web\/conmocion-en-el-valle-por-muerte-de-querido-cirujano-dentista\/","og_locale":"es_ES","og_type":"article","og_title":"Conmoci\u00f3n en el valle por muerte de querido cirujano dentista - Diario El Trabajo","og_description":"Su funeral se realizar\u00e1 este jueves.- Este martes 1 de septiembre, a la edad de 57 a\u00f1os, falleci\u00f3 el conocido vecino y dentista de Catemu, Egidio Cristi\u00e1n Delgado Fredes. La lamentable noticia fue dada a conocer \u2013sin revelar la causa- a trav\u00e9s de las redes sociales de la Municipalidad de Catemu. Al respecto, el alcalde [&hellip;]","og_url":"https:\/\/eltrabajo.cl\/web\/conmocion-en-el-valle-por-muerte-de-querido-cirujano-dentista\/","og_site_name":"Diario El Trabajo","article_publisher":"https:\/\/www.facebook.com\/ElTrabajoDiario","article_published_time":"2026-09-03T00:47:14+00:00","og_image":[{"width":699,"height":503,"url":"https:\/\/eltrabajo.cl\/web\/wp-content\/uploads\/2026\/09\/cirujano.jpg","type":"image\/jpeg"}],"author":"Diario El Trabajo","twitter_card":"summary_large_image","twitter_creator":"@diarioeltrabajo","twitter_site":"@diarioeltrabajo","twitter_misc":{"Escrito por":"Diario El Trabajo","Tiempo estimado de lectura":"3 minutos"},"schema":{"@context":"https:\/\/schema.org","@graph":[{"@type":"Article","@id":"https:\/\/eltrabajo.cl\/web\/conmocion-en-el-valle-por-muerte-de-querido-cirujano-dentista\/#article","isPartOf":{"@id":"https:\/\/eltrabajo.cl\/web\/conmocion-en-el-valle-por-muerte-de-querido-cirujano-dentista\/"},"author":{"name":"Diario El Trabajo","@id":"https:\/\/eltrabajo.cl\/web\/#\/schema\/person\/45efd3d17f86ec456e44dd7debe1bf19"},"headline":"Conmoci\u00f3n en el valle por muerte de querido cirujano dentista","datePublished":"2026-09-03T00:47:14+00:00","mainEntityOfPage":{"@id":"https:\/\/eltrabajo.cl\/web\/conmocion-en-el-valle-por-muerte-de-querido-cirujano-dentista\/"},"wordCount":552,"commentCount":0,"publisher":{"@id":"https:\/\/eltrabajo.cl\/web\/#organization"},"image":{"@id":"https:\/\/eltrabajo.cl\/web\/conmocion-en-el-valle-por-muerte-de-querido-cirujano-dentista\/#primaryimage"},"thumbnailUrl":"https:\/\/eltrabajo.cl\/web\/wp-content\/uploads\/2026\/09\/cirujano.jpg","articleSection":["Comunidad"],"inLanguage":"es-CL","potentialAction":[{"@type":"CommentAction","name":"Comment","target":["https:\/\/eltrabajo.cl\/web\/conmocion-en-el-valle-por-muerte-de-querido-cirujano-dentista\/#respond"]}]},{"@type":"WebPage","@id":"https:\/\/eltrabajo.cl\/web\/conmocion-en-el-valle-por-muerte-de-querido-cirujano-dentista\/","url":"https:\/\/eltrabajo.cl\/web\/conmocion-en-el-valle-por-muerte-de-querido-cirujano-dentista\/","name":"Conmoci\u00f3n en el valle por muerte de querido cirujano dentista - Diario El Trabajo","isPartOf":{"@id":"https:\/\/eltrabajo.cl\/web\/#website"},"primaryImageOfPage":{"@id":"https:\/\/eltrabajo.cl\/web\/conmocion-en-el-valle-por-muerte-de-querido-cirujano-dentista\/#primaryimage"},"image":{"@id":"https:\/\/eltrabajo.cl\/web\/conmocion-en-el-valle-por-muerte-de-querido-cirujano-dentista\/#primaryimage"},"thumbnailUrl":"https:\/\/eltrabajo.cl\/web\/wp-content\/uploads\/2026\/09\/cirujano.jpg","datePublished":"2026-09-03T00:47:14+00:00","breadcrumb":{"@id":"https:\/\/eltrabajo.cl\/web\/conmocion-en-el-valle-por-muerte-de-querido-cirujano-dentista\/#breadcrumb"},"inLanguage":"es-CL","potentialAction":[{"@type":"ReadAction","target":["https:\/\/eltrabajo.cl\/web\/conmocion-en-el-valle-por-muerte-de-querido-cirujano-dentista\/"]}]},{"@type":"ImageObject","inLanguage":"es-CL","@id":"https:\/\/eltrabajo.cl\/web\/conmocion-en-el-valle-por-muerte-de-querido-cirujano-dentista\/#primaryimage","url":"https:\/\/eltrabajo.cl\/web\/wp-content\/uploads\/2026\/09\/cirujano.jpg","contentUrl":"https:\/\/eltrabajo.cl\/web\/wp-content\/uploads\/2026\/09\/cirujano.jpg","width":699,"height":503,"caption":"El doctor Egidio Delgado Fredes, quien muri\u00f3 a los 57 a\u00f1os de edad (Aqu\u00edCatemu.cl)."},{"@type":"BreadcrumbList","@id":"https:\/\/eltrabajo.cl\/web\/conmocion-en-el-valle-por-muerte-de-querido-cirujano-dentista\/#breadcrumb","itemListElement":[{"@type":"ListItem","position":1,"name":"Portada","item":"https:\/\/eltrabajo.cl\/web\/"},{"@type":"ListItem","position":2,"name":"Conmoci\u00f3n en el valle por muerte de querido cirujano dentista"}]},{"@type":"WebSite","@id":"https:\/\/eltrabajo.cl\/web\/#website","url":"https:\/\/eltrabajo.cl\/web\/","name":"Diario El Trabajo","description":"Desde 1929 construyendo Identidad Local","publisher":{"@id":"https:\/\/eltrabajo.cl\/web\/#organization"},"potentialAction":[{"@type":"SearchAction","target":{"@type":"EntryPoint","urlTemplate":"https:\/\/eltrabajo.cl\/web\/?s={search_term_string}"},"query-input":{"@type":"PropertyValueSpecification","valueRequired":true,"valueName":"search_term_string"}}],"inLanguage":"es-CL"},{"@type":"Organization","@id":"https:\/\/eltrabajo.cl\/web\/#organization","name":"Diario El Trabajo","url":"https:\/\/eltrabajo.cl\/web\/","logo":{"@type":"ImageObject","inLanguage":"es-CL","@id":"https:\/\/eltrabajo.cl\/web\/#\/schema\/logo\/image\/","url":"https:\/\/eltrabajo.cl\/web\/wp-content\/uploads\/2024\/06\/profile-image-ig-page-diarioeltrabajo.jpg","contentUrl":"https:\/\/eltrabajo.cl\/web\/wp-content\/uploads\/2024\/06\/profile-image-ig-page-diarioeltrabajo.jpg","width":823,"height":823,"caption":"Diario El Trabajo"},"image":{"@id":"https:\/\/eltrabajo.cl\/web\/#\/schema\/logo\/image\/"},"sameAs":["https:\/\/www.facebook.com\/ElTrabajoDiario","https:\/\/x.com\/diarioeltrabajo"]},{"@type":"Person","@id":"https:\/\/eltrabajo.cl\/web\/#\/schema\/person\/45efd3d17f86ec456e44dd7debe1bf19","name":"Diario El Trabajo","image":{"@type":"ImageObject","inLanguage":"es-CL","@id":"https:\/\/secure.gravatar.com\/avatar\/7e6ec277dc4aea2677c2dc301d4227957219329c985ab69a3efc12518b5161aa?s=96&d=mm&r=g","url":"https:\/\/secure.gravatar.com\/avatar\/7e6ec277dc4aea2677c2dc301d4227957219329c985ab69a3efc12518b5161aa?s=96&d=mm&r=g","contentUrl":"https:\/\/secure.gravatar.com\/avatar\/7e6ec277dc4aea2677c2dc301d4227957219329c985ab69a3efc12518b5161aa?s=96&d=mm&r=g","caption":"Diario El Trabajo"},"sameAs":["https:\/\/eltrabajo.cl\/web"],"url":"https:\/\/eltrabajo.cl\/web\/author\/diario-el-trabajo\/"}]}},"_links":{"self":[{"href":"https:\/\/eltrabajo.cl\/web\/wp-json\/wp\/v2\/posts\/146881","targetHints":{"allow":["GET"]}}],"collection":[{"href":"https:\/\/eltrabajo.cl\/web\/wp-json\/wp\/v2\/posts"}],"about":[{"href":"https:\/\/eltrabajo.cl\/web\/wp-json\/wp\/v2\/types\/post"}],"author":[{"embeddable":true,"href":"https:\/\/eltrabajo.cl\/web\/wp-json\/wp\/v2\/users\/1"}],"replies":[{"embeddable":true,"href":"https:\/\/eltrabajo.cl\/web\/wp-json\/wp\/v2\/comments?post=146881"}],"version-history":[{"count":1,"href":"https:\/\/eltrabajo.cl\/web\/wp-json\/wp\/v2\/posts\/146881\/revisions"}],"predecessor-version":[{"id":146883,"href":"https:\/\/eltrabajo.cl\/web\/wp-json\/wp\/v2\/posts\/146881\/revisions\/146883"}],"wp:featuredmedia":[{"embeddable":true,"href":"https:\/\/eltrabajo.cl\/web\/wp-json\/wp\/v2\/media\/146882"}],"wp:attachment":[{"href":"https:\/\/eltrabajo.cl\/web\/wp-json\/wp\/v2\/media?parent=146881"}],"wp:term":[{"taxonomy":"category","embeddable":true,"href":"https:\/\/eltrabajo.cl\/web\/wp-json\/wp\/v2\/categories?post=146881"},{"taxonomy":"post_tag","embeddable":true,"href":"https:\/\/eltrabajo.cl\/web\/wp-json\/wp\/v2\/tags?post=146881"}],"curies":[{"name":"wp","href":"https:\/\/api.w.org\/{rel}","templated":true}]}}