{"id":146892,"date":"2026-09-03T22:35:35","date_gmt":"2026-09-04T01:35:35","guid":{"rendered":"https:\/\/eltrabajo.cl\/web\/?p=146892"},"modified":"2026-09-03T22:35:35","modified_gmt":"2026-09-04T01:35:35","slug":"docente-aconcaguino-y-columnista-de-diario-el-trabajo-en-homenaje-a-gabriela-mistral","status":"publish","type":"post","link":"https:\/\/eltrabajo.cl\/web\/docente-aconcaguino-y-columnista-de-diario-el-trabajo-en-homenaje-a-gabriela-mistral\/","title":{"rendered":"Docente aconcaguino y columnista de Diario El Trabajo en homenaje a Gabriela Mistral"},"content":{"rendered":"<p><span style=\"color: #ff0000;\">Concurso Nacional \u2018Letras Magisteriales\u2019:<\/span><\/p>\n<ul>\n<li><strong>Jos\u00e9 Alonso Vargas Aguilera fue incluido en el libro compilatorio \u2018Letras Magisteriales: Gabriela Mistral\u2019, publicaci\u00f3n oficial que re\u00fane a 30 profesores de todo el pa\u00eds.-<\/strong><\/li>\n<\/ul>\n<p>El profesor santamariano y columnista de Diario El Trabajo, <strong>Jos\u00e9 Alonso Vargas Aguilera<\/strong>, ha sido distinguido con la inclusi\u00f3n de un cuento de su autor\u00eda en un libro en homenaje a Gabriela Mistral, luego de participar en un concurso nacional organizado por el Colegio de Profesores.<\/p>\n<p>Se trata del concurso \u2018Letras Magisteriales\u2019, organizado por el Magisterio para celebrar el 80\u00ba aniversario del premio Nobel recibido por <strong>Gabriela Mistral<\/strong>, la primera mujer Latinoamericana en obtenerlo.<\/p>\n<p>Fueron miles de profesores de todo el pa\u00eds quienes escribieron un poema, micro cuento o cuento asociado a Gabriela Mistral. Tambi\u00e9n se buscaba obtener relatos reales de aula, que de una u otra forma mostraran algo del diario vivir en las salas de clases a los lectores. Fue as\u00ed como nace la idea de Jos\u00e9 Vargas de postular con su cuento \u2018De la oscuridad a la Luz\u2019, obra que narra la historia de <strong>Diego<\/strong>, un exalumno de escuela c\u00e1rcel a quien le ense\u00f1\u00f3 a leer y escribir.<\/p>\n<p>Seg\u00fan indic\u00f3 el propio Jos\u00e9 Vargas, <em>\u00abel Ministerio de Artes y Cultura de Chile nos pidi\u00f3 permiso y la autorizaci\u00f3n para que nuestras obras fueran incluidas en este libro, somos 30 profesores de todo nuestro pa\u00eds, para as\u00ed dar vida a este tan bello homenaje. Creo que es una honra muy grande ser elegido para este proyecto, ser parte de homenajear a una \u2018grande\u2019 de nuestro pa\u00eds, de nuestra historia en la humanidad. Saber que est\u00e1s en la historia de tu pa\u00eds y asociado con alguien que te contaron y te ense\u00f1aron en las escuelas\u2026 eso no tiene valor aqu\u00ed en la tierra\u00bb. <\/em><\/p>\n<p>\u00abEste cuento, y el libro propiamente tal, quedar\u00e1n en la historia de nuestro pa\u00eds, puesto que es una edici\u00f3n in\u00e9dita, pero llena del esp\u00edritu de Gabriela Mistral. Queda este homenaje y escritos, como un coraz\u00f3n que sigue latiendo fuerte, pues nuestra poetisa fue muy importante en aquellos a\u00f1os, y a\u00fan lo es, peleando por los derechos de las mujeres, de los ni\u00f1os y ayudar para que las personas pudieran estudiar en a\u00f1os que para todos no era posible.<\/p>\n<p>\u00abLamentablemente algo caracter\u00edstico del ser humano es que no reconocemos y distinguimos a nuestra gente, pero si lo hacen otras personas, de otros lugares o pa\u00edses. Gabriela Mistral en 1922 lider\u00f3 la reforma del sistema educativo mexicano. Y eso es una de tantas acciones de nuestra poetisa.<\/p>\n<p>\u00abTengo un pedacito de historia que contar a las nuevas generaciones y a mis hijos y nietos\u2026 que un d\u00eda una mujer tan importante para este mundo, que entreg\u00f3 valores y educaci\u00f3n, a\u00fan despu\u00e9s de su muerte sigue \u2018viva\u2019 y yo soy parte de su voz que a\u00fan sigue ense\u00f1ando despu\u00e9s de tantos a\u00f1os\u00bb, concluy\u00f3 el docente.<\/p>\n<p>La ceremonia de lanzamiento del libro se desarroll\u00f3 durante agosto pasado en distintas regiones del pa\u00eds, incluyendo presentaciones en La Serena, Coquimbo y en la Casa del Maestro, en Santiago Centro.<\/p>\n<figure id=\"attachment_146893\" aria-describedby=\"caption-attachment-146893\" style=\"width: 698px\" class=\"wp-caption alignnone\"><img loading=\"lazy\" decoding=\"async\" class=\"size-full wp-image-146893\" src=\"https:\/\/eltrabajo.cl\/web\/wp-content\/uploads\/2026\/09\/jose-vargas-2.jpg\" alt=\"Junto a otros docentes, exhibiendo con orgullo su merecido diploma.\" width=\"698\" height=\"456\" srcset=\"https:\/\/eltrabajo.cl\/web\/wp-content\/uploads\/2026\/09\/jose-vargas-2.jpg 698w, https:\/\/eltrabajo.cl\/web\/wp-content\/uploads\/2026\/09\/jose-vargas-2-300x196.jpg 300w, https:\/\/eltrabajo.cl\/web\/wp-content\/uploads\/2026\/09\/jose-vargas-2-643x420.jpg 643w, https:\/\/eltrabajo.cl\/web\/wp-content\/uploads\/2026\/09\/jose-vargas-2-150x98.jpg 150w, https:\/\/eltrabajo.cl\/web\/wp-content\/uploads\/2026\/09\/jose-vargas-2-696x455.jpg 696w\" sizes=\"auto, (max-width: 698px) 100vw, 698px\" \/><figcaption id=\"caption-attachment-146893\" class=\"wp-caption-text\">Junto a otros docentes, exhibiendo con orgullo su merecido diploma.<\/figcaption><\/figure>\n<figure id=\"attachment_146894\" aria-describedby=\"caption-attachment-146894\" style=\"width: 700px\" class=\"wp-caption alignnone\"><img loading=\"lazy\" decoding=\"async\" class=\"size-full wp-image-146894\" src=\"https:\/\/eltrabajo.cl\/web\/wp-content\/uploads\/2026\/09\/jose-vargas-1.jpg\" alt=\"Profesor aconcag\u00fcino Jos\u00e9 Vargas, fue incluido en el libro compilatorio en homenaje a Gabriela Mistral.\" width=\"700\" height=\"483\" srcset=\"https:\/\/eltrabajo.cl\/web\/wp-content\/uploads\/2026\/09\/jose-vargas-1.jpg 700w, https:\/\/eltrabajo.cl\/web\/wp-content\/uploads\/2026\/09\/jose-vargas-1-300x207.jpg 300w, https:\/\/eltrabajo.cl\/web\/wp-content\/uploads\/2026\/09\/jose-vargas-1-609x420.jpg 609w, https:\/\/eltrabajo.cl\/web\/wp-content\/uploads\/2026\/09\/jose-vargas-1-150x104.jpg 150w, https:\/\/eltrabajo.cl\/web\/wp-content\/uploads\/2026\/09\/jose-vargas-1-218x150.jpg 218w, https:\/\/eltrabajo.cl\/web\/wp-content\/uploads\/2026\/09\/jose-vargas-1-696x480.jpg 696w\" sizes=\"auto, (max-width: 700px) 100vw, 700px\" \/><figcaption id=\"caption-attachment-146894\" class=\"wp-caption-text\">Profesor aconcag\u00fcino Jos\u00e9 Vargas, fue incluido en el libro compilatorio en homenaje a Gabriela Mistral.<\/figcaption><\/figure>\n","protected":false},"excerpt":{"rendered":"<p>Concurso Nacional \u2018Letras Magisteriales\u2019: Jos\u00e9 Alonso Vargas Aguilera fue incluido en el libro compilatorio \u2018Letras Magisteriales: Gabriela Mistral\u2019, publicaci\u00f3n oficial que re\u00fane a 30 profesores de todo el pa\u00eds.- El profesor santamariano y columnista de Diario El Trabajo, Jos\u00e9 Alonso Vargas Aguilera, ha sido distinguido con la inclusi\u00f3n de un cuento de su autor\u00eda en [&hellip;]<\/p>\n","protected":false},"author":1,"featured_media":146894,"comment_status":"open","ping_status":"closed","sticky":false,"template":"","format":"standard","meta":{"footnotes":""},"categories":[4],"tags":[],"class_list":["post-146892","post","type-post","status-publish","format-standard","has-post-thumbnail","category-comunidad"],"yoast_head":"<!-- This site is optimized with the Yoast SEO plugin v28.4 - https:\/\/yoast.com\/product\/yoast-seo-wordpress\/ -->\n<title>Docente aconcaguino y columnista de Diario El Trabajo en homenaje a Gabriela Mistral - Diario El Trabajo<\/title>\n<meta name=\"robots\" content=\"index, follow, max-snippet:-1, max-image-preview:large, max-video-preview:-1\" \/>\n<link rel=\"canonical\" href=\"https:\/\/eltrabajo.cl\/web\/docente-aconcaguino-y-columnista-de-diario-el-trabajo-en-homenaje-a-gabriela-mistral\/\" \/>\n<meta property=\"og:locale\" content=\"es_ES\" \/>\n<meta property=\"og:type\" content=\"article\" \/>\n<meta property=\"og:title\" content=\"Docente aconcaguino y columnista de Diario El Trabajo en homenaje a Gabriela Mistral - Diario El Trabajo\" \/>\n<meta property=\"og:description\" content=\"Concurso Nacional \u2018Letras Magisteriales\u2019: Jos\u00e9 Alonso Vargas Aguilera fue incluido en el libro compilatorio \u2018Letras Magisteriales: Gabriela Mistral\u2019, publicaci\u00f3n oficial que re\u00fane a 30 profesores de todo el pa\u00eds.- El profesor santamariano y columnista de Diario El Trabajo, Jos\u00e9 Alonso Vargas Aguilera, ha sido distinguido con la inclusi\u00f3n de un cuento de su autor\u00eda en [&hellip;]\" \/>\n<meta property=\"og:url\" content=\"https:\/\/eltrabajo.cl\/web\/docente-aconcaguino-y-columnista-de-diario-el-trabajo-en-homenaje-a-gabriela-mistral\/\" \/>\n<meta property=\"og:site_name\" content=\"Diario El Trabajo\" \/>\n<meta property=\"article:publisher\" content=\"https:\/\/www.facebook.com\/ElTrabajoDiario\" \/>\n<meta property=\"article:published_time\" content=\"2026-09-04T01:35:35+00:00\" \/>\n<meta property=\"og:image\" content=\"https:\/\/eltrabajo.cl\/web\/wp-content\/uploads\/2026\/09\/jose-vargas-1.jpg\" \/>\n\t<meta property=\"og:image:width\" content=\"700\" \/>\n\t<meta property=\"og:image:height\" content=\"483\" \/>\n\t<meta property=\"og:image:type\" content=\"image\/jpeg\" \/>\n<meta name=\"author\" content=\"Diario El Trabajo\" \/>\n<meta name=\"twitter:card\" content=\"summary_large_image\" \/>\n<meta name=\"twitter:creator\" content=\"@diarioeltrabajo\" \/>\n<meta name=\"twitter:site\" content=\"@diarioeltrabajo\" \/>\n<meta name=\"twitter:label1\" content=\"Escrito por\" \/>\n\t<meta name=\"twitter:data1\" content=\"Diario El Trabajo\" \/>\n\t<meta name=\"twitter:label2\" content=\"Tiempo estimado de lectura\" \/>\n\t<meta name=\"twitter:data2\" content=\"4 minutos\" \/>\n<script type=\"application\/ld+json\" class=\"yoast-schema-graph\">{\"@context\":\"https:\\\/\\\/schema.org\",\"@graph\":[{\"@type\":\"Article\",\"@id\":\"https:\\\/\\\/eltrabajo.cl\\\/web\\\/docente-aconcaguino-y-columnista-de-diario-el-trabajo-en-homenaje-a-gabriela-mistral\\\/#article\",\"isPartOf\":{\"@id\":\"https:\\\/\\\/eltrabajo.cl\\\/web\\\/docente-aconcaguino-y-columnista-de-diario-el-trabajo-en-homenaje-a-gabriela-mistral\\\/\"},\"author\":{\"name\":\"Diario El Trabajo\",\"@id\":\"https:\\\/\\\/eltrabajo.cl\\\/web\\\/#\\\/schema\\\/person\\\/45efd3d17f86ec456e44dd7debe1bf19\"},\"headline\":\"Docente aconcaguino y columnista de Diario El Trabajo en homenaje a Gabriela Mistral\",\"datePublished\":\"2026-09-04T01:35:35+00:00\",\"mainEntityOfPage\":{\"@id\":\"https:\\\/\\\/eltrabajo.cl\\\/web\\\/docente-aconcaguino-y-columnista-de-diario-el-trabajo-en-homenaje-a-gabriela-mistral\\\/\"},\"wordCount\":592,\"commentCount\":0,\"publisher\":{\"@id\":\"https:\\\/\\\/eltrabajo.cl\\\/web\\\/#organization\"},\"image\":{\"@id\":\"https:\\\/\\\/eltrabajo.cl\\\/web\\\/docente-aconcaguino-y-columnista-de-diario-el-trabajo-en-homenaje-a-gabriela-mistral\\\/#primaryimage\"},\"thumbnailUrl\":\"https:\\\/\\\/eltrabajo.cl\\\/web\\\/wp-content\\\/uploads\\\/2026\\\/09\\\/jose-vargas-1.jpg\",\"articleSection\":[\"Comunidad\"],\"inLanguage\":\"es-CL\",\"potentialAction\":[{\"@type\":\"CommentAction\",\"name\":\"Comment\",\"target\":[\"https:\\\/\\\/eltrabajo.cl\\\/web\\\/docente-aconcaguino-y-columnista-de-diario-el-trabajo-en-homenaje-a-gabriela-mistral\\\/#respond\"]}]},{\"@type\":\"WebPage\",\"@id\":\"https:\\\/\\\/eltrabajo.cl\\\/web\\\/docente-aconcaguino-y-columnista-de-diario-el-trabajo-en-homenaje-a-gabriela-mistral\\\/\",\"url\":\"https:\\\/\\\/eltrabajo.cl\\\/web\\\/docente-aconcaguino-y-columnista-de-diario-el-trabajo-en-homenaje-a-gabriela-mistral\\\/\",\"name\":\"Docente aconcaguino y columnista de Diario El Trabajo en homenaje a Gabriela Mistral - Diario El Trabajo\",\"isPartOf\":{\"@id\":\"https:\\\/\\\/eltrabajo.cl\\\/web\\\/#website\"},\"primaryImageOfPage\":{\"@id\":\"https:\\\/\\\/eltrabajo.cl\\\/web\\\/docente-aconcaguino-y-columnista-de-diario-el-trabajo-en-homenaje-a-gabriela-mistral\\\/#primaryimage\"},\"image\":{\"@id\":\"https:\\\/\\\/eltrabajo.cl\\\/web\\\/docente-aconcaguino-y-columnista-de-diario-el-trabajo-en-homenaje-a-gabriela-mistral\\\/#primaryimage\"},\"thumbnailUrl\":\"https:\\\/\\\/eltrabajo.cl\\\/web\\\/wp-content\\\/uploads\\\/2026\\\/09\\\/jose-vargas-1.jpg\",\"datePublished\":\"2026-09-04T01:35:35+00:00\",\"breadcrumb\":{\"@id\":\"https:\\\/\\\/eltrabajo.cl\\\/web\\\/docente-aconcaguino-y-columnista-de-diario-el-trabajo-en-homenaje-a-gabriela-mistral\\\/#breadcrumb\"},\"inLanguage\":\"es-CL\",\"potentialAction\":[{\"@type\":\"ReadAction\",\"target\":[\"https:\\\/\\\/eltrabajo.cl\\\/web\\\/docente-aconcaguino-y-columnista-de-diario-el-trabajo-en-homenaje-a-gabriela-mistral\\\/\"]}]},{\"@type\":\"ImageObject\",\"inLanguage\":\"es-CL\",\"@id\":\"https:\\\/\\\/eltrabajo.cl\\\/web\\\/docente-aconcaguino-y-columnista-de-diario-el-trabajo-en-homenaje-a-gabriela-mistral\\\/#primaryimage\",\"url\":\"https:\\\/\\\/eltrabajo.cl\\\/web\\\/wp-content\\\/uploads\\\/2026\\\/09\\\/jose-vargas-1.jpg\",\"contentUrl\":\"https:\\\/\\\/eltrabajo.cl\\\/web\\\/wp-content\\\/uploads\\\/2026\\\/09\\\/jose-vargas-1.jpg\",\"width\":700,\"height\":483,\"caption\":\"Profesor aconcag\u00fcino Jos\u00e9 Vargas, fue incluido en el libro compilatorio en homenaje a Gabriela Mistral.\"},{\"@type\":\"BreadcrumbList\",\"@id\":\"https:\\\/\\\/eltrabajo.cl\\\/web\\\/docente-aconcaguino-y-columnista-de-diario-el-trabajo-en-homenaje-a-gabriela-mistral\\\/#breadcrumb\",\"itemListElement\":[{\"@type\":\"ListItem\",\"position\":1,\"name\":\"Portada\",\"item\":\"https:\\\/\\\/eltrabajo.cl\\\/web\\\/\"},{\"@type\":\"ListItem\",\"position\":2,\"name\":\"Docente aconcaguino y columnista de Diario El Trabajo en homenaje a Gabriela Mistral\"}]},{\"@type\":\"WebSite\",\"@id\":\"https:\\\/\\\/eltrabajo.cl\\\/web\\\/#website\",\"url\":\"https:\\\/\\\/eltrabajo.cl\\\/web\\\/\",\"name\":\"Diario El Trabajo\",\"description\":\"Desde 1929 construyendo Identidad Local\",\"publisher\":{\"@id\":\"https:\\\/\\\/eltrabajo.cl\\\/web\\\/#organization\"},\"potentialAction\":[{\"@type\":\"SearchAction\",\"target\":{\"@type\":\"EntryPoint\",\"urlTemplate\":\"https:\\\/\\\/eltrabajo.cl\\\/web\\\/?s={search_term_string}\"},\"query-input\":{\"@type\":\"PropertyValueSpecification\",\"valueRequired\":true,\"valueName\":\"search_term_string\"}}],\"inLanguage\":\"es-CL\"},{\"@type\":\"Organization\",\"@id\":\"https:\\\/\\\/eltrabajo.cl\\\/web\\\/#organization\",\"name\":\"Diario El Trabajo\",\"url\":\"https:\\\/\\\/eltrabajo.cl\\\/web\\\/\",\"logo\":{\"@type\":\"ImageObject\",\"inLanguage\":\"es-CL\",\"@id\":\"https:\\\/\\\/eltrabajo.cl\\\/web\\\/#\\\/schema\\\/logo\\\/image\\\/\",\"url\":\"https:\\\/\\\/eltrabajo.cl\\\/web\\\/wp-content\\\/uploads\\\/2024\\\/06\\\/profile-image-ig-page-diarioeltrabajo.jpg\",\"contentUrl\":\"https:\\\/\\\/eltrabajo.cl\\\/web\\\/wp-content\\\/uploads\\\/2024\\\/06\\\/profile-image-ig-page-diarioeltrabajo.jpg\",\"width\":823,\"height\":823,\"caption\":\"Diario El Trabajo\"},\"image\":{\"@id\":\"https:\\\/\\\/eltrabajo.cl\\\/web\\\/#\\\/schema\\\/logo\\\/image\\\/\"},\"sameAs\":[\"https:\\\/\\\/www.facebook.com\\\/ElTrabajoDiario\",\"https:\\\/\\\/x.com\\\/diarioeltrabajo\"]},{\"@type\":\"Person\",\"@id\":\"https:\\\/\\\/eltrabajo.cl\\\/web\\\/#\\\/schema\\\/person\\\/45efd3d17f86ec456e44dd7debe1bf19\",\"name\":\"Diario El Trabajo\",\"image\":{\"@type\":\"ImageObject\",\"inLanguage\":\"es-CL\",\"@id\":\"https:\\\/\\\/secure.gravatar.com\\\/avatar\\\/7e6ec277dc4aea2677c2dc301d4227957219329c985ab69a3efc12518b5161aa?s=96&d=mm&r=g\",\"url\":\"https:\\\/\\\/secure.gravatar.com\\\/avatar\\\/7e6ec277dc4aea2677c2dc301d4227957219329c985ab69a3efc12518b5161aa?s=96&d=mm&r=g\",\"contentUrl\":\"https:\\\/\\\/secure.gravatar.com\\\/avatar\\\/7e6ec277dc4aea2677c2dc301d4227957219329c985ab69a3efc12518b5161aa?s=96&d=mm&r=g\",\"caption\":\"Diario El Trabajo\"},\"sameAs\":[\"https:\\\/\\\/eltrabajo.cl\\\/web\"],\"url\":\"https:\\\/\\\/eltrabajo.cl\\\/web\\\/author\\\/diario-el-trabajo\\\/\"}]}<\/script>\n<!-- \/ Yoast SEO plugin. -->","yoast_head_json":{"title":"Docente aconcaguino y columnista de Diario El Trabajo en homenaje a Gabriela Mistral - Diario El Trabajo","robots":{"index":"index","follow":"follow","max-snippet":"max-snippet:-1","max-image-preview":"max-image-preview:large","max-video-preview":"max-video-preview:-1"},"canonical":"https:\/\/eltrabajo.cl\/web\/docente-aconcaguino-y-columnista-de-diario-el-trabajo-en-homenaje-a-gabriela-mistral\/","og_locale":"es_ES","og_type":"article","og_title":"Docente aconcaguino y columnista de Diario El Trabajo en homenaje a Gabriela Mistral - Diario El Trabajo","og_description":"Concurso Nacional \u2018Letras Magisteriales\u2019: Jos\u00e9 Alonso Vargas Aguilera fue incluido en el libro compilatorio \u2018Letras Magisteriales: Gabriela Mistral\u2019, publicaci\u00f3n oficial que re\u00fane a 30 profesores de todo el pa\u00eds.- El profesor santamariano y columnista de Diario El Trabajo, Jos\u00e9 Alonso Vargas Aguilera, ha sido distinguido con la inclusi\u00f3n de un cuento de su autor\u00eda en [&hellip;]","og_url":"https:\/\/eltrabajo.cl\/web\/docente-aconcaguino-y-columnista-de-diario-el-trabajo-en-homenaje-a-gabriela-mistral\/","og_site_name":"Diario El Trabajo","article_publisher":"https:\/\/www.facebook.com\/ElTrabajoDiario","article_published_time":"2026-09-04T01:35:35+00:00","og_image":[{"width":700,"height":483,"url":"https:\/\/eltrabajo.cl\/web\/wp-content\/uploads\/2026\/09\/jose-vargas-1.jpg","type":"image\/jpeg"}],"author":"Diario El Trabajo","twitter_card":"summary_large_image","twitter_creator":"@diarioeltrabajo","twitter_site":"@diarioeltrabajo","twitter_misc":{"Escrito por":"Diario El Trabajo","Tiempo estimado de lectura":"4 minutos"},"schema":{"@context":"https:\/\/schema.org","@graph":[{"@type":"Article","@id":"https:\/\/eltrabajo.cl\/web\/docente-aconcaguino-y-columnista-de-diario-el-trabajo-en-homenaje-a-gabriela-mistral\/#article","isPartOf":{"@id":"https:\/\/eltrabajo.cl\/web\/docente-aconcaguino-y-columnista-de-diario-el-trabajo-en-homenaje-a-gabriela-mistral\/"},"author":{"name":"Diario El Trabajo","@id":"https:\/\/eltrabajo.cl\/web\/#\/schema\/person\/45efd3d17f86ec456e44dd7debe1bf19"},"headline":"Docente aconcaguino y columnista de Diario El Trabajo en homenaje a Gabriela Mistral","datePublished":"2026-09-04T01:35:35+00:00","mainEntityOfPage":{"@id":"https:\/\/eltrabajo.cl\/web\/docente-aconcaguino-y-columnista-de-diario-el-trabajo-en-homenaje-a-gabriela-mistral\/"},"wordCount":592,"commentCount":0,"publisher":{"@id":"https:\/\/eltrabajo.cl\/web\/#organization"},"image":{"@id":"https:\/\/eltrabajo.cl\/web\/docente-aconcaguino-y-columnista-de-diario-el-trabajo-en-homenaje-a-gabriela-mistral\/#primaryimage"},"thumbnailUrl":"https:\/\/eltrabajo.cl\/web\/wp-content\/uploads\/2026\/09\/jose-vargas-1.jpg","articleSection":["Comunidad"],"inLanguage":"es-CL","potentialAction":[{"@type":"CommentAction","name":"Comment","target":["https:\/\/eltrabajo.cl\/web\/docente-aconcaguino-y-columnista-de-diario-el-trabajo-en-homenaje-a-gabriela-mistral\/#respond"]}]},{"@type":"WebPage","@id":"https:\/\/eltrabajo.cl\/web\/docente-aconcaguino-y-columnista-de-diario-el-trabajo-en-homenaje-a-gabriela-mistral\/","url":"https:\/\/eltrabajo.cl\/web\/docente-aconcaguino-y-columnista-de-diario-el-trabajo-en-homenaje-a-gabriela-mistral\/","name":"Docente aconcaguino y columnista de Diario El Trabajo en homenaje a Gabriela Mistral - Diario El Trabajo","isPartOf":{"@id":"https:\/\/eltrabajo.cl\/web\/#website"},"primaryImageOfPage":{"@id":"https:\/\/eltrabajo.cl\/web\/docente-aconcaguino-y-columnista-de-diario-el-trabajo-en-homenaje-a-gabriela-mistral\/#primaryimage"},"image":{"@id":"https:\/\/eltrabajo.cl\/web\/docente-aconcaguino-y-columnista-de-diario-el-trabajo-en-homenaje-a-gabriela-mistral\/#primaryimage"},"thumbnailUrl":"https:\/\/eltrabajo.cl\/web\/wp-content\/uploads\/2026\/09\/jose-vargas-1.jpg","datePublished":"2026-09-04T01:35:35+00:00","breadcrumb":{"@id":"https:\/\/eltrabajo.cl\/web\/docente-aconcaguino-y-columnista-de-diario-el-trabajo-en-homenaje-a-gabriela-mistral\/#breadcrumb"},"inLanguage":"es-CL","potentialAction":[{"@type":"ReadAction","target":["https:\/\/eltrabajo.cl\/web\/docente-aconcaguino-y-columnista-de-diario-el-trabajo-en-homenaje-a-gabriela-mistral\/"]}]},{"@type":"ImageObject","inLanguage":"es-CL","@id":"https:\/\/eltrabajo.cl\/web\/docente-aconcaguino-y-columnista-de-diario-el-trabajo-en-homenaje-a-gabriela-mistral\/#primaryimage","url":"https:\/\/eltrabajo.cl\/web\/wp-content\/uploads\/2026\/09\/jose-vargas-1.jpg","contentUrl":"https:\/\/eltrabajo.cl\/web\/wp-content\/uploads\/2026\/09\/jose-vargas-1.jpg","width":700,"height":483,"caption":"Profesor aconcag\u00fcino Jos\u00e9 Vargas, fue incluido en el libro compilatorio en homenaje a Gabriela Mistral."},{"@type":"BreadcrumbList","@id":"https:\/\/eltrabajo.cl\/web\/docente-aconcaguino-y-columnista-de-diario-el-trabajo-en-homenaje-a-gabriela-mistral\/#breadcrumb","itemListElement":[{"@type":"ListItem","position":1,"name":"Portada","item":"https:\/\/eltrabajo.cl\/web\/"},{"@type":"ListItem","position":2,"name":"Docente aconcaguino y columnista de Diario El Trabajo en homenaje a Gabriela Mistral"}]},{"@type":"WebSite","@id":"https:\/\/eltrabajo.cl\/web\/#website","url":"https:\/\/eltrabajo.cl\/web\/","name":"Diario El Trabajo","description":"Desde 1929 construyendo Identidad Local","publisher":{"@id":"https:\/\/eltrabajo.cl\/web\/#organization"},"potentialAction":[{"@type":"SearchAction","target":{"@type":"EntryPoint","urlTemplate":"https:\/\/eltrabajo.cl\/web\/?s={search_term_string}"},"query-input":{"@type":"PropertyValueSpecification","valueRequired":true,"valueName":"search_term_string"}}],"inLanguage":"es-CL"},{"@type":"Organization","@id":"https:\/\/eltrabajo.cl\/web\/#organization","name":"Diario El Trabajo","url":"https:\/\/eltrabajo.cl\/web\/","logo":{"@type":"ImageObject","inLanguage":"es-CL","@id":"https:\/\/eltrabajo.cl\/web\/#\/schema\/logo\/image\/","url":"https:\/\/eltrabajo.cl\/web\/wp-content\/uploads\/2024\/06\/profile-image-ig-page-diarioeltrabajo.jpg","contentUrl":"https:\/\/eltrabajo.cl\/web\/wp-content\/uploads\/2024\/06\/profile-image-ig-page-diarioeltrabajo.jpg","width":823,"height":823,"caption":"Diario El Trabajo"},"image":{"@id":"https:\/\/eltrabajo.cl\/web\/#\/schema\/logo\/image\/"},"sameAs":["https:\/\/www.facebook.com\/ElTrabajoDiario","https:\/\/x.com\/diarioeltrabajo"]},{"@type":"Person","@id":"https:\/\/eltrabajo.cl\/web\/#\/schema\/person\/45efd3d17f86ec456e44dd7debe1bf19","name":"Diario El Trabajo","image":{"@type":"ImageObject","inLanguage":"es-CL","@id":"https:\/\/secure.gravatar.com\/avatar\/7e6ec277dc4aea2677c2dc301d4227957219329c985ab69a3efc12518b5161aa?s=96&d=mm&r=g","url":"https:\/\/secure.gravatar.com\/avatar\/7e6ec277dc4aea2677c2dc301d4227957219329c985ab69a3efc12518b5161aa?s=96&d=mm&r=g","contentUrl":"https:\/\/secure.gravatar.com\/avatar\/7e6ec277dc4aea2677c2dc301d4227957219329c985ab69a3efc12518b5161aa?s=96&d=mm&r=g","caption":"Diario El Trabajo"},"sameAs":["https:\/\/eltrabajo.cl\/web"],"url":"https:\/\/eltrabajo.cl\/web\/author\/diario-el-trabajo\/"}]}},"_links":{"self":[{"href":"https:\/\/eltrabajo.cl\/web\/wp-json\/wp\/v2\/posts\/146892","targetHints":{"allow":["GET"]}}],"collection":[{"href":"https:\/\/eltrabajo.cl\/web\/wp-json\/wp\/v2\/posts"}],"about":[{"href":"https:\/\/eltrabajo.cl\/web\/wp-json\/wp\/v2\/types\/post"}],"author":[{"embeddable":true,"href":"https:\/\/eltrabajo.cl\/web\/wp-json\/wp\/v2\/users\/1"}],"replies":[{"embeddable":true,"href":"https:\/\/eltrabajo.cl\/web\/wp-json\/wp\/v2\/comments?post=146892"}],"version-history":[{"count":1,"href":"https:\/\/eltrabajo.cl\/web\/wp-json\/wp\/v2\/posts\/146892\/revisions"}],"predecessor-version":[{"id":146895,"href":"https:\/\/eltrabajo.cl\/web\/wp-json\/wp\/v2\/posts\/146892\/revisions\/146895"}],"wp:featuredmedia":[{"embeddable":true,"href":"https:\/\/eltrabajo.cl\/web\/wp-json\/wp\/v2\/media\/146894"}],"wp:attachment":[{"href":"https:\/\/eltrabajo.cl\/web\/wp-json\/wp\/v2\/media?parent=146892"}],"wp:term":[{"taxonomy":"category","embeddable":true,"href":"https:\/\/eltrabajo.cl\/web\/wp-json\/wp\/v2\/categories?post=146892"},{"taxonomy":"post_tag","embeddable":true,"href":"https:\/\/eltrabajo.cl\/web\/wp-json\/wp\/v2\/tags?post=146892"}],"curies":[{"name":"wp","href":"https:\/\/api.w.org\/{rel}","templated":true}]}}