{"id":146896,"date":"2026-09-03T22:36:39","date_gmt":"2026-09-04T01:36:39","guid":{"rendered":"https:\/\/eltrabajo.cl\/web\/?p=146896"},"modified":"2026-09-03T22:36:39","modified_gmt":"2026-09-04T01:36:39","slug":"detienen-a-profugo-de-la-justicia-con-ordenes-vigentes-desde-putaendo-y-antofagasta","status":"publish","type":"post","link":"https:\/\/eltrabajo.cl\/web\/detienen-a-profugo-de-la-justicia-con-ordenes-vigentes-desde-putaendo-y-antofagasta\/","title":{"rendered":"Detienen a pr\u00f3fugo de la justicia con \u00f3rdenes vigentes desde Putaendo y Antofagasta"},"content":{"rendered":"<ul>\n<li><strong>En el contexto de patrullajes preventivos, fue fiscalizado por Carabineros.\u2013<\/strong><\/li>\n<\/ul>\n<p>Personal de Carabineros de la Segunda Comisar\u00eda de San Felipe logr\u00f3 la detenci\u00f3n de un delincuente que se encontraba pr\u00f3fugo de la justicia. La aprehensi\u00f3n de este sujeto se dio en el marco de los patrullajes preventivos y despliegues que realizan efectivos policiales a diario por diversos puntos de la ciudad.<\/p>\n<p>En este contexto, y seg\u00fan se se\u00f1al\u00f3 desde la instituci\u00f3n, es que personal de Carabineros en el ejercicio de sus labores por sectores de mayor frecuencia de delitos en San Felipe, logra fiscalizar a este delincuente, descubriendo sus antecedentes previos.<\/p>\n<p>En esta l\u00ednea, Carabineros de San Felipe detall\u00f3 que el malviviente registra dos \u00f3rdenes de detenci\u00f3n vigente; una de ellas, emanada desde la ciudad de Antofagasta, por el delito de robo de bienes nacionales de uso p\u00fablico; y otra orden de aprehensi\u00f3n desde la comuna de Putaendo, por el delito de amenazas.<\/p>\n<p>El sujeto, quien escabull\u00eda la acci\u00f3n de la justicia y de efectivos policiales desde hace un tiempo, finalmente logr\u00f3 ser detenido por personal de Carabineros en la ciudad de San Felipe, logrando su captura y, con esto, haciendo que este malviviente enfrente a los tribunales como corresponde.<\/p>\n<p>Del mismo modo, personal de la Segunda Comisar\u00eda de San Felipe precis\u00f3 que el delincuente corresponde a un sujeto masculino de nacionalidad chilena, de 54 a\u00f1os de edad, quien registra antecedentes policiales por diversos delitos. El antisocial, fue puesto a disposici\u00f3n del Ministerio P\u00fablico local.<\/p>\n<p>Cabe destacar que estos operativos y capturas de delincuentes pr\u00f3fugos de la justicia han aumentado en el \u00faltimo tiempo a nivel de la Provincia de San Felipe de Aconcagua. Acciones que, en definitiva, permiten mejorar la sensaci\u00f3n de seguridad en la comunidad.<\/p>\n<figure id=\"attachment_146897\" aria-describedby=\"caption-attachment-146897\" style=\"width: 699px\" class=\"wp-caption alignnone\"><img loading=\"lazy\" decoding=\"async\" class=\"size-full wp-image-146897\" src=\"https:\/\/eltrabajo.cl\/web\/wp-content\/uploads\/2026\/09\/detenido-profugo.jpg\" alt=\"Carabineros detuvo a pr\u00f3fugo de la justicia en San Felipe.\" width=\"699\" height=\"450\" srcset=\"https:\/\/eltrabajo.cl\/web\/wp-content\/uploads\/2026\/09\/detenido-profugo.jpg 699w, https:\/\/eltrabajo.cl\/web\/wp-content\/uploads\/2026\/09\/detenido-profugo-300x193.jpg 300w, https:\/\/eltrabajo.cl\/web\/wp-content\/uploads\/2026\/09\/detenido-profugo-652x420.jpg 652w, https:\/\/eltrabajo.cl\/web\/wp-content\/uploads\/2026\/09\/detenido-profugo-150x97.jpg 150w, https:\/\/eltrabajo.cl\/web\/wp-content\/uploads\/2026\/09\/detenido-profugo-696x448.jpg 696w\" sizes=\"auto, (max-width: 699px) 100vw, 699px\" \/><figcaption id=\"caption-attachment-146897\" class=\"wp-caption-text\">Carabineros detuvo a pr\u00f3fugo de la justicia en San Felipe.<\/figcaption><\/figure>\n","protected":false},"excerpt":{"rendered":"<p>En el contexto de patrullajes preventivos, fue fiscalizado por Carabineros.\u2013 Personal de Carabineros de la Segunda Comisar\u00eda de San Felipe logr\u00f3 la detenci\u00f3n de un delincuente que se encontraba pr\u00f3fugo de la justicia. La aprehensi\u00f3n de este sujeto se dio en el marco de los patrullajes preventivos y despliegues que realizan efectivos policiales a diario [&hellip;]<\/p>\n","protected":false},"author":1,"featured_media":146897,"comment_status":"open","ping_status":"closed","sticky":false,"template":"","format":"standard","meta":{"footnotes":""},"categories":[5],"tags":[],"class_list":["post-146896","post","type-post","status-publish","format-standard","has-post-thumbnail","category-policial"],"yoast_head":"<!-- This site is optimized with the Yoast SEO plugin v28.4 - https:\/\/yoast.com\/product\/yoast-seo-wordpress\/ -->\n<title>Detienen a pr\u00f3fugo de la justicia con \u00f3rdenes vigentes desde Putaendo y Antofagasta - Diario El Trabajo<\/title>\n<meta name=\"robots\" content=\"index, follow, max-snippet:-1, max-image-preview:large, max-video-preview:-1\" \/>\n<link rel=\"canonical\" href=\"https:\/\/eltrabajo.cl\/web\/detienen-a-profugo-de-la-justicia-con-ordenes-vigentes-desde-putaendo-y-antofagasta\/\" \/>\n<meta property=\"og:locale\" content=\"es_ES\" \/>\n<meta property=\"og:type\" content=\"article\" \/>\n<meta property=\"og:title\" content=\"Detienen a pr\u00f3fugo de la justicia con \u00f3rdenes vigentes desde Putaendo y Antofagasta - Diario El Trabajo\" \/>\n<meta property=\"og:description\" content=\"En el contexto de patrullajes preventivos, fue fiscalizado por Carabineros.\u2013 Personal de Carabineros de la Segunda Comisar\u00eda de San Felipe logr\u00f3 la detenci\u00f3n de un delincuente que se encontraba pr\u00f3fugo de la justicia. La aprehensi\u00f3n de este sujeto se dio en el marco de los patrullajes preventivos y despliegues que realizan efectivos policiales a diario [&hellip;]\" \/>\n<meta property=\"og:url\" content=\"https:\/\/eltrabajo.cl\/web\/detienen-a-profugo-de-la-justicia-con-ordenes-vigentes-desde-putaendo-y-antofagasta\/\" \/>\n<meta property=\"og:site_name\" content=\"Diario El Trabajo\" \/>\n<meta property=\"article:publisher\" content=\"https:\/\/www.facebook.com\/ElTrabajoDiario\" \/>\n<meta property=\"article:published_time\" content=\"2026-09-04T01:36:39+00:00\" \/>\n<meta property=\"og:image\" content=\"https:\/\/eltrabajo.cl\/web\/wp-content\/uploads\/2026\/09\/detenido-profugo.jpg\" \/>\n\t<meta property=\"og:image:width\" content=\"699\" \/>\n\t<meta property=\"og:image:height\" content=\"450\" \/>\n\t<meta property=\"og:image:type\" content=\"image\/jpeg\" \/>\n<meta name=\"author\" content=\"Diario El Trabajo\" \/>\n<meta name=\"twitter:card\" content=\"summary_large_image\" \/>\n<meta name=\"twitter:creator\" content=\"@diarioeltrabajo\" \/>\n<meta name=\"twitter:site\" content=\"@diarioeltrabajo\" \/>\n<meta name=\"twitter:label1\" content=\"Escrito por\" \/>\n\t<meta name=\"twitter:data1\" content=\"Diario El Trabajo\" \/>\n\t<meta name=\"twitter:label2\" content=\"Tiempo estimado de lectura\" \/>\n\t<meta name=\"twitter:data2\" content=\"2 minutos\" \/>\n<script type=\"application\/ld+json\" class=\"yoast-schema-graph\">{\"@context\":\"https:\\\/\\\/schema.org\",\"@graph\":[{\"@type\":\"Article\",\"@id\":\"https:\\\/\\\/eltrabajo.cl\\\/web\\\/detienen-a-profugo-de-la-justicia-con-ordenes-vigentes-desde-putaendo-y-antofagasta\\\/#article\",\"isPartOf\":{\"@id\":\"https:\\\/\\\/eltrabajo.cl\\\/web\\\/detienen-a-profugo-de-la-justicia-con-ordenes-vigentes-desde-putaendo-y-antofagasta\\\/\"},\"author\":{\"name\":\"Diario El Trabajo\",\"@id\":\"https:\\\/\\\/eltrabajo.cl\\\/web\\\/#\\\/schema\\\/person\\\/45efd3d17f86ec456e44dd7debe1bf19\"},\"headline\":\"Detienen a pr\u00f3fugo de la justicia con \u00f3rdenes vigentes desde Putaendo y Antofagasta\",\"datePublished\":\"2026-09-04T01:36:39+00:00\",\"mainEntityOfPage\":{\"@id\":\"https:\\\/\\\/eltrabajo.cl\\\/web\\\/detienen-a-profugo-de-la-justicia-con-ordenes-vigentes-desde-putaendo-y-antofagasta\\\/\"},\"wordCount\":337,\"commentCount\":0,\"publisher\":{\"@id\":\"https:\\\/\\\/eltrabajo.cl\\\/web\\\/#organization\"},\"image\":{\"@id\":\"https:\\\/\\\/eltrabajo.cl\\\/web\\\/detienen-a-profugo-de-la-justicia-con-ordenes-vigentes-desde-putaendo-y-antofagasta\\\/#primaryimage\"},\"thumbnailUrl\":\"https:\\\/\\\/eltrabajo.cl\\\/web\\\/wp-content\\\/uploads\\\/2026\\\/09\\\/detenido-profugo.jpg\",\"articleSection\":[\"Policial\"],\"inLanguage\":\"es-CL\",\"potentialAction\":[{\"@type\":\"CommentAction\",\"name\":\"Comment\",\"target\":[\"https:\\\/\\\/eltrabajo.cl\\\/web\\\/detienen-a-profugo-de-la-justicia-con-ordenes-vigentes-desde-putaendo-y-antofagasta\\\/#respond\"]}]},{\"@type\":\"WebPage\",\"@id\":\"https:\\\/\\\/eltrabajo.cl\\\/web\\\/detienen-a-profugo-de-la-justicia-con-ordenes-vigentes-desde-putaendo-y-antofagasta\\\/\",\"url\":\"https:\\\/\\\/eltrabajo.cl\\\/web\\\/detienen-a-profugo-de-la-justicia-con-ordenes-vigentes-desde-putaendo-y-antofagasta\\\/\",\"name\":\"Detienen a pr\u00f3fugo de la justicia con \u00f3rdenes vigentes desde Putaendo y Antofagasta - Diario El Trabajo\",\"isPartOf\":{\"@id\":\"https:\\\/\\\/eltrabajo.cl\\\/web\\\/#website\"},\"primaryImageOfPage\":{\"@id\":\"https:\\\/\\\/eltrabajo.cl\\\/web\\\/detienen-a-profugo-de-la-justicia-con-ordenes-vigentes-desde-putaendo-y-antofagasta\\\/#primaryimage\"},\"image\":{\"@id\":\"https:\\\/\\\/eltrabajo.cl\\\/web\\\/detienen-a-profugo-de-la-justicia-con-ordenes-vigentes-desde-putaendo-y-antofagasta\\\/#primaryimage\"},\"thumbnailUrl\":\"https:\\\/\\\/eltrabajo.cl\\\/web\\\/wp-content\\\/uploads\\\/2026\\\/09\\\/detenido-profugo.jpg\",\"datePublished\":\"2026-09-04T01:36:39+00:00\",\"breadcrumb\":{\"@id\":\"https:\\\/\\\/eltrabajo.cl\\\/web\\\/detienen-a-profugo-de-la-justicia-con-ordenes-vigentes-desde-putaendo-y-antofagasta\\\/#breadcrumb\"},\"inLanguage\":\"es-CL\",\"potentialAction\":[{\"@type\":\"ReadAction\",\"target\":[\"https:\\\/\\\/eltrabajo.cl\\\/web\\\/detienen-a-profugo-de-la-justicia-con-ordenes-vigentes-desde-putaendo-y-antofagasta\\\/\"]}]},{\"@type\":\"ImageObject\",\"inLanguage\":\"es-CL\",\"@id\":\"https:\\\/\\\/eltrabajo.cl\\\/web\\\/detienen-a-profugo-de-la-justicia-con-ordenes-vigentes-desde-putaendo-y-antofagasta\\\/#primaryimage\",\"url\":\"https:\\\/\\\/eltrabajo.cl\\\/web\\\/wp-content\\\/uploads\\\/2026\\\/09\\\/detenido-profugo.jpg\",\"contentUrl\":\"https:\\\/\\\/eltrabajo.cl\\\/web\\\/wp-content\\\/uploads\\\/2026\\\/09\\\/detenido-profugo.jpg\",\"width\":699,\"height\":450,\"caption\":\"Carabineros detuvo a pr\u00f3fugo de la justicia en San Felipe.\"},{\"@type\":\"BreadcrumbList\",\"@id\":\"https:\\\/\\\/eltrabajo.cl\\\/web\\\/detienen-a-profugo-de-la-justicia-con-ordenes-vigentes-desde-putaendo-y-antofagasta\\\/#breadcrumb\",\"itemListElement\":[{\"@type\":\"ListItem\",\"position\":1,\"name\":\"Portada\",\"item\":\"https:\\\/\\\/eltrabajo.cl\\\/web\\\/\"},{\"@type\":\"ListItem\",\"position\":2,\"name\":\"Detienen a pr\u00f3fugo de la justicia con \u00f3rdenes vigentes desde Putaendo y Antofagasta\"}]},{\"@type\":\"WebSite\",\"@id\":\"https:\\\/\\\/eltrabajo.cl\\\/web\\\/#website\",\"url\":\"https:\\\/\\\/eltrabajo.cl\\\/web\\\/\",\"name\":\"Diario El Trabajo\",\"description\":\"Desde 1929 construyendo Identidad Local\",\"publisher\":{\"@id\":\"https:\\\/\\\/eltrabajo.cl\\\/web\\\/#organization\"},\"potentialAction\":[{\"@type\":\"SearchAction\",\"target\":{\"@type\":\"EntryPoint\",\"urlTemplate\":\"https:\\\/\\\/eltrabajo.cl\\\/web\\\/?s={search_term_string}\"},\"query-input\":{\"@type\":\"PropertyValueSpecification\",\"valueRequired\":true,\"valueName\":\"search_term_string\"}}],\"inLanguage\":\"es-CL\"},{\"@type\":\"Organization\",\"@id\":\"https:\\\/\\\/eltrabajo.cl\\\/web\\\/#organization\",\"name\":\"Diario El Trabajo\",\"url\":\"https:\\\/\\\/eltrabajo.cl\\\/web\\\/\",\"logo\":{\"@type\":\"ImageObject\",\"inLanguage\":\"es-CL\",\"@id\":\"https:\\\/\\\/eltrabajo.cl\\\/web\\\/#\\\/schema\\\/logo\\\/image\\\/\",\"url\":\"https:\\\/\\\/eltrabajo.cl\\\/web\\\/wp-content\\\/uploads\\\/2024\\\/06\\\/profile-image-ig-page-diarioeltrabajo.jpg\",\"contentUrl\":\"https:\\\/\\\/eltrabajo.cl\\\/web\\\/wp-content\\\/uploads\\\/2024\\\/06\\\/profile-image-ig-page-diarioeltrabajo.jpg\",\"width\":823,\"height\":823,\"caption\":\"Diario El Trabajo\"},\"image\":{\"@id\":\"https:\\\/\\\/eltrabajo.cl\\\/web\\\/#\\\/schema\\\/logo\\\/image\\\/\"},\"sameAs\":[\"https:\\\/\\\/www.facebook.com\\\/ElTrabajoDiario\",\"https:\\\/\\\/x.com\\\/diarioeltrabajo\"]},{\"@type\":\"Person\",\"@id\":\"https:\\\/\\\/eltrabajo.cl\\\/web\\\/#\\\/schema\\\/person\\\/45efd3d17f86ec456e44dd7debe1bf19\",\"name\":\"Diario El Trabajo\",\"image\":{\"@type\":\"ImageObject\",\"inLanguage\":\"es-CL\",\"@id\":\"https:\\\/\\\/secure.gravatar.com\\\/avatar\\\/7e6ec277dc4aea2677c2dc301d4227957219329c985ab69a3efc12518b5161aa?s=96&d=mm&r=g\",\"url\":\"https:\\\/\\\/secure.gravatar.com\\\/avatar\\\/7e6ec277dc4aea2677c2dc301d4227957219329c985ab69a3efc12518b5161aa?s=96&d=mm&r=g\",\"contentUrl\":\"https:\\\/\\\/secure.gravatar.com\\\/avatar\\\/7e6ec277dc4aea2677c2dc301d4227957219329c985ab69a3efc12518b5161aa?s=96&d=mm&r=g\",\"caption\":\"Diario El Trabajo\"},\"sameAs\":[\"https:\\\/\\\/eltrabajo.cl\\\/web\"],\"url\":\"https:\\\/\\\/eltrabajo.cl\\\/web\\\/author\\\/diario-el-trabajo\\\/\"}]}<\/script>\n<!-- \/ Yoast SEO plugin. -->","yoast_head_json":{"title":"Detienen a pr\u00f3fugo de la justicia con \u00f3rdenes vigentes desde Putaendo y Antofagasta - Diario El Trabajo","robots":{"index":"index","follow":"follow","max-snippet":"max-snippet:-1","max-image-preview":"max-image-preview:large","max-video-preview":"max-video-preview:-1"},"canonical":"https:\/\/eltrabajo.cl\/web\/detienen-a-profugo-de-la-justicia-con-ordenes-vigentes-desde-putaendo-y-antofagasta\/","og_locale":"es_ES","og_type":"article","og_title":"Detienen a pr\u00f3fugo de la justicia con \u00f3rdenes vigentes desde Putaendo y Antofagasta - Diario El Trabajo","og_description":"En el contexto de patrullajes preventivos, fue fiscalizado por Carabineros.\u2013 Personal de Carabineros de la Segunda Comisar\u00eda de San Felipe logr\u00f3 la detenci\u00f3n de un delincuente que se encontraba pr\u00f3fugo de la justicia. La aprehensi\u00f3n de este sujeto se dio en el marco de los patrullajes preventivos y despliegues que realizan efectivos policiales a diario [&hellip;]","og_url":"https:\/\/eltrabajo.cl\/web\/detienen-a-profugo-de-la-justicia-con-ordenes-vigentes-desde-putaendo-y-antofagasta\/","og_site_name":"Diario El Trabajo","article_publisher":"https:\/\/www.facebook.com\/ElTrabajoDiario","article_published_time":"2026-09-04T01:36:39+00:00","og_image":[{"width":699,"height":450,"url":"https:\/\/eltrabajo.cl\/web\/wp-content\/uploads\/2026\/09\/detenido-profugo.jpg","type":"image\/jpeg"}],"author":"Diario El Trabajo","twitter_card":"summary_large_image","twitter_creator":"@diarioeltrabajo","twitter_site":"@diarioeltrabajo","twitter_misc":{"Escrito por":"Diario El Trabajo","Tiempo estimado de lectura":"2 minutos"},"schema":{"@context":"https:\/\/schema.org","@graph":[{"@type":"Article","@id":"https:\/\/eltrabajo.cl\/web\/detienen-a-profugo-de-la-justicia-con-ordenes-vigentes-desde-putaendo-y-antofagasta\/#article","isPartOf":{"@id":"https:\/\/eltrabajo.cl\/web\/detienen-a-profugo-de-la-justicia-con-ordenes-vigentes-desde-putaendo-y-antofagasta\/"},"author":{"name":"Diario El Trabajo","@id":"https:\/\/eltrabajo.cl\/web\/#\/schema\/person\/45efd3d17f86ec456e44dd7debe1bf19"},"headline":"Detienen a pr\u00f3fugo de la justicia con \u00f3rdenes vigentes desde Putaendo y Antofagasta","datePublished":"2026-09-04T01:36:39+00:00","mainEntityOfPage":{"@id":"https:\/\/eltrabajo.cl\/web\/detienen-a-profugo-de-la-justicia-con-ordenes-vigentes-desde-putaendo-y-antofagasta\/"},"wordCount":337,"commentCount":0,"publisher":{"@id":"https:\/\/eltrabajo.cl\/web\/#organization"},"image":{"@id":"https:\/\/eltrabajo.cl\/web\/detienen-a-profugo-de-la-justicia-con-ordenes-vigentes-desde-putaendo-y-antofagasta\/#primaryimage"},"thumbnailUrl":"https:\/\/eltrabajo.cl\/web\/wp-content\/uploads\/2026\/09\/detenido-profugo.jpg","articleSection":["Policial"],"inLanguage":"es-CL","potentialAction":[{"@type":"CommentAction","name":"Comment","target":["https:\/\/eltrabajo.cl\/web\/detienen-a-profugo-de-la-justicia-con-ordenes-vigentes-desde-putaendo-y-antofagasta\/#respond"]}]},{"@type":"WebPage","@id":"https:\/\/eltrabajo.cl\/web\/detienen-a-profugo-de-la-justicia-con-ordenes-vigentes-desde-putaendo-y-antofagasta\/","url":"https:\/\/eltrabajo.cl\/web\/detienen-a-profugo-de-la-justicia-con-ordenes-vigentes-desde-putaendo-y-antofagasta\/","name":"Detienen a pr\u00f3fugo de la justicia con \u00f3rdenes vigentes desde Putaendo y Antofagasta - Diario El Trabajo","isPartOf":{"@id":"https:\/\/eltrabajo.cl\/web\/#website"},"primaryImageOfPage":{"@id":"https:\/\/eltrabajo.cl\/web\/detienen-a-profugo-de-la-justicia-con-ordenes-vigentes-desde-putaendo-y-antofagasta\/#primaryimage"},"image":{"@id":"https:\/\/eltrabajo.cl\/web\/detienen-a-profugo-de-la-justicia-con-ordenes-vigentes-desde-putaendo-y-antofagasta\/#primaryimage"},"thumbnailUrl":"https:\/\/eltrabajo.cl\/web\/wp-content\/uploads\/2026\/09\/detenido-profugo.jpg","datePublished":"2026-09-04T01:36:39+00:00","breadcrumb":{"@id":"https:\/\/eltrabajo.cl\/web\/detienen-a-profugo-de-la-justicia-con-ordenes-vigentes-desde-putaendo-y-antofagasta\/#breadcrumb"},"inLanguage":"es-CL","potentialAction":[{"@type":"ReadAction","target":["https:\/\/eltrabajo.cl\/web\/detienen-a-profugo-de-la-justicia-con-ordenes-vigentes-desde-putaendo-y-antofagasta\/"]}]},{"@type":"ImageObject","inLanguage":"es-CL","@id":"https:\/\/eltrabajo.cl\/web\/detienen-a-profugo-de-la-justicia-con-ordenes-vigentes-desde-putaendo-y-antofagasta\/#primaryimage","url":"https:\/\/eltrabajo.cl\/web\/wp-content\/uploads\/2026\/09\/detenido-profugo.jpg","contentUrl":"https:\/\/eltrabajo.cl\/web\/wp-content\/uploads\/2026\/09\/detenido-profugo.jpg","width":699,"height":450,"caption":"Carabineros detuvo a pr\u00f3fugo de la justicia en San Felipe."},{"@type":"BreadcrumbList","@id":"https:\/\/eltrabajo.cl\/web\/detienen-a-profugo-de-la-justicia-con-ordenes-vigentes-desde-putaendo-y-antofagasta\/#breadcrumb","itemListElement":[{"@type":"ListItem","position":1,"name":"Portada","item":"https:\/\/eltrabajo.cl\/web\/"},{"@type":"ListItem","position":2,"name":"Detienen a pr\u00f3fugo de la justicia con \u00f3rdenes vigentes desde Putaendo y Antofagasta"}]},{"@type":"WebSite","@id":"https:\/\/eltrabajo.cl\/web\/#website","url":"https:\/\/eltrabajo.cl\/web\/","name":"Diario El Trabajo","description":"Desde 1929 construyendo Identidad Local","publisher":{"@id":"https:\/\/eltrabajo.cl\/web\/#organization"},"potentialAction":[{"@type":"SearchAction","target":{"@type":"EntryPoint","urlTemplate":"https:\/\/eltrabajo.cl\/web\/?s={search_term_string}"},"query-input":{"@type":"PropertyValueSpecification","valueRequired":true,"valueName":"search_term_string"}}],"inLanguage":"es-CL"},{"@type":"Organization","@id":"https:\/\/eltrabajo.cl\/web\/#organization","name":"Diario El Trabajo","url":"https:\/\/eltrabajo.cl\/web\/","logo":{"@type":"ImageObject","inLanguage":"es-CL","@id":"https:\/\/eltrabajo.cl\/web\/#\/schema\/logo\/image\/","url":"https:\/\/eltrabajo.cl\/web\/wp-content\/uploads\/2024\/06\/profile-image-ig-page-diarioeltrabajo.jpg","contentUrl":"https:\/\/eltrabajo.cl\/web\/wp-content\/uploads\/2024\/06\/profile-image-ig-page-diarioeltrabajo.jpg","width":823,"height":823,"caption":"Diario El Trabajo"},"image":{"@id":"https:\/\/eltrabajo.cl\/web\/#\/schema\/logo\/image\/"},"sameAs":["https:\/\/www.facebook.com\/ElTrabajoDiario","https:\/\/x.com\/diarioeltrabajo"]},{"@type":"Person","@id":"https:\/\/eltrabajo.cl\/web\/#\/schema\/person\/45efd3d17f86ec456e44dd7debe1bf19","name":"Diario El Trabajo","image":{"@type":"ImageObject","inLanguage":"es-CL","@id":"https:\/\/secure.gravatar.com\/avatar\/7e6ec277dc4aea2677c2dc301d4227957219329c985ab69a3efc12518b5161aa?s=96&d=mm&r=g","url":"https:\/\/secure.gravatar.com\/avatar\/7e6ec277dc4aea2677c2dc301d4227957219329c985ab69a3efc12518b5161aa?s=96&d=mm&r=g","contentUrl":"https:\/\/secure.gravatar.com\/avatar\/7e6ec277dc4aea2677c2dc301d4227957219329c985ab69a3efc12518b5161aa?s=96&d=mm&r=g","caption":"Diario El Trabajo"},"sameAs":["https:\/\/eltrabajo.cl\/web"],"url":"https:\/\/eltrabajo.cl\/web\/author\/diario-el-trabajo\/"}]}},"_links":{"self":[{"href":"https:\/\/eltrabajo.cl\/web\/wp-json\/wp\/v2\/posts\/146896","targetHints":{"allow":["GET"]}}],"collection":[{"href":"https:\/\/eltrabajo.cl\/web\/wp-json\/wp\/v2\/posts"}],"about":[{"href":"https:\/\/eltrabajo.cl\/web\/wp-json\/wp\/v2\/types\/post"}],"author":[{"embeddable":true,"href":"https:\/\/eltrabajo.cl\/web\/wp-json\/wp\/v2\/users\/1"}],"replies":[{"embeddable":true,"href":"https:\/\/eltrabajo.cl\/web\/wp-json\/wp\/v2\/comments?post=146896"}],"version-history":[{"count":1,"href":"https:\/\/eltrabajo.cl\/web\/wp-json\/wp\/v2\/posts\/146896\/revisions"}],"predecessor-version":[{"id":146898,"href":"https:\/\/eltrabajo.cl\/web\/wp-json\/wp\/v2\/posts\/146896\/revisions\/146898"}],"wp:featuredmedia":[{"embeddable":true,"href":"https:\/\/eltrabajo.cl\/web\/wp-json\/wp\/v2\/media\/146897"}],"wp:attachment":[{"href":"https:\/\/eltrabajo.cl\/web\/wp-json\/wp\/v2\/media?parent=146896"}],"wp:term":[{"taxonomy":"category","embeddable":true,"href":"https:\/\/eltrabajo.cl\/web\/wp-json\/wp\/v2\/categories?post=146896"},{"taxonomy":"post_tag","embeddable":true,"href":"https:\/\/eltrabajo.cl\/web\/wp-json\/wp\/v2\/tags?post=146896"}],"curies":[{"name":"wp","href":"https:\/\/api.w.org\/{rel}","templated":true}]}}