{"id":146899,"date":"2026-09-03T22:37:53","date_gmt":"2026-09-04T01:37:53","guid":{"rendered":"https:\/\/eltrabajo.cl\/web\/?p=146899"},"modified":"2026-09-03T22:37:53","modified_gmt":"2026-09-04T01:37:53","slug":"por-mas-dificil-que-parezca-el-uni-uni-intentara-sumar-ante-magallanes","status":"publish","type":"post","link":"https:\/\/eltrabajo.cl\/web\/por-mas-dificil-que-parezca-el-uni-uni-intentara-sumar-ante-magallanes\/","title":{"rendered":"Por m\u00e1s dif\u00edcil que parezca, el Un\u00ed Un\u00ed intentar\u00e1 sumar ante Magallanes"},"content":{"rendered":"<p>Ante Magallanes, uno de los equipos de mejor campa\u00f1a en la actual temporada, Uni\u00f3n San Felipe buscar\u00e1 dar la sorpresa de la fecha y empezar a enmendar el rumbo en una campa\u00f1a que hasta ahora ha carecido de brillo.<\/p>\n<p>Las distancias futbol\u00edsticas entre el Un\u00ed Un\u00ed y su rival de ma\u00f1ana son muy amplias en los n\u00fameros y las estad\u00edsticas, porque Magallanes es uno de los equipos que mejor juega, con una clara propuesta en la que el buen trato al bal\u00f3n es muy importante, mientras que los sanfelipe\u00f1os a\u00fan se notan extraviados y faltos de ideas.<\/p>\n<p>El pleito correspondiente a la fecha 24, se jugar\u00e1 a partir de las 12:30 horas de este s\u00e1bado en el Estadio Municipal de San Bernardo, reducto al cual los sanfelipe\u00f1os arribar\u00e1n en la antepen\u00faltima ubicaci\u00f3n en la tabla con escu\u00e1lidos 21 puntos.<\/p>\n<p><strong>Programaci\u00f3n fecha 24:<\/strong><\/p>\n<p><strong>Viernes 4 de septiembre<\/strong><\/p>\n<p>18:00: Santiago Wanderers \u2013 Deportes Iquique.<\/p>\n<p>18:00: Rangers \u2013 Temuco.<\/p>\n<p>20:30: Deportes Puerto Montt \u2013 Curic\u00f3 Unido.<\/p>\n<p><strong>S\u00e1bado 5 de septiembre<\/strong><\/p>\n<p>12:30: Magallanes \u2013 Uni\u00f3n San Felipe.<\/p>\n<p>15:00: Santa Cruz \u2013 Uni\u00f3n Espa\u00f1ola.<\/p>\n<p>17:30: San Luis \u2013 Cobreloa.<\/p>\n<p>20:00: San Marcos \u2013 Deportes Copiap\u00f3.<\/p>\n<p><strong>Domingo 6 de septiembre<\/strong><\/p>\n<p>12:30: Deportes Antofagasta \u2013 Deportes Recoleta.<\/p>\n<p><strong>Tabla de Posiciones<\/strong><\/p>\n<p><strong>Lugar\u00a0 Ptos.<\/strong><\/p>\n<p>Cobreloa 41<\/p>\n<p>Stgo. Wanderers 41<\/p>\n<p>Dep.\u00a0 Antofagasta 37<\/p>\n<p>San Luis 35<\/p>\n<p>Magallanes 35<\/p>\n<p>Uni\u00f3n Espa\u00f1ola 34<\/p>\n<p>Dep. Recoleta 31<\/p>\n<p>Dep. Puerto Montt 31<\/p>\n<p>San Marcos 30<\/p>\n<p>Deportes Copiap\u00f3 30<\/p>\n<p>Deportes Temuco 28<\/p>\n<p>Deportes Iquique\u00a0 25<\/p>\n<p>Curic\u00f3 Unido 21<\/p>\n<p>Uni\u00f3n San Felipe 21<\/p>\n<p>Santa Cruz 17<\/p>\n<p>Rangers 12<\/p>\n<figure id=\"attachment_146900\" aria-describedby=\"caption-attachment-146900\" style=\"width: 700px\" class=\"wp-caption alignnone\"><img loading=\"lazy\" decoding=\"async\" class=\"size-full wp-image-146900\" src=\"https:\/\/eltrabajo.cl\/web\/wp-content\/uploads\/2026\/09\/uni-uni.jpg\" alt=\"Los sanfelipe\u00f1os tiene cada vez menos margenL para seguir perdiendo puntos. \" width=\"700\" height=\"533\" srcset=\"https:\/\/eltrabajo.cl\/web\/wp-content\/uploads\/2026\/09\/uni-uni.jpg 700w, https:\/\/eltrabajo.cl\/web\/wp-content\/uploads\/2026\/09\/uni-uni-300x228.jpg 300w, https:\/\/eltrabajo.cl\/web\/wp-content\/uploads\/2026\/09\/uni-uni-552x420.jpg 552w, https:\/\/eltrabajo.cl\/web\/wp-content\/uploads\/2026\/09\/uni-uni-80x60.jpg 80w, https:\/\/eltrabajo.cl\/web\/wp-content\/uploads\/2026\/09\/uni-uni-150x114.jpg 150w, https:\/\/eltrabajo.cl\/web\/wp-content\/uploads\/2026\/09\/uni-uni-696x530.jpg 696w\" sizes=\"auto, (max-width: 700px) 100vw, 700px\" \/><figcaption id=\"caption-attachment-146900\" class=\"wp-caption-text\">Los sanfelipe\u00f1os tiene cada vez menos margen para seguir perdiendo puntos.<\/figcaption><\/figure>\n","protected":false},"excerpt":{"rendered":"<p>Ante Magallanes, uno de los equipos de mejor campa\u00f1a en la actual temporada, Uni\u00f3n San Felipe buscar\u00e1 dar la sorpresa de la fecha y empezar a enmendar el rumbo en una campa\u00f1a que hasta ahora ha carecido de brillo. Las distancias futbol\u00edsticas entre el Un\u00ed Un\u00ed y su rival de ma\u00f1ana son muy amplias en [&hellip;]<\/p>\n","protected":false},"author":1,"featured_media":146900,"comment_status":"open","ping_status":"closed","sticky":false,"template":"","format":"standard","meta":{"footnotes":""},"categories":[2],"tags":[],"class_list":["post-146899","post","type-post","status-publish","format-standard","has-post-thumbnail","category-deportes"],"yoast_head":"<!-- This site is optimized with the Yoast SEO plugin v28.4 - https:\/\/yoast.com\/product\/yoast-seo-wordpress\/ -->\n<title>Por m\u00e1s dif\u00edcil que parezca, el Un\u00ed Un\u00ed intentar\u00e1 sumar ante Magallanes - Diario El Trabajo<\/title>\n<meta name=\"robots\" content=\"index, follow, max-snippet:-1, max-image-preview:large, max-video-preview:-1\" \/>\n<link rel=\"canonical\" href=\"https:\/\/eltrabajo.cl\/web\/por-mas-dificil-que-parezca-el-uni-uni-intentara-sumar-ante-magallanes\/\" \/>\n<meta property=\"og:locale\" content=\"es_ES\" \/>\n<meta property=\"og:type\" content=\"article\" \/>\n<meta property=\"og:title\" content=\"Por m\u00e1s dif\u00edcil que parezca, el Un\u00ed Un\u00ed intentar\u00e1 sumar ante Magallanes - Diario El Trabajo\" \/>\n<meta property=\"og:description\" content=\"Ante Magallanes, uno de los equipos de mejor campa\u00f1a en la actual temporada, Uni\u00f3n San Felipe buscar\u00e1 dar la sorpresa de la fecha y empezar a enmendar el rumbo en una campa\u00f1a que hasta ahora ha carecido de brillo. Las distancias futbol\u00edsticas entre el Un\u00ed Un\u00ed y su rival de ma\u00f1ana son muy amplias en [&hellip;]\" \/>\n<meta property=\"og:url\" content=\"https:\/\/eltrabajo.cl\/web\/por-mas-dificil-que-parezca-el-uni-uni-intentara-sumar-ante-magallanes\/\" \/>\n<meta property=\"og:site_name\" content=\"Diario El Trabajo\" \/>\n<meta property=\"article:publisher\" content=\"https:\/\/www.facebook.com\/ElTrabajoDiario\" \/>\n<meta property=\"article:published_time\" content=\"2026-09-04T01:37:53+00:00\" \/>\n<meta property=\"og:image\" content=\"https:\/\/eltrabajo.cl\/web\/wp-content\/uploads\/2026\/09\/uni-uni.jpg\" \/>\n\t<meta property=\"og:image:width\" content=\"700\" \/>\n\t<meta property=\"og:image:height\" content=\"533\" \/>\n\t<meta property=\"og:image:type\" content=\"image\/jpeg\" \/>\n<meta name=\"author\" content=\"Diario El Trabajo\" \/>\n<meta name=\"twitter:card\" content=\"summary_large_image\" \/>\n<meta name=\"twitter:creator\" content=\"@diarioeltrabajo\" \/>\n<meta name=\"twitter:site\" content=\"@diarioeltrabajo\" \/>\n<meta name=\"twitter:label1\" content=\"Escrito por\" \/>\n\t<meta name=\"twitter:data1\" content=\"Diario El Trabajo\" \/>\n\t<meta name=\"twitter:label2\" content=\"Tiempo estimado de lectura\" \/>\n\t<meta name=\"twitter:data2\" content=\"2 minutos\" \/>\n<script type=\"application\/ld+json\" class=\"yoast-schema-graph\">{\"@context\":\"https:\\\/\\\/schema.org\",\"@graph\":[{\"@type\":\"Article\",\"@id\":\"https:\\\/\\\/eltrabajo.cl\\\/web\\\/por-mas-dificil-que-parezca-el-uni-uni-intentara-sumar-ante-magallanes\\\/#article\",\"isPartOf\":{\"@id\":\"https:\\\/\\\/eltrabajo.cl\\\/web\\\/por-mas-dificil-que-parezca-el-uni-uni-intentara-sumar-ante-magallanes\\\/\"},\"author\":{\"name\":\"Diario El Trabajo\",\"@id\":\"https:\\\/\\\/eltrabajo.cl\\\/web\\\/#\\\/schema\\\/person\\\/45efd3d17f86ec456e44dd7debe1bf19\"},\"headline\":\"Por m\u00e1s dif\u00edcil que parezca, el Un\u00ed Un\u00ed intentar\u00e1 sumar ante Magallanes\",\"datePublished\":\"2026-09-04T01:37:53+00:00\",\"mainEntityOfPage\":{\"@id\":\"https:\\\/\\\/eltrabajo.cl\\\/web\\\/por-mas-dificil-que-parezca-el-uni-uni-intentara-sumar-ante-magallanes\\\/\"},\"wordCount\":270,\"commentCount\":0,\"publisher\":{\"@id\":\"https:\\\/\\\/eltrabajo.cl\\\/web\\\/#organization\"},\"image\":{\"@id\":\"https:\\\/\\\/eltrabajo.cl\\\/web\\\/por-mas-dificil-que-parezca-el-uni-uni-intentara-sumar-ante-magallanes\\\/#primaryimage\"},\"thumbnailUrl\":\"https:\\\/\\\/eltrabajo.cl\\\/web\\\/wp-content\\\/uploads\\\/2026\\\/09\\\/uni-uni.jpg\",\"articleSection\":[\"Deportes\"],\"inLanguage\":\"es-CL\",\"potentialAction\":[{\"@type\":\"CommentAction\",\"name\":\"Comment\",\"target\":[\"https:\\\/\\\/eltrabajo.cl\\\/web\\\/por-mas-dificil-que-parezca-el-uni-uni-intentara-sumar-ante-magallanes\\\/#respond\"]}]},{\"@type\":\"WebPage\",\"@id\":\"https:\\\/\\\/eltrabajo.cl\\\/web\\\/por-mas-dificil-que-parezca-el-uni-uni-intentara-sumar-ante-magallanes\\\/\",\"url\":\"https:\\\/\\\/eltrabajo.cl\\\/web\\\/por-mas-dificil-que-parezca-el-uni-uni-intentara-sumar-ante-magallanes\\\/\",\"name\":\"Por m\u00e1s dif\u00edcil que parezca, el Un\u00ed Un\u00ed intentar\u00e1 sumar ante Magallanes - Diario El Trabajo\",\"isPartOf\":{\"@id\":\"https:\\\/\\\/eltrabajo.cl\\\/web\\\/#website\"},\"primaryImageOfPage\":{\"@id\":\"https:\\\/\\\/eltrabajo.cl\\\/web\\\/por-mas-dificil-que-parezca-el-uni-uni-intentara-sumar-ante-magallanes\\\/#primaryimage\"},\"image\":{\"@id\":\"https:\\\/\\\/eltrabajo.cl\\\/web\\\/por-mas-dificil-que-parezca-el-uni-uni-intentara-sumar-ante-magallanes\\\/#primaryimage\"},\"thumbnailUrl\":\"https:\\\/\\\/eltrabajo.cl\\\/web\\\/wp-content\\\/uploads\\\/2026\\\/09\\\/uni-uni.jpg\",\"datePublished\":\"2026-09-04T01:37:53+00:00\",\"breadcrumb\":{\"@id\":\"https:\\\/\\\/eltrabajo.cl\\\/web\\\/por-mas-dificil-que-parezca-el-uni-uni-intentara-sumar-ante-magallanes\\\/#breadcrumb\"},\"inLanguage\":\"es-CL\",\"potentialAction\":[{\"@type\":\"ReadAction\",\"target\":[\"https:\\\/\\\/eltrabajo.cl\\\/web\\\/por-mas-dificil-que-parezca-el-uni-uni-intentara-sumar-ante-magallanes\\\/\"]}]},{\"@type\":\"ImageObject\",\"inLanguage\":\"es-CL\",\"@id\":\"https:\\\/\\\/eltrabajo.cl\\\/web\\\/por-mas-dificil-que-parezca-el-uni-uni-intentara-sumar-ante-magallanes\\\/#primaryimage\",\"url\":\"https:\\\/\\\/eltrabajo.cl\\\/web\\\/wp-content\\\/uploads\\\/2026\\\/09\\\/uni-uni.jpg\",\"contentUrl\":\"https:\\\/\\\/eltrabajo.cl\\\/web\\\/wp-content\\\/uploads\\\/2026\\\/09\\\/uni-uni.jpg\",\"width\":700,\"height\":533,\"caption\":\"Los sanfelipe\u00f1os tiene cada vez menos margenL para seguir perdiendo puntos.\"},{\"@type\":\"BreadcrumbList\",\"@id\":\"https:\\\/\\\/eltrabajo.cl\\\/web\\\/por-mas-dificil-que-parezca-el-uni-uni-intentara-sumar-ante-magallanes\\\/#breadcrumb\",\"itemListElement\":[{\"@type\":\"ListItem\",\"position\":1,\"name\":\"Portada\",\"item\":\"https:\\\/\\\/eltrabajo.cl\\\/web\\\/\"},{\"@type\":\"ListItem\",\"position\":2,\"name\":\"Por m\u00e1s dif\u00edcil que parezca, el Un\u00ed Un\u00ed intentar\u00e1 sumar ante Magallanes\"}]},{\"@type\":\"WebSite\",\"@id\":\"https:\\\/\\\/eltrabajo.cl\\\/web\\\/#website\",\"url\":\"https:\\\/\\\/eltrabajo.cl\\\/web\\\/\",\"name\":\"Diario El Trabajo\",\"description\":\"Desde 1929 construyendo Identidad Local\",\"publisher\":{\"@id\":\"https:\\\/\\\/eltrabajo.cl\\\/web\\\/#organization\"},\"potentialAction\":[{\"@type\":\"SearchAction\",\"target\":{\"@type\":\"EntryPoint\",\"urlTemplate\":\"https:\\\/\\\/eltrabajo.cl\\\/web\\\/?s={search_term_string}\"},\"query-input\":{\"@type\":\"PropertyValueSpecification\",\"valueRequired\":true,\"valueName\":\"search_term_string\"}}],\"inLanguage\":\"es-CL\"},{\"@type\":\"Organization\",\"@id\":\"https:\\\/\\\/eltrabajo.cl\\\/web\\\/#organization\",\"name\":\"Diario El Trabajo\",\"url\":\"https:\\\/\\\/eltrabajo.cl\\\/web\\\/\",\"logo\":{\"@type\":\"ImageObject\",\"inLanguage\":\"es-CL\",\"@id\":\"https:\\\/\\\/eltrabajo.cl\\\/web\\\/#\\\/schema\\\/logo\\\/image\\\/\",\"url\":\"https:\\\/\\\/eltrabajo.cl\\\/web\\\/wp-content\\\/uploads\\\/2024\\\/06\\\/profile-image-ig-page-diarioeltrabajo.jpg\",\"contentUrl\":\"https:\\\/\\\/eltrabajo.cl\\\/web\\\/wp-content\\\/uploads\\\/2024\\\/06\\\/profile-image-ig-page-diarioeltrabajo.jpg\",\"width\":823,\"height\":823,\"caption\":\"Diario El Trabajo\"},\"image\":{\"@id\":\"https:\\\/\\\/eltrabajo.cl\\\/web\\\/#\\\/schema\\\/logo\\\/image\\\/\"},\"sameAs\":[\"https:\\\/\\\/www.facebook.com\\\/ElTrabajoDiario\",\"https:\\\/\\\/x.com\\\/diarioeltrabajo\"]},{\"@type\":\"Person\",\"@id\":\"https:\\\/\\\/eltrabajo.cl\\\/web\\\/#\\\/schema\\\/person\\\/45efd3d17f86ec456e44dd7debe1bf19\",\"name\":\"Diario El Trabajo\",\"image\":{\"@type\":\"ImageObject\",\"inLanguage\":\"es-CL\",\"@id\":\"https:\\\/\\\/secure.gravatar.com\\\/avatar\\\/7e6ec277dc4aea2677c2dc301d4227957219329c985ab69a3efc12518b5161aa?s=96&d=mm&r=g\",\"url\":\"https:\\\/\\\/secure.gravatar.com\\\/avatar\\\/7e6ec277dc4aea2677c2dc301d4227957219329c985ab69a3efc12518b5161aa?s=96&d=mm&r=g\",\"contentUrl\":\"https:\\\/\\\/secure.gravatar.com\\\/avatar\\\/7e6ec277dc4aea2677c2dc301d4227957219329c985ab69a3efc12518b5161aa?s=96&d=mm&r=g\",\"caption\":\"Diario El Trabajo\"},\"sameAs\":[\"https:\\\/\\\/eltrabajo.cl\\\/web\"],\"url\":\"https:\\\/\\\/eltrabajo.cl\\\/web\\\/author\\\/diario-el-trabajo\\\/\"}]}<\/script>\n<!-- \/ Yoast SEO plugin. -->","yoast_head_json":{"title":"Por m\u00e1s dif\u00edcil que parezca, el Un\u00ed Un\u00ed intentar\u00e1 sumar ante Magallanes - Diario El Trabajo","robots":{"index":"index","follow":"follow","max-snippet":"max-snippet:-1","max-image-preview":"max-image-preview:large","max-video-preview":"max-video-preview:-1"},"canonical":"https:\/\/eltrabajo.cl\/web\/por-mas-dificil-que-parezca-el-uni-uni-intentara-sumar-ante-magallanes\/","og_locale":"es_ES","og_type":"article","og_title":"Por m\u00e1s dif\u00edcil que parezca, el Un\u00ed Un\u00ed intentar\u00e1 sumar ante Magallanes - Diario El Trabajo","og_description":"Ante Magallanes, uno de los equipos de mejor campa\u00f1a en la actual temporada, Uni\u00f3n San Felipe buscar\u00e1 dar la sorpresa de la fecha y empezar a enmendar el rumbo en una campa\u00f1a que hasta ahora ha carecido de brillo. Las distancias futbol\u00edsticas entre el Un\u00ed Un\u00ed y su rival de ma\u00f1ana son muy amplias en [&hellip;]","og_url":"https:\/\/eltrabajo.cl\/web\/por-mas-dificil-que-parezca-el-uni-uni-intentara-sumar-ante-magallanes\/","og_site_name":"Diario El Trabajo","article_publisher":"https:\/\/www.facebook.com\/ElTrabajoDiario","article_published_time":"2026-09-04T01:37:53+00:00","og_image":[{"width":700,"height":533,"url":"https:\/\/eltrabajo.cl\/web\/wp-content\/uploads\/2026\/09\/uni-uni.jpg","type":"image\/jpeg"}],"author":"Diario El Trabajo","twitter_card":"summary_large_image","twitter_creator":"@diarioeltrabajo","twitter_site":"@diarioeltrabajo","twitter_misc":{"Escrito por":"Diario El Trabajo","Tiempo estimado de lectura":"2 minutos"},"schema":{"@context":"https:\/\/schema.org","@graph":[{"@type":"Article","@id":"https:\/\/eltrabajo.cl\/web\/por-mas-dificil-que-parezca-el-uni-uni-intentara-sumar-ante-magallanes\/#article","isPartOf":{"@id":"https:\/\/eltrabajo.cl\/web\/por-mas-dificil-que-parezca-el-uni-uni-intentara-sumar-ante-magallanes\/"},"author":{"name":"Diario El Trabajo","@id":"https:\/\/eltrabajo.cl\/web\/#\/schema\/person\/45efd3d17f86ec456e44dd7debe1bf19"},"headline":"Por m\u00e1s dif\u00edcil que parezca, el Un\u00ed Un\u00ed intentar\u00e1 sumar ante Magallanes","datePublished":"2026-09-04T01:37:53+00:00","mainEntityOfPage":{"@id":"https:\/\/eltrabajo.cl\/web\/por-mas-dificil-que-parezca-el-uni-uni-intentara-sumar-ante-magallanes\/"},"wordCount":270,"commentCount":0,"publisher":{"@id":"https:\/\/eltrabajo.cl\/web\/#organization"},"image":{"@id":"https:\/\/eltrabajo.cl\/web\/por-mas-dificil-que-parezca-el-uni-uni-intentara-sumar-ante-magallanes\/#primaryimage"},"thumbnailUrl":"https:\/\/eltrabajo.cl\/web\/wp-content\/uploads\/2026\/09\/uni-uni.jpg","articleSection":["Deportes"],"inLanguage":"es-CL","potentialAction":[{"@type":"CommentAction","name":"Comment","target":["https:\/\/eltrabajo.cl\/web\/por-mas-dificil-que-parezca-el-uni-uni-intentara-sumar-ante-magallanes\/#respond"]}]},{"@type":"WebPage","@id":"https:\/\/eltrabajo.cl\/web\/por-mas-dificil-que-parezca-el-uni-uni-intentara-sumar-ante-magallanes\/","url":"https:\/\/eltrabajo.cl\/web\/por-mas-dificil-que-parezca-el-uni-uni-intentara-sumar-ante-magallanes\/","name":"Por m\u00e1s dif\u00edcil que parezca, el Un\u00ed Un\u00ed intentar\u00e1 sumar ante Magallanes - Diario El Trabajo","isPartOf":{"@id":"https:\/\/eltrabajo.cl\/web\/#website"},"primaryImageOfPage":{"@id":"https:\/\/eltrabajo.cl\/web\/por-mas-dificil-que-parezca-el-uni-uni-intentara-sumar-ante-magallanes\/#primaryimage"},"image":{"@id":"https:\/\/eltrabajo.cl\/web\/por-mas-dificil-que-parezca-el-uni-uni-intentara-sumar-ante-magallanes\/#primaryimage"},"thumbnailUrl":"https:\/\/eltrabajo.cl\/web\/wp-content\/uploads\/2026\/09\/uni-uni.jpg","datePublished":"2026-09-04T01:37:53+00:00","breadcrumb":{"@id":"https:\/\/eltrabajo.cl\/web\/por-mas-dificil-que-parezca-el-uni-uni-intentara-sumar-ante-magallanes\/#breadcrumb"},"inLanguage":"es-CL","potentialAction":[{"@type":"ReadAction","target":["https:\/\/eltrabajo.cl\/web\/por-mas-dificil-que-parezca-el-uni-uni-intentara-sumar-ante-magallanes\/"]}]},{"@type":"ImageObject","inLanguage":"es-CL","@id":"https:\/\/eltrabajo.cl\/web\/por-mas-dificil-que-parezca-el-uni-uni-intentara-sumar-ante-magallanes\/#primaryimage","url":"https:\/\/eltrabajo.cl\/web\/wp-content\/uploads\/2026\/09\/uni-uni.jpg","contentUrl":"https:\/\/eltrabajo.cl\/web\/wp-content\/uploads\/2026\/09\/uni-uni.jpg","width":700,"height":533,"caption":"Los sanfelipe\u00f1os tiene cada vez menos margenL para seguir perdiendo puntos."},{"@type":"BreadcrumbList","@id":"https:\/\/eltrabajo.cl\/web\/por-mas-dificil-que-parezca-el-uni-uni-intentara-sumar-ante-magallanes\/#breadcrumb","itemListElement":[{"@type":"ListItem","position":1,"name":"Portada","item":"https:\/\/eltrabajo.cl\/web\/"},{"@type":"ListItem","position":2,"name":"Por m\u00e1s dif\u00edcil que parezca, el Un\u00ed Un\u00ed intentar\u00e1 sumar ante Magallanes"}]},{"@type":"WebSite","@id":"https:\/\/eltrabajo.cl\/web\/#website","url":"https:\/\/eltrabajo.cl\/web\/","name":"Diario El Trabajo","description":"Desde 1929 construyendo Identidad Local","publisher":{"@id":"https:\/\/eltrabajo.cl\/web\/#organization"},"potentialAction":[{"@type":"SearchAction","target":{"@type":"EntryPoint","urlTemplate":"https:\/\/eltrabajo.cl\/web\/?s={search_term_string}"},"query-input":{"@type":"PropertyValueSpecification","valueRequired":true,"valueName":"search_term_string"}}],"inLanguage":"es-CL"},{"@type":"Organization","@id":"https:\/\/eltrabajo.cl\/web\/#organization","name":"Diario El Trabajo","url":"https:\/\/eltrabajo.cl\/web\/","logo":{"@type":"ImageObject","inLanguage":"es-CL","@id":"https:\/\/eltrabajo.cl\/web\/#\/schema\/logo\/image\/","url":"https:\/\/eltrabajo.cl\/web\/wp-content\/uploads\/2024\/06\/profile-image-ig-page-diarioeltrabajo.jpg","contentUrl":"https:\/\/eltrabajo.cl\/web\/wp-content\/uploads\/2024\/06\/profile-image-ig-page-diarioeltrabajo.jpg","width":823,"height":823,"caption":"Diario El Trabajo"},"image":{"@id":"https:\/\/eltrabajo.cl\/web\/#\/schema\/logo\/image\/"},"sameAs":["https:\/\/www.facebook.com\/ElTrabajoDiario","https:\/\/x.com\/diarioeltrabajo"]},{"@type":"Person","@id":"https:\/\/eltrabajo.cl\/web\/#\/schema\/person\/45efd3d17f86ec456e44dd7debe1bf19","name":"Diario El Trabajo","image":{"@type":"ImageObject","inLanguage":"es-CL","@id":"https:\/\/secure.gravatar.com\/avatar\/7e6ec277dc4aea2677c2dc301d4227957219329c985ab69a3efc12518b5161aa?s=96&d=mm&r=g","url":"https:\/\/secure.gravatar.com\/avatar\/7e6ec277dc4aea2677c2dc301d4227957219329c985ab69a3efc12518b5161aa?s=96&d=mm&r=g","contentUrl":"https:\/\/secure.gravatar.com\/avatar\/7e6ec277dc4aea2677c2dc301d4227957219329c985ab69a3efc12518b5161aa?s=96&d=mm&r=g","caption":"Diario El Trabajo"},"sameAs":["https:\/\/eltrabajo.cl\/web"],"url":"https:\/\/eltrabajo.cl\/web\/author\/diario-el-trabajo\/"}]}},"_links":{"self":[{"href":"https:\/\/eltrabajo.cl\/web\/wp-json\/wp\/v2\/posts\/146899","targetHints":{"allow":["GET"]}}],"collection":[{"href":"https:\/\/eltrabajo.cl\/web\/wp-json\/wp\/v2\/posts"}],"about":[{"href":"https:\/\/eltrabajo.cl\/web\/wp-json\/wp\/v2\/types\/post"}],"author":[{"embeddable":true,"href":"https:\/\/eltrabajo.cl\/web\/wp-json\/wp\/v2\/users\/1"}],"replies":[{"embeddable":true,"href":"https:\/\/eltrabajo.cl\/web\/wp-json\/wp\/v2\/comments?post=146899"}],"version-history":[{"count":1,"href":"https:\/\/eltrabajo.cl\/web\/wp-json\/wp\/v2\/posts\/146899\/revisions"}],"predecessor-version":[{"id":146901,"href":"https:\/\/eltrabajo.cl\/web\/wp-json\/wp\/v2\/posts\/146899\/revisions\/146901"}],"wp:featuredmedia":[{"embeddable":true,"href":"https:\/\/eltrabajo.cl\/web\/wp-json\/wp\/v2\/media\/146900"}],"wp:attachment":[{"href":"https:\/\/eltrabajo.cl\/web\/wp-json\/wp\/v2\/media?parent=146899"}],"wp:term":[{"taxonomy":"category","embeddable":true,"href":"https:\/\/eltrabajo.cl\/web\/wp-json\/wp\/v2\/categories?post=146899"},{"taxonomy":"post_tag","embeddable":true,"href":"https:\/\/eltrabajo.cl\/web\/wp-json\/wp\/v2\/tags?post=146899"}],"curies":[{"name":"wp","href":"https:\/\/api.w.org\/{rel}","templated":true}]}}