{"id":146902,"date":"2026-09-03T22:39:13","date_gmt":"2026-09-04T01:39:13","guid":{"rendered":"https:\/\/eltrabajo.cl\/web\/?p=146902"},"modified":"2026-09-03T22:39:13","modified_gmt":"2026-09-04T01:39:13","slug":"agrupacion-animalista-denuncia-masiva-desaparicion-de-perritos","status":"publish","type":"post","link":"https:\/\/eltrabajo.cl\/web\/agrupacion-animalista-denuncia-masiva-desaparicion-de-perritos\/","title":{"rendered":"Agrupaci\u00f3n animalista denuncia masiva desaparici\u00f3n de perritos"},"content":{"rendered":"<ul>\n<li><strong>A lo menos, hay seis casos registrados desde 2025 hasta ahora.-<\/strong><\/li>\n<\/ul>\n<p>Una serie de desapariciones de perritos est\u00e1 denunciando p\u00fablicamente la Agrupaci\u00f3n Animalista Pro Animal de Calle Larga en la misma comuna. Situaci\u00f3n que se estar\u00eda dando desde el 2025 en adelante.<\/p>\n<p>Seg\u00fan los antecedentes recopilados por la agrupaci\u00f3n, el primer caso fue \u2018<strong>Chubaca<\/strong>\u2019, mascota que desapareci\u00f3 durante el a\u00f1o pasado. Posteriormente, en marzo de 2026, se registr\u00f3 el episodio de \u2018<strong>Pr\u00edncipe<\/strong>\u2019, perro que se ausent\u00f3 de su hogar y que fue buscado intensamente sin \u00e9xito.<\/p>\n<p>En tanto, el s\u00e1bado 23 de mayo del presente a\u00f1o se perdi\u00f3 \u2018<strong>Nala<\/strong>\u2019. Como informaci\u00f3n, se\u00f1alaron desde la agrupaci\u00f3n que un d\u00eda antes habr\u00eda aparecido un hombre sin permiso en el cerro ubicado en calle Cristo Redentor, al costado del APR de San Vicente, recalcando que es terreno de un particular, donde el due\u00f1o es muy amable con ellas como Agrupaci\u00f3n Pro Animal Calle Larga.<\/p>\n<p>El 28 de mayo de 2026, pocos d\u00edas despu\u00e9s de la desaparici\u00f3n de Nala, desapareci\u00f3 tambi\u00e9n \u2018<strong>Alma<\/strong>\u2019, registr\u00e1ndose adem\u00e1s la presencia de personas rondando frente al cerro. Casos muy similares en ambas mascotas<\/p>\n<p>El pasado 26 de julio se extravi\u00f3 \u2018<strong>Pantera<\/strong>\u2019 y, finalmente, el 30 de agosto \u2013hace solo algunos d\u00edas- se perdi\u00f3 el rastro de \u2018<strong>Sarabi<\/strong>\u2019. Estos antecedentes son recopilados con el prop\u00f3sito de establecer una cronolog\u00eda de los hechos y aportar informaci\u00f3n que pueda ser verificada mediante testigos, registros, c\u00e1maras u otros medios de investigaci\u00f3n, explicaron desde Pro Animal.<\/p>\n<p>Un particular detalle que lograron notar frente a estas desapariciones, es que los \u2018peluditos\u2019 mencionados eran temerosos y solo una de ellos se dejaba acariciar. Este dato, creen, alimenta la posibilidad de alg\u00fan asesino de animales por el sector<\/p>\n<p>\u00ab<em>Es muy fuerte para nosotras. Ellos estaban con su vacuna antirr\u00e1bica, castrados y las perras esterilizadas. La alcaldesa<\/em> (<strong>Dina Gonz\u00e1lez<\/strong>) <em>est\u00e1 al tanto de esto. Incluso, en el verano a nosotras nos dispararon desde la punta del cerro, ca\u00edan perdigones. Mi compa\u00f1era tuvo que cubrirse en uno de los caniles con los perritos. Esto fue tarde noche\u00bb<\/em>, advirti\u00f3 la presidenta de Pro Animal, <strong>Macarena Cort\u00e9s<\/strong>.<\/p>\n<p>Al finalizar, Cort\u00e9s agreg\u00f3 que han notado la silueta de un hombre con linterna merodeando por las noches en dichos sectores. Ahora, se centran en seguir recabando antecedentes para saber qu\u00e9 ha pasado con estas mascotas de una de las comunas del valle.<\/p>\n<figure id=\"attachment_146903\" aria-describedby=\"caption-attachment-146903\" style=\"width: 697px\" class=\"wp-caption alignnone\"><img loading=\"lazy\" decoding=\"async\" class=\"size-full wp-image-146903\" src=\"https:\/\/eltrabajo.cl\/web\/wp-content\/uploads\/2026\/09\/perros-desaparecido-1.jpg\" alt=\"Estos son algunos de los perritos que han desaparecido en Calle Larga.\" width=\"697\" height=\"219\" srcset=\"https:\/\/eltrabajo.cl\/web\/wp-content\/uploads\/2026\/09\/perros-desaparecido-1.jpg 697w, https:\/\/eltrabajo.cl\/web\/wp-content\/uploads\/2026\/09\/perros-desaparecido-1-300x94.jpg 300w, https:\/\/eltrabajo.cl\/web\/wp-content\/uploads\/2026\/09\/perros-desaparecido-1-150x47.jpg 150w\" sizes=\"auto, (max-width: 697px) 100vw, 697px\" \/><figcaption id=\"caption-attachment-146903\" class=\"wp-caption-text\">Estos son algunos de los perritos que han desaparecido en Calle Larga.<\/figcaption><\/figure>\n<figure id=\"attachment_146904\" aria-describedby=\"caption-attachment-146904\" style=\"width: 699px\" class=\"wp-caption alignnone\"><img loading=\"lazy\" decoding=\"async\" class=\"size-full wp-image-146904\" src=\"https:\/\/eltrabajo.cl\/web\/wp-content\/uploads\/2026\/09\/perro-desaparecido-2.jpg\" alt=\"Otras de las mascotas que se perdieron en la comuna andina.\" width=\"699\" height=\"298\" srcset=\"https:\/\/eltrabajo.cl\/web\/wp-content\/uploads\/2026\/09\/perro-desaparecido-2.jpg 699w, https:\/\/eltrabajo.cl\/web\/wp-content\/uploads\/2026\/09\/perro-desaparecido-2-300x128.jpg 300w, https:\/\/eltrabajo.cl\/web\/wp-content\/uploads\/2026\/09\/perro-desaparecido-2-150x64.jpg 150w, https:\/\/eltrabajo.cl\/web\/wp-content\/uploads\/2026\/09\/perro-desaparecido-2-696x297.jpg 696w\" sizes=\"auto, (max-width: 699px) 100vw, 699px\" \/><figcaption id=\"caption-attachment-146904\" class=\"wp-caption-text\">Otras de las mascotas que se perdieron en la comuna andina.<\/figcaption><\/figure>\n","protected":false},"excerpt":{"rendered":"<p>A lo menos, hay seis casos registrados desde 2025 hasta ahora.- Una serie de desapariciones de perritos est\u00e1 denunciando p\u00fablicamente la Agrupaci\u00f3n Animalista Pro Animal de Calle Larga en la misma comuna. Situaci\u00f3n que se estar\u00eda dando desde el 2025 en adelante. Seg\u00fan los antecedentes recopilados por la agrupaci\u00f3n, el primer caso fue \u2018Chubaca\u2019, mascota [&hellip;]<\/p>\n","protected":false},"author":1,"featured_media":146904,"comment_status":"open","ping_status":"closed","sticky":false,"template":"","format":"standard","meta":{"footnotes":""},"categories":[4],"tags":[],"class_list":["post-146902","post","type-post","status-publish","format-standard","has-post-thumbnail","category-comunidad"],"yoast_head":"<!-- This site is optimized with the Yoast SEO plugin v28.4 - https:\/\/yoast.com\/product\/yoast-seo-wordpress\/ -->\n<title>Agrupaci\u00f3n animalista denuncia masiva desaparici\u00f3n de perritos - Diario El Trabajo<\/title>\n<meta name=\"robots\" content=\"index, follow, max-snippet:-1, max-image-preview:large, max-video-preview:-1\" \/>\n<link rel=\"canonical\" href=\"https:\/\/eltrabajo.cl\/web\/agrupacion-animalista-denuncia-masiva-desaparicion-de-perritos\/\" \/>\n<meta property=\"og:locale\" content=\"es_ES\" \/>\n<meta property=\"og:type\" content=\"article\" \/>\n<meta property=\"og:title\" content=\"Agrupaci\u00f3n animalista denuncia masiva desaparici\u00f3n de perritos - Diario El Trabajo\" \/>\n<meta property=\"og:description\" content=\"A lo menos, hay seis casos registrados desde 2025 hasta ahora.- Una serie de desapariciones de perritos est\u00e1 denunciando p\u00fablicamente la Agrupaci\u00f3n Animalista Pro Animal de Calle Larga en la misma comuna. Situaci\u00f3n que se estar\u00eda dando desde el 2025 en adelante. Seg\u00fan los antecedentes recopilados por la agrupaci\u00f3n, el primer caso fue \u2018Chubaca\u2019, mascota [&hellip;]\" \/>\n<meta property=\"og:url\" content=\"https:\/\/eltrabajo.cl\/web\/agrupacion-animalista-denuncia-masiva-desaparicion-de-perritos\/\" \/>\n<meta property=\"og:site_name\" content=\"Diario El Trabajo\" \/>\n<meta property=\"article:publisher\" content=\"https:\/\/www.facebook.com\/ElTrabajoDiario\" \/>\n<meta property=\"article:published_time\" content=\"2026-09-04T01:39:13+00:00\" \/>\n<meta property=\"og:image\" content=\"https:\/\/eltrabajo.cl\/web\/wp-content\/uploads\/2026\/09\/perro-desaparecido-2.jpg\" \/>\n\t<meta property=\"og:image:width\" content=\"699\" \/>\n\t<meta property=\"og:image:height\" content=\"298\" \/>\n\t<meta property=\"og:image:type\" content=\"image\/jpeg\" \/>\n<meta name=\"author\" content=\"Diario El Trabajo\" \/>\n<meta name=\"twitter:card\" content=\"summary_large_image\" \/>\n<meta name=\"twitter:creator\" content=\"@diarioeltrabajo\" \/>\n<meta name=\"twitter:site\" content=\"@diarioeltrabajo\" \/>\n<meta name=\"twitter:label1\" content=\"Escrito por\" \/>\n\t<meta name=\"twitter:data1\" content=\"Diario El Trabajo\" \/>\n\t<meta name=\"twitter:label2\" content=\"Tiempo estimado de lectura\" \/>\n\t<meta name=\"twitter:data2\" content=\"3 minutos\" \/>\n<script type=\"application\/ld+json\" class=\"yoast-schema-graph\">{\"@context\":\"https:\\\/\\\/schema.org\",\"@graph\":[{\"@type\":\"Article\",\"@id\":\"https:\\\/\\\/eltrabajo.cl\\\/web\\\/agrupacion-animalista-denuncia-masiva-desaparicion-de-perritos\\\/#article\",\"isPartOf\":{\"@id\":\"https:\\\/\\\/eltrabajo.cl\\\/web\\\/agrupacion-animalista-denuncia-masiva-desaparicion-de-perritos\\\/\"},\"author\":{\"name\":\"Diario El Trabajo\",\"@id\":\"https:\\\/\\\/eltrabajo.cl\\\/web\\\/#\\\/schema\\\/person\\\/45efd3d17f86ec456e44dd7debe1bf19\"},\"headline\":\"Agrupaci\u00f3n animalista denuncia masiva desaparici\u00f3n de perritos\",\"datePublished\":\"2026-09-04T01:39:13+00:00\",\"mainEntityOfPage\":{\"@id\":\"https:\\\/\\\/eltrabajo.cl\\\/web\\\/agrupacion-animalista-denuncia-masiva-desaparicion-de-perritos\\\/\"},\"wordCount\":464,\"commentCount\":0,\"publisher\":{\"@id\":\"https:\\\/\\\/eltrabajo.cl\\\/web\\\/#organization\"},\"image\":{\"@id\":\"https:\\\/\\\/eltrabajo.cl\\\/web\\\/agrupacion-animalista-denuncia-masiva-desaparicion-de-perritos\\\/#primaryimage\"},\"thumbnailUrl\":\"https:\\\/\\\/eltrabajo.cl\\\/web\\\/wp-content\\\/uploads\\\/2026\\\/09\\\/perro-desaparecido-2.jpg\",\"articleSection\":[\"Comunidad\"],\"inLanguage\":\"es-CL\",\"potentialAction\":[{\"@type\":\"CommentAction\",\"name\":\"Comment\",\"target\":[\"https:\\\/\\\/eltrabajo.cl\\\/web\\\/agrupacion-animalista-denuncia-masiva-desaparicion-de-perritos\\\/#respond\"]}]},{\"@type\":\"WebPage\",\"@id\":\"https:\\\/\\\/eltrabajo.cl\\\/web\\\/agrupacion-animalista-denuncia-masiva-desaparicion-de-perritos\\\/\",\"url\":\"https:\\\/\\\/eltrabajo.cl\\\/web\\\/agrupacion-animalista-denuncia-masiva-desaparicion-de-perritos\\\/\",\"name\":\"Agrupaci\u00f3n animalista denuncia masiva desaparici\u00f3n de perritos - Diario El Trabajo\",\"isPartOf\":{\"@id\":\"https:\\\/\\\/eltrabajo.cl\\\/web\\\/#website\"},\"primaryImageOfPage\":{\"@id\":\"https:\\\/\\\/eltrabajo.cl\\\/web\\\/agrupacion-animalista-denuncia-masiva-desaparicion-de-perritos\\\/#primaryimage\"},\"image\":{\"@id\":\"https:\\\/\\\/eltrabajo.cl\\\/web\\\/agrupacion-animalista-denuncia-masiva-desaparicion-de-perritos\\\/#primaryimage\"},\"thumbnailUrl\":\"https:\\\/\\\/eltrabajo.cl\\\/web\\\/wp-content\\\/uploads\\\/2026\\\/09\\\/perro-desaparecido-2.jpg\",\"datePublished\":\"2026-09-04T01:39:13+00:00\",\"breadcrumb\":{\"@id\":\"https:\\\/\\\/eltrabajo.cl\\\/web\\\/agrupacion-animalista-denuncia-masiva-desaparicion-de-perritos\\\/#breadcrumb\"},\"inLanguage\":\"es-CL\",\"potentialAction\":[{\"@type\":\"ReadAction\",\"target\":[\"https:\\\/\\\/eltrabajo.cl\\\/web\\\/agrupacion-animalista-denuncia-masiva-desaparicion-de-perritos\\\/\"]}]},{\"@type\":\"ImageObject\",\"inLanguage\":\"es-CL\",\"@id\":\"https:\\\/\\\/eltrabajo.cl\\\/web\\\/agrupacion-animalista-denuncia-masiva-desaparicion-de-perritos\\\/#primaryimage\",\"url\":\"https:\\\/\\\/eltrabajo.cl\\\/web\\\/wp-content\\\/uploads\\\/2026\\\/09\\\/perro-desaparecido-2.jpg\",\"contentUrl\":\"https:\\\/\\\/eltrabajo.cl\\\/web\\\/wp-content\\\/uploads\\\/2026\\\/09\\\/perro-desaparecido-2.jpg\",\"width\":699,\"height\":298,\"caption\":\"Otras de las mascotas que se perdieron en la comuna andina.\"},{\"@type\":\"BreadcrumbList\",\"@id\":\"https:\\\/\\\/eltrabajo.cl\\\/web\\\/agrupacion-animalista-denuncia-masiva-desaparicion-de-perritos\\\/#breadcrumb\",\"itemListElement\":[{\"@type\":\"ListItem\",\"position\":1,\"name\":\"Portada\",\"item\":\"https:\\\/\\\/eltrabajo.cl\\\/web\\\/\"},{\"@type\":\"ListItem\",\"position\":2,\"name\":\"Agrupaci\u00f3n animalista denuncia masiva desaparici\u00f3n de perritos\"}]},{\"@type\":\"WebSite\",\"@id\":\"https:\\\/\\\/eltrabajo.cl\\\/web\\\/#website\",\"url\":\"https:\\\/\\\/eltrabajo.cl\\\/web\\\/\",\"name\":\"Diario El Trabajo\",\"description\":\"Desde 1929 construyendo Identidad Local\",\"publisher\":{\"@id\":\"https:\\\/\\\/eltrabajo.cl\\\/web\\\/#organization\"},\"potentialAction\":[{\"@type\":\"SearchAction\",\"target\":{\"@type\":\"EntryPoint\",\"urlTemplate\":\"https:\\\/\\\/eltrabajo.cl\\\/web\\\/?s={search_term_string}\"},\"query-input\":{\"@type\":\"PropertyValueSpecification\",\"valueRequired\":true,\"valueName\":\"search_term_string\"}}],\"inLanguage\":\"es-CL\"},{\"@type\":\"Organization\",\"@id\":\"https:\\\/\\\/eltrabajo.cl\\\/web\\\/#organization\",\"name\":\"Diario El Trabajo\",\"url\":\"https:\\\/\\\/eltrabajo.cl\\\/web\\\/\",\"logo\":{\"@type\":\"ImageObject\",\"inLanguage\":\"es-CL\",\"@id\":\"https:\\\/\\\/eltrabajo.cl\\\/web\\\/#\\\/schema\\\/logo\\\/image\\\/\",\"url\":\"https:\\\/\\\/eltrabajo.cl\\\/web\\\/wp-content\\\/uploads\\\/2024\\\/06\\\/profile-image-ig-page-diarioeltrabajo.jpg\",\"contentUrl\":\"https:\\\/\\\/eltrabajo.cl\\\/web\\\/wp-content\\\/uploads\\\/2024\\\/06\\\/profile-image-ig-page-diarioeltrabajo.jpg\",\"width\":823,\"height\":823,\"caption\":\"Diario El Trabajo\"},\"image\":{\"@id\":\"https:\\\/\\\/eltrabajo.cl\\\/web\\\/#\\\/schema\\\/logo\\\/image\\\/\"},\"sameAs\":[\"https:\\\/\\\/www.facebook.com\\\/ElTrabajoDiario\",\"https:\\\/\\\/x.com\\\/diarioeltrabajo\"]},{\"@type\":\"Person\",\"@id\":\"https:\\\/\\\/eltrabajo.cl\\\/web\\\/#\\\/schema\\\/person\\\/45efd3d17f86ec456e44dd7debe1bf19\",\"name\":\"Diario El Trabajo\",\"image\":{\"@type\":\"ImageObject\",\"inLanguage\":\"es-CL\",\"@id\":\"https:\\\/\\\/secure.gravatar.com\\\/avatar\\\/7e6ec277dc4aea2677c2dc301d4227957219329c985ab69a3efc12518b5161aa?s=96&d=mm&r=g\",\"url\":\"https:\\\/\\\/secure.gravatar.com\\\/avatar\\\/7e6ec277dc4aea2677c2dc301d4227957219329c985ab69a3efc12518b5161aa?s=96&d=mm&r=g\",\"contentUrl\":\"https:\\\/\\\/secure.gravatar.com\\\/avatar\\\/7e6ec277dc4aea2677c2dc301d4227957219329c985ab69a3efc12518b5161aa?s=96&d=mm&r=g\",\"caption\":\"Diario El Trabajo\"},\"sameAs\":[\"https:\\\/\\\/eltrabajo.cl\\\/web\"],\"url\":\"https:\\\/\\\/eltrabajo.cl\\\/web\\\/author\\\/diario-el-trabajo\\\/\"}]}<\/script>\n<!-- \/ Yoast SEO plugin. -->","yoast_head_json":{"title":"Agrupaci\u00f3n animalista denuncia masiva desaparici\u00f3n de perritos - Diario El Trabajo","robots":{"index":"index","follow":"follow","max-snippet":"max-snippet:-1","max-image-preview":"max-image-preview:large","max-video-preview":"max-video-preview:-1"},"canonical":"https:\/\/eltrabajo.cl\/web\/agrupacion-animalista-denuncia-masiva-desaparicion-de-perritos\/","og_locale":"es_ES","og_type":"article","og_title":"Agrupaci\u00f3n animalista denuncia masiva desaparici\u00f3n de perritos - Diario El Trabajo","og_description":"A lo menos, hay seis casos registrados desde 2025 hasta ahora.- Una serie de desapariciones de perritos est\u00e1 denunciando p\u00fablicamente la Agrupaci\u00f3n Animalista Pro Animal de Calle Larga en la misma comuna. Situaci\u00f3n que se estar\u00eda dando desde el 2025 en adelante. Seg\u00fan los antecedentes recopilados por la agrupaci\u00f3n, el primer caso fue \u2018Chubaca\u2019, mascota [&hellip;]","og_url":"https:\/\/eltrabajo.cl\/web\/agrupacion-animalista-denuncia-masiva-desaparicion-de-perritos\/","og_site_name":"Diario El Trabajo","article_publisher":"https:\/\/www.facebook.com\/ElTrabajoDiario","article_published_time":"2026-09-04T01:39:13+00:00","og_image":[{"width":699,"height":298,"url":"https:\/\/eltrabajo.cl\/web\/wp-content\/uploads\/2026\/09\/perro-desaparecido-2.jpg","type":"image\/jpeg"}],"author":"Diario El Trabajo","twitter_card":"summary_large_image","twitter_creator":"@diarioeltrabajo","twitter_site":"@diarioeltrabajo","twitter_misc":{"Escrito por":"Diario El Trabajo","Tiempo estimado de lectura":"3 minutos"},"schema":{"@context":"https:\/\/schema.org","@graph":[{"@type":"Article","@id":"https:\/\/eltrabajo.cl\/web\/agrupacion-animalista-denuncia-masiva-desaparicion-de-perritos\/#article","isPartOf":{"@id":"https:\/\/eltrabajo.cl\/web\/agrupacion-animalista-denuncia-masiva-desaparicion-de-perritos\/"},"author":{"name":"Diario El Trabajo","@id":"https:\/\/eltrabajo.cl\/web\/#\/schema\/person\/45efd3d17f86ec456e44dd7debe1bf19"},"headline":"Agrupaci\u00f3n animalista denuncia masiva desaparici\u00f3n de perritos","datePublished":"2026-09-04T01:39:13+00:00","mainEntityOfPage":{"@id":"https:\/\/eltrabajo.cl\/web\/agrupacion-animalista-denuncia-masiva-desaparicion-de-perritos\/"},"wordCount":464,"commentCount":0,"publisher":{"@id":"https:\/\/eltrabajo.cl\/web\/#organization"},"image":{"@id":"https:\/\/eltrabajo.cl\/web\/agrupacion-animalista-denuncia-masiva-desaparicion-de-perritos\/#primaryimage"},"thumbnailUrl":"https:\/\/eltrabajo.cl\/web\/wp-content\/uploads\/2026\/09\/perro-desaparecido-2.jpg","articleSection":["Comunidad"],"inLanguage":"es-CL","potentialAction":[{"@type":"CommentAction","name":"Comment","target":["https:\/\/eltrabajo.cl\/web\/agrupacion-animalista-denuncia-masiva-desaparicion-de-perritos\/#respond"]}]},{"@type":"WebPage","@id":"https:\/\/eltrabajo.cl\/web\/agrupacion-animalista-denuncia-masiva-desaparicion-de-perritos\/","url":"https:\/\/eltrabajo.cl\/web\/agrupacion-animalista-denuncia-masiva-desaparicion-de-perritos\/","name":"Agrupaci\u00f3n animalista denuncia masiva desaparici\u00f3n de perritos - Diario El Trabajo","isPartOf":{"@id":"https:\/\/eltrabajo.cl\/web\/#website"},"primaryImageOfPage":{"@id":"https:\/\/eltrabajo.cl\/web\/agrupacion-animalista-denuncia-masiva-desaparicion-de-perritos\/#primaryimage"},"image":{"@id":"https:\/\/eltrabajo.cl\/web\/agrupacion-animalista-denuncia-masiva-desaparicion-de-perritos\/#primaryimage"},"thumbnailUrl":"https:\/\/eltrabajo.cl\/web\/wp-content\/uploads\/2026\/09\/perro-desaparecido-2.jpg","datePublished":"2026-09-04T01:39:13+00:00","breadcrumb":{"@id":"https:\/\/eltrabajo.cl\/web\/agrupacion-animalista-denuncia-masiva-desaparicion-de-perritos\/#breadcrumb"},"inLanguage":"es-CL","potentialAction":[{"@type":"ReadAction","target":["https:\/\/eltrabajo.cl\/web\/agrupacion-animalista-denuncia-masiva-desaparicion-de-perritos\/"]}]},{"@type":"ImageObject","inLanguage":"es-CL","@id":"https:\/\/eltrabajo.cl\/web\/agrupacion-animalista-denuncia-masiva-desaparicion-de-perritos\/#primaryimage","url":"https:\/\/eltrabajo.cl\/web\/wp-content\/uploads\/2026\/09\/perro-desaparecido-2.jpg","contentUrl":"https:\/\/eltrabajo.cl\/web\/wp-content\/uploads\/2026\/09\/perro-desaparecido-2.jpg","width":699,"height":298,"caption":"Otras de las mascotas que se perdieron en la comuna andina."},{"@type":"BreadcrumbList","@id":"https:\/\/eltrabajo.cl\/web\/agrupacion-animalista-denuncia-masiva-desaparicion-de-perritos\/#breadcrumb","itemListElement":[{"@type":"ListItem","position":1,"name":"Portada","item":"https:\/\/eltrabajo.cl\/web\/"},{"@type":"ListItem","position":2,"name":"Agrupaci\u00f3n animalista denuncia masiva desaparici\u00f3n de perritos"}]},{"@type":"WebSite","@id":"https:\/\/eltrabajo.cl\/web\/#website","url":"https:\/\/eltrabajo.cl\/web\/","name":"Diario El Trabajo","description":"Desde 1929 construyendo Identidad Local","publisher":{"@id":"https:\/\/eltrabajo.cl\/web\/#organization"},"potentialAction":[{"@type":"SearchAction","target":{"@type":"EntryPoint","urlTemplate":"https:\/\/eltrabajo.cl\/web\/?s={search_term_string}"},"query-input":{"@type":"PropertyValueSpecification","valueRequired":true,"valueName":"search_term_string"}}],"inLanguage":"es-CL"},{"@type":"Organization","@id":"https:\/\/eltrabajo.cl\/web\/#organization","name":"Diario El Trabajo","url":"https:\/\/eltrabajo.cl\/web\/","logo":{"@type":"ImageObject","inLanguage":"es-CL","@id":"https:\/\/eltrabajo.cl\/web\/#\/schema\/logo\/image\/","url":"https:\/\/eltrabajo.cl\/web\/wp-content\/uploads\/2024\/06\/profile-image-ig-page-diarioeltrabajo.jpg","contentUrl":"https:\/\/eltrabajo.cl\/web\/wp-content\/uploads\/2024\/06\/profile-image-ig-page-diarioeltrabajo.jpg","width":823,"height":823,"caption":"Diario El Trabajo"},"image":{"@id":"https:\/\/eltrabajo.cl\/web\/#\/schema\/logo\/image\/"},"sameAs":["https:\/\/www.facebook.com\/ElTrabajoDiario","https:\/\/x.com\/diarioeltrabajo"]},{"@type":"Person","@id":"https:\/\/eltrabajo.cl\/web\/#\/schema\/person\/45efd3d17f86ec456e44dd7debe1bf19","name":"Diario El Trabajo","image":{"@type":"ImageObject","inLanguage":"es-CL","@id":"https:\/\/secure.gravatar.com\/avatar\/7e6ec277dc4aea2677c2dc301d4227957219329c985ab69a3efc12518b5161aa?s=96&d=mm&r=g","url":"https:\/\/secure.gravatar.com\/avatar\/7e6ec277dc4aea2677c2dc301d4227957219329c985ab69a3efc12518b5161aa?s=96&d=mm&r=g","contentUrl":"https:\/\/secure.gravatar.com\/avatar\/7e6ec277dc4aea2677c2dc301d4227957219329c985ab69a3efc12518b5161aa?s=96&d=mm&r=g","caption":"Diario El Trabajo"},"sameAs":["https:\/\/eltrabajo.cl\/web"],"url":"https:\/\/eltrabajo.cl\/web\/author\/diario-el-trabajo\/"}]}},"_links":{"self":[{"href":"https:\/\/eltrabajo.cl\/web\/wp-json\/wp\/v2\/posts\/146902","targetHints":{"allow":["GET"]}}],"collection":[{"href":"https:\/\/eltrabajo.cl\/web\/wp-json\/wp\/v2\/posts"}],"about":[{"href":"https:\/\/eltrabajo.cl\/web\/wp-json\/wp\/v2\/types\/post"}],"author":[{"embeddable":true,"href":"https:\/\/eltrabajo.cl\/web\/wp-json\/wp\/v2\/users\/1"}],"replies":[{"embeddable":true,"href":"https:\/\/eltrabajo.cl\/web\/wp-json\/wp\/v2\/comments?post=146902"}],"version-history":[{"count":1,"href":"https:\/\/eltrabajo.cl\/web\/wp-json\/wp\/v2\/posts\/146902\/revisions"}],"predecessor-version":[{"id":146905,"href":"https:\/\/eltrabajo.cl\/web\/wp-json\/wp\/v2\/posts\/146902\/revisions\/146905"}],"wp:featuredmedia":[{"embeddable":true,"href":"https:\/\/eltrabajo.cl\/web\/wp-json\/wp\/v2\/media\/146904"}],"wp:attachment":[{"href":"https:\/\/eltrabajo.cl\/web\/wp-json\/wp\/v2\/media?parent=146902"}],"wp:term":[{"taxonomy":"category","embeddable":true,"href":"https:\/\/eltrabajo.cl\/web\/wp-json\/wp\/v2\/categories?post=146902"},{"taxonomy":"post_tag","embeddable":true,"href":"https:\/\/eltrabajo.cl\/web\/wp-json\/wp\/v2\/tags?post=146902"}],"curies":[{"name":"wp","href":"https:\/\/api.w.org\/{rel}","templated":true}]}}