{"id":146906,"date":"2026-09-03T22:40:28","date_gmt":"2026-09-04T01:40:28","guid":{"rendered":"https:\/\/eltrabajo.cl\/web\/?p=146906"},"modified":"2026-09-03T22:40:28","modified_gmt":"2026-09-04T01:40:28","slug":"liceo-cordillera-se-corona-bicampeon-regional-de-voleibol-u17-y-representara-a-valparaiso-en-el-nacional-escolar","status":"publish","type":"post","link":"https:\/\/eltrabajo.cl\/web\/liceo-cordillera-se-corona-bicampeon-regional-de-voleibol-u17-y-representara-a-valparaiso-en-el-nacional-escolar\/","title":{"rendered":"Liceo Cordillera se corona bicampe\u00f3n regional de v\u00f3leibol U17 y representar\u00e1 a Valpara\u00edso en el Nacional Escolar"},"content":{"rendered":"<ul>\n<li><strong>La instancia a nivel pa\u00eds se disputar\u00e1 en octubre en Concepci\u00f3n.-<\/strong><\/li>\n<\/ul>\n<p>Una nueva alegr\u00eda deportiva consigui\u00f3 el <strong>Liceo Bicentenario Cordillera de San Felipe<\/strong>, luego de quedarse por segundo a\u00f1o consecutivo con el Campeonato Regional Escolar de V\u00f3leibol en la categor\u00eda U17. El elenco dirigido por el t\u00e9cnico <strong>Eduardo Ch\u00e1vez<\/strong> tuvo una destacada jornada este mi\u00e9rcoles 2 de septiembre en el Gimnasio Renato Raggio de Playa Ancha, en Valpara\u00edso.<\/p>\n<p>La instancia regional reuni\u00f3 a los cuatro mejores equipos de la regi\u00f3n, quienes llegaron a esta etapa luego de superar las respectivas fases comunales y provinciales.<\/p>\n<p>En semifinales, el conjunto sanfelipe\u00f1o se enfrent\u00f3 al Instituto Chacabuco, imponi\u00e9ndose por un contundente 2-0. De acuerdo con el t\u00e9cnico Eduardo Ch\u00e1vez, el equipo mostr\u00f3 un buen nivel y logr\u00f3 neutralizar los principales ataques de su rival.<\/p>\n<p>\u00ab<em>El partido se dio bastante positivo para nosotros, jugamos muy bien, pudimos contrarrestar sus ataques y afortunadamente ganamos el partido\u00bb<\/em>, se\u00f1al\u00f3 el entrenador.<\/p>\n<p>Ya en la final, el Liceo Bicentenario Cordillera se midi\u00f3 ante la Alianza Francesa de Valpara\u00edso, nuevamente consiguiendo una victoria por 2-0, asegurando as\u00ed el t\u00edtulo regional.<\/p>\n<p>\u00ab<em>La final tambi\u00e9n fue 2 a 0. Nos sentimos conformes, contentos, porque demostramos un gran nivel de juego durante el desarrollo del partido\u00bb<\/em>, destac\u00f3 Ch\u00e1vez.<\/p>\n<p>Este nuevo campeonato representa el segundo t\u00edtulo regional consecutivo para el establecimiento en la categor\u00eda U17, aunque sabido es que la tradici\u00f3n del v\u00f3leibol del Liceo Bicentenario Cordillera viene desde hace varios a\u00f1os. El t\u00e9cnico record\u00f3 que el colegio tambi\u00e9n ha tenido importantes resultados en categor\u00edas menores, particularmente en U14, donde consiguieron varios campeonatos regionales.<\/p>\n<p>\u00ab<em>Mira, la verdad, para nosotros como Liceo Bicentenario, si bien es cierto, es el segundo t\u00edtulo regional en la categor\u00eda U17, pero ya hab\u00edamos sido campeones regionales escolares en la categor\u00eda U14 por varios a\u00f1os\u00bb<\/em>, explic\u00f3.<\/p>\n<p>En ese sentido, Ch\u00e1vez valor\u00f3 el nuevo logro como una confirmaci\u00f3n del trabajo que se ha desarrollado durante a\u00f1os en torno al v\u00f3leibol en el establecimiento.<\/p>\n<p>\u00ab<em>As\u00ed que para nosotros es reafirmar un poco lo que hemos estado realizando durante tanto tiempo como Liceo Bicentenario Cordillera San Felipe\u00bb<\/em>, afirm\u00f3.<\/p>\n<p>&nbsp;<\/p>\n<p><strong>RUMBO AL NACIONAL ESCOLAR<\/strong><\/p>\n<p>Con el t\u00edtulo regional asegurado, ahora el desaf\u00edo estar\u00e1 puesto en el Nacional Escolar U17, competencia que se desarrollar\u00e1 entre el 8 y el 15 de octubre en la ciudad de Concepci\u00f3n, donde el equipo sanfelipe\u00f1o tendr\u00e1 la misi\u00f3n de representar a la Regi\u00f3n de Valpara\u00edso.<\/p>\n<p>Para llegar de la mejor manera a esta importante competencia, el elenco continuar\u00e1 con su calendario deportivo, aprovechando su participaci\u00f3n en la Liga Nacional de Menores (Liname) en las categor\u00edas U16 y U18, adem\u00e1s de otros encuentros de preparaci\u00f3n.<\/p>\n<p>\u00ab<em>Nos queda una fecha m\u00e1s de la categor\u00eda U16 de la Liga Nacional de Menores. Nos queda la participaci\u00f3n en la Copa Aniversario de nuestro colegio, as\u00ed que buscaremos la mejor forma participando y jugando partidos de preparaci\u00f3n\u00bb<\/em>, detall\u00f3 el entrenador.<\/p>\n<p>De esta manera, el Liceo Bicentenario Cordillera buscar\u00e1 aprovechar las pr\u00f3ximas semanas para mantener el ritmo competitivo y llegar en \u00f3ptimas condiciones al Nacional Escolar, donde volver\u00e1 a llevar el nombre de San Felipe y de la Regi\u00f3n de Valpara\u00edso a los escenarios nacionales.<\/p>\n<figure id=\"attachment_146907\" aria-describedby=\"caption-attachment-146907\" style=\"width: 697px\" class=\"wp-caption alignnone\"><img loading=\"lazy\" decoding=\"async\" class=\"size-full wp-image-146907\" src=\"https:\/\/eltrabajo.cl\/web\/wp-content\/uploads\/2026\/09\/Liceo-cordillera-regional-escolar-2.jpg\" alt=\"El equipo de v\u00f3leibol U17 del Liceo Bicentenario Cordillera celebra la obtenci\u00f3n del t\u00edtulo regional escolar y su clasificaci\u00f3n al Nacional Escolar.\" width=\"697\" height=\"311\" srcset=\"https:\/\/eltrabajo.cl\/web\/wp-content\/uploads\/2026\/09\/Liceo-cordillera-regional-escolar-2.jpg 697w, https:\/\/eltrabajo.cl\/web\/wp-content\/uploads\/2026\/09\/Liceo-cordillera-regional-escolar-2-300x134.jpg 300w, https:\/\/eltrabajo.cl\/web\/wp-content\/uploads\/2026\/09\/Liceo-cordillera-regional-escolar-2-150x67.jpg 150w\" sizes=\"auto, (max-width: 697px) 100vw, 697px\" \/><figcaption id=\"caption-attachment-146907\" class=\"wp-caption-text\">El equipo de v\u00f3leibol U17 del Liceo Bicentenario Cordillera celebra la obtenci\u00f3n del t\u00edtulo regional escolar y su clasificaci\u00f3n al Nacional Escolar.<\/figcaption><\/figure>\n<figure id=\"attachment_146908\" aria-describedby=\"caption-attachment-146908\" style=\"width: 698px\" class=\"wp-caption alignnone\"><img loading=\"lazy\" decoding=\"async\" class=\"size-full wp-image-146908\" src=\"https:\/\/eltrabajo.cl\/web\/wp-content\/uploads\/2026\/09\/Liceo-cordillera-regional-escolar-1.jpg\" alt=\"Las jugadoras del Liceo Bicentenario Cordillera durante la jornada del Campeonato Regional Escolar de V\u00f3leibol U17, disputado en el Gimnasio Renato Raggio de Playa Ancha.\" width=\"698\" height=\"375\" srcset=\"https:\/\/eltrabajo.cl\/web\/wp-content\/uploads\/2026\/09\/Liceo-cordillera-regional-escolar-1.jpg 698w, https:\/\/eltrabajo.cl\/web\/wp-content\/uploads\/2026\/09\/Liceo-cordillera-regional-escolar-1-300x161.jpg 300w, https:\/\/eltrabajo.cl\/web\/wp-content\/uploads\/2026\/09\/Liceo-cordillera-regional-escolar-1-150x81.jpg 150w, https:\/\/eltrabajo.cl\/web\/wp-content\/uploads\/2026\/09\/Liceo-cordillera-regional-escolar-1-696x374.jpg 696w\" sizes=\"auto, (max-width: 698px) 100vw, 698px\" \/><figcaption id=\"caption-attachment-146908\" class=\"wp-caption-text\">Las jugadoras del Liceo Bicentenario Cordillera durante la jornada del Campeonato Regional Escolar de V\u00f3leibol U17, disputado en el Gimnasio Renato Raggio de Playa Ancha.<\/figcaption><\/figure>\n","protected":false},"excerpt":{"rendered":"<p>La instancia a nivel pa\u00eds se disputar\u00e1 en octubre en Concepci\u00f3n.- Una nueva alegr\u00eda deportiva consigui\u00f3 el Liceo Bicentenario Cordillera de San Felipe, luego de quedarse por segundo a\u00f1o consecutivo con el Campeonato Regional Escolar de V\u00f3leibol en la categor\u00eda U17. El elenco dirigido por el t\u00e9cnico Eduardo Ch\u00e1vez tuvo una destacada jornada este mi\u00e9rcoles [&hellip;]<\/p>\n","protected":false},"author":1,"featured_media":146908,"comment_status":"open","ping_status":"closed","sticky":false,"template":"","format":"standard","meta":{"footnotes":""},"categories":[4],"tags":[],"class_list":["post-146906","post","type-post","status-publish","format-standard","has-post-thumbnail","category-comunidad"],"yoast_head":"<!-- This site is optimized with the Yoast SEO plugin v28.4 - https:\/\/yoast.com\/product\/yoast-seo-wordpress\/ -->\n<title>Liceo Cordillera se corona bicampe\u00f3n regional de v\u00f3leibol U17 y representar\u00e1 a Valpara\u00edso en el Nacional Escolar - Diario El Trabajo<\/title>\n<meta name=\"robots\" content=\"index, follow, max-snippet:-1, max-image-preview:large, max-video-preview:-1\" \/>\n<link rel=\"canonical\" href=\"https:\/\/eltrabajo.cl\/web\/liceo-cordillera-se-corona-bicampeon-regional-de-voleibol-u17-y-representara-a-valparaiso-en-el-nacional-escolar\/\" \/>\n<meta property=\"og:locale\" content=\"es_ES\" \/>\n<meta property=\"og:type\" content=\"article\" \/>\n<meta property=\"og:title\" content=\"Liceo Cordillera se corona bicampe\u00f3n regional de v\u00f3leibol U17 y representar\u00e1 a Valpara\u00edso en el Nacional Escolar - Diario El Trabajo\" \/>\n<meta property=\"og:description\" content=\"La instancia a nivel pa\u00eds se disputar\u00e1 en octubre en Concepci\u00f3n.- Una nueva alegr\u00eda deportiva consigui\u00f3 el Liceo Bicentenario Cordillera de San Felipe, luego de quedarse por segundo a\u00f1o consecutivo con el Campeonato Regional Escolar de V\u00f3leibol en la categor\u00eda U17. El elenco dirigido por el t\u00e9cnico Eduardo Ch\u00e1vez tuvo una destacada jornada este mi\u00e9rcoles [&hellip;]\" \/>\n<meta property=\"og:url\" content=\"https:\/\/eltrabajo.cl\/web\/liceo-cordillera-se-corona-bicampeon-regional-de-voleibol-u17-y-representara-a-valparaiso-en-el-nacional-escolar\/\" \/>\n<meta property=\"og:site_name\" content=\"Diario El Trabajo\" \/>\n<meta property=\"article:publisher\" content=\"https:\/\/www.facebook.com\/ElTrabajoDiario\" \/>\n<meta property=\"article:published_time\" content=\"2026-09-04T01:40:28+00:00\" \/>\n<meta property=\"og:image\" content=\"https:\/\/eltrabajo.cl\/web\/wp-content\/uploads\/2026\/09\/Liceo-cordillera-regional-escolar-1.jpg\" \/>\n\t<meta property=\"og:image:width\" content=\"698\" \/>\n\t<meta property=\"og:image:height\" content=\"375\" \/>\n\t<meta property=\"og:image:type\" content=\"image\/jpeg\" \/>\n<meta name=\"author\" content=\"Diario El Trabajo\" \/>\n<meta name=\"twitter:card\" content=\"summary_large_image\" \/>\n<meta name=\"twitter:creator\" content=\"@diarioeltrabajo\" \/>\n<meta name=\"twitter:site\" content=\"@diarioeltrabajo\" \/>\n<meta name=\"twitter:label1\" content=\"Escrito por\" \/>\n\t<meta name=\"twitter:data1\" content=\"Diario El Trabajo\" \/>\n\t<meta name=\"twitter:label2\" content=\"Tiempo estimado de lectura\" \/>\n\t<meta name=\"twitter:data2\" content=\"4 minutos\" \/>\n<script type=\"application\/ld+json\" class=\"yoast-schema-graph\">{\"@context\":\"https:\\\/\\\/schema.org\",\"@graph\":[{\"@type\":\"Article\",\"@id\":\"https:\\\/\\\/eltrabajo.cl\\\/web\\\/liceo-cordillera-se-corona-bicampeon-regional-de-voleibol-u17-y-representara-a-valparaiso-en-el-nacional-escolar\\\/#article\",\"isPartOf\":{\"@id\":\"https:\\\/\\\/eltrabajo.cl\\\/web\\\/liceo-cordillera-se-corona-bicampeon-regional-de-voleibol-u17-y-representara-a-valparaiso-en-el-nacional-escolar\\\/\"},\"author\":{\"name\":\"Diario El Trabajo\",\"@id\":\"https:\\\/\\\/eltrabajo.cl\\\/web\\\/#\\\/schema\\\/person\\\/45efd3d17f86ec456e44dd7debe1bf19\"},\"headline\":\"Liceo Cordillera se corona bicampe\u00f3n regional de v\u00f3leibol U17 y representar\u00e1 a Valpara\u00edso en el Nacional Escolar\",\"datePublished\":\"2026-09-04T01:40:28+00:00\",\"mainEntityOfPage\":{\"@id\":\"https:\\\/\\\/eltrabajo.cl\\\/web\\\/liceo-cordillera-se-corona-bicampeon-regional-de-voleibol-u17-y-representara-a-valparaiso-en-el-nacional-escolar\\\/\"},\"wordCount\":658,\"commentCount\":0,\"publisher\":{\"@id\":\"https:\\\/\\\/eltrabajo.cl\\\/web\\\/#organization\"},\"image\":{\"@id\":\"https:\\\/\\\/eltrabajo.cl\\\/web\\\/liceo-cordillera-se-corona-bicampeon-regional-de-voleibol-u17-y-representara-a-valparaiso-en-el-nacional-escolar\\\/#primaryimage\"},\"thumbnailUrl\":\"https:\\\/\\\/eltrabajo.cl\\\/web\\\/wp-content\\\/uploads\\\/2026\\\/09\\\/Liceo-cordillera-regional-escolar-1.jpg\",\"articleSection\":[\"Comunidad\"],\"inLanguage\":\"es-CL\",\"potentialAction\":[{\"@type\":\"CommentAction\",\"name\":\"Comment\",\"target\":[\"https:\\\/\\\/eltrabajo.cl\\\/web\\\/liceo-cordillera-se-corona-bicampeon-regional-de-voleibol-u17-y-representara-a-valparaiso-en-el-nacional-escolar\\\/#respond\"]}]},{\"@type\":\"WebPage\",\"@id\":\"https:\\\/\\\/eltrabajo.cl\\\/web\\\/liceo-cordillera-se-corona-bicampeon-regional-de-voleibol-u17-y-representara-a-valparaiso-en-el-nacional-escolar\\\/\",\"url\":\"https:\\\/\\\/eltrabajo.cl\\\/web\\\/liceo-cordillera-se-corona-bicampeon-regional-de-voleibol-u17-y-representara-a-valparaiso-en-el-nacional-escolar\\\/\",\"name\":\"Liceo Cordillera se corona bicampe\u00f3n regional de v\u00f3leibol U17 y representar\u00e1 a Valpara\u00edso en el Nacional Escolar - Diario El Trabajo\",\"isPartOf\":{\"@id\":\"https:\\\/\\\/eltrabajo.cl\\\/web\\\/#website\"},\"primaryImageOfPage\":{\"@id\":\"https:\\\/\\\/eltrabajo.cl\\\/web\\\/liceo-cordillera-se-corona-bicampeon-regional-de-voleibol-u17-y-representara-a-valparaiso-en-el-nacional-escolar\\\/#primaryimage\"},\"image\":{\"@id\":\"https:\\\/\\\/eltrabajo.cl\\\/web\\\/liceo-cordillera-se-corona-bicampeon-regional-de-voleibol-u17-y-representara-a-valparaiso-en-el-nacional-escolar\\\/#primaryimage\"},\"thumbnailUrl\":\"https:\\\/\\\/eltrabajo.cl\\\/web\\\/wp-content\\\/uploads\\\/2026\\\/09\\\/Liceo-cordillera-regional-escolar-1.jpg\",\"datePublished\":\"2026-09-04T01:40:28+00:00\",\"breadcrumb\":{\"@id\":\"https:\\\/\\\/eltrabajo.cl\\\/web\\\/liceo-cordillera-se-corona-bicampeon-regional-de-voleibol-u17-y-representara-a-valparaiso-en-el-nacional-escolar\\\/#breadcrumb\"},\"inLanguage\":\"es-CL\",\"potentialAction\":[{\"@type\":\"ReadAction\",\"target\":[\"https:\\\/\\\/eltrabajo.cl\\\/web\\\/liceo-cordillera-se-corona-bicampeon-regional-de-voleibol-u17-y-representara-a-valparaiso-en-el-nacional-escolar\\\/\"]}]},{\"@type\":\"ImageObject\",\"inLanguage\":\"es-CL\",\"@id\":\"https:\\\/\\\/eltrabajo.cl\\\/web\\\/liceo-cordillera-se-corona-bicampeon-regional-de-voleibol-u17-y-representara-a-valparaiso-en-el-nacional-escolar\\\/#primaryimage\",\"url\":\"https:\\\/\\\/eltrabajo.cl\\\/web\\\/wp-content\\\/uploads\\\/2026\\\/09\\\/Liceo-cordillera-regional-escolar-1.jpg\",\"contentUrl\":\"https:\\\/\\\/eltrabajo.cl\\\/web\\\/wp-content\\\/uploads\\\/2026\\\/09\\\/Liceo-cordillera-regional-escolar-1.jpg\",\"width\":698,\"height\":375,\"caption\":\"Las jugadoras del Liceo Bicentenario Cordillera durante la jornada del Campeonato Regional Escolar de V\u00f3leibol U17, disputado en el Gimnasio Renato Raggio de Playa Ancha.\"},{\"@type\":\"BreadcrumbList\",\"@id\":\"https:\\\/\\\/eltrabajo.cl\\\/web\\\/liceo-cordillera-se-corona-bicampeon-regional-de-voleibol-u17-y-representara-a-valparaiso-en-el-nacional-escolar\\\/#breadcrumb\",\"itemListElement\":[{\"@type\":\"ListItem\",\"position\":1,\"name\":\"Portada\",\"item\":\"https:\\\/\\\/eltrabajo.cl\\\/web\\\/\"},{\"@type\":\"ListItem\",\"position\":2,\"name\":\"Liceo Cordillera se corona bicampe\u00f3n regional de v\u00f3leibol U17 y representar\u00e1 a Valpara\u00edso en el Nacional Escolar\"}]},{\"@type\":\"WebSite\",\"@id\":\"https:\\\/\\\/eltrabajo.cl\\\/web\\\/#website\",\"url\":\"https:\\\/\\\/eltrabajo.cl\\\/web\\\/\",\"name\":\"Diario El Trabajo\",\"description\":\"Desde 1929 construyendo Identidad Local\",\"publisher\":{\"@id\":\"https:\\\/\\\/eltrabajo.cl\\\/web\\\/#organization\"},\"potentialAction\":[{\"@type\":\"SearchAction\",\"target\":{\"@type\":\"EntryPoint\",\"urlTemplate\":\"https:\\\/\\\/eltrabajo.cl\\\/web\\\/?s={search_term_string}\"},\"query-input\":{\"@type\":\"PropertyValueSpecification\",\"valueRequired\":true,\"valueName\":\"search_term_string\"}}],\"inLanguage\":\"es-CL\"},{\"@type\":\"Organization\",\"@id\":\"https:\\\/\\\/eltrabajo.cl\\\/web\\\/#organization\",\"name\":\"Diario El Trabajo\",\"url\":\"https:\\\/\\\/eltrabajo.cl\\\/web\\\/\",\"logo\":{\"@type\":\"ImageObject\",\"inLanguage\":\"es-CL\",\"@id\":\"https:\\\/\\\/eltrabajo.cl\\\/web\\\/#\\\/schema\\\/logo\\\/image\\\/\",\"url\":\"https:\\\/\\\/eltrabajo.cl\\\/web\\\/wp-content\\\/uploads\\\/2024\\\/06\\\/profile-image-ig-page-diarioeltrabajo.jpg\",\"contentUrl\":\"https:\\\/\\\/eltrabajo.cl\\\/web\\\/wp-content\\\/uploads\\\/2024\\\/06\\\/profile-image-ig-page-diarioeltrabajo.jpg\",\"width\":823,\"height\":823,\"caption\":\"Diario El Trabajo\"},\"image\":{\"@id\":\"https:\\\/\\\/eltrabajo.cl\\\/web\\\/#\\\/schema\\\/logo\\\/image\\\/\"},\"sameAs\":[\"https:\\\/\\\/www.facebook.com\\\/ElTrabajoDiario\",\"https:\\\/\\\/x.com\\\/diarioeltrabajo\"]},{\"@type\":\"Person\",\"@id\":\"https:\\\/\\\/eltrabajo.cl\\\/web\\\/#\\\/schema\\\/person\\\/45efd3d17f86ec456e44dd7debe1bf19\",\"name\":\"Diario El Trabajo\",\"image\":{\"@type\":\"ImageObject\",\"inLanguage\":\"es-CL\",\"@id\":\"https:\\\/\\\/secure.gravatar.com\\\/avatar\\\/7e6ec277dc4aea2677c2dc301d4227957219329c985ab69a3efc12518b5161aa?s=96&d=mm&r=g\",\"url\":\"https:\\\/\\\/secure.gravatar.com\\\/avatar\\\/7e6ec277dc4aea2677c2dc301d4227957219329c985ab69a3efc12518b5161aa?s=96&d=mm&r=g\",\"contentUrl\":\"https:\\\/\\\/secure.gravatar.com\\\/avatar\\\/7e6ec277dc4aea2677c2dc301d4227957219329c985ab69a3efc12518b5161aa?s=96&d=mm&r=g\",\"caption\":\"Diario El Trabajo\"},\"sameAs\":[\"https:\\\/\\\/eltrabajo.cl\\\/web\"],\"url\":\"https:\\\/\\\/eltrabajo.cl\\\/web\\\/author\\\/diario-el-trabajo\\\/\"}]}<\/script>\n<!-- \/ Yoast SEO plugin. -->","yoast_head_json":{"title":"Liceo Cordillera se corona bicampe\u00f3n regional de v\u00f3leibol U17 y representar\u00e1 a Valpara\u00edso en el Nacional Escolar - Diario El Trabajo","robots":{"index":"index","follow":"follow","max-snippet":"max-snippet:-1","max-image-preview":"max-image-preview:large","max-video-preview":"max-video-preview:-1"},"canonical":"https:\/\/eltrabajo.cl\/web\/liceo-cordillera-se-corona-bicampeon-regional-de-voleibol-u17-y-representara-a-valparaiso-en-el-nacional-escolar\/","og_locale":"es_ES","og_type":"article","og_title":"Liceo Cordillera se corona bicampe\u00f3n regional de v\u00f3leibol U17 y representar\u00e1 a Valpara\u00edso en el Nacional Escolar - Diario El Trabajo","og_description":"La instancia a nivel pa\u00eds se disputar\u00e1 en octubre en Concepci\u00f3n.- Una nueva alegr\u00eda deportiva consigui\u00f3 el Liceo Bicentenario Cordillera de San Felipe, luego de quedarse por segundo a\u00f1o consecutivo con el Campeonato Regional Escolar de V\u00f3leibol en la categor\u00eda U17. El elenco dirigido por el t\u00e9cnico Eduardo Ch\u00e1vez tuvo una destacada jornada este mi\u00e9rcoles [&hellip;]","og_url":"https:\/\/eltrabajo.cl\/web\/liceo-cordillera-se-corona-bicampeon-regional-de-voleibol-u17-y-representara-a-valparaiso-en-el-nacional-escolar\/","og_site_name":"Diario El Trabajo","article_publisher":"https:\/\/www.facebook.com\/ElTrabajoDiario","article_published_time":"2026-09-04T01:40:28+00:00","og_image":[{"width":698,"height":375,"url":"https:\/\/eltrabajo.cl\/web\/wp-content\/uploads\/2026\/09\/Liceo-cordillera-regional-escolar-1.jpg","type":"image\/jpeg"}],"author":"Diario El Trabajo","twitter_card":"summary_large_image","twitter_creator":"@diarioeltrabajo","twitter_site":"@diarioeltrabajo","twitter_misc":{"Escrito por":"Diario El Trabajo","Tiempo estimado de lectura":"4 minutos"},"schema":{"@context":"https:\/\/schema.org","@graph":[{"@type":"Article","@id":"https:\/\/eltrabajo.cl\/web\/liceo-cordillera-se-corona-bicampeon-regional-de-voleibol-u17-y-representara-a-valparaiso-en-el-nacional-escolar\/#article","isPartOf":{"@id":"https:\/\/eltrabajo.cl\/web\/liceo-cordillera-se-corona-bicampeon-regional-de-voleibol-u17-y-representara-a-valparaiso-en-el-nacional-escolar\/"},"author":{"name":"Diario El Trabajo","@id":"https:\/\/eltrabajo.cl\/web\/#\/schema\/person\/45efd3d17f86ec456e44dd7debe1bf19"},"headline":"Liceo Cordillera se corona bicampe\u00f3n regional de v\u00f3leibol U17 y representar\u00e1 a Valpara\u00edso en el Nacional Escolar","datePublished":"2026-09-04T01:40:28+00:00","mainEntityOfPage":{"@id":"https:\/\/eltrabajo.cl\/web\/liceo-cordillera-se-corona-bicampeon-regional-de-voleibol-u17-y-representara-a-valparaiso-en-el-nacional-escolar\/"},"wordCount":658,"commentCount":0,"publisher":{"@id":"https:\/\/eltrabajo.cl\/web\/#organization"},"image":{"@id":"https:\/\/eltrabajo.cl\/web\/liceo-cordillera-se-corona-bicampeon-regional-de-voleibol-u17-y-representara-a-valparaiso-en-el-nacional-escolar\/#primaryimage"},"thumbnailUrl":"https:\/\/eltrabajo.cl\/web\/wp-content\/uploads\/2026\/09\/Liceo-cordillera-regional-escolar-1.jpg","articleSection":["Comunidad"],"inLanguage":"es-CL","potentialAction":[{"@type":"CommentAction","name":"Comment","target":["https:\/\/eltrabajo.cl\/web\/liceo-cordillera-se-corona-bicampeon-regional-de-voleibol-u17-y-representara-a-valparaiso-en-el-nacional-escolar\/#respond"]}]},{"@type":"WebPage","@id":"https:\/\/eltrabajo.cl\/web\/liceo-cordillera-se-corona-bicampeon-regional-de-voleibol-u17-y-representara-a-valparaiso-en-el-nacional-escolar\/","url":"https:\/\/eltrabajo.cl\/web\/liceo-cordillera-se-corona-bicampeon-regional-de-voleibol-u17-y-representara-a-valparaiso-en-el-nacional-escolar\/","name":"Liceo Cordillera se corona bicampe\u00f3n regional de v\u00f3leibol U17 y representar\u00e1 a Valpara\u00edso en el Nacional Escolar - Diario El Trabajo","isPartOf":{"@id":"https:\/\/eltrabajo.cl\/web\/#website"},"primaryImageOfPage":{"@id":"https:\/\/eltrabajo.cl\/web\/liceo-cordillera-se-corona-bicampeon-regional-de-voleibol-u17-y-representara-a-valparaiso-en-el-nacional-escolar\/#primaryimage"},"image":{"@id":"https:\/\/eltrabajo.cl\/web\/liceo-cordillera-se-corona-bicampeon-regional-de-voleibol-u17-y-representara-a-valparaiso-en-el-nacional-escolar\/#primaryimage"},"thumbnailUrl":"https:\/\/eltrabajo.cl\/web\/wp-content\/uploads\/2026\/09\/Liceo-cordillera-regional-escolar-1.jpg","datePublished":"2026-09-04T01:40:28+00:00","breadcrumb":{"@id":"https:\/\/eltrabajo.cl\/web\/liceo-cordillera-se-corona-bicampeon-regional-de-voleibol-u17-y-representara-a-valparaiso-en-el-nacional-escolar\/#breadcrumb"},"inLanguage":"es-CL","potentialAction":[{"@type":"ReadAction","target":["https:\/\/eltrabajo.cl\/web\/liceo-cordillera-se-corona-bicampeon-regional-de-voleibol-u17-y-representara-a-valparaiso-en-el-nacional-escolar\/"]}]},{"@type":"ImageObject","inLanguage":"es-CL","@id":"https:\/\/eltrabajo.cl\/web\/liceo-cordillera-se-corona-bicampeon-regional-de-voleibol-u17-y-representara-a-valparaiso-en-el-nacional-escolar\/#primaryimage","url":"https:\/\/eltrabajo.cl\/web\/wp-content\/uploads\/2026\/09\/Liceo-cordillera-regional-escolar-1.jpg","contentUrl":"https:\/\/eltrabajo.cl\/web\/wp-content\/uploads\/2026\/09\/Liceo-cordillera-regional-escolar-1.jpg","width":698,"height":375,"caption":"Las jugadoras del Liceo Bicentenario Cordillera durante la jornada del Campeonato Regional Escolar de V\u00f3leibol U17, disputado en el Gimnasio Renato Raggio de Playa Ancha."},{"@type":"BreadcrumbList","@id":"https:\/\/eltrabajo.cl\/web\/liceo-cordillera-se-corona-bicampeon-regional-de-voleibol-u17-y-representara-a-valparaiso-en-el-nacional-escolar\/#breadcrumb","itemListElement":[{"@type":"ListItem","position":1,"name":"Portada","item":"https:\/\/eltrabajo.cl\/web\/"},{"@type":"ListItem","position":2,"name":"Liceo Cordillera se corona bicampe\u00f3n regional de v\u00f3leibol U17 y representar\u00e1 a Valpara\u00edso en el Nacional Escolar"}]},{"@type":"WebSite","@id":"https:\/\/eltrabajo.cl\/web\/#website","url":"https:\/\/eltrabajo.cl\/web\/","name":"Diario El Trabajo","description":"Desde 1929 construyendo Identidad Local","publisher":{"@id":"https:\/\/eltrabajo.cl\/web\/#organization"},"potentialAction":[{"@type":"SearchAction","target":{"@type":"EntryPoint","urlTemplate":"https:\/\/eltrabajo.cl\/web\/?s={search_term_string}"},"query-input":{"@type":"PropertyValueSpecification","valueRequired":true,"valueName":"search_term_string"}}],"inLanguage":"es-CL"},{"@type":"Organization","@id":"https:\/\/eltrabajo.cl\/web\/#organization","name":"Diario El Trabajo","url":"https:\/\/eltrabajo.cl\/web\/","logo":{"@type":"ImageObject","inLanguage":"es-CL","@id":"https:\/\/eltrabajo.cl\/web\/#\/schema\/logo\/image\/","url":"https:\/\/eltrabajo.cl\/web\/wp-content\/uploads\/2024\/06\/profile-image-ig-page-diarioeltrabajo.jpg","contentUrl":"https:\/\/eltrabajo.cl\/web\/wp-content\/uploads\/2024\/06\/profile-image-ig-page-diarioeltrabajo.jpg","width":823,"height":823,"caption":"Diario El Trabajo"},"image":{"@id":"https:\/\/eltrabajo.cl\/web\/#\/schema\/logo\/image\/"},"sameAs":["https:\/\/www.facebook.com\/ElTrabajoDiario","https:\/\/x.com\/diarioeltrabajo"]},{"@type":"Person","@id":"https:\/\/eltrabajo.cl\/web\/#\/schema\/person\/45efd3d17f86ec456e44dd7debe1bf19","name":"Diario El Trabajo","image":{"@type":"ImageObject","inLanguage":"es-CL","@id":"https:\/\/secure.gravatar.com\/avatar\/7e6ec277dc4aea2677c2dc301d4227957219329c985ab69a3efc12518b5161aa?s=96&d=mm&r=g","url":"https:\/\/secure.gravatar.com\/avatar\/7e6ec277dc4aea2677c2dc301d4227957219329c985ab69a3efc12518b5161aa?s=96&d=mm&r=g","contentUrl":"https:\/\/secure.gravatar.com\/avatar\/7e6ec277dc4aea2677c2dc301d4227957219329c985ab69a3efc12518b5161aa?s=96&d=mm&r=g","caption":"Diario El Trabajo"},"sameAs":["https:\/\/eltrabajo.cl\/web"],"url":"https:\/\/eltrabajo.cl\/web\/author\/diario-el-trabajo\/"}]}},"_links":{"self":[{"href":"https:\/\/eltrabajo.cl\/web\/wp-json\/wp\/v2\/posts\/146906","targetHints":{"allow":["GET"]}}],"collection":[{"href":"https:\/\/eltrabajo.cl\/web\/wp-json\/wp\/v2\/posts"}],"about":[{"href":"https:\/\/eltrabajo.cl\/web\/wp-json\/wp\/v2\/types\/post"}],"author":[{"embeddable":true,"href":"https:\/\/eltrabajo.cl\/web\/wp-json\/wp\/v2\/users\/1"}],"replies":[{"embeddable":true,"href":"https:\/\/eltrabajo.cl\/web\/wp-json\/wp\/v2\/comments?post=146906"}],"version-history":[{"count":1,"href":"https:\/\/eltrabajo.cl\/web\/wp-json\/wp\/v2\/posts\/146906\/revisions"}],"predecessor-version":[{"id":146909,"href":"https:\/\/eltrabajo.cl\/web\/wp-json\/wp\/v2\/posts\/146906\/revisions\/146909"}],"wp:featuredmedia":[{"embeddable":true,"href":"https:\/\/eltrabajo.cl\/web\/wp-json\/wp\/v2\/media\/146908"}],"wp:attachment":[{"href":"https:\/\/eltrabajo.cl\/web\/wp-json\/wp\/v2\/media?parent=146906"}],"wp:term":[{"taxonomy":"category","embeddable":true,"href":"https:\/\/eltrabajo.cl\/web\/wp-json\/wp\/v2\/categories?post=146906"},{"taxonomy":"post_tag","embeddable":true,"href":"https:\/\/eltrabajo.cl\/web\/wp-json\/wp\/v2\/tags?post=146906"}],"curies":[{"name":"wp","href":"https:\/\/api.w.org\/{rel}","templated":true}]}}