{"id":146910,"date":"2026-09-03T22:41:45","date_gmt":"2026-09-04T01:41:45","guid":{"rendered":"https:\/\/eltrabajo.cl\/web\/?p=146910"},"modified":"2026-09-03T22:41:45","modified_gmt":"2026-09-04T01:41:45","slug":"a-la-justicia-iria-cierre-de-camino-informal-en-santa-maria","status":"publish","type":"post","link":"https:\/\/eltrabajo.cl\/web\/a-la-justicia-iria-cierre-de-camino-informal-en-santa-maria\/","title":{"rendered":"A la justicia ir\u00eda cierre de camino informal en Santa Mar\u00eda"},"content":{"rendered":"<ul>\n<li><strong>De momento, no hay acuerdo entre los afectados y la propietaria.-<\/strong><\/li>\n<\/ul>\n<p>Luego de la nota publicada este mi\u00e9rcoles por <strong>Diario El Trabajo<\/strong>, respecto al drama que se ha producido en el sector de Jahuel, Santa Mar\u00eda, tras el cierre de un camino informal que vecinos ocupaban para llegar un cerro, efectuado por parte de la propietaria del terreno.<\/p>\n<p>En este sentido, <strong>Cristian Covarrubias<\/strong>, una de las personas mencionadas por <strong>Jos\u00e9 Maldini<\/strong> en la entrevista, quiso realizar sus descargos en nuestro medio, sin descartar que si esta situaci\u00f3n contin\u00faa como est\u00e1, acudir\u00e1n a la justicia para reavivar el caso y buscar los antecedentes donde se les otorgar\u00eda el derecho a pasar.<\/p>\n<p>Seg\u00fan indic\u00f3, habr\u00eda bastantes imprecisiones en lo declarado por el hermano y representante de la due\u00f1a, debido a que eso ya ser\u00eda una servidumbre de paso que ellos como agricultores vienen utilizando por m\u00e1s de 35 a\u00f1os. <em>\u00abEl se\u00f1or Maldini ya nos hab\u00eda cerrado<\/em> (el camino) <em>a finales de los 90. En ese minuto hubo un juicio que finalmente origin\u00f3 una resoluci\u00f3n favorable a nosotros\u00bb<\/em>, coment\u00f3.<\/p>\n<p>Agreg\u00f3 que la servidumbre de paso estaba constituida y estaba la obligaci\u00f3n de dejarlos pasar. <em>\u00abY s\u00ed, lo que tuvimos que cumplir por orden de la Direcci\u00f3n de Obras, era construir el bad\u00e9n que, efectivamente, hoy en d\u00eda hay uno construido en el paso por ese estero, bajo todas las normas\u00bb<\/em>, estableci\u00f3 Covarrubias.<\/p>\n<p>A pesar de lo anterior, nuevamente en el verano, no recuerda si fue en enero o febrero, se volvi\u00f3 a cerrar el paso y en esa ocasi\u00f3n, por gestiones realizadas por la Municipalidad de Santa Mar\u00eda, la situaci\u00f3n no habr\u00eda durado m\u00e1s de un d\u00eda.<\/p>\n<p>Seg\u00fan el testimonio de Covarrubias, tiempo atr\u00e1s hubo una reuni\u00f3n solicitada por el mismo Maldini, a la cual no habr\u00eda asistido y s\u00ed Covarrubias y el alcalde <strong>Claudio Zurita<\/strong>. En tanto, en una segunda instancia s\u00ed estuvo presente junto a su hermana (propietaria), m\u00e1s la gente del municipio y dos personas que tienen casas en el sector.<\/p>\n<p>En ese encuentro, cont\u00f3, efectivamente ellos habr\u00edan reconocido que hab\u00eda una servidumbre a trav\u00e9s de un juicio en favor de La Higuera, pero que ese dictamen ten\u00eda vicios. <em>\u00abEmpezaron con unas idas y vueltas m\u00e1s o menos, que en el fondo hab\u00eda que perfeccionarlo y pagar. Ah\u00ed fue cuando personalmente me di cuenta que lo \u00fanico que buscaban era dinero tras este show\u00bb<\/em>, indic\u00f3.<\/p>\n<p>No es desconocido para nadie que la agricultura est\u00e1 viviendo un momento muy dif\u00edcil, donde no hay exceso de caja. <em>\u00abNi aunque lo tuvi\u00e9semos<\/em> (dinero)<em>, no habr\u00eda disponibilidad para pagar por un derecho que ya es nuestro legalmente, demostrado en un juicio hace ya m\u00e1s de 25 a\u00f1os, y que este se\u00f1or lo \u00fanico que quiere es aprovecharse y ganar plata con este tema. Imag\u00ednese que dice tener un proyecto para un balneario, que quiz\u00e1s de d\u00f3nde quiere sacer agua\u00bb<\/em>, argument\u00f3.<\/p>\n<p>\u00ab<em>Entiendo que tambi\u00e9n tuvo problemas con la DGA por mal uso del estero, por lo tanto, yo creo que todo esto es un levantamiento de ruido y en b\u00fasqueda de un pago que, ni aunque quisi\u00e9semos podr\u00edamos otorg\u00e1rselo. Pero tampoco estamos en disposici\u00f3n de hacerlo, dado que en el fondo es un paso legal que tiene la empresa y est\u00e1 respaldado por los tribunales de justicia\u00bb<\/em>, enfatiz\u00f3.<\/p>\n<p>Seg\u00fan Covarrubias, este cierre les est\u00e1 provocando un perjuicio no menor, tanto a ellos como a los vecinos que tienen sus casas, ya que se est\u00e1 en plena temporada de cosecha. <em>\u00abDado que este caballero nos cierra el paso, tenemos que salir a pedirles permiso a otros vecinos que tienen buena voluntad, para que nos dejen pasar con tractores, camiones, todos los contratistas y su gente. Entonces, genera un problema no menor de algo que no tiene ning\u00fan derecho a realizar\u00bb<\/em>.<\/p>\n<p>Agreg\u00f3 que actualmente est\u00e1n realizando las gestiones con la Municipalidad de Santa Mar\u00eda para que esto se pueda aclarar lo antes posible, <em>\u00abpero, lamentablemente, si el se\u00f1or Maldini sigue en su posici\u00f3n lo que vamos a tener que ver a trav\u00e9s de abogados, es volver a generar una demanda, un juicio, y volver a rectificar lo que ya sabemos que es nuestro. Por lo menos yo no tengo ning\u00fan susto, lo que no queremos es perder tiempo de algo que todos saben, pero lamentablemente al parecer nos va a empujar a esa situaci\u00f3n\u00bb<\/em>, sostuvo el vecino.<\/p>\n<p>Dijo que la documentaci\u00f3n se encuentra en el archivero judicial y hay que buscarla a trav\u00e9s de un abogado que, por supuesto, tiene su costo. En esta l\u00ednea, a\u00f1adi\u00f3 que todo este accionar ser\u00eda solo <em>\u00abpara sacar plata\u00bb<\/em>.<\/p>\n<p>Covarrubias reiter\u00f3 que ellos tienen la mejor disposici\u00f3n de arreglar todo este problema y agradeci\u00f3 tener buenas relaciones con sus vecinos que les permiten trabajar su fruta, sin embargo, piensa en los pobladores de atr\u00e1s que hoy est\u00e1n accediendo a sus casas por caminos muy r\u00fasticos y est\u00e1n sin abastecimiento de agua potable: <em>\u00abpero, lamentablemente, por una pachotada del se\u00f1or Maldini estamos teniendo gente que est\u00e1 sufriendo\u00bb<\/em>, coment\u00f3.<\/p>\n<p>Finalmente, y consultado sobre el rol que debiera jugar la Municipalidad de Santa Mar\u00eda en esta problem\u00e1tica, dijo que solamente le piden que haga cumplir la ley y que todo siga con las reglas legales que est\u00e1n establecidas. <em>\u00abLo que yo quiero hoy en d\u00eda, es que seamos capaces de sentarnos a razonar, conversar las cosas y buscar una soluci\u00f3n que nos permita a todos vivir tranquilos\u00bb<\/em>, concluy\u00f3.<\/p>\n<p>&nbsp;<\/p>\n<p><strong>CONCEJAL PIDE LLEVAR ANTECEDENTES A CONTRALOR\u00cdA<\/strong><\/p>\n<p>A prop\u00f3sito del problema que se ha generado en el sector, fue en la \u00faltima sesi\u00f3n del Concejo Municipal de Santa Mar\u00eda donde se present\u00f3 un vecino para explicar su realidad tras el cierre del camino. Tras esto, el concejal <strong>Danilo Arancibia Brante<\/strong> emplaz\u00f3 al alcalde y le record\u00f3 que de todo esto se viene hablando del pasado mes de marzo, tiempo suficiente para haberlo resuelto, indic\u00f3.<\/p>\n<p>\u00ab<em>Hacer todo el papeleo. Algo pas\u00f3 de por qu\u00e9 no se hizo, porque en el fondo no puede venir el se\u00f1or Maldini y cerrar y dejar a gente, vecinos aislados. No puede, todos tienen papeles, pero \u00bfcu\u00e1les son los que valen? Finalmente alcalde, no se hizo nada, eso es lo que me tiene molesto, porque en el fondo debe haber encontrado antecedentes primero que la municipalidad. Hay que juntar todos los antecedentes y enviarlos a la Contralor\u00eda\u00bb<\/em>, intervino en la sesi\u00f3n del Concejo.<\/p>\n<figure id=\"attachment_146911\" aria-describedby=\"caption-attachment-146911\" style=\"width: 699px\" class=\"wp-caption alignnone\"><img loading=\"lazy\" decoding=\"async\" class=\"size-full wp-image-146911\" src=\"https:\/\/eltrabajo.cl\/web\/wp-content\/uploads\/2026\/09\/privado-cierra-el-paso-1.jpg\" alt=\"El cierre de la discordia.\" width=\"699\" height=\"441\" srcset=\"https:\/\/eltrabajo.cl\/web\/wp-content\/uploads\/2026\/09\/privado-cierra-el-paso-1.jpg 699w, https:\/\/eltrabajo.cl\/web\/wp-content\/uploads\/2026\/09\/privado-cierra-el-paso-1-300x189.jpg 300w, https:\/\/eltrabajo.cl\/web\/wp-content\/uploads\/2026\/09\/privado-cierra-el-paso-1-666x420.jpg 666w, https:\/\/eltrabajo.cl\/web\/wp-content\/uploads\/2026\/09\/privado-cierra-el-paso-1-150x95.jpg 150w, https:\/\/eltrabajo.cl\/web\/wp-content\/uploads\/2026\/09\/privado-cierra-el-paso-1-696x439.jpg 696w\" sizes=\"auto, (max-width: 699px) 100vw, 699px\" \/><figcaption id=\"caption-attachment-146911\" class=\"wp-caption-text\">El cierre de la discordia.<\/figcaption><\/figure>\n<figure id=\"attachment_146912\" aria-describedby=\"caption-attachment-146912\" style=\"width: 700px\" class=\"wp-caption alignnone\"><img loading=\"lazy\" decoding=\"async\" class=\"size-full wp-image-146912\" src=\"https:\/\/eltrabajo.cl\/web\/wp-content\/uploads\/2026\/09\/privado-cierra-el-paso-2.jpg\" alt=\"Danilo Arancibia Brante, concejal de Santa Mar\u00eda.\" width=\"700\" height=\"524\" srcset=\"https:\/\/eltrabajo.cl\/web\/wp-content\/uploads\/2026\/09\/privado-cierra-el-paso-2.jpg 700w, https:\/\/eltrabajo.cl\/web\/wp-content\/uploads\/2026\/09\/privado-cierra-el-paso-2-300x225.jpg 300w, https:\/\/eltrabajo.cl\/web\/wp-content\/uploads\/2026\/09\/privado-cierra-el-paso-2-561x420.jpg 561w, https:\/\/eltrabajo.cl\/web\/wp-content\/uploads\/2026\/09\/privado-cierra-el-paso-2-80x60.jpg 80w, https:\/\/eltrabajo.cl\/web\/wp-content\/uploads\/2026\/09\/privado-cierra-el-paso-2-150x112.jpg 150w, https:\/\/eltrabajo.cl\/web\/wp-content\/uploads\/2026\/09\/privado-cierra-el-paso-2-696x521.jpg 696w\" sizes=\"auto, (max-width: 700px) 100vw, 700px\" \/><figcaption id=\"caption-attachment-146912\" class=\"wp-caption-text\">Danilo Arancibia Brante, concejal de Santa Mar\u00eda.<\/figcaption><\/figure>\n","protected":false},"excerpt":{"rendered":"<p>De momento, no hay acuerdo entre los afectados y la propietaria.- Luego de la nota publicada este mi\u00e9rcoles por Diario El Trabajo, respecto al drama que se ha producido en el sector de Jahuel, Santa Mar\u00eda, tras el cierre de un camino informal que vecinos ocupaban para llegar un cerro, efectuado por parte de la [&hellip;]<\/p>\n","protected":false},"author":1,"featured_media":146911,"comment_status":"open","ping_status":"closed","sticky":false,"template":"","format":"standard","meta":{"footnotes":""},"categories":[4],"tags":[],"class_list":["post-146910","post","type-post","status-publish","format-standard","has-post-thumbnail","category-comunidad"],"yoast_head":"<!-- This site is optimized with the Yoast SEO plugin v28.4 - https:\/\/yoast.com\/product\/yoast-seo-wordpress\/ -->\n<title>A la justicia ir\u00eda cierre de camino informal en Santa Mar\u00eda - Diario El Trabajo<\/title>\n<meta name=\"robots\" content=\"index, follow, max-snippet:-1, max-image-preview:large, max-video-preview:-1\" \/>\n<link rel=\"canonical\" href=\"https:\/\/eltrabajo.cl\/web\/a-la-justicia-iria-cierre-de-camino-informal-en-santa-maria\/\" \/>\n<meta property=\"og:locale\" content=\"es_ES\" \/>\n<meta property=\"og:type\" content=\"article\" \/>\n<meta property=\"og:title\" content=\"A la justicia ir\u00eda cierre de camino informal en Santa Mar\u00eda - Diario El Trabajo\" \/>\n<meta property=\"og:description\" content=\"De momento, no hay acuerdo entre los afectados y la propietaria.- Luego de la nota publicada este mi\u00e9rcoles por Diario El Trabajo, respecto al drama que se ha producido en el sector de Jahuel, Santa Mar\u00eda, tras el cierre de un camino informal que vecinos ocupaban para llegar un cerro, efectuado por parte de la [&hellip;]\" \/>\n<meta property=\"og:url\" content=\"https:\/\/eltrabajo.cl\/web\/a-la-justicia-iria-cierre-de-camino-informal-en-santa-maria\/\" \/>\n<meta property=\"og:site_name\" content=\"Diario El Trabajo\" \/>\n<meta property=\"article:publisher\" content=\"https:\/\/www.facebook.com\/ElTrabajoDiario\" \/>\n<meta property=\"article:published_time\" content=\"2026-09-04T01:41:45+00:00\" \/>\n<meta property=\"og:image\" content=\"https:\/\/eltrabajo.cl\/web\/wp-content\/uploads\/2026\/09\/privado-cierra-el-paso-1.jpg\" \/>\n\t<meta property=\"og:image:width\" content=\"699\" \/>\n\t<meta property=\"og:image:height\" content=\"441\" \/>\n\t<meta property=\"og:image:type\" content=\"image\/jpeg\" \/>\n<meta name=\"author\" content=\"Diario El Trabajo\" \/>\n<meta name=\"twitter:card\" content=\"summary_large_image\" \/>\n<meta name=\"twitter:creator\" content=\"@diarioeltrabajo\" \/>\n<meta name=\"twitter:site\" content=\"@diarioeltrabajo\" \/>\n<meta name=\"twitter:label1\" content=\"Escrito por\" \/>\n\t<meta name=\"twitter:data1\" content=\"Diario El Trabajo\" \/>\n\t<meta name=\"twitter:label2\" content=\"Tiempo estimado de lectura\" \/>\n\t<meta name=\"twitter:data2\" content=\"6 minutos\" \/>\n<script type=\"application\/ld+json\" class=\"yoast-schema-graph\">{\"@context\":\"https:\\\/\\\/schema.org\",\"@graph\":[{\"@type\":\"Article\",\"@id\":\"https:\\\/\\\/eltrabajo.cl\\\/web\\\/a-la-justicia-iria-cierre-de-camino-informal-en-santa-maria\\\/#article\",\"isPartOf\":{\"@id\":\"https:\\\/\\\/eltrabajo.cl\\\/web\\\/a-la-justicia-iria-cierre-de-camino-informal-en-santa-maria\\\/\"},\"author\":{\"name\":\"Diario El Trabajo\",\"@id\":\"https:\\\/\\\/eltrabajo.cl\\\/web\\\/#\\\/schema\\\/person\\\/45efd3d17f86ec456e44dd7debe1bf19\"},\"headline\":\"A la justicia ir\u00eda cierre de camino informal en Santa Mar\u00eda\",\"datePublished\":\"2026-09-04T01:41:45+00:00\",\"mainEntityOfPage\":{\"@id\":\"https:\\\/\\\/eltrabajo.cl\\\/web\\\/a-la-justicia-iria-cierre-de-camino-informal-en-santa-maria\\\/\"},\"wordCount\":1173,\"commentCount\":0,\"publisher\":{\"@id\":\"https:\\\/\\\/eltrabajo.cl\\\/web\\\/#organization\"},\"image\":{\"@id\":\"https:\\\/\\\/eltrabajo.cl\\\/web\\\/a-la-justicia-iria-cierre-de-camino-informal-en-santa-maria\\\/#primaryimage\"},\"thumbnailUrl\":\"https:\\\/\\\/eltrabajo.cl\\\/web\\\/wp-content\\\/uploads\\\/2026\\\/09\\\/privado-cierra-el-paso-1.jpg\",\"articleSection\":[\"Comunidad\"],\"inLanguage\":\"es-CL\",\"potentialAction\":[{\"@type\":\"CommentAction\",\"name\":\"Comment\",\"target\":[\"https:\\\/\\\/eltrabajo.cl\\\/web\\\/a-la-justicia-iria-cierre-de-camino-informal-en-santa-maria\\\/#respond\"]}]},{\"@type\":\"WebPage\",\"@id\":\"https:\\\/\\\/eltrabajo.cl\\\/web\\\/a-la-justicia-iria-cierre-de-camino-informal-en-santa-maria\\\/\",\"url\":\"https:\\\/\\\/eltrabajo.cl\\\/web\\\/a-la-justicia-iria-cierre-de-camino-informal-en-santa-maria\\\/\",\"name\":\"A la justicia ir\u00eda cierre de camino informal en Santa Mar\u00eda - Diario El Trabajo\",\"isPartOf\":{\"@id\":\"https:\\\/\\\/eltrabajo.cl\\\/web\\\/#website\"},\"primaryImageOfPage\":{\"@id\":\"https:\\\/\\\/eltrabajo.cl\\\/web\\\/a-la-justicia-iria-cierre-de-camino-informal-en-santa-maria\\\/#primaryimage\"},\"image\":{\"@id\":\"https:\\\/\\\/eltrabajo.cl\\\/web\\\/a-la-justicia-iria-cierre-de-camino-informal-en-santa-maria\\\/#primaryimage\"},\"thumbnailUrl\":\"https:\\\/\\\/eltrabajo.cl\\\/web\\\/wp-content\\\/uploads\\\/2026\\\/09\\\/privado-cierra-el-paso-1.jpg\",\"datePublished\":\"2026-09-04T01:41:45+00:00\",\"breadcrumb\":{\"@id\":\"https:\\\/\\\/eltrabajo.cl\\\/web\\\/a-la-justicia-iria-cierre-de-camino-informal-en-santa-maria\\\/#breadcrumb\"},\"inLanguage\":\"es-CL\",\"potentialAction\":[{\"@type\":\"ReadAction\",\"target\":[\"https:\\\/\\\/eltrabajo.cl\\\/web\\\/a-la-justicia-iria-cierre-de-camino-informal-en-santa-maria\\\/\"]}]},{\"@type\":\"ImageObject\",\"inLanguage\":\"es-CL\",\"@id\":\"https:\\\/\\\/eltrabajo.cl\\\/web\\\/a-la-justicia-iria-cierre-de-camino-informal-en-santa-maria\\\/#primaryimage\",\"url\":\"https:\\\/\\\/eltrabajo.cl\\\/web\\\/wp-content\\\/uploads\\\/2026\\\/09\\\/privado-cierra-el-paso-1.jpg\",\"contentUrl\":\"https:\\\/\\\/eltrabajo.cl\\\/web\\\/wp-content\\\/uploads\\\/2026\\\/09\\\/privado-cierra-el-paso-1.jpg\",\"width\":699,\"height\":441,\"caption\":\"El cierre de la discordia.\"},{\"@type\":\"BreadcrumbList\",\"@id\":\"https:\\\/\\\/eltrabajo.cl\\\/web\\\/a-la-justicia-iria-cierre-de-camino-informal-en-santa-maria\\\/#breadcrumb\",\"itemListElement\":[{\"@type\":\"ListItem\",\"position\":1,\"name\":\"Portada\",\"item\":\"https:\\\/\\\/eltrabajo.cl\\\/web\\\/\"},{\"@type\":\"ListItem\",\"position\":2,\"name\":\"A la justicia ir\u00eda cierre de camino informal en Santa Mar\u00eda\"}]},{\"@type\":\"WebSite\",\"@id\":\"https:\\\/\\\/eltrabajo.cl\\\/web\\\/#website\",\"url\":\"https:\\\/\\\/eltrabajo.cl\\\/web\\\/\",\"name\":\"Diario El Trabajo\",\"description\":\"Desde 1929 construyendo Identidad Local\",\"publisher\":{\"@id\":\"https:\\\/\\\/eltrabajo.cl\\\/web\\\/#organization\"},\"potentialAction\":[{\"@type\":\"SearchAction\",\"target\":{\"@type\":\"EntryPoint\",\"urlTemplate\":\"https:\\\/\\\/eltrabajo.cl\\\/web\\\/?s={search_term_string}\"},\"query-input\":{\"@type\":\"PropertyValueSpecification\",\"valueRequired\":true,\"valueName\":\"search_term_string\"}}],\"inLanguage\":\"es-CL\"},{\"@type\":\"Organization\",\"@id\":\"https:\\\/\\\/eltrabajo.cl\\\/web\\\/#organization\",\"name\":\"Diario El Trabajo\",\"url\":\"https:\\\/\\\/eltrabajo.cl\\\/web\\\/\",\"logo\":{\"@type\":\"ImageObject\",\"inLanguage\":\"es-CL\",\"@id\":\"https:\\\/\\\/eltrabajo.cl\\\/web\\\/#\\\/schema\\\/logo\\\/image\\\/\",\"url\":\"https:\\\/\\\/eltrabajo.cl\\\/web\\\/wp-content\\\/uploads\\\/2024\\\/06\\\/profile-image-ig-page-diarioeltrabajo.jpg\",\"contentUrl\":\"https:\\\/\\\/eltrabajo.cl\\\/web\\\/wp-content\\\/uploads\\\/2024\\\/06\\\/profile-image-ig-page-diarioeltrabajo.jpg\",\"width\":823,\"height\":823,\"caption\":\"Diario El Trabajo\"},\"image\":{\"@id\":\"https:\\\/\\\/eltrabajo.cl\\\/web\\\/#\\\/schema\\\/logo\\\/image\\\/\"},\"sameAs\":[\"https:\\\/\\\/www.facebook.com\\\/ElTrabajoDiario\",\"https:\\\/\\\/x.com\\\/diarioeltrabajo\"]},{\"@type\":\"Person\",\"@id\":\"https:\\\/\\\/eltrabajo.cl\\\/web\\\/#\\\/schema\\\/person\\\/45efd3d17f86ec456e44dd7debe1bf19\",\"name\":\"Diario El Trabajo\",\"image\":{\"@type\":\"ImageObject\",\"inLanguage\":\"es-CL\",\"@id\":\"https:\\\/\\\/secure.gravatar.com\\\/avatar\\\/7e6ec277dc4aea2677c2dc301d4227957219329c985ab69a3efc12518b5161aa?s=96&d=mm&r=g\",\"url\":\"https:\\\/\\\/secure.gravatar.com\\\/avatar\\\/7e6ec277dc4aea2677c2dc301d4227957219329c985ab69a3efc12518b5161aa?s=96&d=mm&r=g\",\"contentUrl\":\"https:\\\/\\\/secure.gravatar.com\\\/avatar\\\/7e6ec277dc4aea2677c2dc301d4227957219329c985ab69a3efc12518b5161aa?s=96&d=mm&r=g\",\"caption\":\"Diario El Trabajo\"},\"sameAs\":[\"https:\\\/\\\/eltrabajo.cl\\\/web\"],\"url\":\"https:\\\/\\\/eltrabajo.cl\\\/web\\\/author\\\/diario-el-trabajo\\\/\"}]}<\/script>\n<!-- \/ Yoast SEO plugin. -->","yoast_head_json":{"title":"A la justicia ir\u00eda cierre de camino informal en Santa Mar\u00eda - Diario El Trabajo","robots":{"index":"index","follow":"follow","max-snippet":"max-snippet:-1","max-image-preview":"max-image-preview:large","max-video-preview":"max-video-preview:-1"},"canonical":"https:\/\/eltrabajo.cl\/web\/a-la-justicia-iria-cierre-de-camino-informal-en-santa-maria\/","og_locale":"es_ES","og_type":"article","og_title":"A la justicia ir\u00eda cierre de camino informal en Santa Mar\u00eda - Diario El Trabajo","og_description":"De momento, no hay acuerdo entre los afectados y la propietaria.- Luego de la nota publicada este mi\u00e9rcoles por Diario El Trabajo, respecto al drama que se ha producido en el sector de Jahuel, Santa Mar\u00eda, tras el cierre de un camino informal que vecinos ocupaban para llegar un cerro, efectuado por parte de la [&hellip;]","og_url":"https:\/\/eltrabajo.cl\/web\/a-la-justicia-iria-cierre-de-camino-informal-en-santa-maria\/","og_site_name":"Diario El Trabajo","article_publisher":"https:\/\/www.facebook.com\/ElTrabajoDiario","article_published_time":"2026-09-04T01:41:45+00:00","og_image":[{"width":699,"height":441,"url":"https:\/\/eltrabajo.cl\/web\/wp-content\/uploads\/2026\/09\/privado-cierra-el-paso-1.jpg","type":"image\/jpeg"}],"author":"Diario El Trabajo","twitter_card":"summary_large_image","twitter_creator":"@diarioeltrabajo","twitter_site":"@diarioeltrabajo","twitter_misc":{"Escrito por":"Diario El Trabajo","Tiempo estimado de lectura":"6 minutos"},"schema":{"@context":"https:\/\/schema.org","@graph":[{"@type":"Article","@id":"https:\/\/eltrabajo.cl\/web\/a-la-justicia-iria-cierre-de-camino-informal-en-santa-maria\/#article","isPartOf":{"@id":"https:\/\/eltrabajo.cl\/web\/a-la-justicia-iria-cierre-de-camino-informal-en-santa-maria\/"},"author":{"name":"Diario El Trabajo","@id":"https:\/\/eltrabajo.cl\/web\/#\/schema\/person\/45efd3d17f86ec456e44dd7debe1bf19"},"headline":"A la justicia ir\u00eda cierre de camino informal en Santa Mar\u00eda","datePublished":"2026-09-04T01:41:45+00:00","mainEntityOfPage":{"@id":"https:\/\/eltrabajo.cl\/web\/a-la-justicia-iria-cierre-de-camino-informal-en-santa-maria\/"},"wordCount":1173,"commentCount":0,"publisher":{"@id":"https:\/\/eltrabajo.cl\/web\/#organization"},"image":{"@id":"https:\/\/eltrabajo.cl\/web\/a-la-justicia-iria-cierre-de-camino-informal-en-santa-maria\/#primaryimage"},"thumbnailUrl":"https:\/\/eltrabajo.cl\/web\/wp-content\/uploads\/2026\/09\/privado-cierra-el-paso-1.jpg","articleSection":["Comunidad"],"inLanguage":"es-CL","potentialAction":[{"@type":"CommentAction","name":"Comment","target":["https:\/\/eltrabajo.cl\/web\/a-la-justicia-iria-cierre-de-camino-informal-en-santa-maria\/#respond"]}]},{"@type":"WebPage","@id":"https:\/\/eltrabajo.cl\/web\/a-la-justicia-iria-cierre-de-camino-informal-en-santa-maria\/","url":"https:\/\/eltrabajo.cl\/web\/a-la-justicia-iria-cierre-de-camino-informal-en-santa-maria\/","name":"A la justicia ir\u00eda cierre de camino informal en Santa Mar\u00eda - Diario El Trabajo","isPartOf":{"@id":"https:\/\/eltrabajo.cl\/web\/#website"},"primaryImageOfPage":{"@id":"https:\/\/eltrabajo.cl\/web\/a-la-justicia-iria-cierre-de-camino-informal-en-santa-maria\/#primaryimage"},"image":{"@id":"https:\/\/eltrabajo.cl\/web\/a-la-justicia-iria-cierre-de-camino-informal-en-santa-maria\/#primaryimage"},"thumbnailUrl":"https:\/\/eltrabajo.cl\/web\/wp-content\/uploads\/2026\/09\/privado-cierra-el-paso-1.jpg","datePublished":"2026-09-04T01:41:45+00:00","breadcrumb":{"@id":"https:\/\/eltrabajo.cl\/web\/a-la-justicia-iria-cierre-de-camino-informal-en-santa-maria\/#breadcrumb"},"inLanguage":"es-CL","potentialAction":[{"@type":"ReadAction","target":["https:\/\/eltrabajo.cl\/web\/a-la-justicia-iria-cierre-de-camino-informal-en-santa-maria\/"]}]},{"@type":"ImageObject","inLanguage":"es-CL","@id":"https:\/\/eltrabajo.cl\/web\/a-la-justicia-iria-cierre-de-camino-informal-en-santa-maria\/#primaryimage","url":"https:\/\/eltrabajo.cl\/web\/wp-content\/uploads\/2026\/09\/privado-cierra-el-paso-1.jpg","contentUrl":"https:\/\/eltrabajo.cl\/web\/wp-content\/uploads\/2026\/09\/privado-cierra-el-paso-1.jpg","width":699,"height":441,"caption":"El cierre de la discordia."},{"@type":"BreadcrumbList","@id":"https:\/\/eltrabajo.cl\/web\/a-la-justicia-iria-cierre-de-camino-informal-en-santa-maria\/#breadcrumb","itemListElement":[{"@type":"ListItem","position":1,"name":"Portada","item":"https:\/\/eltrabajo.cl\/web\/"},{"@type":"ListItem","position":2,"name":"A la justicia ir\u00eda cierre de camino informal en Santa Mar\u00eda"}]},{"@type":"WebSite","@id":"https:\/\/eltrabajo.cl\/web\/#website","url":"https:\/\/eltrabajo.cl\/web\/","name":"Diario El Trabajo","description":"Desde 1929 construyendo Identidad Local","publisher":{"@id":"https:\/\/eltrabajo.cl\/web\/#organization"},"potentialAction":[{"@type":"SearchAction","target":{"@type":"EntryPoint","urlTemplate":"https:\/\/eltrabajo.cl\/web\/?s={search_term_string}"},"query-input":{"@type":"PropertyValueSpecification","valueRequired":true,"valueName":"search_term_string"}}],"inLanguage":"es-CL"},{"@type":"Organization","@id":"https:\/\/eltrabajo.cl\/web\/#organization","name":"Diario El Trabajo","url":"https:\/\/eltrabajo.cl\/web\/","logo":{"@type":"ImageObject","inLanguage":"es-CL","@id":"https:\/\/eltrabajo.cl\/web\/#\/schema\/logo\/image\/","url":"https:\/\/eltrabajo.cl\/web\/wp-content\/uploads\/2024\/06\/profile-image-ig-page-diarioeltrabajo.jpg","contentUrl":"https:\/\/eltrabajo.cl\/web\/wp-content\/uploads\/2024\/06\/profile-image-ig-page-diarioeltrabajo.jpg","width":823,"height":823,"caption":"Diario El Trabajo"},"image":{"@id":"https:\/\/eltrabajo.cl\/web\/#\/schema\/logo\/image\/"},"sameAs":["https:\/\/www.facebook.com\/ElTrabajoDiario","https:\/\/x.com\/diarioeltrabajo"]},{"@type":"Person","@id":"https:\/\/eltrabajo.cl\/web\/#\/schema\/person\/45efd3d17f86ec456e44dd7debe1bf19","name":"Diario El Trabajo","image":{"@type":"ImageObject","inLanguage":"es-CL","@id":"https:\/\/secure.gravatar.com\/avatar\/7e6ec277dc4aea2677c2dc301d4227957219329c985ab69a3efc12518b5161aa?s=96&d=mm&r=g","url":"https:\/\/secure.gravatar.com\/avatar\/7e6ec277dc4aea2677c2dc301d4227957219329c985ab69a3efc12518b5161aa?s=96&d=mm&r=g","contentUrl":"https:\/\/secure.gravatar.com\/avatar\/7e6ec277dc4aea2677c2dc301d4227957219329c985ab69a3efc12518b5161aa?s=96&d=mm&r=g","caption":"Diario El Trabajo"},"sameAs":["https:\/\/eltrabajo.cl\/web"],"url":"https:\/\/eltrabajo.cl\/web\/author\/diario-el-trabajo\/"}]}},"_links":{"self":[{"href":"https:\/\/eltrabajo.cl\/web\/wp-json\/wp\/v2\/posts\/146910","targetHints":{"allow":["GET"]}}],"collection":[{"href":"https:\/\/eltrabajo.cl\/web\/wp-json\/wp\/v2\/posts"}],"about":[{"href":"https:\/\/eltrabajo.cl\/web\/wp-json\/wp\/v2\/types\/post"}],"author":[{"embeddable":true,"href":"https:\/\/eltrabajo.cl\/web\/wp-json\/wp\/v2\/users\/1"}],"replies":[{"embeddable":true,"href":"https:\/\/eltrabajo.cl\/web\/wp-json\/wp\/v2\/comments?post=146910"}],"version-history":[{"count":1,"href":"https:\/\/eltrabajo.cl\/web\/wp-json\/wp\/v2\/posts\/146910\/revisions"}],"predecessor-version":[{"id":146913,"href":"https:\/\/eltrabajo.cl\/web\/wp-json\/wp\/v2\/posts\/146910\/revisions\/146913"}],"wp:featuredmedia":[{"embeddable":true,"href":"https:\/\/eltrabajo.cl\/web\/wp-json\/wp\/v2\/media\/146911"}],"wp:attachment":[{"href":"https:\/\/eltrabajo.cl\/web\/wp-json\/wp\/v2\/media?parent=146910"}],"wp:term":[{"taxonomy":"category","embeddable":true,"href":"https:\/\/eltrabajo.cl\/web\/wp-json\/wp\/v2\/categories?post=146910"},{"taxonomy":"post_tag","embeddable":true,"href":"https:\/\/eltrabajo.cl\/web\/wp-json\/wp\/v2\/tags?post=146910"}],"curies":[{"name":"wp","href":"https:\/\/api.w.org\/{rel}","templated":true}]}}